{"id":1145,"date":"2021-07-18T18:38:23","date_gmt":"2021-07-18T18:38:23","guid":{"rendered":"https:\/\/www.africa-press.net\/togo\/?p=1145"},"modified":"2021-07-18T18:34:04","modified_gmt":"2021-07-18T18:34:04","slug":"le-projet-de-rehabilitation-et-dextension-du-cerfer-franchit-une-nouvelle-etape","status":"publish","type":"post","link":"https:\/\/www.africa-press.net\/togo\/toutes-les-actualites\/le-projet-de-rehabilitation-et-dextension-du-cerfer-franchit-une-nouvelle-etape","title":{"rendered":"Le projet de r\u00e9habilitation et d\u2019extension du CERFER franchit une nouvelle \u00e9tape"},"content":{"rendered":"<p><span style=\"color: #ff6600\"><strong><a href=\"https:\/\/www.africa-press.net\/\">Africa-Press<\/a> &#8211; <a href=\"https:\/\/www.africa-press.net\/togo\">Togo<\/a>. <\/strong><\/span>Les infrastructures socio-p\u00e9dagogiques du Centre R\u00e9gional De Formation pour Entretien Routier (CEFER), vont b\u00e9n\u00e9ficier de travaux de r\u00e9habilitation coupl\u00e9e \u00e0 une extension. Si le projet est dans le pipe depuis plus d\u2019un an, l\u2019institution de formation du Conseil de l\u2019Entente est d\u00e9sormais \u00e0 la recherche d\u2019op\u00e9rateurs qualifi\u00e9s pour la r\u00e9alisation de ces travaux.<br \/>\nCes travaux sont financ\u00e9s par la Banque Africaine de D\u00e9veloppement (BAD) dans le cadre du Projet d&rsquo;Appui \u00e0 l&rsquo;Int\u00e9gration de la Formation (PAIF) dans les m\u00e9tiers de la route, du chemin de fer et des mines au profit des pays membres du Conseil de l&rsquo;Entente.<br \/>\nEn rappel, cr\u00e9\u00e9 en 1970 par les cinq pays membres du Conseil de l\u2019Entente dont le Togo, le CERFER a form\u00e9 plus de 4000 techniciens intervenant dans les activit\u00e9s de construction et d\u2019entretien routier.<\/p>\n","protected":false},"excerpt":{"rendered":"<p>Africa-Press &#8211; Togo. Les infrastructures socio-p\u00e9dagogiques du Centre R\u00e9gional De Formation pour Entretien Routier (CEFER), vont b\u00e9n\u00e9ficier de travaux de r\u00e9habilitation coupl\u00e9e \u00e0 une extension. Si le projet est dans le pipe depuis plus d\u2019un an, l\u2019institution de formation du Conseil de l\u2019Entente est d\u00e9sormais \u00e0 la recherche d\u2019op\u00e9rateurs qualifi\u00e9s pour la r\u00e9alisation de ces [&hellip;]<\/p>\n","protected":false},"author":82,"featured_media":1144,"comment_status":"open","ping_status":"closed","sticky":false,"template":"","format":"standard","meta":{"footnotes":""},"categories":[11,10],"tags":[36,49,124,125,50],"class_list":["post-1145","post","type-post","status-publish","format-standard","has-post-thumbnail","hentry","category-homepage-french","category-toutes-les-actualites","tag-africa-press","tag-africa-press-togo","tag-la-banque-africaine-de-developpement-bad","tag-les-infrastructures-socio-pedagogiques","tag-togo"],"yoast_head":"<!-- This site is optimized with the Yoast SEO Premium plugin v26.1 (Yoast SEO v27.0) - https:\/\/yoast.com\/product\/yoast-seo-premium-wordpress\/ -->\n<title>Le projet de r\u00e9habilitation et d\u2019extension du CERFER franchit une nouvelle \u00e9tape - Togo<\/title>\n<meta name=\"description\" content=\"Les infrastructures socio-p\u00e9dagogiques du Centre R\u00e9gional De Formation pour Entretien Routier (CEFER), vont b\u00e9n\u00e9ficier d ...\" \/>\n<meta name=\"robots\" content=\"index, follow, max-snippet:-1, max-image-preview:large, max-video-preview:-1\" \/>\n<link rel=\"canonical\" href=\"https:\/\/www.africa-press.net\/togo\/toutes-les-actualites\/le-projet-de-rehabilitation-et-dextension-du-cerfer-franchit-une-nouvelle-etape\" \/>\n<meta property=\"og:locale\" content=\"fr_FR\" \/>\n<meta property=\"og:type\" content=\"article\" \/>\n<meta property=\"og:title\" content=\"Le projet de r\u00e9habilitation et d\u2019extension du CERFER franchit une nouvelle \u00e9tape\" \/>\n<meta property=\"og:description\" content=\"Les infrastructures socio-p\u00e9dagogiques du Centre R\u00e9gional De Formation pour Entretien Routier (CEFER), vont b\u00e9n\u00e9ficier d ...\" \/>\n<meta property=\"og:url\" content=\"https:\/\/www.africa-press.net\/togo\/toutes-les-actualites\/le-projet-de-rehabilitation-et-dextension-du-cerfer-franchit-une-nouvelle-etape\" \/>\n<meta property=\"og:site_name\" content=\"Togo\" \/>\n<meta property=\"article:published_time\" content=\"2021-07-18T18:38:23+00:00\" \/>\n<meta property=\"og:image\" content=\"https:\/\/static.africa-press.net\/togo\/sites\/58\/2021\/07\/img-60f473e59ebad.jpg\" \/>\n\t<meta property=\"og:image:width\" content=\"600\" \/>\n\t<meta property=\"og:image:height\" content=\"382\" \/>\n\t<meta property=\"og:image:type\" content=\"image\/jpeg\" \/>\n<meta name=\"author\" content=\"cfeditorfr\" \/>\n<meta name=\"twitter:card\" content=\"summary_large_image\" \/>\n<meta name=\"twitter:label1\" content=\"\u00c9crit par\" \/>\n\t<meta name=\"twitter:data1\" content=\"cfeditorfr\" \/>\n\t<meta name=\"twitter:label2\" content=\"Dur\u00e9e de lecture estim\u00e9e\" \/>\n\t<meta name=\"twitter:data2\" content=\"1 minute\" \/>\n<script type=\"application\/ld+json\" class=\"yoast-schema-graph\">{\"@context\":\"https:\/\/schema.org\",\"@graph\":[{\"@type\":\"Article\",\"@id\":\"https:\/\/www.africa-press.net\/togo\/toutes-les-actualites\/le-projet-de-rehabilitation-et-dextension-du-cerfer-franchit-une-nouvelle-etape#article\",\"isPartOf\":{\"@id\":\"https:\/\/www.africa-press.net\/togo\/toutes-les-actualites\/le-projet-de-rehabilitation-et-dextension-du-cerfer-franchit-une-nouvelle-etape\"},\"author\":{\"name\":\"cfeditorfr\",\"@id\":\"https:\/\/www.africa-press.net\/togo\/#\/schema\/person\/2b1cf3cd81a31e3cd26889ca66d677f1\"},\"headline\":\"Le projet de r\u00e9habilitation et d\u2019extension du CERFER franchit une nouvelle \u00e9tape\",\"datePublished\":\"2021-07-18T18:38:23+00:00\",\"mainEntityOfPage\":{\"@id\":\"https:\/\/www.africa-press.net\/togo\/toutes-les-actualites\/le-projet-de-rehabilitation-et-dextension-du-cerfer-franchit-une-nouvelle-etape\"},\"wordCount\":168,\"commentCount\":0,\"image\":{\"@id\":\"https:\/\/www.africa-press.net\/togo\/toutes-les-actualites\/le-projet-de-rehabilitation-et-dextension-du-cerfer-franchit-une-nouvelle-etape#primaryimage\"},\"thumbnailUrl\":\"https:\/\/static.africa-press.net\/togo\/sites\/58\/2021\/07\/img-60f473e59ebad.jpg\",\"keywords\":[\"Africa Press\",\"Africa Press-Togo\",\"la Banque Africaine de D\u00e9veloppement (BAD)\",\"Les infrastructures socio-p\u00e9dagogiques\",\"Togo\"],\"articleSection\":[\"homepage-french\",\"Toutes les actualit\u00e9s\"],\"inLanguage\":\"fr-FR\",\"potentialAction\":[{\"@type\":\"CommentAction\",\"name\":\"Comment\",\"target\":[\"https:\/\/www.africa-press.net\/togo\/toutes-les-actualites\/le-projet-de-rehabilitation-et-dextension-du-cerfer-franchit-une-nouvelle-etape#respond\"]}]},{\"@type\":\"WebPage\",\"@id\":\"https:\/\/www.africa-press.net\/togo\/toutes-les-actualites\/le-projet-de-rehabilitation-et-dextension-du-cerfer-franchit-une-nouvelle-etape\",\"url\":\"https:\/\/www.africa-press.net\/togo\/toutes-les-actualites\/le-projet-de-rehabilitation-et-dextension-du-cerfer-franchit-une-nouvelle-etape\",\"name\":\"Le projet de r\u00e9habilitation et d\u2019extension du CERFER franchit une nouvelle \u00e9tape - Togo\",\"isPartOf\":{\"@id\":\"https:\/\/www.africa-press.net\/togo\/#website\"},\"primaryImageOfPage\":{\"@id\":\"https:\/\/www.africa-press.net\/togo\/toutes-les-actualites\/le-projet-de-rehabilitation-et-dextension-du-cerfer-franchit-une-nouvelle-etape#primaryimage\"},\"image\":{\"@id\":\"https:\/\/www.africa-press.net\/togo\/toutes-les-actualites\/le-projet-de-rehabilitation-et-dextension-du-cerfer-franchit-une-nouvelle-etape#primaryimage\"},\"thumbnailUrl\":\"https:\/\/static.africa-press.net\/togo\/sites\/58\/2021\/07\/img-60f473e59ebad.jpg\",\"datePublished\":\"2021-07-18T18:38:23+00:00\",\"author\":{\"@id\":\"https:\/\/www.africa-press.net\/togo\/#\/schema\/person\/2b1cf3cd81a31e3cd26889ca66d677f1\"},\"description\":\"Les infrastructures socio-p\u00e9dagogiques du Centre R\u00e9gional De Formation pour Entretien Routier (CEFER), vont b\u00e9n\u00e9ficier d ...\",\"breadcrumb\":{\"@id\":\"https:\/\/www.africa-press.net\/togo\/toutes-les-actualites\/le-projet-de-rehabilitation-et-dextension-du-cerfer-franchit-une-nouvelle-etape#breadcrumb\"},\"inLanguage\":\"fr-FR\",\"potentialAction\":[{\"@type\":\"ReadAction\",\"target\":[\"https:\/\/www.africa-press.net\/togo\/toutes-les-actualites\/le-projet-de-rehabilitation-et-dextension-du-cerfer-franchit-une-nouvelle-etape\"]}]},{\"@type\":\"ImageObject\",\"inLanguage\":\"fr-FR\",\"@id\":\"https:\/\/www.africa-press.net\/togo\/toutes-les-actualites\/le-projet-de-rehabilitation-et-dextension-du-cerfer-franchit-une-nouvelle-etape#primaryimage\",\"url\":\"https:\/\/static.africa-press.net\/togo\/sites\/58\/2021\/07\/img-60f473e59ebad.jpg\",\"contentUrl\":\"https:\/\/static.africa-press.net\/togo\/sites\/58\/2021\/07\/img-60f473e59ebad.jpg\",\"width\":600,\"height\":382,\"caption\":\"Le projet de r\u00e9habilitation et d\u2019extension du CERFER franchit une nouvelle \u00e9tape\"},{\"@type\":\"BreadcrumbList\",\"@id\":\"https:\/\/www.africa-press.net\/togo\/toutes-les-actualites\/le-projet-de-rehabilitation-et-dextension-du-cerfer-franchit-une-nouvelle-etape#breadcrumb\",\"itemListElement\":[{\"@type\":\"ListItem\",\"position\":1,\"name\":\"Accueil\",\"item\":\"https:\/\/www.africa-press.net\/togo\/\"},{\"@type\":\"ListItem\",\"position\":2,\"name\":\"Le projet de r\u00e9habilitation et d\u2019extension du CERFER franchit une nouvelle \u00e9tape\"}]},{\"@type\":\"WebSite\",\"@id\":\"https:\/\/www.africa-press.net\/togo\/#website\",\"url\":\"https:\/\/www.africa-press.net\/togo\/\",\"name\":\"Togo\",\"description\":\"Just another Africa News Agency Sites site\",\"potentialAction\":[{\"@type\":\"SearchAction\",\"target\":{\"@type\":\"EntryPoint\",\"urlTemplate\":\"https:\/\/www.africa-press.net\/togo\/?s={search_term_string}\"},\"query-input\":{\"@type\":\"PropertyValueSpecification\",\"valueRequired\":true,\"valueName\":\"search_term_string\"}}],\"inLanguage\":\"fr-FR\"},{\"@type\":\"Person\",\"@id\":\"https:\/\/www.africa-press.net\/togo\/#\/schema\/person\/2b1cf3cd81a31e3cd26889ca66d677f1\",\"name\":\"cfeditorfr\"}]}<\/script>\n<!-- \/ Yoast SEO Premium plugin. -->","yoast_head_json":{"title":"Le projet de r\u00e9habilitation et d\u2019extension du CERFER franchit une nouvelle \u00e9tape - Togo","description":"Les infrastructures socio-p\u00e9dagogiques du Centre R\u00e9gional De Formation pour Entretien Routier (CEFER), vont b\u00e9n\u00e9ficier d ...","robots":{"index":"index","follow":"follow","max-snippet":"max-snippet:-1","max-image-preview":"max-image-preview:large","max-video-preview":"max-video-preview:-1"},"canonical":"https:\/\/www.africa-press.net\/togo\/toutes-les-actualites\/le-projet-de-rehabilitation-et-dextension-du-cerfer-franchit-une-nouvelle-etape","og_locale":"fr_FR","og_type":"article","og_title":"Le projet de r\u00e9habilitation et d\u2019extension du CERFER franchit une nouvelle \u00e9tape","og_description":"Les infrastructures socio-p\u00e9dagogiques du Centre R\u00e9gional De Formation pour Entretien Routier (CEFER), vont b\u00e9n\u00e9ficier d ...","og_url":"https:\/\/www.africa-press.net\/togo\/toutes-les-actualites\/le-projet-de-rehabilitation-et-dextension-du-cerfer-franchit-une-nouvelle-etape","og_site_name":"Togo","article_published_time":"2021-07-18T18:38:23+00:00","og_image":[{"width":600,"height":382,"url":"https:\/\/static.africa-press.net\/togo\/sites\/58\/2021\/07\/img-60f473e59ebad.jpg","type":"image\/jpeg"}],"author":"cfeditorfr","twitter_card":"summary_large_image","twitter_misc":{"\u00c9crit par":"cfeditorfr","Dur\u00e9e de lecture estim\u00e9e":"1 minute"},"schema":{"@context":"https:\/\/schema.org","@graph":[{"@type":"Article","@id":"https:\/\/www.africa-press.net\/togo\/toutes-les-actualites\/le-projet-de-rehabilitation-et-dextension-du-cerfer-franchit-une-nouvelle-etape#article","isPartOf":{"@id":"https:\/\/www.africa-press.net\/togo\/toutes-les-actualites\/le-projet-de-rehabilitation-et-dextension-du-cerfer-franchit-une-nouvelle-etape"},"author":{"name":"cfeditorfr","@id":"https:\/\/www.africa-press.net\/togo\/#\/schema\/person\/2b1cf3cd81a31e3cd26889ca66d677f1"},"headline":"Le projet de r\u00e9habilitation et d\u2019extension du CERFER franchit une nouvelle \u00e9tape","datePublished":"2021-07-18T18:38:23+00:00","mainEntityOfPage":{"@id":"https:\/\/www.africa-press.net\/togo\/toutes-les-actualites\/le-projet-de-rehabilitation-et-dextension-du-cerfer-franchit-une-nouvelle-etape"},"wordCount":168,"commentCount":0,"image":{"@id":"https:\/\/www.africa-press.net\/togo\/toutes-les-actualites\/le-projet-de-rehabilitation-et-dextension-du-cerfer-franchit-une-nouvelle-etape#primaryimage"},"thumbnailUrl":"https:\/\/static.africa-press.net\/togo\/sites\/58\/2021\/07\/img-60f473e59ebad.jpg","keywords":["Africa Press","Africa Press-Togo","la Banque Africaine de D\u00e9veloppement (BAD)","Les infrastructures socio-p\u00e9dagogiques","Togo"],"articleSection":["homepage-french","Toutes les actualit\u00e9s"],"inLanguage":"fr-FR","potentialAction":[{"@type":"CommentAction","name":"Comment","target":["https:\/\/www.africa-press.net\/togo\/toutes-les-actualites\/le-projet-de-rehabilitation-et-dextension-du-cerfer-franchit-une-nouvelle-etape#respond"]}]},{"@type":"WebPage","@id":"https:\/\/www.africa-press.net\/togo\/toutes-les-actualites\/le-projet-de-rehabilitation-et-dextension-du-cerfer-franchit-une-nouvelle-etape","url":"https:\/\/www.africa-press.net\/togo\/toutes-les-actualites\/le-projet-de-rehabilitation-et-dextension-du-cerfer-franchit-une-nouvelle-etape","name":"Le projet de r\u00e9habilitation et d\u2019extension du CERFER franchit une nouvelle \u00e9tape - Togo","isPartOf":{"@id":"https:\/\/www.africa-press.net\/togo\/#website"},"primaryImageOfPage":{"@id":"https:\/\/www.africa-press.net\/togo\/toutes-les-actualites\/le-projet-de-rehabilitation-et-dextension-du-cerfer-franchit-une-nouvelle-etape#primaryimage"},"image":{"@id":"https:\/\/www.africa-press.net\/togo\/toutes-les-actualites\/le-projet-de-rehabilitation-et-dextension-du-cerfer-franchit-une-nouvelle-etape#primaryimage"},"thumbnailUrl":"https:\/\/static.africa-press.net\/togo\/sites\/58\/2021\/07\/img-60f473e59ebad.jpg","datePublished":"2021-07-18T18:38:23+00:00","author":{"@id":"https:\/\/www.africa-press.net\/togo\/#\/schema\/person\/2b1cf3cd81a31e3cd26889ca66d677f1"},"description":"Les infrastructures socio-p\u00e9dagogiques du Centre R\u00e9gional De Formation pour Entretien Routier (CEFER), vont b\u00e9n\u00e9ficier d ...","breadcrumb":{"@id":"https:\/\/www.africa-press.net\/togo\/toutes-les-actualites\/le-projet-de-rehabilitation-et-dextension-du-cerfer-franchit-une-nouvelle-etape#breadcrumb"},"inLanguage":"fr-FR","potentialAction":[{"@type":"ReadAction","target":["https:\/\/www.africa-press.net\/togo\/toutes-les-actualites\/le-projet-de-rehabilitation-et-dextension-du-cerfer-franchit-une-nouvelle-etape"]}]},{"@type":"ImageObject","inLanguage":"fr-FR","@id":"https:\/\/www.africa-press.net\/togo\/toutes-les-actualites\/le-projet-de-rehabilitation-et-dextension-du-cerfer-franchit-une-nouvelle-etape#primaryimage","url":"https:\/\/static.africa-press.net\/togo\/sites\/58\/2021\/07\/img-60f473e59ebad.jpg","contentUrl":"https:\/\/static.africa-press.net\/togo\/sites\/58\/2021\/07\/img-60f473e59ebad.jpg","width":600,"height":382,"caption":"Le projet de r\u00e9habilitation et d\u2019extension du CERFER franchit une nouvelle \u00e9tape"},{"@type":"BreadcrumbList","@id":"https:\/\/www.africa-press.net\/togo\/toutes-les-actualites\/le-projet-de-rehabilitation-et-dextension-du-cerfer-franchit-une-nouvelle-etape#breadcrumb","itemListElement":[{"@type":"ListItem","position":1,"name":"Accueil","item":"https:\/\/www.africa-press.net\/togo\/"},{"@type":"ListItem","position":2,"name":"Le projet de r\u00e9habilitation et d\u2019extension du CERFER franchit une nouvelle \u00e9tape"}]},{"@type":"WebSite","@id":"https:\/\/www.africa-press.net\/togo\/#website","url":"https:\/\/www.africa-press.net\/togo\/","name":"Togo","description":"Just another Africa News Agency Sites site","potentialAction":[{"@type":"SearchAction","target":{"@type":"EntryPoint","urlTemplate":"https:\/\/www.africa-press.net\/togo\/?s={search_term_string}"},"query-input":{"@type":"PropertyValueSpecification","valueRequired":true,"valueName":"search_term_string"}}],"inLanguage":"fr-FR"},{"@type":"Person","@id":"https:\/\/www.africa-press.net\/togo\/#\/schema\/person\/2b1cf3cd81a31e3cd26889ca66d677f1","name":"cfeditorfr"}]}},"_links":{"self":[{"href":"https:\/\/www.africa-press.net\/togo\/wp-json\/wp\/v2\/posts\/1145","targetHints":{"allow":["GET"]}}],"collection":[{"href":"https:\/\/www.africa-press.net\/togo\/wp-json\/wp\/v2\/posts"}],"about":[{"href":"https:\/\/www.africa-press.net\/togo\/wp-json\/wp\/v2\/types\/post"}],"author":[{"embeddable":true,"href":"https:\/\/www.africa-press.net\/togo\/wp-json\/wp\/v2\/users\/82"}],"replies":[{"embeddable":true,"href":"https:\/\/www.africa-press.net\/togo\/wp-json\/wp\/v2\/comments?post=1145"}],"version-history":[{"count":0,"href":"https:\/\/www.africa-press.net\/togo\/wp-json\/wp\/v2\/posts\/1145\/revisions"}],"wp:featuredmedia":[{"embeddable":true,"href":"https:\/\/www.africa-press.net\/togo\/wp-json\/wp\/v2\/media\/1144"}],"wp:attachment":[{"href":"https:\/\/www.africa-press.net\/togo\/wp-json\/wp\/v2\/media?parent=1145"}],"wp:term":[{"taxonomy":"category","embeddable":true,"href":"https:\/\/www.africa-press.net\/togo\/wp-json\/wp\/v2\/categories?post=1145"},{"taxonomy":"post_tag","embeddable":true,"href":"https:\/\/www.africa-press.net\/togo\/wp-json\/wp\/v2\/tags?post=1145"}],"curies":[{"name":"wp","href":"https:\/\/api.w.org\/{rel}","templated":true}]}}