{"id":11451,"date":"2022-09-24T16:38:49","date_gmt":"2022-09-24T16:38:49","guid":{"rendered":"https:\/\/www.africa-press.net\/togo\/politique\/togo-conseil-des-ministres-ce-23-septembre-2022"},"modified":"2022-09-24T16:46:57","modified_gmt":"2022-09-24T16:46:57","slug":"togo-conseil-des-ministres-ce-23-septembre-2022","status":"publish","type":"post","link":"https:\/\/www.africa-press.net\/togo\/politique\/togo-conseil-des-ministres-ce-23-septembre-2022","title":{"rendered":"Togo \u2013 Conseil des ministres ce 23 septembre 2022"},"content":{"rendered":"<p><span style=\"color: #ff6600\"><strong>Africa-Press &#8211; Togo. <\/strong><\/span><b>Deux projets de de\u0301cret et trois communications ont e\u0301te\u0301 au coeur du Conseil des ministres pre\u0301side\u0301 par le chef de l\u2019Etat togolais Faure Gnassingbe\u0301 ce vendredi 23 septembre 2022.<\/b><br \/>\n<b>COMMUNIQUE\u0301 DU CONSEIL DES MINISTRES<\/b> <b>DU 23 SEPTEMBRE 2022<\/b><\/p>\n<p>1. Le conseil des ministres s\u2019est re\u0301uni ce vendredi 23 septembre 2022 sous la pre\u0301sidence de Son Excellence Monsieur Faure Essozimna GNASSINGBE, Pre\u0301sident de la Re\u0301publique.<\/p>\n<p>2. Le conseil a examine\u0301 deux (02) projets de de\u0301cret et e\u0301coute\u0301 trois (03) communications.<\/p>\n<p>I. Au titre des projets de de\u0301cret,<\/p>\n<p>3. Le conseil a examine\u0301 en deuxie\u0300me lecture le projet de de\u0301cret portant approbation du document de politique de l\u2019industrie du textile et de l\u2019habillement du Togo, 2020-2030.<\/p>\n<p>4. Cette politique met l\u2019accent sur le renforcement des maillons filature, tissage, tricotage, et confection et pre\u0301voit des mesures incitatives et innovantes (fiscale, sociale, environnementale, etc) pour l\u2019attraction des investisseurs et le de\u0301veloppement durable de l\u2019industrie du textile et de l\u2019habillement.<\/p>\n<p>5. S\u2019inscrivant dans la vision de\u0301veloppe\u0301e par la feuille de route gouvernementale, elle permettra de renforcer l\u2019attractivite\u0301 de notre pays aupre\u0300s des investisseurs afin de transformer localement le coton produit au Togo.<\/p>\n<p>6. Le conseil a ensuite examine\u0301 en premie\u0300re lecture le projet de de\u0301cret portant cadre ge\u0301ne\u0301ral d\u2019organisation de l\u2019assurance qualite\u0301 dans les e\u0301tablissements d\u2019enseignement supe\u0301rieur, centres ou organismes de recherche et d\u2019innovation.<\/p>\n<p>7. L\u2019e\u0301tude de ce texte sera poursuivie lors d\u2019une prochaine session du conseil des ministres.<\/p>\n<p>II. Au titre des communications,<\/p>\n<p>8. Le conseil a e\u0301coute\u0301 une communication relative a\u0300 l\u2019ope\u0301rationnalisation de l\u2019Ecole polytechnique de Lome\u0301 ; pre\u0301sente\u0301e par le ministre de l\u2019enseignement supe\u0301rieur et de la recherche.<\/p>\n<p>9. L\u2019Ecole polytechnique de Lome\u0301 (EPL) est une fusion de l\u2019e\u0301cole nationale supe\u0301rieure d\u2019inge\u0301nieurs (ENSI) et du centre informatique et de calcul (CIC), dans le respect des exigences et standards internationaux des grandes e\u0301coles d\u2019inge\u0301nieurs.<\/p>\n<p>10. Elle a pour mission d\u2019offrir des formations dans les parcours licence professionnelle, master-inge\u0301nieur et doctorat, ainsi que des doubles diplo\u0302mes master-inge\u0301nieur et docteur-inge\u0301nieur avec des partenaires internationaux.<\/p>\n<p>11. Cette fusion permet d\u2019inte\u0301grer, dans une structure cohe\u0301rente et sous une me\u0302me gouvernance, diffe\u0301rentes branches techniques de formation d\u2019inge\u0301nieurs de terrain a\u0300 diffe\u0301rents grades pour les besoins de de\u0301veloppement industriel de notre pays, en vue de contribuer a\u0300 l\u2019e\u0301conomie de la connaissance au niveau national et de jouer le ro\u0302le de levier pour le de\u0301veloppement industriel du Togo.<\/p>\n<p>12. Le conseil a instruit pour que des informations additionnelles soient communique\u0301es sur ce projet.<\/p>\n<p>13. Le conseil a ensuite e\u0301coute\u0301 une deuxie\u0300me communication relative a\u0300 la visite d\u2019amitie\u0301 et de travail des ministres Burkinabe\u0301 charge\u0301s des transports et du commerce a\u0300 Lome\u0301 ; pre\u0301sente\u0301e par le ministre des transports routiers, ae\u0301riens et ferroviaires.<\/p>\n<p>14. Cette visite d\u2019une de\u0301le\u0301gation ministe\u0301rielle burkinabe\u0300 qui s\u2019est tenue a\u0300 Lome\u0301 du 31 aou\u0302t au 02 septembre 2022 s\u2019inscrit dans le cadre du maintien de la compe\u0301titivite\u0301 et de l\u2019attractivite\u0301 du corridor togolais, conforme\u0301ment a\u0300 la feuille de route gouvernementale 2020-2025 a\u0300 travers l\u2019ambition visant a\u0300 affirmer la place du Togo en tant que hub logistique et de services.<\/p>\n<p>15. Le conseil a fe\u0301licite\u0301 les deux parties pour la qualite\u0301 des e\u0301changes et les a encourage\u0301es a\u0300 les poursuivre dans l\u2019inte\u0301re\u0302t du renforcement de l\u2019inte\u0301gration re\u0301gionale et d\u2019une prospe\u0301rite\u0301 des deux pays.<\/p>\n<p>16. Le conseil a e\u0301coute\u0301 une dernie\u0300re communication relative au cinquie\u0300me recensement ge\u0301ne\u0301ral de la population et de l\u2019habitat au Togo ; pre\u0301sente\u0301e par le ministre conseiller du Pre\u0301sident de la Re\u0301publique<\/p>\n<p>17. La pre\u0301sente communication a pour objet de rendre compte au conseil du processus de l\u2019e\u0301tat d\u2019avancement des activite\u0301s du cinquie\u0300me recensement ge\u0301ne\u0301ral de la population et de l\u2019habitat (RGPH-5) en cours apre\u0300s celui de 2010.<\/p>\n<p>18. La phase de de\u0301nombrement de la population se tiendra du 23 octobre au 12 novembre 2022 sur toute l\u2019e\u0301tendue du territoire. Elle permettra de collecter les donne\u0301es indispensables pour la planification et le suivi-e\u0301valuation des politiques, programmes et projets de de\u0301veloppement dans notre pays.<\/p>\n<p>19. Le conseil a fe\u0301licite\u0301 l\u2019ensemble des parties prenantes et a encourage\u0301 la population a\u0300 adhe\u0301rer massivement aux ope\u0301rations qui seront lance\u0301es dans ce cadre.<\/p>\n<p>III. Au titre des divers,<\/p>\n<p>20. Le conseil a entendu un compte rendu du ministre charge\u0301 des enseignements primaires et secondaires relatif a\u0300 la pre\u0301paration de la rentre\u0301e scolaire 2022 \u2013 2023.<\/p>\n<p>21. Ce compte rendu fait e\u0301tat du bon de\u0301roulement de la rentre\u0301e pe\u0301dagogique qui a e\u0301te\u0301 effective le 19 septembre 2022 en pre\u0301lude a\u0300 la rentre\u0301e acade\u0301mique pre\u0301vue le lundi 26 septembre 2022.<\/p>\n<p>22. Par ailleurs, en vue de continuer a\u0300 re\u0301pondre aux enjeux de renforcement des effectifs, les re\u0301sultats du concours de recrutement des enseignants ont e\u0301te\u0301 proclame\u0301s. Ainsi, plus de trois mille enseignants supple\u0301mentaires viendront renforcer les e\u0301quipes de\u0300s la rentre\u0301e.<\/p>\n<p>23. Enfin, des instructions ont e\u0301te\u0301 re\u0301ite\u0301re\u0301es afin que les mesures de protection du pouvoir d\u2019achat prises re\u0301cemment par le Chef de l\u2019E\u0301tat, Son Excellence Monsieur Faure Essozimna Gnassingbe\u0301, soient effectives pour renforcer le climat de se\u0301re\u0301nite\u0301 qui pre\u0301vaut dans le secteur.<\/p>\n<p>24. Le conseil a saisi cette occasion pour adresser ses encouragements a\u0300 l\u2019ensemble de la communaute\u0301 e\u0301ducative (parents, enseignants, e\u0301le\u0300ves) pour leur re\u0301silience et leur souhaiter une bonne rentre\u0301e scolaire.<\/p>\n<p>Fait a\u0300 Lome\u0301, le 23 septembre 2022<\/p>\n<p><b>Le Conseil des Ministres<\/b><\/p>\n<p><strong>Pour plus d&rsquo;informations et d&rsquo;analyses sur la <a href=\"https:\/\/www.africa-press.net\/togo\">Togo<\/a>, suivez <a href=\"https:\/\/www.africa-press.net\/\">Africa-Press<\/a><\/strong><\/p>\n","protected":false},"excerpt":{"rendered":"<p>Africa-Press &#8211; Togo. Deux projets de de\u0301cret et trois communications ont e\u0301te\u0301 au coeur du Conseil des ministres pre\u0301side\u0301 par le chef de l\u2019Etat togolais Faure Gnassingbe\u0301 ce vendredi 23 septembre 2022. COMMUNIQUE\u0301 DU CONSEIL DES MINISTRES DU 23 SEPTEMBRE 2022 1. Le conseil des ministres s\u2019est re\u0301uni ce vendredi 23 septembre 2022 sous la [&hellip;]<\/p>\n","protected":false},"author":82,"featured_media":11450,"comment_status":"open","ping_status":"closed","sticky":false,"template":"","format":"standard","meta":{"footnotes":""},"categories":[2,10],"tags":[36,49,50],"class_list":["post-11451","post","type-post","status-publish","format-standard","has-post-thumbnail","hentry","category-politique","category-toutes-les-actualites","tag-africa-press","tag-africa-press-togo","tag-togo"],"yoast_head":"<!-- This site is optimized with the Yoast SEO Premium plugin v26.1 (Yoast SEO v27.0) - https:\/\/yoast.com\/product\/yoast-seo-premium-wordpress\/ -->\n<title>Togo \u2013 Conseil des ministres ce 23 septembre 2022 - Togo<\/title>\n<meta name=\"description\" content=\"Deux projets de de\u0301cret et trois communications ont e\u0301te\u0301 au coeur du Conseil des ministres pre\u0301side\u0301 par le chef de ...\" \/>\n<meta name=\"robots\" content=\"index, follow, max-snippet:-1, max-image-preview:large, max-video-preview:-1\" \/>\n<link rel=\"canonical\" href=\"https:\/\/www.africa-press.net\/togo\/politique\/togo-conseil-des-ministres-ce-23-septembre-2022\" \/>\n<meta property=\"og:locale\" content=\"fr_FR\" \/>\n<meta property=\"og:type\" content=\"article\" \/>\n<meta property=\"og:title\" content=\"Togo \u2013 Conseil des ministres ce 23 septembre 2022\" \/>\n<meta property=\"og:description\" content=\"Deux projets de de\u0301cret et trois communications ont e\u0301te\u0301 au coeur du Conseil des ministres pre\u0301side\u0301 par le chef de ...\" \/>\n<meta property=\"og:url\" content=\"https:\/\/www.africa-press.net\/togo\/politique\/togo-conseil-des-ministres-ce-23-septembre-2022\" \/>\n<meta property=\"og:site_name\" content=\"Togo\" \/>\n<meta property=\"article:published_time\" content=\"2022-09-24T16:38:49+00:00\" \/>\n<meta property=\"article:modified_time\" content=\"2022-09-24T16:46:57+00:00\" \/>\n<meta property=\"og:image\" content=\"https:\/\/static.africa-press.net\/togo\/sites\/58\/2022\/09\/postQueueImg_2-632f34341cd3c.jpg\" \/>\n\t<meta property=\"og:image:width\" content=\"1280\" \/>\n\t<meta property=\"og:image:height\" content=\"800\" \/>\n\t<meta property=\"og:image:type\" content=\"image\/jpeg\" \/>\n<meta name=\"author\" content=\"cfeditorfr\" \/>\n<meta name=\"twitter:card\" content=\"summary_large_image\" \/>\n<meta name=\"twitter:label1\" content=\"\u00c9crit par\" \/>\n\t<meta name=\"twitter:data1\" content=\"cfeditorfr\" \/>\n\t<meta name=\"twitter:label2\" content=\"Dur\u00e9e de lecture estim\u00e9e\" \/>\n\t<meta name=\"twitter:data2\" content=\"5 minutes\" \/>\n<script type=\"application\/ld+json\" class=\"yoast-schema-graph\">{\"@context\":\"https:\/\/schema.org\",\"@graph\":[{\"@type\":\"Article\",\"@id\":\"https:\/\/www.africa-press.net\/togo\/politique\/togo-conseil-des-ministres-ce-23-septembre-2022#article\",\"isPartOf\":{\"@id\":\"https:\/\/www.africa-press.net\/togo\/politique\/togo-conseil-des-ministres-ce-23-septembre-2022\"},\"author\":{\"name\":\"cfeditorfr\",\"@id\":\"https:\/\/www.africa-press.net\/togo\/#\/schema\/person\/2b1cf3cd81a31e3cd26889ca66d677f1\"},\"headline\":\"Togo \u2013 Conseil des ministres ce 23 septembre 2022\",\"datePublished\":\"2022-09-24T16:38:49+00:00\",\"dateModified\":\"2022-09-24T16:46:57+00:00\",\"mainEntityOfPage\":{\"@id\":\"https:\/\/www.africa-press.net\/togo\/politique\/togo-conseil-des-ministres-ce-23-septembre-2022\"},\"wordCount\":1003,\"commentCount\":0,\"image\":{\"@id\":\"https:\/\/www.africa-press.net\/togo\/politique\/togo-conseil-des-ministres-ce-23-septembre-2022#primaryimage\"},\"thumbnailUrl\":\"https:\/\/static.africa-press.net\/togo\/sites\/58\/2022\/09\/postQueueImg_2-632f34341cd3c.jpg\",\"keywords\":[\"Africa Press\",\"Africa Press-Togo\",\"Togo\"],\"articleSection\":[\"Politique\",\"Toutes les actualit\u00e9s\"],\"inLanguage\":\"fr-FR\",\"potentialAction\":[{\"@type\":\"CommentAction\",\"name\":\"Comment\",\"target\":[\"https:\/\/www.africa-press.net\/togo\/politique\/togo-conseil-des-ministres-ce-23-septembre-2022#respond\"]}]},{\"@type\":\"WebPage\",\"@id\":\"https:\/\/www.africa-press.net\/togo\/politique\/togo-conseil-des-ministres-ce-23-septembre-2022\",\"url\":\"https:\/\/www.africa-press.net\/togo\/politique\/togo-conseil-des-ministres-ce-23-septembre-2022\",\"name\":\"Togo \u2013 Conseil des ministres ce 23 septembre 2022 - Togo\",\"isPartOf\":{\"@id\":\"https:\/\/www.africa-press.net\/togo\/#website\"},\"primaryImageOfPage\":{\"@id\":\"https:\/\/www.africa-press.net\/togo\/politique\/togo-conseil-des-ministres-ce-23-septembre-2022#primaryimage\"},\"image\":{\"@id\":\"https:\/\/www.africa-press.net\/togo\/politique\/togo-conseil-des-ministres-ce-23-septembre-2022#primaryimage\"},\"thumbnailUrl\":\"https:\/\/static.africa-press.net\/togo\/sites\/58\/2022\/09\/postQueueImg_2-632f34341cd3c.jpg\",\"datePublished\":\"2022-09-24T16:38:49+00:00\",\"dateModified\":\"2022-09-24T16:46:57+00:00\",\"author\":{\"@id\":\"https:\/\/www.africa-press.net\/togo\/#\/schema\/person\/2b1cf3cd81a31e3cd26889ca66d677f1\"},\"description\":\"Deux projets de de\u0301cret et trois communications ont e\u0301te\u0301 au coeur du Conseil des ministres pre\u0301side\u0301 par le chef de ...\",\"breadcrumb\":{\"@id\":\"https:\/\/www.africa-press.net\/togo\/politique\/togo-conseil-des-ministres-ce-23-septembre-2022#breadcrumb\"},\"inLanguage\":\"fr-FR\",\"potentialAction\":[{\"@type\":\"ReadAction\",\"target\":[\"https:\/\/www.africa-press.net\/togo\/politique\/togo-conseil-des-ministres-ce-23-septembre-2022\"]}]},{\"@type\":\"ImageObject\",\"inLanguage\":\"fr-FR\",\"@id\":\"https:\/\/www.africa-press.net\/togo\/politique\/togo-conseil-des-ministres-ce-23-septembre-2022#primaryimage\",\"url\":\"https:\/\/static.africa-press.net\/togo\/sites\/58\/2022\/09\/postQueueImg_2-632f34341cd3c.jpg\",\"contentUrl\":\"https:\/\/static.africa-press.net\/togo\/sites\/58\/2022\/09\/postQueueImg_2-632f34341cd3c.jpg\",\"width\":1280,\"height\":800,\"caption\":\"Togo \u2013 Conseil des ministres ce 23 septembre 2022\"},{\"@type\":\"BreadcrumbList\",\"@id\":\"https:\/\/www.africa-press.net\/togo\/politique\/togo-conseil-des-ministres-ce-23-septembre-2022#breadcrumb\",\"itemListElement\":[{\"@type\":\"ListItem\",\"position\":1,\"name\":\"Accueil\",\"item\":\"https:\/\/www.africa-press.net\/togo\/\"},{\"@type\":\"ListItem\",\"position\":2,\"name\":\"Togo \u2013 Conseil des ministres ce 23 septembre 2022\"}]},{\"@type\":\"WebSite\",\"@id\":\"https:\/\/www.africa-press.net\/togo\/#website\",\"url\":\"https:\/\/www.africa-press.net\/togo\/\",\"name\":\"Togo\",\"description\":\"Just another Africa News Agency Sites site\",\"potentialAction\":[{\"@type\":\"SearchAction\",\"target\":{\"@type\":\"EntryPoint\",\"urlTemplate\":\"https:\/\/www.africa-press.net\/togo\/?s={search_term_string}\"},\"query-input\":{\"@type\":\"PropertyValueSpecification\",\"valueRequired\":true,\"valueName\":\"search_term_string\"}}],\"inLanguage\":\"fr-FR\"},{\"@type\":\"Person\",\"@id\":\"https:\/\/www.africa-press.net\/togo\/#\/schema\/person\/2b1cf3cd81a31e3cd26889ca66d677f1\",\"name\":\"cfeditorfr\"}]}<\/script>\n<!-- \/ Yoast SEO Premium plugin. -->","yoast_head_json":{"title":"Togo \u2013 Conseil des ministres ce 23 septembre 2022 - Togo","description":"Deux projets de de\u0301cret et trois communications ont e\u0301te\u0301 au coeur du Conseil des ministres pre\u0301side\u0301 par le chef de ...","robots":{"index":"index","follow":"follow","max-snippet":"max-snippet:-1","max-image-preview":"max-image-preview:large","max-video-preview":"max-video-preview:-1"},"canonical":"https:\/\/www.africa-press.net\/togo\/politique\/togo-conseil-des-ministres-ce-23-septembre-2022","og_locale":"fr_FR","og_type":"article","og_title":"Togo \u2013 Conseil des ministres ce 23 septembre 2022","og_description":"Deux projets de de\u0301cret et trois communications ont e\u0301te\u0301 au coeur du Conseil des ministres pre\u0301side\u0301 par le chef de ...","og_url":"https:\/\/www.africa-press.net\/togo\/politique\/togo-conseil-des-ministres-ce-23-septembre-2022","og_site_name":"Togo","article_published_time":"2022-09-24T16:38:49+00:00","article_modified_time":"2022-09-24T16:46:57+00:00","og_image":[{"width":1280,"height":800,"url":"https:\/\/static.africa-press.net\/togo\/sites\/58\/2022\/09\/postQueueImg_2-632f34341cd3c.jpg","type":"image\/jpeg"}],"author":"cfeditorfr","twitter_card":"summary_large_image","twitter_misc":{"\u00c9crit par":"cfeditorfr","Dur\u00e9e de lecture estim\u00e9e":"5 minutes"},"schema":{"@context":"https:\/\/schema.org","@graph":[{"@type":"Article","@id":"https:\/\/www.africa-press.net\/togo\/politique\/togo-conseil-des-ministres-ce-23-septembre-2022#article","isPartOf":{"@id":"https:\/\/www.africa-press.net\/togo\/politique\/togo-conseil-des-ministres-ce-23-septembre-2022"},"author":{"name":"cfeditorfr","@id":"https:\/\/www.africa-press.net\/togo\/#\/schema\/person\/2b1cf3cd81a31e3cd26889ca66d677f1"},"headline":"Togo \u2013 Conseil des ministres ce 23 septembre 2022","datePublished":"2022-09-24T16:38:49+00:00","dateModified":"2022-09-24T16:46:57+00:00","mainEntityOfPage":{"@id":"https:\/\/www.africa-press.net\/togo\/politique\/togo-conseil-des-ministres-ce-23-septembre-2022"},"wordCount":1003,"commentCount":0,"image":{"@id":"https:\/\/www.africa-press.net\/togo\/politique\/togo-conseil-des-ministres-ce-23-septembre-2022#primaryimage"},"thumbnailUrl":"https:\/\/static.africa-press.net\/togo\/sites\/58\/2022\/09\/postQueueImg_2-632f34341cd3c.jpg","keywords":["Africa Press","Africa Press-Togo","Togo"],"articleSection":["Politique","Toutes les actualit\u00e9s"],"inLanguage":"fr-FR","potentialAction":[{"@type":"CommentAction","name":"Comment","target":["https:\/\/www.africa-press.net\/togo\/politique\/togo-conseil-des-ministres-ce-23-septembre-2022#respond"]}]},{"@type":"WebPage","@id":"https:\/\/www.africa-press.net\/togo\/politique\/togo-conseil-des-ministres-ce-23-septembre-2022","url":"https:\/\/www.africa-press.net\/togo\/politique\/togo-conseil-des-ministres-ce-23-septembre-2022","name":"Togo \u2013 Conseil des ministres ce 23 septembre 2022 - Togo","isPartOf":{"@id":"https:\/\/www.africa-press.net\/togo\/#website"},"primaryImageOfPage":{"@id":"https:\/\/www.africa-press.net\/togo\/politique\/togo-conseil-des-ministres-ce-23-septembre-2022#primaryimage"},"image":{"@id":"https:\/\/www.africa-press.net\/togo\/politique\/togo-conseil-des-ministres-ce-23-septembre-2022#primaryimage"},"thumbnailUrl":"https:\/\/static.africa-press.net\/togo\/sites\/58\/2022\/09\/postQueueImg_2-632f34341cd3c.jpg","datePublished":"2022-09-24T16:38:49+00:00","dateModified":"2022-09-24T16:46:57+00:00","author":{"@id":"https:\/\/www.africa-press.net\/togo\/#\/schema\/person\/2b1cf3cd81a31e3cd26889ca66d677f1"},"description":"Deux projets de de\u0301cret et trois communications ont e\u0301te\u0301 au coeur du Conseil des ministres pre\u0301side\u0301 par le chef de ...","breadcrumb":{"@id":"https:\/\/www.africa-press.net\/togo\/politique\/togo-conseil-des-ministres-ce-23-septembre-2022#breadcrumb"},"inLanguage":"fr-FR","potentialAction":[{"@type":"ReadAction","target":["https:\/\/www.africa-press.net\/togo\/politique\/togo-conseil-des-ministres-ce-23-septembre-2022"]}]},{"@type":"ImageObject","inLanguage":"fr-FR","@id":"https:\/\/www.africa-press.net\/togo\/politique\/togo-conseil-des-ministres-ce-23-septembre-2022#primaryimage","url":"https:\/\/static.africa-press.net\/togo\/sites\/58\/2022\/09\/postQueueImg_2-632f34341cd3c.jpg","contentUrl":"https:\/\/static.africa-press.net\/togo\/sites\/58\/2022\/09\/postQueueImg_2-632f34341cd3c.jpg","width":1280,"height":800,"caption":"Togo \u2013 Conseil des ministres ce 23 septembre 2022"},{"@type":"BreadcrumbList","@id":"https:\/\/www.africa-press.net\/togo\/politique\/togo-conseil-des-ministres-ce-23-septembre-2022#breadcrumb","itemListElement":[{"@type":"ListItem","position":1,"name":"Accueil","item":"https:\/\/www.africa-press.net\/togo\/"},{"@type":"ListItem","position":2,"name":"Togo \u2013 Conseil des ministres ce 23 septembre 2022"}]},{"@type":"WebSite","@id":"https:\/\/www.africa-press.net\/togo\/#website","url":"https:\/\/www.africa-press.net\/togo\/","name":"Togo","description":"Just another Africa News Agency Sites site","potentialAction":[{"@type":"SearchAction","target":{"@type":"EntryPoint","urlTemplate":"https:\/\/www.africa-press.net\/togo\/?s={search_term_string}"},"query-input":{"@type":"PropertyValueSpecification","valueRequired":true,"valueName":"search_term_string"}}],"inLanguage":"fr-FR"},{"@type":"Person","@id":"https:\/\/www.africa-press.net\/togo\/#\/schema\/person\/2b1cf3cd81a31e3cd26889ca66d677f1","name":"cfeditorfr"}]}},"_links":{"self":[{"href":"https:\/\/www.africa-press.net\/togo\/wp-json\/wp\/v2\/posts\/11451","targetHints":{"allow":["GET"]}}],"collection":[{"href":"https:\/\/www.africa-press.net\/togo\/wp-json\/wp\/v2\/posts"}],"about":[{"href":"https:\/\/www.africa-press.net\/togo\/wp-json\/wp\/v2\/types\/post"}],"author":[{"embeddable":true,"href":"https:\/\/www.africa-press.net\/togo\/wp-json\/wp\/v2\/users\/82"}],"replies":[{"embeddable":true,"href":"https:\/\/www.africa-press.net\/togo\/wp-json\/wp\/v2\/comments?post=11451"}],"version-history":[{"count":0,"href":"https:\/\/www.africa-press.net\/togo\/wp-json\/wp\/v2\/posts\/11451\/revisions"}],"wp:featuredmedia":[{"embeddable":true,"href":"https:\/\/www.africa-press.net\/togo\/wp-json\/wp\/v2\/media\/11450"}],"wp:attachment":[{"href":"https:\/\/www.africa-press.net\/togo\/wp-json\/wp\/v2\/media?parent=11451"}],"wp:term":[{"taxonomy":"category","embeddable":true,"href":"https:\/\/www.africa-press.net\/togo\/wp-json\/wp\/v2\/categories?post=11451"},{"taxonomy":"post_tag","embeddable":true,"href":"https:\/\/www.africa-press.net\/togo\/wp-json\/wp\/v2\/tags?post=11451"}],"curies":[{"name":"wp","href":"https:\/\/api.w.org\/{rel}","templated":true}]}}