{"id":11457,"date":"2022-09-24T16:39:39","date_gmt":"2022-09-24T16:39:39","guid":{"rendered":"https:\/\/www.africa-press.net\/togo\/politique\/seminaire-gouvernemental-conseil-des-ministres-faure-talon-si-proches-si-loin"},"modified":"2022-09-24T16:48:33","modified_gmt":"2022-09-24T16:48:33","slug":"seminaire-gouvernemental-conseil-des-ministres-faure-talon-si-proches-si-loin","status":"publish","type":"post","link":"https:\/\/www.africa-press.net\/togo\/politique\/seminaire-gouvernemental-conseil-des-ministres-faure-talon-si-proches-si-loin","title":{"rendered":"S\u00e9minaire gouvernemental, conseil des ministres\u2026 : Faure-Talon, si proches si loin"},"content":{"rendered":"<p><span style=\"color: #ff6600\"><strong>Africa-Press &#8211; Togo. <\/strong><\/span><b>Du conseil des ministres be\u0301ninois tenu 14 septembre dernier, on retient entre autres communications, l\u2019acquisition de 188 ambulances au profit du Service d\u2019assistance me\u0301dicale d\u2019urgence (SAMU-Be\u0301nin) et des formations sanitaires.<\/b><\/p>\n<p>\u00ab Dans le cadre des re\u0301formes engage\u0301es dans le secteur de la sante\u0301 et en vue de garantir les performances du dispositif de re\u0301fe\u0301rence et de contre re\u0301fe\u0301rence pour ame\u0301liorer les prestations fournies aux populations, le Gouvernement a pre\u0301vu l\u2019acquisition de 200 ambulances et le de\u0301veloppement d\u2019un me\u0301canisme de transport sanitaire inte\u0301grant le SAMU-Be\u0301nin. C\u2019est dans cette logique que la pre\u0301sente commande pour l\u2019acquisition de 188 ambulances est autorise\u0301e. Les actions a\u0300 mener a\u0300 cette fin se feront sous la responsabilite\u0301 des ministe\u0300res concerne\u0301s et dans le respect des proce\u0301dures en vigueur en la matie\u0300re \u00bb, pre\u0301cise la note y relative.<\/p>\n<p>Les 12 et 13 septembre derniers, le gouvernement togolais s\u2019est re\u0301uni a\u0300 Kpalime\u0301 dans le cadre d\u2019un se\u0301minaire dont les travaux ont porte\u0301 sur l\u2019examen de plusieurs sujets.<\/p>\n<p>Un avant-projet de loi de finances rectificative comptant pour l\u2019exercice 2022, qui prend en compte les nouvelles de\u0301penses ope\u0301re\u0301es par l\u2019exe\u0301cutif pour satisfaire aux questions se\u0301curitaires et sociales, dans un contexte de renforcement des mesures d\u2019appui au pouvoir d\u2019achat des populations a e\u0301te\u0301 examine\u0301 et adopte\u0301. Deux projets de de\u0301cret ont e\u0301te\u0301 e\u0301galement adopte\u0301s : la cre\u0301ation d\u2019un Observatoire de la qualite\u0301 des services au Togo, et les modalite\u0301s lie\u0301es au cadre ge\u0301ne\u0301ral des ope\u0301rations du projet national d\u2019identification biome\u0301trique.<\/p>\n<p>Quant aux communications, on en retient trois, a\u0300 savoir les cahiers de charge des ope\u0301rateurs de communications e\u0301lectroniques, les pistes rurales et les pertes d\u2019e\u0301nergie sur le re\u0301seau de la CEET. Tous ces sujets aux grands airs qui ont fait de\u0301placer un gouvernement fe\u0301ru de gaspillage ne valent pas tripette, comparativement au seul point lie\u0301 a\u0300 l\u2019acquisition de 188 ambulances au profit du Service d\u2019assistance me\u0301dicale d\u2019urgence (SAMU[1]Be\u0301nin) et des formations sanitaires au Be\u0301nin voisin. Voila\u0300 ce qui s\u2019appelle gouverner.<\/p>\n<p>L\u2019E\u0301tat be\u0301ninois n\u2019a pas eu besoin de multiplier les se\u0301minaires a\u0300 son de trompe, d\u2019inviter on ne sait quels experts ou diplomates pour durablement imprimer un cachet d\u2019efficacite\u0301 aux actions sociales. Mais au Togo, on pense plus a\u0300 l\u2019apparence qu\u2019on ne le fait quant aux actions. Dieu sait ce qu\u2019il en sera des mesures d\u2019appui au pouvoir d\u2019achat des populations qui continuent de souffrir le martyre en des temps aussi incertains. Vivement des actions concre\u0300tes.<\/p>\n<p><b>Togo-Actualite\u0301s<\/b><\/p>\n<p><strong>Pour plus d&rsquo;informations et d&rsquo;analyses sur la <a href=\"https:\/\/www.africa-press.net\/togo\">Togo<\/a>, suivez <a href=\"https:\/\/www.africa-press.net\/\">Africa-Press<\/a><\/strong><\/p>\n","protected":false},"excerpt":{"rendered":"<p>Africa-Press &#8211; Togo. Du conseil des ministres be\u0301ninois tenu 14 septembre dernier, on retient entre autres communications, l\u2019acquisition de 188 ambulances au profit du Service d\u2019assistance me\u0301dicale d\u2019urgence (SAMU-Be\u0301nin) et des formations sanitaires. \u00ab Dans le cadre des re\u0301formes engage\u0301es dans le secteur de la sante\u0301 et en vue de garantir les performances du dispositif [&hellip;]<\/p>\n","protected":false},"author":82,"featured_media":11456,"comment_status":"open","ping_status":"closed","sticky":false,"template":"","format":"standard","meta":{"footnotes":""},"categories":[2,10],"tags":[36,49,50],"class_list":["post-11457","post","type-post","status-publish","format-standard","has-post-thumbnail","hentry","category-politique","category-toutes-les-actualites","tag-africa-press","tag-africa-press-togo","tag-togo"],"yoast_head":"<!-- This site is optimized with the Yoast SEO Premium plugin v26.1 (Yoast SEO v27.0) - https:\/\/yoast.com\/product\/yoast-seo-premium-wordpress\/ -->\n<title>S\u00e9minaire gouvernemental, conseil des ministres\u2026 : Faure-Talon, si proches si loin - Togo<\/title>\n<meta name=\"description\" content=\"Du conseil des ministres be\u0301ninois tenu 14 septembre dernier, on retient entre autres communications, l\u2019acquisition d ...\" \/>\n<meta name=\"robots\" content=\"index, follow, max-snippet:-1, max-image-preview:large, max-video-preview:-1\" \/>\n<link rel=\"canonical\" href=\"https:\/\/www.africa-press.net\/togo\/politique\/seminaire-gouvernemental-conseil-des-ministres-faure-talon-si-proches-si-loin\" \/>\n<meta property=\"og:locale\" content=\"fr_FR\" \/>\n<meta property=\"og:type\" content=\"article\" \/>\n<meta property=\"og:title\" content=\"S\u00e9minaire gouvernemental, conseil des ministres\u2026 : Faure-Talon, si proches si loin\" \/>\n<meta property=\"og:description\" content=\"Du conseil des ministres be\u0301ninois tenu 14 septembre dernier, on retient entre autres communications, l\u2019acquisition d ...\" \/>\n<meta property=\"og:url\" content=\"https:\/\/www.africa-press.net\/togo\/politique\/seminaire-gouvernemental-conseil-des-ministres-faure-talon-si-proches-si-loin\" \/>\n<meta property=\"og:site_name\" content=\"Togo\" \/>\n<meta property=\"article:published_time\" content=\"2022-09-24T16:39:39+00:00\" \/>\n<meta property=\"article:modified_time\" content=\"2022-09-24T16:48:33+00:00\" \/>\n<meta property=\"og:image\" content=\"https:\/\/static.africa-press.net\/togo\/sites\/58\/2022\/09\/postQueueImg_4-632f34b24ac7c.jpg\" \/>\n\t<meta property=\"og:image:width\" content=\"1280\" \/>\n\t<meta property=\"og:image:height\" content=\"800\" \/>\n\t<meta property=\"og:image:type\" content=\"image\/jpeg\" \/>\n<meta name=\"author\" content=\"cfeditorfr\" \/>\n<meta name=\"twitter:card\" content=\"summary_large_image\" \/>\n<meta name=\"twitter:label1\" content=\"\u00c9crit par\" \/>\n\t<meta name=\"twitter:data1\" content=\"cfeditorfr\" \/>\n\t<meta name=\"twitter:label2\" content=\"Dur\u00e9e de lecture estim\u00e9e\" \/>\n\t<meta name=\"twitter:data2\" content=\"3 minutes\" \/>\n<script type=\"application\/ld+json\" class=\"yoast-schema-graph\">{\"@context\":\"https:\/\/schema.org\",\"@graph\":[{\"@type\":\"Article\",\"@id\":\"https:\/\/www.africa-press.net\/togo\/politique\/seminaire-gouvernemental-conseil-des-ministres-faure-talon-si-proches-si-loin#article\",\"isPartOf\":{\"@id\":\"https:\/\/www.africa-press.net\/togo\/politique\/seminaire-gouvernemental-conseil-des-ministres-faure-talon-si-proches-si-loin\"},\"author\":{\"name\":\"cfeditorfr\",\"@id\":\"https:\/\/www.africa-press.net\/togo\/#\/schema\/person\/2b1cf3cd81a31e3cd26889ca66d677f1\"},\"headline\":\"S\u00e9minaire gouvernemental, conseil des ministres\u2026 : Faure-Talon, si proches si loin\",\"datePublished\":\"2022-09-24T16:39:39+00:00\",\"dateModified\":\"2022-09-24T16:48:33+00:00\",\"mainEntityOfPage\":{\"@id\":\"https:\/\/www.africa-press.net\/togo\/politique\/seminaire-gouvernemental-conseil-des-ministres-faure-talon-si-proches-si-loin\"},\"wordCount\":496,\"commentCount\":0,\"image\":{\"@id\":\"https:\/\/www.africa-press.net\/togo\/politique\/seminaire-gouvernemental-conseil-des-ministres-faure-talon-si-proches-si-loin#primaryimage\"},\"thumbnailUrl\":\"https:\/\/static.africa-press.net\/togo\/sites\/58\/2022\/09\/postQueueImg_4-632f34b24ac7c.jpg\",\"keywords\":[\"Africa Press\",\"Africa Press-Togo\",\"Togo\"],\"articleSection\":[\"Politique\",\"Toutes les actualit\u00e9s\"],\"inLanguage\":\"fr-FR\",\"potentialAction\":[{\"@type\":\"CommentAction\",\"name\":\"Comment\",\"target\":[\"https:\/\/www.africa-press.net\/togo\/politique\/seminaire-gouvernemental-conseil-des-ministres-faure-talon-si-proches-si-loin#respond\"]}]},{\"@type\":\"WebPage\",\"@id\":\"https:\/\/www.africa-press.net\/togo\/politique\/seminaire-gouvernemental-conseil-des-ministres-faure-talon-si-proches-si-loin\",\"url\":\"https:\/\/www.africa-press.net\/togo\/politique\/seminaire-gouvernemental-conseil-des-ministres-faure-talon-si-proches-si-loin\",\"name\":\"S\u00e9minaire gouvernemental, conseil des ministres\u2026 : Faure-Talon, si proches si loin - Togo\",\"isPartOf\":{\"@id\":\"https:\/\/www.africa-press.net\/togo\/#website\"},\"primaryImageOfPage\":{\"@id\":\"https:\/\/www.africa-press.net\/togo\/politique\/seminaire-gouvernemental-conseil-des-ministres-faure-talon-si-proches-si-loin#primaryimage\"},\"image\":{\"@id\":\"https:\/\/www.africa-press.net\/togo\/politique\/seminaire-gouvernemental-conseil-des-ministres-faure-talon-si-proches-si-loin#primaryimage\"},\"thumbnailUrl\":\"https:\/\/static.africa-press.net\/togo\/sites\/58\/2022\/09\/postQueueImg_4-632f34b24ac7c.jpg\",\"datePublished\":\"2022-09-24T16:39:39+00:00\",\"dateModified\":\"2022-09-24T16:48:33+00:00\",\"author\":{\"@id\":\"https:\/\/www.africa-press.net\/togo\/#\/schema\/person\/2b1cf3cd81a31e3cd26889ca66d677f1\"},\"description\":\"Du conseil des ministres be\u0301ninois tenu 14 septembre dernier, on retient entre autres communications, l\u2019acquisition d ...\",\"breadcrumb\":{\"@id\":\"https:\/\/www.africa-press.net\/togo\/politique\/seminaire-gouvernemental-conseil-des-ministres-faure-talon-si-proches-si-loin#breadcrumb\"},\"inLanguage\":\"fr-FR\",\"potentialAction\":[{\"@type\":\"ReadAction\",\"target\":[\"https:\/\/www.africa-press.net\/togo\/politique\/seminaire-gouvernemental-conseil-des-ministres-faure-talon-si-proches-si-loin\"]}]},{\"@type\":\"ImageObject\",\"inLanguage\":\"fr-FR\",\"@id\":\"https:\/\/www.africa-press.net\/togo\/politique\/seminaire-gouvernemental-conseil-des-ministres-faure-talon-si-proches-si-loin#primaryimage\",\"url\":\"https:\/\/static.africa-press.net\/togo\/sites\/58\/2022\/09\/postQueueImg_4-632f34b24ac7c.jpg\",\"contentUrl\":\"https:\/\/static.africa-press.net\/togo\/sites\/58\/2022\/09\/postQueueImg_4-632f34b24ac7c.jpg\",\"width\":1280,\"height\":800,\"caption\":\"S\u00e9minaire gouvernemental, conseil des ministres\u2026 : Faure-Talon, si proches si loin\"},{\"@type\":\"BreadcrumbList\",\"@id\":\"https:\/\/www.africa-press.net\/togo\/politique\/seminaire-gouvernemental-conseil-des-ministres-faure-talon-si-proches-si-loin#breadcrumb\",\"itemListElement\":[{\"@type\":\"ListItem\",\"position\":1,\"name\":\"Accueil\",\"item\":\"https:\/\/www.africa-press.net\/togo\/\"},{\"@type\":\"ListItem\",\"position\":2,\"name\":\"S\u00e9minaire gouvernemental, conseil des ministres\u2026 : Faure-Talon, si proches si loin\"}]},{\"@type\":\"WebSite\",\"@id\":\"https:\/\/www.africa-press.net\/togo\/#website\",\"url\":\"https:\/\/www.africa-press.net\/togo\/\",\"name\":\"Togo\",\"description\":\"Just another Africa News Agency Sites site\",\"potentialAction\":[{\"@type\":\"SearchAction\",\"target\":{\"@type\":\"EntryPoint\",\"urlTemplate\":\"https:\/\/www.africa-press.net\/togo\/?s={search_term_string}\"},\"query-input\":{\"@type\":\"PropertyValueSpecification\",\"valueRequired\":true,\"valueName\":\"search_term_string\"}}],\"inLanguage\":\"fr-FR\"},{\"@type\":\"Person\",\"@id\":\"https:\/\/www.africa-press.net\/togo\/#\/schema\/person\/2b1cf3cd81a31e3cd26889ca66d677f1\",\"name\":\"cfeditorfr\"}]}<\/script>\n<!-- \/ Yoast SEO Premium plugin. -->","yoast_head_json":{"title":"S\u00e9minaire gouvernemental, conseil des ministres\u2026 : Faure-Talon, si proches si loin - Togo","description":"Du conseil des ministres be\u0301ninois tenu 14 septembre dernier, on retient entre autres communications, l\u2019acquisition d ...","robots":{"index":"index","follow":"follow","max-snippet":"max-snippet:-1","max-image-preview":"max-image-preview:large","max-video-preview":"max-video-preview:-1"},"canonical":"https:\/\/www.africa-press.net\/togo\/politique\/seminaire-gouvernemental-conseil-des-ministres-faure-talon-si-proches-si-loin","og_locale":"fr_FR","og_type":"article","og_title":"S\u00e9minaire gouvernemental, conseil des ministres\u2026 : Faure-Talon, si proches si loin","og_description":"Du conseil des ministres be\u0301ninois tenu 14 septembre dernier, on retient entre autres communications, l\u2019acquisition d ...","og_url":"https:\/\/www.africa-press.net\/togo\/politique\/seminaire-gouvernemental-conseil-des-ministres-faure-talon-si-proches-si-loin","og_site_name":"Togo","article_published_time":"2022-09-24T16:39:39+00:00","article_modified_time":"2022-09-24T16:48:33+00:00","og_image":[{"width":1280,"height":800,"url":"https:\/\/static.africa-press.net\/togo\/sites\/58\/2022\/09\/postQueueImg_4-632f34b24ac7c.jpg","type":"image\/jpeg"}],"author":"cfeditorfr","twitter_card":"summary_large_image","twitter_misc":{"\u00c9crit par":"cfeditorfr","Dur\u00e9e de lecture estim\u00e9e":"3 minutes"},"schema":{"@context":"https:\/\/schema.org","@graph":[{"@type":"Article","@id":"https:\/\/www.africa-press.net\/togo\/politique\/seminaire-gouvernemental-conseil-des-ministres-faure-talon-si-proches-si-loin#article","isPartOf":{"@id":"https:\/\/www.africa-press.net\/togo\/politique\/seminaire-gouvernemental-conseil-des-ministres-faure-talon-si-proches-si-loin"},"author":{"name":"cfeditorfr","@id":"https:\/\/www.africa-press.net\/togo\/#\/schema\/person\/2b1cf3cd81a31e3cd26889ca66d677f1"},"headline":"S\u00e9minaire gouvernemental, conseil des ministres\u2026 : Faure-Talon, si proches si loin","datePublished":"2022-09-24T16:39:39+00:00","dateModified":"2022-09-24T16:48:33+00:00","mainEntityOfPage":{"@id":"https:\/\/www.africa-press.net\/togo\/politique\/seminaire-gouvernemental-conseil-des-ministres-faure-talon-si-proches-si-loin"},"wordCount":496,"commentCount":0,"image":{"@id":"https:\/\/www.africa-press.net\/togo\/politique\/seminaire-gouvernemental-conseil-des-ministres-faure-talon-si-proches-si-loin#primaryimage"},"thumbnailUrl":"https:\/\/static.africa-press.net\/togo\/sites\/58\/2022\/09\/postQueueImg_4-632f34b24ac7c.jpg","keywords":["Africa Press","Africa Press-Togo","Togo"],"articleSection":["Politique","Toutes les actualit\u00e9s"],"inLanguage":"fr-FR","potentialAction":[{"@type":"CommentAction","name":"Comment","target":["https:\/\/www.africa-press.net\/togo\/politique\/seminaire-gouvernemental-conseil-des-ministres-faure-talon-si-proches-si-loin#respond"]}]},{"@type":"WebPage","@id":"https:\/\/www.africa-press.net\/togo\/politique\/seminaire-gouvernemental-conseil-des-ministres-faure-talon-si-proches-si-loin","url":"https:\/\/www.africa-press.net\/togo\/politique\/seminaire-gouvernemental-conseil-des-ministres-faure-talon-si-proches-si-loin","name":"S\u00e9minaire gouvernemental, conseil des ministres\u2026 : Faure-Talon, si proches si loin - Togo","isPartOf":{"@id":"https:\/\/www.africa-press.net\/togo\/#website"},"primaryImageOfPage":{"@id":"https:\/\/www.africa-press.net\/togo\/politique\/seminaire-gouvernemental-conseil-des-ministres-faure-talon-si-proches-si-loin#primaryimage"},"image":{"@id":"https:\/\/www.africa-press.net\/togo\/politique\/seminaire-gouvernemental-conseil-des-ministres-faure-talon-si-proches-si-loin#primaryimage"},"thumbnailUrl":"https:\/\/static.africa-press.net\/togo\/sites\/58\/2022\/09\/postQueueImg_4-632f34b24ac7c.jpg","datePublished":"2022-09-24T16:39:39+00:00","dateModified":"2022-09-24T16:48:33+00:00","author":{"@id":"https:\/\/www.africa-press.net\/togo\/#\/schema\/person\/2b1cf3cd81a31e3cd26889ca66d677f1"},"description":"Du conseil des ministres be\u0301ninois tenu 14 septembre dernier, on retient entre autres communications, l\u2019acquisition d ...","breadcrumb":{"@id":"https:\/\/www.africa-press.net\/togo\/politique\/seminaire-gouvernemental-conseil-des-ministres-faure-talon-si-proches-si-loin#breadcrumb"},"inLanguage":"fr-FR","potentialAction":[{"@type":"ReadAction","target":["https:\/\/www.africa-press.net\/togo\/politique\/seminaire-gouvernemental-conseil-des-ministres-faure-talon-si-proches-si-loin"]}]},{"@type":"ImageObject","inLanguage":"fr-FR","@id":"https:\/\/www.africa-press.net\/togo\/politique\/seminaire-gouvernemental-conseil-des-ministres-faure-talon-si-proches-si-loin#primaryimage","url":"https:\/\/static.africa-press.net\/togo\/sites\/58\/2022\/09\/postQueueImg_4-632f34b24ac7c.jpg","contentUrl":"https:\/\/static.africa-press.net\/togo\/sites\/58\/2022\/09\/postQueueImg_4-632f34b24ac7c.jpg","width":1280,"height":800,"caption":"S\u00e9minaire gouvernemental, conseil des ministres\u2026 : Faure-Talon, si proches si loin"},{"@type":"BreadcrumbList","@id":"https:\/\/www.africa-press.net\/togo\/politique\/seminaire-gouvernemental-conseil-des-ministres-faure-talon-si-proches-si-loin#breadcrumb","itemListElement":[{"@type":"ListItem","position":1,"name":"Accueil","item":"https:\/\/www.africa-press.net\/togo\/"},{"@type":"ListItem","position":2,"name":"S\u00e9minaire gouvernemental, conseil des ministres\u2026 : Faure-Talon, si proches si loin"}]},{"@type":"WebSite","@id":"https:\/\/www.africa-press.net\/togo\/#website","url":"https:\/\/www.africa-press.net\/togo\/","name":"Togo","description":"Just another Africa News Agency Sites site","potentialAction":[{"@type":"SearchAction","target":{"@type":"EntryPoint","urlTemplate":"https:\/\/www.africa-press.net\/togo\/?s={search_term_string}"},"query-input":{"@type":"PropertyValueSpecification","valueRequired":true,"valueName":"search_term_string"}}],"inLanguage":"fr-FR"},{"@type":"Person","@id":"https:\/\/www.africa-press.net\/togo\/#\/schema\/person\/2b1cf3cd81a31e3cd26889ca66d677f1","name":"cfeditorfr"}]}},"_links":{"self":[{"href":"https:\/\/www.africa-press.net\/togo\/wp-json\/wp\/v2\/posts\/11457","targetHints":{"allow":["GET"]}}],"collection":[{"href":"https:\/\/www.africa-press.net\/togo\/wp-json\/wp\/v2\/posts"}],"about":[{"href":"https:\/\/www.africa-press.net\/togo\/wp-json\/wp\/v2\/types\/post"}],"author":[{"embeddable":true,"href":"https:\/\/www.africa-press.net\/togo\/wp-json\/wp\/v2\/users\/82"}],"replies":[{"embeddable":true,"href":"https:\/\/www.africa-press.net\/togo\/wp-json\/wp\/v2\/comments?post=11457"}],"version-history":[{"count":0,"href":"https:\/\/www.africa-press.net\/togo\/wp-json\/wp\/v2\/posts\/11457\/revisions"}],"wp:featuredmedia":[{"embeddable":true,"href":"https:\/\/www.africa-press.net\/togo\/wp-json\/wp\/v2\/media\/11456"}],"wp:attachment":[{"href":"https:\/\/www.africa-press.net\/togo\/wp-json\/wp\/v2\/media?parent=11457"}],"wp:term":[{"taxonomy":"category","embeddable":true,"href":"https:\/\/www.africa-press.net\/togo\/wp-json\/wp\/v2\/categories?post=11457"},{"taxonomy":"post_tag","embeddable":true,"href":"https:\/\/www.africa-press.net\/togo\/wp-json\/wp\/v2\/tags?post=11457"}],"curies":[{"name":"wp","href":"https:\/\/api.w.org\/{rel}","templated":true}]}}