{"id":11463,"date":"2022-09-24T16:40:14","date_gmt":"2022-09-24T16:40:14","guid":{"rendered":"https:\/\/www.africa-press.net\/togo\/politique\/journees-fifa-togo-vs-cote-divoire-ce-samedi"},"modified":"2022-09-24T16:49:57","modified_gmt":"2022-09-24T16:49:57","slug":"journees-fifa-togo-vs-cote-divoire-ce-samedi","status":"publish","type":"post","link":"https:\/\/www.africa-press.net\/togo\/sports\/journees-fifa-togo-vs-cote-divoire-ce-samedi","title":{"rendered":"Journ\u00e9es FIFA-Togo vs C\u00f4te d\u2019Ivoire ce samedi"},"content":{"rendered":"<p><span style=\"color: #ff6600\"><strong>Africa-Press &#8211; Togo. <\/strong><\/span><b>Les E\u0301perviers du Togo affrontent ce samedi les E\u0301le\u0301phants de Co\u0302te d\u2019Ivoire dans le carde des journe\u0301e FIFA.<\/b><\/p>\n<p>Togo vs Co\u0302te d\u2019Ivoire, c\u2019est ce samedi 24 septembre 2022, sous le coup de 16H TU au Stade Robert-Diochon en France.<\/p>\n<p>Il s\u2019agit du premier match amical des hommes du coach Paulo Duarte dans le cadre de cette fene\u0302tre FIFA.<\/p>\n<p>Apre\u0300s ce match contre la Co\u0302te\u0301 d\u2019Ivoire, les E\u0301perviers se de\u0301placement au Maroc. Ils y affrontent le 27 septembre, le Nzalang Nacional de la Guine\u0301e e\u0301quatoriale.<\/p>\n<p><strong>Pour plus d&rsquo;informations et d&rsquo;analyses sur la <a href=\"https:\/\/www.africa-press.net\/togo\">Togo<\/a>, suivez <a href=\"https:\/\/www.africa-press.net\/\">Africa-Press<\/a><\/strong><\/p>\n","protected":false},"excerpt":{"rendered":"<p>Africa-Press &#8211; Togo. Les E\u0301perviers du Togo affrontent ce samedi les E\u0301le\u0301phants de Co\u0302te d\u2019Ivoire dans le carde des journe\u0301e FIFA. Togo vs Co\u0302te d\u2019Ivoire, c\u2019est ce samedi 24 septembre 2022, sous le coup de 16H TU au Stade Robert-Diochon en France. Il s\u2019agit du premier match amical des hommes du coach Paulo Duarte dans [&hellip;]<\/p>\n","protected":false},"author":82,"featured_media":11462,"comment_status":"open","ping_status":"closed","sticky":false,"template":"","format":"standard","meta":{"footnotes":""},"categories":[6,10],"tags":[36,49,50],"class_list":["post-11463","post","type-post","status-publish","format-standard","has-post-thumbnail","hentry","category-sports","category-toutes-les-actualites","tag-africa-press","tag-africa-press-togo","tag-togo"],"yoast_head":"<!-- This site is optimized with the Yoast SEO Premium plugin v26.1 (Yoast SEO v27.0) - https:\/\/yoast.com\/product\/yoast-seo-premium-wordpress\/ -->\n<title>Journ\u00e9es FIFA-Togo vs C\u00f4te d\u2019Ivoire ce samedi - Togo<\/title>\n<meta name=\"description\" content=\"Les E\u0301perviers du Togo affrontent ce samedi les E\u0301le\u0301phants de Co\u0302te d\u2019Ivoire dans le carde des journe\u0301e FIFA. T ...\" \/>\n<meta name=\"robots\" content=\"index, follow, max-snippet:-1, max-image-preview:large, max-video-preview:-1\" \/>\n<link rel=\"canonical\" href=\"https:\/\/www.africa-press.net\/togo\/sports\/journees-fifa-togo-vs-cote-divoire-ce-samedi\" \/>\n<meta property=\"og:locale\" content=\"fr_FR\" \/>\n<meta property=\"og:type\" content=\"article\" \/>\n<meta property=\"og:title\" content=\"Journ\u00e9es FIFA-Togo vs C\u00f4te d\u2019Ivoire ce samedi\" \/>\n<meta property=\"og:description\" content=\"Les E\u0301perviers du Togo affrontent ce samedi les E\u0301le\u0301phants de Co\u0302te d\u2019Ivoire dans le carde des journe\u0301e FIFA. T ...\" \/>\n<meta property=\"og:url\" content=\"https:\/\/www.africa-press.net\/togo\/sports\/journees-fifa-togo-vs-cote-divoire-ce-samedi\" \/>\n<meta property=\"og:site_name\" content=\"Togo\" \/>\n<meta property=\"article:published_time\" content=\"2022-09-24T16:40:14+00:00\" \/>\n<meta property=\"article:modified_time\" content=\"2022-09-24T16:49:57+00:00\" \/>\n<meta property=\"og:image\" content=\"https:\/\/static.africa-press.net\/togo\/sites\/58\/2022\/09\/postQueueImg_6-632f3510c6fa8.jpg\" \/>\n\t<meta property=\"og:image:width\" content=\"1280\" \/>\n\t<meta property=\"og:image:height\" content=\"800\" \/>\n\t<meta property=\"og:image:type\" content=\"image\/jpeg\" \/>\n<meta name=\"author\" content=\"cfeditorfr\" \/>\n<meta name=\"twitter:card\" content=\"summary_large_image\" \/>\n<meta name=\"twitter:label1\" content=\"\u00c9crit par\" \/>\n\t<meta name=\"twitter:data1\" content=\"cfeditorfr\" \/>\n\t<meta name=\"twitter:label2\" content=\"Dur\u00e9e de lecture estim\u00e9e\" \/>\n\t<meta name=\"twitter:data2\" content=\"1 minute\" \/>\n<script type=\"application\/ld+json\" class=\"yoast-schema-graph\">{\"@context\":\"https:\/\/schema.org\",\"@graph\":[{\"@type\":\"Article\",\"@id\":\"https:\/\/www.africa-press.net\/togo\/sports\/journees-fifa-togo-vs-cote-divoire-ce-samedi#article\",\"isPartOf\":{\"@id\":\"https:\/\/www.africa-press.net\/togo\/sports\/journees-fifa-togo-vs-cote-divoire-ce-samedi\"},\"author\":{\"name\":\"cfeditorfr\",\"@id\":\"https:\/\/www.africa-press.net\/togo\/#\/schema\/person\/2b1cf3cd81a31e3cd26889ca66d677f1\"},\"headline\":\"Journ\u00e9es FIFA-Togo vs C\u00f4te d\u2019Ivoire ce samedi\",\"datePublished\":\"2022-09-24T16:40:14+00:00\",\"dateModified\":\"2022-09-24T16:49:57+00:00\",\"mainEntityOfPage\":{\"@id\":\"https:\/\/www.africa-press.net\/togo\/sports\/journees-fifa-togo-vs-cote-divoire-ce-samedi\"},\"wordCount\":124,\"commentCount\":0,\"image\":{\"@id\":\"https:\/\/www.africa-press.net\/togo\/sports\/journees-fifa-togo-vs-cote-divoire-ce-samedi#primaryimage\"},\"thumbnailUrl\":\"https:\/\/static.africa-press.net\/togo\/sites\/58\/2022\/09\/postQueueImg_6-632f3510c6fa8.jpg\",\"keywords\":[\"Africa Press\",\"Africa Press-Togo\",\"Togo\"],\"articleSection\":[\"Sports\",\"Toutes les actualit\u00e9s\"],\"inLanguage\":\"fr-FR\",\"potentialAction\":[{\"@type\":\"CommentAction\",\"name\":\"Comment\",\"target\":[\"https:\/\/www.africa-press.net\/togo\/sports\/journees-fifa-togo-vs-cote-divoire-ce-samedi#respond\"]}]},{\"@type\":\"WebPage\",\"@id\":\"https:\/\/www.africa-press.net\/togo\/sports\/journees-fifa-togo-vs-cote-divoire-ce-samedi\",\"url\":\"https:\/\/www.africa-press.net\/togo\/sports\/journees-fifa-togo-vs-cote-divoire-ce-samedi\",\"name\":\"Journ\u00e9es FIFA-Togo vs C\u00f4te d\u2019Ivoire ce samedi - Togo\",\"isPartOf\":{\"@id\":\"https:\/\/www.africa-press.net\/togo\/#website\"},\"primaryImageOfPage\":{\"@id\":\"https:\/\/www.africa-press.net\/togo\/sports\/journees-fifa-togo-vs-cote-divoire-ce-samedi#primaryimage\"},\"image\":{\"@id\":\"https:\/\/www.africa-press.net\/togo\/sports\/journees-fifa-togo-vs-cote-divoire-ce-samedi#primaryimage\"},\"thumbnailUrl\":\"https:\/\/static.africa-press.net\/togo\/sites\/58\/2022\/09\/postQueueImg_6-632f3510c6fa8.jpg\",\"datePublished\":\"2022-09-24T16:40:14+00:00\",\"dateModified\":\"2022-09-24T16:49:57+00:00\",\"author\":{\"@id\":\"https:\/\/www.africa-press.net\/togo\/#\/schema\/person\/2b1cf3cd81a31e3cd26889ca66d677f1\"},\"description\":\"Les E\u0301perviers du Togo affrontent ce samedi les E\u0301le\u0301phants de Co\u0302te d\u2019Ivoire dans le carde des journe\u0301e FIFA. T ...\",\"breadcrumb\":{\"@id\":\"https:\/\/www.africa-press.net\/togo\/sports\/journees-fifa-togo-vs-cote-divoire-ce-samedi#breadcrumb\"},\"inLanguage\":\"fr-FR\",\"potentialAction\":[{\"@type\":\"ReadAction\",\"target\":[\"https:\/\/www.africa-press.net\/togo\/sports\/journees-fifa-togo-vs-cote-divoire-ce-samedi\"]}]},{\"@type\":\"ImageObject\",\"inLanguage\":\"fr-FR\",\"@id\":\"https:\/\/www.africa-press.net\/togo\/sports\/journees-fifa-togo-vs-cote-divoire-ce-samedi#primaryimage\",\"url\":\"https:\/\/static.africa-press.net\/togo\/sites\/58\/2022\/09\/postQueueImg_6-632f3510c6fa8.jpg\",\"contentUrl\":\"https:\/\/static.africa-press.net\/togo\/sites\/58\/2022\/09\/postQueueImg_6-632f3510c6fa8.jpg\",\"width\":1280,\"height\":800,\"caption\":\"Journ\u00e9es FIFA-Togo vs C\u00f4te d\u2019Ivoire ce samedi\"},{\"@type\":\"BreadcrumbList\",\"@id\":\"https:\/\/www.africa-press.net\/togo\/sports\/journees-fifa-togo-vs-cote-divoire-ce-samedi#breadcrumb\",\"itemListElement\":[{\"@type\":\"ListItem\",\"position\":1,\"name\":\"Accueil\",\"item\":\"https:\/\/www.africa-press.net\/togo\/\"},{\"@type\":\"ListItem\",\"position\":2,\"name\":\"Journ\u00e9es FIFA-Togo vs C\u00f4te d\u2019Ivoire ce samedi\"}]},{\"@type\":\"WebSite\",\"@id\":\"https:\/\/www.africa-press.net\/togo\/#website\",\"url\":\"https:\/\/www.africa-press.net\/togo\/\",\"name\":\"Togo\",\"description\":\"Just another Africa News Agency Sites site\",\"potentialAction\":[{\"@type\":\"SearchAction\",\"target\":{\"@type\":\"EntryPoint\",\"urlTemplate\":\"https:\/\/www.africa-press.net\/togo\/?s={search_term_string}\"},\"query-input\":{\"@type\":\"PropertyValueSpecification\",\"valueRequired\":true,\"valueName\":\"search_term_string\"}}],\"inLanguage\":\"fr-FR\"},{\"@type\":\"Person\",\"@id\":\"https:\/\/www.africa-press.net\/togo\/#\/schema\/person\/2b1cf3cd81a31e3cd26889ca66d677f1\",\"name\":\"cfeditorfr\"}]}<\/script>\n<!-- \/ Yoast SEO Premium plugin. -->","yoast_head_json":{"title":"Journ\u00e9es FIFA-Togo vs C\u00f4te d\u2019Ivoire ce samedi - Togo","description":"Les E\u0301perviers du Togo affrontent ce samedi les E\u0301le\u0301phants de Co\u0302te d\u2019Ivoire dans le carde des journe\u0301e FIFA. T ...","robots":{"index":"index","follow":"follow","max-snippet":"max-snippet:-1","max-image-preview":"max-image-preview:large","max-video-preview":"max-video-preview:-1"},"canonical":"https:\/\/www.africa-press.net\/togo\/sports\/journees-fifa-togo-vs-cote-divoire-ce-samedi","og_locale":"fr_FR","og_type":"article","og_title":"Journ\u00e9es FIFA-Togo vs C\u00f4te d\u2019Ivoire ce samedi","og_description":"Les E\u0301perviers du Togo affrontent ce samedi les E\u0301le\u0301phants de Co\u0302te d\u2019Ivoire dans le carde des journe\u0301e FIFA. T ...","og_url":"https:\/\/www.africa-press.net\/togo\/sports\/journees-fifa-togo-vs-cote-divoire-ce-samedi","og_site_name":"Togo","article_published_time":"2022-09-24T16:40:14+00:00","article_modified_time":"2022-09-24T16:49:57+00:00","og_image":[{"width":1280,"height":800,"url":"https:\/\/static.africa-press.net\/togo\/sites\/58\/2022\/09\/postQueueImg_6-632f3510c6fa8.jpg","type":"image\/jpeg"}],"author":"cfeditorfr","twitter_card":"summary_large_image","twitter_misc":{"\u00c9crit par":"cfeditorfr","Dur\u00e9e de lecture estim\u00e9e":"1 minute"},"schema":{"@context":"https:\/\/schema.org","@graph":[{"@type":"Article","@id":"https:\/\/www.africa-press.net\/togo\/sports\/journees-fifa-togo-vs-cote-divoire-ce-samedi#article","isPartOf":{"@id":"https:\/\/www.africa-press.net\/togo\/sports\/journees-fifa-togo-vs-cote-divoire-ce-samedi"},"author":{"name":"cfeditorfr","@id":"https:\/\/www.africa-press.net\/togo\/#\/schema\/person\/2b1cf3cd81a31e3cd26889ca66d677f1"},"headline":"Journ\u00e9es FIFA-Togo vs C\u00f4te d\u2019Ivoire ce samedi","datePublished":"2022-09-24T16:40:14+00:00","dateModified":"2022-09-24T16:49:57+00:00","mainEntityOfPage":{"@id":"https:\/\/www.africa-press.net\/togo\/sports\/journees-fifa-togo-vs-cote-divoire-ce-samedi"},"wordCount":124,"commentCount":0,"image":{"@id":"https:\/\/www.africa-press.net\/togo\/sports\/journees-fifa-togo-vs-cote-divoire-ce-samedi#primaryimage"},"thumbnailUrl":"https:\/\/static.africa-press.net\/togo\/sites\/58\/2022\/09\/postQueueImg_6-632f3510c6fa8.jpg","keywords":["Africa Press","Africa Press-Togo","Togo"],"articleSection":["Sports","Toutes les actualit\u00e9s"],"inLanguage":"fr-FR","potentialAction":[{"@type":"CommentAction","name":"Comment","target":["https:\/\/www.africa-press.net\/togo\/sports\/journees-fifa-togo-vs-cote-divoire-ce-samedi#respond"]}]},{"@type":"WebPage","@id":"https:\/\/www.africa-press.net\/togo\/sports\/journees-fifa-togo-vs-cote-divoire-ce-samedi","url":"https:\/\/www.africa-press.net\/togo\/sports\/journees-fifa-togo-vs-cote-divoire-ce-samedi","name":"Journ\u00e9es FIFA-Togo vs C\u00f4te d\u2019Ivoire ce samedi - Togo","isPartOf":{"@id":"https:\/\/www.africa-press.net\/togo\/#website"},"primaryImageOfPage":{"@id":"https:\/\/www.africa-press.net\/togo\/sports\/journees-fifa-togo-vs-cote-divoire-ce-samedi#primaryimage"},"image":{"@id":"https:\/\/www.africa-press.net\/togo\/sports\/journees-fifa-togo-vs-cote-divoire-ce-samedi#primaryimage"},"thumbnailUrl":"https:\/\/static.africa-press.net\/togo\/sites\/58\/2022\/09\/postQueueImg_6-632f3510c6fa8.jpg","datePublished":"2022-09-24T16:40:14+00:00","dateModified":"2022-09-24T16:49:57+00:00","author":{"@id":"https:\/\/www.africa-press.net\/togo\/#\/schema\/person\/2b1cf3cd81a31e3cd26889ca66d677f1"},"description":"Les E\u0301perviers du Togo affrontent ce samedi les E\u0301le\u0301phants de Co\u0302te d\u2019Ivoire dans le carde des journe\u0301e FIFA. T ...","breadcrumb":{"@id":"https:\/\/www.africa-press.net\/togo\/sports\/journees-fifa-togo-vs-cote-divoire-ce-samedi#breadcrumb"},"inLanguage":"fr-FR","potentialAction":[{"@type":"ReadAction","target":["https:\/\/www.africa-press.net\/togo\/sports\/journees-fifa-togo-vs-cote-divoire-ce-samedi"]}]},{"@type":"ImageObject","inLanguage":"fr-FR","@id":"https:\/\/www.africa-press.net\/togo\/sports\/journees-fifa-togo-vs-cote-divoire-ce-samedi#primaryimage","url":"https:\/\/static.africa-press.net\/togo\/sites\/58\/2022\/09\/postQueueImg_6-632f3510c6fa8.jpg","contentUrl":"https:\/\/static.africa-press.net\/togo\/sites\/58\/2022\/09\/postQueueImg_6-632f3510c6fa8.jpg","width":1280,"height":800,"caption":"Journ\u00e9es FIFA-Togo vs C\u00f4te d\u2019Ivoire ce samedi"},{"@type":"BreadcrumbList","@id":"https:\/\/www.africa-press.net\/togo\/sports\/journees-fifa-togo-vs-cote-divoire-ce-samedi#breadcrumb","itemListElement":[{"@type":"ListItem","position":1,"name":"Accueil","item":"https:\/\/www.africa-press.net\/togo\/"},{"@type":"ListItem","position":2,"name":"Journ\u00e9es FIFA-Togo vs C\u00f4te d\u2019Ivoire ce samedi"}]},{"@type":"WebSite","@id":"https:\/\/www.africa-press.net\/togo\/#website","url":"https:\/\/www.africa-press.net\/togo\/","name":"Togo","description":"Just another Africa News Agency Sites site","potentialAction":[{"@type":"SearchAction","target":{"@type":"EntryPoint","urlTemplate":"https:\/\/www.africa-press.net\/togo\/?s={search_term_string}"},"query-input":{"@type":"PropertyValueSpecification","valueRequired":true,"valueName":"search_term_string"}}],"inLanguage":"fr-FR"},{"@type":"Person","@id":"https:\/\/www.africa-press.net\/togo\/#\/schema\/person\/2b1cf3cd81a31e3cd26889ca66d677f1","name":"cfeditorfr"}]}},"_links":{"self":[{"href":"https:\/\/www.africa-press.net\/togo\/wp-json\/wp\/v2\/posts\/11463","targetHints":{"allow":["GET"]}}],"collection":[{"href":"https:\/\/www.africa-press.net\/togo\/wp-json\/wp\/v2\/posts"}],"about":[{"href":"https:\/\/www.africa-press.net\/togo\/wp-json\/wp\/v2\/types\/post"}],"author":[{"embeddable":true,"href":"https:\/\/www.africa-press.net\/togo\/wp-json\/wp\/v2\/users\/82"}],"replies":[{"embeddable":true,"href":"https:\/\/www.africa-press.net\/togo\/wp-json\/wp\/v2\/comments?post=11463"}],"version-history":[{"count":0,"href":"https:\/\/www.africa-press.net\/togo\/wp-json\/wp\/v2\/posts\/11463\/revisions"}],"wp:featuredmedia":[{"embeddable":true,"href":"https:\/\/www.africa-press.net\/togo\/wp-json\/wp\/v2\/media\/11462"}],"wp:attachment":[{"href":"https:\/\/www.africa-press.net\/togo\/wp-json\/wp\/v2\/media?parent=11463"}],"wp:term":[{"taxonomy":"category","embeddable":true,"href":"https:\/\/www.africa-press.net\/togo\/wp-json\/wp\/v2\/categories?post=11463"},{"taxonomy":"post_tag","embeddable":true,"href":"https:\/\/www.africa-press.net\/togo\/wp-json\/wp\/v2\/tags?post=11463"}],"curies":[{"name":"wp","href":"https:\/\/api.w.org\/{rel}","templated":true}]}}