{"id":11469,"date":"2022-09-24T16:41:54","date_gmt":"2022-09-24T16:41:54","guid":{"rendered":"https:\/\/www.africa-press.net\/togo\/politique\/un-togolais-enleve-dans-letat-doyo-au-nigeria"},"modified":"2022-09-24T16:51:13","modified_gmt":"2022-09-24T16:51:13","slug":"un-togolais-enleve-dans-letat-doyo-au-nigeria","status":"publish","type":"post","link":"https:\/\/www.africa-press.net\/togo\/toutes-les-actualites\/un-togolais-enleve-dans-letat-doyo-au-nigeria","title":{"rendered":"Un Togolais enlev\u00e9 dans l\u2019Etat d\u2019Oyo au Nigeria"},"content":{"rendered":"<p><span style=\"color: #ff6600\"><strong>Africa-Press &#8211; Togo. <\/strong><\/span><b>Apre\u0300s environ deux mois d\u2019interruption sans aucun enle\u0300vement signale\u0301 a\u0300 Ogbomoso, dans l\u2019E\u0301tat d\u2019Oyo, les ravisseurs sont retourne\u0301s dans la re\u0301gion ou\u0300 un Togolais est maintenant victime.<\/b><\/p>\n<p>Selon DAILY POST, les ravisseurs qui se sont livre\u0301s a\u0300 l\u2019enle\u0300vement des innocents et a\u0300 la collecte d\u2019e\u0301normes sommes d\u2019argent en guise de ranc\u0327on ont cette fois enleve\u0301 un Togolais identifie\u0301 comme Alhaji Yisa Agric.<\/p>\n<p>La me\u0302me source a indique\u0301 que l\u2019incident s\u2019est produit lundi soir a\u0300 son domicile dans la re\u0301gion d\u2019Agric a\u0300 Gbede, Surulere LGA.<\/p>\n<p>Les hommes arme\u0301s soupc\u0327onne\u0301s d\u2019e\u0302tre des bergers ont pris d\u2019assaut la communaute\u0301 vers 22 heures et se sont dirige\u0301s directement vers la re\u0301sidence de la victime.<\/p>\n<p>Les ravisseurs, pour tenter de re\u0301ussir l\u2019ope\u0301ration, auraient e\u0301galement blesse\u0301 des jeunes qui tentaient de secourir la victime.<\/p>\n<p>\u201cLes jeunes de la communaute\u0301 qui se sont rassemble\u0301s pour les ope\u0301rations de sauvetage ont e\u0301te\u0301 repousse\u0301s par les ravisseurs qui auraient brandi des fusils AK-47\u201d, rapportent les me\u0301dias.<\/p>\n<p>Pas moins de quatre personnes ont e\u0301te\u0301 enleve\u0301es dans la re\u0301gion entre le 16 et le 28 juillet de cette anne\u0301e.<\/p>\n<p>Deux d\u2019entre eux ont e\u0301te\u0301 libe\u0301re\u0301s apre\u0300s qu\u2019une somme d\u2019argent aurait e\u0301te\u0301 paye\u0301e en ranc\u0327on tandis que deux des victimes ont e\u0301te\u0301 tue\u0301es par leurs ravisseurs apre\u0300s le paiement de 5 millions de nairas.<\/p>\n<p><strong>Pour plus d&rsquo;informations et d&rsquo;analyses sur la <a href=\"https:\/\/www.africa-press.net\/togo\">Togo<\/a>, suivez <a href=\"https:\/\/www.africa-press.net\/\">Africa-Press<\/a><\/strong><\/p>\n","protected":false},"excerpt":{"rendered":"<p>Africa-Press &#8211; Togo. Apre\u0300s environ deux mois d\u2019interruption sans aucun enle\u0300vement signale\u0301 a\u0300 Ogbomoso, dans l\u2019E\u0301tat d\u2019Oyo, les ravisseurs sont retourne\u0301s dans la re\u0301gion ou\u0300 un Togolais est maintenant victime. Selon DAILY POST, les ravisseurs qui se sont livre\u0301s a\u0300 l\u2019enle\u0300vement des innocents et a\u0300 la collecte d\u2019e\u0301normes sommes d\u2019argent en guise de ranc\u0327on ont [&hellip;]<\/p>\n","protected":false},"author":82,"featured_media":11468,"comment_status":"open","ping_status":"closed","sticky":false,"template":"","format":"standard","meta":{"footnotes":""},"categories":[21,10],"tags":[36,49,50],"class_list":["post-11469","post","type-post","status-publish","format-standard","has-post-thumbnail","hentry","category-communaute","category-toutes-les-actualites","tag-africa-press","tag-africa-press-togo","tag-togo"],"yoast_head":"<!-- This site is optimized with the Yoast SEO Premium plugin v26.1 (Yoast SEO v27.0) - https:\/\/yoast.com\/product\/yoast-seo-premium-wordpress\/ -->\n<title>Un Togolais enlev\u00e9 dans l\u2019Etat d\u2019Oyo au Nigeria - Togo<\/title>\n<meta name=\"description\" content=\"Apre\u0300s environ deux mois d\u2019interruption sans aucun enle\u0300vement signale\u0301 a\u0300 Ogbomoso, dans l\u2019E\u0301tat d\u2019Oyo, les ravisseu ...\" \/>\n<meta name=\"robots\" content=\"index, follow, max-snippet:-1, max-image-preview:large, max-video-preview:-1\" \/>\n<link rel=\"canonical\" href=\"https:\/\/www.africa-press.net\/togo\/toutes-les-actualites\/un-togolais-enleve-dans-letat-doyo-au-nigeria\" \/>\n<meta property=\"og:locale\" content=\"fr_FR\" \/>\n<meta property=\"og:type\" content=\"article\" \/>\n<meta property=\"og:title\" content=\"Un Togolais enlev\u00e9 dans l\u2019Etat d\u2019Oyo au Nigeria\" \/>\n<meta property=\"og:description\" content=\"Apre\u0300s environ deux mois d\u2019interruption sans aucun enle\u0300vement signale\u0301 a\u0300 Ogbomoso, dans l\u2019E\u0301tat d\u2019Oyo, les ravisseu ...\" \/>\n<meta property=\"og:url\" content=\"https:\/\/www.africa-press.net\/togo\/toutes-les-actualites\/un-togolais-enleve-dans-letat-doyo-au-nigeria\" \/>\n<meta property=\"og:site_name\" content=\"Togo\" \/>\n<meta property=\"article:published_time\" content=\"2022-09-24T16:41:54+00:00\" \/>\n<meta property=\"article:modified_time\" content=\"2022-09-24T16:51:13+00:00\" \/>\n<meta property=\"og:image\" content=\"https:\/\/static.africa-press.net\/togo\/sites\/58\/2022\/09\/postQueueImg_8-632f3562192e2.jpg\" \/>\n\t<meta property=\"og:image:width\" content=\"753\" \/>\n\t<meta property=\"og:image:height\" content=\"407\" \/>\n\t<meta property=\"og:image:type\" content=\"image\/jpeg\" \/>\n<meta name=\"author\" content=\"cfeditorfr\" \/>\n<meta name=\"twitter:card\" content=\"summary_large_image\" \/>\n<meta name=\"twitter:label1\" content=\"\u00c9crit par\" \/>\n\t<meta name=\"twitter:data1\" content=\"cfeditorfr\" \/>\n\t<meta name=\"twitter:label2\" content=\"Dur\u00e9e de lecture estim\u00e9e\" \/>\n\t<meta name=\"twitter:data2\" content=\"2 minutes\" \/>\n<script type=\"application\/ld+json\" class=\"yoast-schema-graph\">{\"@context\":\"https:\/\/schema.org\",\"@graph\":[{\"@type\":\"Article\",\"@id\":\"https:\/\/www.africa-press.net\/togo\/toutes-les-actualites\/un-togolais-enleve-dans-letat-doyo-au-nigeria#article\",\"isPartOf\":{\"@id\":\"https:\/\/www.africa-press.net\/togo\/toutes-les-actualites\/un-togolais-enleve-dans-letat-doyo-au-nigeria\"},\"author\":{\"name\":\"cfeditorfr\",\"@id\":\"https:\/\/www.africa-press.net\/togo\/#\/schema\/person\/2b1cf3cd81a31e3cd26889ca66d677f1\"},\"headline\":\"Un Togolais enlev\u00e9 dans l\u2019Etat d\u2019Oyo au Nigeria\",\"datePublished\":\"2022-09-24T16:41:54+00:00\",\"dateModified\":\"2022-09-24T16:51:13+00:00\",\"mainEntityOfPage\":{\"@id\":\"https:\/\/www.africa-press.net\/togo\/toutes-les-actualites\/un-togolais-enleve-dans-letat-doyo-au-nigeria\"},\"wordCount\":287,\"commentCount\":0,\"image\":{\"@id\":\"https:\/\/www.africa-press.net\/togo\/toutes-les-actualites\/un-togolais-enleve-dans-letat-doyo-au-nigeria#primaryimage\"},\"thumbnailUrl\":\"https:\/\/static.africa-press.net\/togo\/sites\/58\/2022\/09\/postQueueImg_8-632f3562192e2.jpg\",\"keywords\":[\"Africa Press\",\"Africa Press-Togo\",\"Togo\"],\"articleSection\":[\"Communaut\u00e9\",\"Toutes les actualit\u00e9s\"],\"inLanguage\":\"fr-FR\",\"potentialAction\":[{\"@type\":\"CommentAction\",\"name\":\"Comment\",\"target\":[\"https:\/\/www.africa-press.net\/togo\/toutes-les-actualites\/un-togolais-enleve-dans-letat-doyo-au-nigeria#respond\"]}]},{\"@type\":\"WebPage\",\"@id\":\"https:\/\/www.africa-press.net\/togo\/toutes-les-actualites\/un-togolais-enleve-dans-letat-doyo-au-nigeria\",\"url\":\"https:\/\/www.africa-press.net\/togo\/toutes-les-actualites\/un-togolais-enleve-dans-letat-doyo-au-nigeria\",\"name\":\"Un Togolais enlev\u00e9 dans l\u2019Etat d\u2019Oyo au Nigeria - Togo\",\"isPartOf\":{\"@id\":\"https:\/\/www.africa-press.net\/togo\/#website\"},\"primaryImageOfPage\":{\"@id\":\"https:\/\/www.africa-press.net\/togo\/toutes-les-actualites\/un-togolais-enleve-dans-letat-doyo-au-nigeria#primaryimage\"},\"image\":{\"@id\":\"https:\/\/www.africa-press.net\/togo\/toutes-les-actualites\/un-togolais-enleve-dans-letat-doyo-au-nigeria#primaryimage\"},\"thumbnailUrl\":\"https:\/\/static.africa-press.net\/togo\/sites\/58\/2022\/09\/postQueueImg_8-632f3562192e2.jpg\",\"datePublished\":\"2022-09-24T16:41:54+00:00\",\"dateModified\":\"2022-09-24T16:51:13+00:00\",\"author\":{\"@id\":\"https:\/\/www.africa-press.net\/togo\/#\/schema\/person\/2b1cf3cd81a31e3cd26889ca66d677f1\"},\"description\":\"Apre\u0300s environ deux mois d\u2019interruption sans aucun enle\u0300vement signale\u0301 a\u0300 Ogbomoso, dans l\u2019E\u0301tat d\u2019Oyo, les ravisseu ...\",\"breadcrumb\":{\"@id\":\"https:\/\/www.africa-press.net\/togo\/toutes-les-actualites\/un-togolais-enleve-dans-letat-doyo-au-nigeria#breadcrumb\"},\"inLanguage\":\"fr-FR\",\"potentialAction\":[{\"@type\":\"ReadAction\",\"target\":[\"https:\/\/www.africa-press.net\/togo\/toutes-les-actualites\/un-togolais-enleve-dans-letat-doyo-au-nigeria\"]}]},{\"@type\":\"ImageObject\",\"inLanguage\":\"fr-FR\",\"@id\":\"https:\/\/www.africa-press.net\/togo\/toutes-les-actualites\/un-togolais-enleve-dans-letat-doyo-au-nigeria#primaryimage\",\"url\":\"https:\/\/static.africa-press.net\/togo\/sites\/58\/2022\/09\/postQueueImg_8-632f3562192e2.jpg\",\"contentUrl\":\"https:\/\/static.africa-press.net\/togo\/sites\/58\/2022\/09\/postQueueImg_8-632f3562192e2.jpg\",\"width\":753,\"height\":407,\"caption\":\"Un Togolais enlev\u00e9 dans l\u2019Etat d\u2019Oyo au Nigeria\"},{\"@type\":\"BreadcrumbList\",\"@id\":\"https:\/\/www.africa-press.net\/togo\/toutes-les-actualites\/un-togolais-enleve-dans-letat-doyo-au-nigeria#breadcrumb\",\"itemListElement\":[{\"@type\":\"ListItem\",\"position\":1,\"name\":\"Accueil\",\"item\":\"https:\/\/www.africa-press.net\/togo\/\"},{\"@type\":\"ListItem\",\"position\":2,\"name\":\"Un Togolais enlev\u00e9 dans l\u2019Etat d\u2019Oyo au Nigeria\"}]},{\"@type\":\"WebSite\",\"@id\":\"https:\/\/www.africa-press.net\/togo\/#website\",\"url\":\"https:\/\/www.africa-press.net\/togo\/\",\"name\":\"Togo\",\"description\":\"Just another Africa News Agency Sites site\",\"potentialAction\":[{\"@type\":\"SearchAction\",\"target\":{\"@type\":\"EntryPoint\",\"urlTemplate\":\"https:\/\/www.africa-press.net\/togo\/?s={search_term_string}\"},\"query-input\":{\"@type\":\"PropertyValueSpecification\",\"valueRequired\":true,\"valueName\":\"search_term_string\"}}],\"inLanguage\":\"fr-FR\"},{\"@type\":\"Person\",\"@id\":\"https:\/\/www.africa-press.net\/togo\/#\/schema\/person\/2b1cf3cd81a31e3cd26889ca66d677f1\",\"name\":\"cfeditorfr\"}]}<\/script>\n<!-- \/ Yoast SEO Premium plugin. -->","yoast_head_json":{"title":"Un Togolais enlev\u00e9 dans l\u2019Etat d\u2019Oyo au Nigeria - Togo","description":"Apre\u0300s environ deux mois d\u2019interruption sans aucun enle\u0300vement signale\u0301 a\u0300 Ogbomoso, dans l\u2019E\u0301tat d\u2019Oyo, les ravisseu ...","robots":{"index":"index","follow":"follow","max-snippet":"max-snippet:-1","max-image-preview":"max-image-preview:large","max-video-preview":"max-video-preview:-1"},"canonical":"https:\/\/www.africa-press.net\/togo\/toutes-les-actualites\/un-togolais-enleve-dans-letat-doyo-au-nigeria","og_locale":"fr_FR","og_type":"article","og_title":"Un Togolais enlev\u00e9 dans l\u2019Etat d\u2019Oyo au Nigeria","og_description":"Apre\u0300s environ deux mois d\u2019interruption sans aucun enle\u0300vement signale\u0301 a\u0300 Ogbomoso, dans l\u2019E\u0301tat d\u2019Oyo, les ravisseu ...","og_url":"https:\/\/www.africa-press.net\/togo\/toutes-les-actualites\/un-togolais-enleve-dans-letat-doyo-au-nigeria","og_site_name":"Togo","article_published_time":"2022-09-24T16:41:54+00:00","article_modified_time":"2022-09-24T16:51:13+00:00","og_image":[{"width":753,"height":407,"url":"https:\/\/static.africa-press.net\/togo\/sites\/58\/2022\/09\/postQueueImg_8-632f3562192e2.jpg","type":"image\/jpeg"}],"author":"cfeditorfr","twitter_card":"summary_large_image","twitter_misc":{"\u00c9crit par":"cfeditorfr","Dur\u00e9e de lecture estim\u00e9e":"2 minutes"},"schema":{"@context":"https:\/\/schema.org","@graph":[{"@type":"Article","@id":"https:\/\/www.africa-press.net\/togo\/toutes-les-actualites\/un-togolais-enleve-dans-letat-doyo-au-nigeria#article","isPartOf":{"@id":"https:\/\/www.africa-press.net\/togo\/toutes-les-actualites\/un-togolais-enleve-dans-letat-doyo-au-nigeria"},"author":{"name":"cfeditorfr","@id":"https:\/\/www.africa-press.net\/togo\/#\/schema\/person\/2b1cf3cd81a31e3cd26889ca66d677f1"},"headline":"Un Togolais enlev\u00e9 dans l\u2019Etat d\u2019Oyo au Nigeria","datePublished":"2022-09-24T16:41:54+00:00","dateModified":"2022-09-24T16:51:13+00:00","mainEntityOfPage":{"@id":"https:\/\/www.africa-press.net\/togo\/toutes-les-actualites\/un-togolais-enleve-dans-letat-doyo-au-nigeria"},"wordCount":287,"commentCount":0,"image":{"@id":"https:\/\/www.africa-press.net\/togo\/toutes-les-actualites\/un-togolais-enleve-dans-letat-doyo-au-nigeria#primaryimage"},"thumbnailUrl":"https:\/\/static.africa-press.net\/togo\/sites\/58\/2022\/09\/postQueueImg_8-632f3562192e2.jpg","keywords":["Africa Press","Africa Press-Togo","Togo"],"articleSection":["Communaut\u00e9","Toutes les actualit\u00e9s"],"inLanguage":"fr-FR","potentialAction":[{"@type":"CommentAction","name":"Comment","target":["https:\/\/www.africa-press.net\/togo\/toutes-les-actualites\/un-togolais-enleve-dans-letat-doyo-au-nigeria#respond"]}]},{"@type":"WebPage","@id":"https:\/\/www.africa-press.net\/togo\/toutes-les-actualites\/un-togolais-enleve-dans-letat-doyo-au-nigeria","url":"https:\/\/www.africa-press.net\/togo\/toutes-les-actualites\/un-togolais-enleve-dans-letat-doyo-au-nigeria","name":"Un Togolais enlev\u00e9 dans l\u2019Etat d\u2019Oyo au Nigeria - Togo","isPartOf":{"@id":"https:\/\/www.africa-press.net\/togo\/#website"},"primaryImageOfPage":{"@id":"https:\/\/www.africa-press.net\/togo\/toutes-les-actualites\/un-togolais-enleve-dans-letat-doyo-au-nigeria#primaryimage"},"image":{"@id":"https:\/\/www.africa-press.net\/togo\/toutes-les-actualites\/un-togolais-enleve-dans-letat-doyo-au-nigeria#primaryimage"},"thumbnailUrl":"https:\/\/static.africa-press.net\/togo\/sites\/58\/2022\/09\/postQueueImg_8-632f3562192e2.jpg","datePublished":"2022-09-24T16:41:54+00:00","dateModified":"2022-09-24T16:51:13+00:00","author":{"@id":"https:\/\/www.africa-press.net\/togo\/#\/schema\/person\/2b1cf3cd81a31e3cd26889ca66d677f1"},"description":"Apre\u0300s environ deux mois d\u2019interruption sans aucun enle\u0300vement signale\u0301 a\u0300 Ogbomoso, dans l\u2019E\u0301tat d\u2019Oyo, les ravisseu ...","breadcrumb":{"@id":"https:\/\/www.africa-press.net\/togo\/toutes-les-actualites\/un-togolais-enleve-dans-letat-doyo-au-nigeria#breadcrumb"},"inLanguage":"fr-FR","potentialAction":[{"@type":"ReadAction","target":["https:\/\/www.africa-press.net\/togo\/toutes-les-actualites\/un-togolais-enleve-dans-letat-doyo-au-nigeria"]}]},{"@type":"ImageObject","inLanguage":"fr-FR","@id":"https:\/\/www.africa-press.net\/togo\/toutes-les-actualites\/un-togolais-enleve-dans-letat-doyo-au-nigeria#primaryimage","url":"https:\/\/static.africa-press.net\/togo\/sites\/58\/2022\/09\/postQueueImg_8-632f3562192e2.jpg","contentUrl":"https:\/\/static.africa-press.net\/togo\/sites\/58\/2022\/09\/postQueueImg_8-632f3562192e2.jpg","width":753,"height":407,"caption":"Un Togolais enlev\u00e9 dans l\u2019Etat d\u2019Oyo au Nigeria"},{"@type":"BreadcrumbList","@id":"https:\/\/www.africa-press.net\/togo\/toutes-les-actualites\/un-togolais-enleve-dans-letat-doyo-au-nigeria#breadcrumb","itemListElement":[{"@type":"ListItem","position":1,"name":"Accueil","item":"https:\/\/www.africa-press.net\/togo\/"},{"@type":"ListItem","position":2,"name":"Un Togolais enlev\u00e9 dans l\u2019Etat d\u2019Oyo au Nigeria"}]},{"@type":"WebSite","@id":"https:\/\/www.africa-press.net\/togo\/#website","url":"https:\/\/www.africa-press.net\/togo\/","name":"Togo","description":"Just another Africa News Agency Sites site","potentialAction":[{"@type":"SearchAction","target":{"@type":"EntryPoint","urlTemplate":"https:\/\/www.africa-press.net\/togo\/?s={search_term_string}"},"query-input":{"@type":"PropertyValueSpecification","valueRequired":true,"valueName":"search_term_string"}}],"inLanguage":"fr-FR"},{"@type":"Person","@id":"https:\/\/www.africa-press.net\/togo\/#\/schema\/person\/2b1cf3cd81a31e3cd26889ca66d677f1","name":"cfeditorfr"}]}},"_links":{"self":[{"href":"https:\/\/www.africa-press.net\/togo\/wp-json\/wp\/v2\/posts\/11469","targetHints":{"allow":["GET"]}}],"collection":[{"href":"https:\/\/www.africa-press.net\/togo\/wp-json\/wp\/v2\/posts"}],"about":[{"href":"https:\/\/www.africa-press.net\/togo\/wp-json\/wp\/v2\/types\/post"}],"author":[{"embeddable":true,"href":"https:\/\/www.africa-press.net\/togo\/wp-json\/wp\/v2\/users\/82"}],"replies":[{"embeddable":true,"href":"https:\/\/www.africa-press.net\/togo\/wp-json\/wp\/v2\/comments?post=11469"}],"version-history":[{"count":0,"href":"https:\/\/www.africa-press.net\/togo\/wp-json\/wp\/v2\/posts\/11469\/revisions"}],"wp:featuredmedia":[{"embeddable":true,"href":"https:\/\/www.africa-press.net\/togo\/wp-json\/wp\/v2\/media\/11468"}],"wp:attachment":[{"href":"https:\/\/www.africa-press.net\/togo\/wp-json\/wp\/v2\/media?parent=11469"}],"wp:term":[{"taxonomy":"category","embeddable":true,"href":"https:\/\/www.africa-press.net\/togo\/wp-json\/wp\/v2\/categories?post=11469"},{"taxonomy":"post_tag","embeddable":true,"href":"https:\/\/www.africa-press.net\/togo\/wp-json\/wp\/v2\/tags?post=11469"}],"curies":[{"name":"wp","href":"https:\/\/api.w.org\/{rel}","templated":true}]}}