{"id":11478,"date":"2022-09-25T16:41:54","date_gmt":"2022-09-25T16:41:54","guid":{"rendered":"https:\/\/www.africa-press.net\/togo\/politique\/tchad-dnis-des-participants-denoncent-le-reseautage-dans-la-distribution-de-la-parole"},"modified":"2022-09-25T16:47:50","modified_gmt":"2022-09-25T16:47:50","slug":"tchad-dnis-des-participants-denoncent-le-reseautage-dans-la-distribution-de-la-parole","status":"publish","type":"post","link":"https:\/\/www.africa-press.net\/togo\/politique\/tchad-dnis-des-participants-denoncent-le-reseautage-dans-la-distribution-de-la-parole","title":{"rendered":"Tchad-DNIS : Des participants d\u00e9noncent le \u201cr\u00e9seautage\u201d dans la distribution de la parole"},"content":{"rendered":"<p><span style=\"color: #ff6600\"><strong>Africa-Press &#8211; Togo. <\/strong><\/span><b>Au Tchad, alors que le dialogue national inclusif et souverain (DNIS) se de\u0301roule depuis un mois des participants estiment que la prise de parole rele\u0300ve du cliente\u0301lisme.<\/b><\/p>\n<p>Ces assises de\u0301marre\u0301es depuis un mois se poursuivent au palais des arts et de la culture. Ce samedi 24 septembre 2022, des participants au dialogue national inclusif et souverain (DNIS) se sont affiche\u0301s avec du ruban adhe\u0301sif colle\u0301 a\u0300 la bouche, a rapporte\u0301 Tchad Infos.<\/p>\n<p>Selon le journal en ligne tchadien, ces participant expriment ainsi leur me\u0301contentement du fait, selon eux, de manque de prise de parole durant les discussions.<\/p>\n<p>En effet, ces participants de\u0301noncent le favoritisme, disent-ils, dans la distribution de la parole, selon toujours la me\u0302me source.<\/p>\n<p><strong>Pour plus d&rsquo;informations et d&rsquo;analyses sur la <a href=\"https:\/\/www.africa-press.net\/togo\">Togo<\/a>, suivez <a href=\"https:\/\/www.africa-press.net\/\">Africa-Press<\/a><\/strong><\/p>\n","protected":false},"excerpt":{"rendered":"<p>Africa-Press &#8211; Togo. Au Tchad, alors que le dialogue national inclusif et souverain (DNIS) se de\u0301roule depuis un mois des participants estiment que la prise de parole rele\u0300ve du cliente\u0301lisme. Ces assises de\u0301marre\u0301es depuis un mois se poursuivent au palais des arts et de la culture. Ce samedi 24 septembre 2022, des participants au dialogue [&hellip;]<\/p>\n","protected":false},"author":82,"featured_media":11477,"comment_status":"open","ping_status":"closed","sticky":false,"template":"","format":"standard","meta":{"footnotes":""},"categories":[2,10],"tags":[36,49,50],"class_list":["post-11478","post","type-post","status-publish","format-standard","has-post-thumbnail","hentry","category-politique","category-toutes-les-actualites","tag-africa-press","tag-africa-press-togo","tag-togo"],"yoast_head":"<!-- This site is optimized with the Yoast SEO Premium plugin v26.1 (Yoast SEO v27.0) - https:\/\/yoast.com\/product\/yoast-seo-premium-wordpress\/ -->\n<title>Tchad-DNIS : Des participants d\u00e9noncent le \u201cr\u00e9seautage\u201d dans la distribution de la parole - Togo<\/title>\n<meta name=\"description\" content=\"Au Tchad, alors que le dialogue national inclusif et souverain (DNIS) se de\u0301roule depuis un mois des participants est ...\" \/>\n<meta name=\"robots\" content=\"index, follow, max-snippet:-1, max-image-preview:large, max-video-preview:-1\" \/>\n<link rel=\"canonical\" href=\"https:\/\/www.africa-press.net\/togo\/politique\/tchad-dnis-des-participants-denoncent-le-reseautage-dans-la-distribution-de-la-parole\" \/>\n<meta property=\"og:locale\" content=\"fr_FR\" \/>\n<meta property=\"og:type\" content=\"article\" \/>\n<meta property=\"og:title\" content=\"Tchad-DNIS : Des participants d\u00e9noncent le \u201cr\u00e9seautage\u201d dans la distribution de la parole\" \/>\n<meta property=\"og:description\" content=\"Au Tchad, alors que le dialogue national inclusif et souverain (DNIS) se de\u0301roule depuis un mois des participants est ...\" \/>\n<meta property=\"og:url\" content=\"https:\/\/www.africa-press.net\/togo\/politique\/tchad-dnis-des-participants-denoncent-le-reseautage-dans-la-distribution-de-la-parole\" \/>\n<meta property=\"og:site_name\" content=\"Togo\" \/>\n<meta property=\"article:published_time\" content=\"2022-09-25T16:41:54+00:00\" \/>\n<meta property=\"article:modified_time\" content=\"2022-09-25T16:47:50+00:00\" \/>\n<meta property=\"og:image\" content=\"https:\/\/static.africa-press.net\/togo\/sites\/58\/2022\/09\/postQueueImg_2-6330860eb335f.jpg\" \/>\n\t<meta property=\"og:image:width\" content=\"720\" \/>\n\t<meta property=\"og:image:height\" content=\"478\" \/>\n\t<meta property=\"og:image:type\" content=\"image\/jpeg\" \/>\n<meta name=\"author\" content=\"cfeditorfr\" \/>\n<meta name=\"twitter:card\" content=\"summary_large_image\" \/>\n<meta name=\"twitter:label1\" content=\"\u00c9crit par\" \/>\n\t<meta name=\"twitter:data1\" content=\"cfeditorfr\" \/>\n\t<meta name=\"twitter:label2\" content=\"Dur\u00e9e de lecture estim\u00e9e\" \/>\n\t<meta name=\"twitter:data2\" content=\"1 minute\" \/>\n<script type=\"application\/ld+json\" class=\"yoast-schema-graph\">{\"@context\":\"https:\/\/schema.org\",\"@graph\":[{\"@type\":\"Article\",\"@id\":\"https:\/\/www.africa-press.net\/togo\/politique\/tchad-dnis-des-participants-denoncent-le-reseautage-dans-la-distribution-de-la-parole#article\",\"isPartOf\":{\"@id\":\"https:\/\/www.africa-press.net\/togo\/politique\/tchad-dnis-des-participants-denoncent-le-reseautage-dans-la-distribution-de-la-parole\"},\"author\":{\"name\":\"cfeditorfr\",\"@id\":\"https:\/\/www.africa-press.net\/togo\/#\/schema\/person\/2b1cf3cd81a31e3cd26889ca66d677f1\"},\"headline\":\"Tchad-DNIS : Des participants d\u00e9noncent le \u201cr\u00e9seautage\u201d dans la distribution de la parole\",\"datePublished\":\"2022-09-25T16:41:54+00:00\",\"dateModified\":\"2022-09-25T16:47:50+00:00\",\"mainEntityOfPage\":{\"@id\":\"https:\/\/www.africa-press.net\/togo\/politique\/tchad-dnis-des-participants-denoncent-le-reseautage-dans-la-distribution-de-la-parole\"},\"wordCount\":153,\"commentCount\":0,\"image\":{\"@id\":\"https:\/\/www.africa-press.net\/togo\/politique\/tchad-dnis-des-participants-denoncent-le-reseautage-dans-la-distribution-de-la-parole#primaryimage\"},\"thumbnailUrl\":\"https:\/\/static.africa-press.net\/togo\/sites\/58\/2022\/09\/postQueueImg_2-6330860eb335f.jpg\",\"keywords\":[\"Africa Press\",\"Africa Press-Togo\",\"Togo\"],\"articleSection\":[\"Politique\",\"Toutes les actualit\u00e9s\"],\"inLanguage\":\"fr-FR\",\"potentialAction\":[{\"@type\":\"CommentAction\",\"name\":\"Comment\",\"target\":[\"https:\/\/www.africa-press.net\/togo\/politique\/tchad-dnis-des-participants-denoncent-le-reseautage-dans-la-distribution-de-la-parole#respond\"]}]},{\"@type\":\"WebPage\",\"@id\":\"https:\/\/www.africa-press.net\/togo\/politique\/tchad-dnis-des-participants-denoncent-le-reseautage-dans-la-distribution-de-la-parole\",\"url\":\"https:\/\/www.africa-press.net\/togo\/politique\/tchad-dnis-des-participants-denoncent-le-reseautage-dans-la-distribution-de-la-parole\",\"name\":\"Tchad-DNIS : Des participants d\u00e9noncent le \u201cr\u00e9seautage\u201d dans la distribution de la parole - Togo\",\"isPartOf\":{\"@id\":\"https:\/\/www.africa-press.net\/togo\/#website\"},\"primaryImageOfPage\":{\"@id\":\"https:\/\/www.africa-press.net\/togo\/politique\/tchad-dnis-des-participants-denoncent-le-reseautage-dans-la-distribution-de-la-parole#primaryimage\"},\"image\":{\"@id\":\"https:\/\/www.africa-press.net\/togo\/politique\/tchad-dnis-des-participants-denoncent-le-reseautage-dans-la-distribution-de-la-parole#primaryimage\"},\"thumbnailUrl\":\"https:\/\/static.africa-press.net\/togo\/sites\/58\/2022\/09\/postQueueImg_2-6330860eb335f.jpg\",\"datePublished\":\"2022-09-25T16:41:54+00:00\",\"dateModified\":\"2022-09-25T16:47:50+00:00\",\"author\":{\"@id\":\"https:\/\/www.africa-press.net\/togo\/#\/schema\/person\/2b1cf3cd81a31e3cd26889ca66d677f1\"},\"description\":\"Au Tchad, alors que le dialogue national inclusif et souverain (DNIS) se de\u0301roule depuis un mois des participants est ...\",\"breadcrumb\":{\"@id\":\"https:\/\/www.africa-press.net\/togo\/politique\/tchad-dnis-des-participants-denoncent-le-reseautage-dans-la-distribution-de-la-parole#breadcrumb\"},\"inLanguage\":\"fr-FR\",\"potentialAction\":[{\"@type\":\"ReadAction\",\"target\":[\"https:\/\/www.africa-press.net\/togo\/politique\/tchad-dnis-des-participants-denoncent-le-reseautage-dans-la-distribution-de-la-parole\"]}]},{\"@type\":\"ImageObject\",\"inLanguage\":\"fr-FR\",\"@id\":\"https:\/\/www.africa-press.net\/togo\/politique\/tchad-dnis-des-participants-denoncent-le-reseautage-dans-la-distribution-de-la-parole#primaryimage\",\"url\":\"https:\/\/static.africa-press.net\/togo\/sites\/58\/2022\/09\/postQueueImg_2-6330860eb335f.jpg\",\"contentUrl\":\"https:\/\/static.africa-press.net\/togo\/sites\/58\/2022\/09\/postQueueImg_2-6330860eb335f.jpg\",\"width\":720,\"height\":478,\"caption\":\"Tchad-DNIS : Des participants d\u00e9noncent le \u201cr\u00e9seautage\u201d dans la distribution de la parole\"},{\"@type\":\"BreadcrumbList\",\"@id\":\"https:\/\/www.africa-press.net\/togo\/politique\/tchad-dnis-des-participants-denoncent-le-reseautage-dans-la-distribution-de-la-parole#breadcrumb\",\"itemListElement\":[{\"@type\":\"ListItem\",\"position\":1,\"name\":\"Accueil\",\"item\":\"https:\/\/www.africa-press.net\/togo\/\"},{\"@type\":\"ListItem\",\"position\":2,\"name\":\"Tchad-DNIS : Des participants d\u00e9noncent le \u201cr\u00e9seautage\u201d dans la distribution de la parole\"}]},{\"@type\":\"WebSite\",\"@id\":\"https:\/\/www.africa-press.net\/togo\/#website\",\"url\":\"https:\/\/www.africa-press.net\/togo\/\",\"name\":\"Togo\",\"description\":\"Just another Africa News Agency Sites site\",\"potentialAction\":[{\"@type\":\"SearchAction\",\"target\":{\"@type\":\"EntryPoint\",\"urlTemplate\":\"https:\/\/www.africa-press.net\/togo\/?s={search_term_string}\"},\"query-input\":{\"@type\":\"PropertyValueSpecification\",\"valueRequired\":true,\"valueName\":\"search_term_string\"}}],\"inLanguage\":\"fr-FR\"},{\"@type\":\"Person\",\"@id\":\"https:\/\/www.africa-press.net\/togo\/#\/schema\/person\/2b1cf3cd81a31e3cd26889ca66d677f1\",\"name\":\"cfeditorfr\"}]}<\/script>\n<!-- \/ Yoast SEO Premium plugin. -->","yoast_head_json":{"title":"Tchad-DNIS : Des participants d\u00e9noncent le \u201cr\u00e9seautage\u201d dans la distribution de la parole - Togo","description":"Au Tchad, alors que le dialogue national inclusif et souverain (DNIS) se de\u0301roule depuis un mois des participants est ...","robots":{"index":"index","follow":"follow","max-snippet":"max-snippet:-1","max-image-preview":"max-image-preview:large","max-video-preview":"max-video-preview:-1"},"canonical":"https:\/\/www.africa-press.net\/togo\/politique\/tchad-dnis-des-participants-denoncent-le-reseautage-dans-la-distribution-de-la-parole","og_locale":"fr_FR","og_type":"article","og_title":"Tchad-DNIS : Des participants d\u00e9noncent le \u201cr\u00e9seautage\u201d dans la distribution de la parole","og_description":"Au Tchad, alors que le dialogue national inclusif et souverain (DNIS) se de\u0301roule depuis un mois des participants est ...","og_url":"https:\/\/www.africa-press.net\/togo\/politique\/tchad-dnis-des-participants-denoncent-le-reseautage-dans-la-distribution-de-la-parole","og_site_name":"Togo","article_published_time":"2022-09-25T16:41:54+00:00","article_modified_time":"2022-09-25T16:47:50+00:00","og_image":[{"width":720,"height":478,"url":"https:\/\/static.africa-press.net\/togo\/sites\/58\/2022\/09\/postQueueImg_2-6330860eb335f.jpg","type":"image\/jpeg"}],"author":"cfeditorfr","twitter_card":"summary_large_image","twitter_misc":{"\u00c9crit par":"cfeditorfr","Dur\u00e9e de lecture estim\u00e9e":"1 minute"},"schema":{"@context":"https:\/\/schema.org","@graph":[{"@type":"Article","@id":"https:\/\/www.africa-press.net\/togo\/politique\/tchad-dnis-des-participants-denoncent-le-reseautage-dans-la-distribution-de-la-parole#article","isPartOf":{"@id":"https:\/\/www.africa-press.net\/togo\/politique\/tchad-dnis-des-participants-denoncent-le-reseautage-dans-la-distribution-de-la-parole"},"author":{"name":"cfeditorfr","@id":"https:\/\/www.africa-press.net\/togo\/#\/schema\/person\/2b1cf3cd81a31e3cd26889ca66d677f1"},"headline":"Tchad-DNIS : Des participants d\u00e9noncent le \u201cr\u00e9seautage\u201d dans la distribution de la parole","datePublished":"2022-09-25T16:41:54+00:00","dateModified":"2022-09-25T16:47:50+00:00","mainEntityOfPage":{"@id":"https:\/\/www.africa-press.net\/togo\/politique\/tchad-dnis-des-participants-denoncent-le-reseautage-dans-la-distribution-de-la-parole"},"wordCount":153,"commentCount":0,"image":{"@id":"https:\/\/www.africa-press.net\/togo\/politique\/tchad-dnis-des-participants-denoncent-le-reseautage-dans-la-distribution-de-la-parole#primaryimage"},"thumbnailUrl":"https:\/\/static.africa-press.net\/togo\/sites\/58\/2022\/09\/postQueueImg_2-6330860eb335f.jpg","keywords":["Africa Press","Africa Press-Togo","Togo"],"articleSection":["Politique","Toutes les actualit\u00e9s"],"inLanguage":"fr-FR","potentialAction":[{"@type":"CommentAction","name":"Comment","target":["https:\/\/www.africa-press.net\/togo\/politique\/tchad-dnis-des-participants-denoncent-le-reseautage-dans-la-distribution-de-la-parole#respond"]}]},{"@type":"WebPage","@id":"https:\/\/www.africa-press.net\/togo\/politique\/tchad-dnis-des-participants-denoncent-le-reseautage-dans-la-distribution-de-la-parole","url":"https:\/\/www.africa-press.net\/togo\/politique\/tchad-dnis-des-participants-denoncent-le-reseautage-dans-la-distribution-de-la-parole","name":"Tchad-DNIS : Des participants d\u00e9noncent le \u201cr\u00e9seautage\u201d dans la distribution de la parole - Togo","isPartOf":{"@id":"https:\/\/www.africa-press.net\/togo\/#website"},"primaryImageOfPage":{"@id":"https:\/\/www.africa-press.net\/togo\/politique\/tchad-dnis-des-participants-denoncent-le-reseautage-dans-la-distribution-de-la-parole#primaryimage"},"image":{"@id":"https:\/\/www.africa-press.net\/togo\/politique\/tchad-dnis-des-participants-denoncent-le-reseautage-dans-la-distribution-de-la-parole#primaryimage"},"thumbnailUrl":"https:\/\/static.africa-press.net\/togo\/sites\/58\/2022\/09\/postQueueImg_2-6330860eb335f.jpg","datePublished":"2022-09-25T16:41:54+00:00","dateModified":"2022-09-25T16:47:50+00:00","author":{"@id":"https:\/\/www.africa-press.net\/togo\/#\/schema\/person\/2b1cf3cd81a31e3cd26889ca66d677f1"},"description":"Au Tchad, alors que le dialogue national inclusif et souverain (DNIS) se de\u0301roule depuis un mois des participants est ...","breadcrumb":{"@id":"https:\/\/www.africa-press.net\/togo\/politique\/tchad-dnis-des-participants-denoncent-le-reseautage-dans-la-distribution-de-la-parole#breadcrumb"},"inLanguage":"fr-FR","potentialAction":[{"@type":"ReadAction","target":["https:\/\/www.africa-press.net\/togo\/politique\/tchad-dnis-des-participants-denoncent-le-reseautage-dans-la-distribution-de-la-parole"]}]},{"@type":"ImageObject","inLanguage":"fr-FR","@id":"https:\/\/www.africa-press.net\/togo\/politique\/tchad-dnis-des-participants-denoncent-le-reseautage-dans-la-distribution-de-la-parole#primaryimage","url":"https:\/\/static.africa-press.net\/togo\/sites\/58\/2022\/09\/postQueueImg_2-6330860eb335f.jpg","contentUrl":"https:\/\/static.africa-press.net\/togo\/sites\/58\/2022\/09\/postQueueImg_2-6330860eb335f.jpg","width":720,"height":478,"caption":"Tchad-DNIS : Des participants d\u00e9noncent le \u201cr\u00e9seautage\u201d dans la distribution de la parole"},{"@type":"BreadcrumbList","@id":"https:\/\/www.africa-press.net\/togo\/politique\/tchad-dnis-des-participants-denoncent-le-reseautage-dans-la-distribution-de-la-parole#breadcrumb","itemListElement":[{"@type":"ListItem","position":1,"name":"Accueil","item":"https:\/\/www.africa-press.net\/togo\/"},{"@type":"ListItem","position":2,"name":"Tchad-DNIS : Des participants d\u00e9noncent le \u201cr\u00e9seautage\u201d dans la distribution de la parole"}]},{"@type":"WebSite","@id":"https:\/\/www.africa-press.net\/togo\/#website","url":"https:\/\/www.africa-press.net\/togo\/","name":"Togo","description":"Just another Africa News Agency Sites site","potentialAction":[{"@type":"SearchAction","target":{"@type":"EntryPoint","urlTemplate":"https:\/\/www.africa-press.net\/togo\/?s={search_term_string}"},"query-input":{"@type":"PropertyValueSpecification","valueRequired":true,"valueName":"search_term_string"}}],"inLanguage":"fr-FR"},{"@type":"Person","@id":"https:\/\/www.africa-press.net\/togo\/#\/schema\/person\/2b1cf3cd81a31e3cd26889ca66d677f1","name":"cfeditorfr"}]}},"_links":{"self":[{"href":"https:\/\/www.africa-press.net\/togo\/wp-json\/wp\/v2\/posts\/11478","targetHints":{"allow":["GET"]}}],"collection":[{"href":"https:\/\/www.africa-press.net\/togo\/wp-json\/wp\/v2\/posts"}],"about":[{"href":"https:\/\/www.africa-press.net\/togo\/wp-json\/wp\/v2\/types\/post"}],"author":[{"embeddable":true,"href":"https:\/\/www.africa-press.net\/togo\/wp-json\/wp\/v2\/users\/82"}],"replies":[{"embeddable":true,"href":"https:\/\/www.africa-press.net\/togo\/wp-json\/wp\/v2\/comments?post=11478"}],"version-history":[{"count":0,"href":"https:\/\/www.africa-press.net\/togo\/wp-json\/wp\/v2\/posts\/11478\/revisions"}],"wp:featuredmedia":[{"embeddable":true,"href":"https:\/\/www.africa-press.net\/togo\/wp-json\/wp\/v2\/media\/11477"}],"wp:attachment":[{"href":"https:\/\/www.africa-press.net\/togo\/wp-json\/wp\/v2\/media?parent=11478"}],"wp:term":[{"taxonomy":"category","embeddable":true,"href":"https:\/\/www.africa-press.net\/togo\/wp-json\/wp\/v2\/categories?post=11478"},{"taxonomy":"post_tag","embeddable":true,"href":"https:\/\/www.africa-press.net\/togo\/wp-json\/wp\/v2\/tags?post=11478"}],"curies":[{"name":"wp","href":"https:\/\/api.w.org\/{rel}","templated":true}]}}