{"id":11487,"date":"2022-09-25T16:42:55","date_gmt":"2022-09-25T16:42:55","guid":{"rendered":"https:\/\/www.africa-press.net\/togo\/politique\/abdoulaye-maiga-a-la-tribune-des-nations-unies-le-regard-de-david-kpelly"},"modified":"2022-09-25T16:49:12","modified_gmt":"2022-09-25T16:49:12","slug":"abdoulaye-maiga-a-la-tribune-des-nations-unies-le-regard-de-david-kpelly","status":"publish","type":"post","link":"https:\/\/www.africa-press.net\/togo\/politique\/abdoulaye-maiga-a-la-tribune-des-nations-unies-le-regard-de-david-kpelly","title":{"rendered":"Abdoulaye Maiga \u00e0 la tribune des Nations unies-Le regard de David Kpelly"},"content":{"rendered":"<p><span style=\"color: #ff6600\"><strong>Africa-Press &#8211; Togo. <\/strong><\/span><b>David Kpelly, e\u0301crivain togolais et activiste, se prononce sur le discours du premier ministre malien, Abdoulaye Maiga, lors de la 77e Session ordinaire de l\u2019Assemble\u0301e ge\u0301ne\u0301rale des Nations unies a\u0300 New York. C\u2019est dans une analyse sur sa page Facebook. Lecture !<\/b><\/p>\n<p>Je l\u2019ai dit depuis le de\u0301but de cette crise ouest-africaine qui commence se\u0301rieusement a\u0300 s\u2019enflammer : quand il s\u2019agit du Mali, les Maliens, pourtant des gens re\u0301pute\u0301s discrets et humbles, deviennent radicaux et semblent ne plus avoir de limites.<\/p>\n<p>On rencontrera tre\u0300s difficilement dans cette Afrique moralement brise\u0301e un peuple aussi fier de son pays qui, pourtant, quand on conside\u0300re les indices actuels de de\u0301veloppement (taux de scolarisation, PIB, infrastructures, industrialisation&#8230;) ne pre\u0301sente presque rien pour qu\u2019on en soit fier.<\/p>\n<p>Ce discours du Premier ministre malien Abdoulaye Maiga a\u0300 la tribune des Nations Unies, qui viole tous les codes diplomatiques, et qui, sans aucun doute, fera date dans l\u2019histoire politique de l\u2019Afrique contemporaine, est le signe de tout un peuple pousse\u0301 a\u0300 bout par le me\u0301pris et la condescendance avec lesquels on les traite depuis des mois maintenant.<\/p>\n<p>Et il y a une re\u0301alite\u0301 qu\u2019il ne faudrait pas ignorer: aucun de ces jeunes militaires au pouvoir actuellement au Mali n\u2019est un analphabe\u0300te. Ils sont, au contraire, tre\u0300s instruits, tous sortis de prestigieuses e\u0301coles militaires ou civiles, et ne sont pre\u0302ts a\u0300 accepter les intimidations de qui que ce soit.<\/p>\n<p>C\u0327a change carre\u0301ment des paradigmes du militaire analphabe\u0300te qui s\u2019empare du pouvoir et qui se fait impressionner et manipuler par n\u2019importe qui.<\/p>\n<p>Monsieur Alassane Ouattra (a\u0300 qui on doit expliquer je ne sais dans quel langage qu\u2019il n\u2019est plus le seul de\u0301tenteur d\u2019un doctorat en Afrique de l\u2019Ouest, et que beaucoup d\u2019Ouest-africains ont e\u0301galement des diplo\u0302mes de Master et de doctorat frais e\u0301tablis sur ordinateur en PDF et non de vieux doctorats saisis a\u0300 l\u2019encrier), Monsieur Bazoun, et les autorite\u0301s franc\u0327aises qui ont pris beaucoup de balles (amplement me\u0301rite\u0301es) dans ce discours, doivent le comprendre de\u0301sormais. On ne re\u0301glera pas proble\u0300me malien a\u0300 coup d\u2019injures et d\u2019humiliations contre le Mali.<\/p>\n<p>Il est temps, maintenant, que tout ceci cesse et que la paix revienne entre les voisins. La sous-re\u0301gion ouest-africaine a trop de proble\u0300mes pour se laisser ainsi de\u0301chirer.<\/p>\n<p><strong>Pour plus d&rsquo;informations et d&rsquo;analyses sur la <a href=\"https:\/\/www.africa-press.net\/togo\">Togo<\/a>, suivez <a href=\"https:\/\/www.africa-press.net\/\">Africa-Press<\/a><\/strong><\/p>\n","protected":false},"excerpt":{"rendered":"<p>Africa-Press &#8211; Togo. David Kpelly, e\u0301crivain togolais et activiste, se prononce sur le discours du premier ministre malien, Abdoulaye Maiga, lors de la 77e Session ordinaire de l\u2019Assemble\u0301e ge\u0301ne\u0301rale des Nations unies a\u0300 New York. C\u2019est dans une analyse sur sa page Facebook. Lecture ! Je l\u2019ai dit depuis le de\u0301but de cette crise ouest-africaine [&hellip;]<\/p>\n","protected":false},"author":82,"featured_media":11485,"comment_status":"open","ping_status":"closed","sticky":false,"template":"","format":"standard","meta":{"footnotes":""},"categories":[2,10],"tags":[36,49,50],"class_list":["post-11487","post","type-post","status-publish","format-standard","has-post-thumbnail","hentry","category-politique","category-toutes-les-actualites","tag-africa-press","tag-africa-press-togo","tag-togo"],"yoast_head":"<!-- This site is optimized with the Yoast SEO Premium plugin v26.1 (Yoast SEO v27.0) - https:\/\/yoast.com\/product\/yoast-seo-premium-wordpress\/ -->\n<title>Abdoulaye Maiga \u00e0 la tribune des Nations unies-Le regard de David Kpelly - Togo<\/title>\n<meta name=\"description\" content=\"David Kpelly, e\u0301crivain togolais et activiste, se prononce sur le discours du premier ministre malien, Abdoulaye Maig ...\" \/>\n<meta name=\"robots\" content=\"index, follow, max-snippet:-1, max-image-preview:large, max-video-preview:-1\" \/>\n<link rel=\"canonical\" href=\"https:\/\/www.africa-press.net\/togo\/politique\/abdoulaye-maiga-a-la-tribune-des-nations-unies-le-regard-de-david-kpelly\" \/>\n<meta property=\"og:locale\" content=\"fr_FR\" \/>\n<meta property=\"og:type\" content=\"article\" \/>\n<meta property=\"og:title\" content=\"Abdoulaye Maiga \u00e0 la tribune des Nations unies-Le regard de David Kpelly\" \/>\n<meta property=\"og:description\" content=\"David Kpelly, e\u0301crivain togolais et activiste, se prononce sur le discours du premier ministre malien, Abdoulaye Maig ...\" \/>\n<meta property=\"og:url\" content=\"https:\/\/www.africa-press.net\/togo\/politique\/abdoulaye-maiga-a-la-tribune-des-nations-unies-le-regard-de-david-kpelly\" \/>\n<meta property=\"og:site_name\" content=\"Togo\" \/>\n<meta property=\"article:published_time\" content=\"2022-09-25T16:42:55+00:00\" \/>\n<meta property=\"article:modified_time\" content=\"2022-09-25T16:49:12+00:00\" \/>\n<meta property=\"og:image\" content=\"https:\/\/static.africa-press.net\/togo\/sites\/58\/2022\/09\/postQueueImg_4-6330866bf29fd.jpg\" \/>\n\t<meta property=\"og:image:width\" content=\"1280\" \/>\n\t<meta property=\"og:image:height\" content=\"798\" \/>\n\t<meta property=\"og:image:type\" content=\"image\/jpeg\" \/>\n<meta name=\"author\" content=\"cfeditorfr\" \/>\n<meta name=\"twitter:card\" content=\"summary_large_image\" \/>\n<meta name=\"twitter:label1\" content=\"\u00c9crit par\" \/>\n\t<meta name=\"twitter:data1\" content=\"cfeditorfr\" \/>\n\t<meta name=\"twitter:label2\" content=\"Dur\u00e9e de lecture estim\u00e9e\" \/>\n\t<meta name=\"twitter:data2\" content=\"2 minutes\" \/>\n<script type=\"application\/ld+json\" class=\"yoast-schema-graph\">{\"@context\":\"https:\/\/schema.org\",\"@graph\":[{\"@type\":\"Article\",\"@id\":\"https:\/\/www.africa-press.net\/togo\/politique\/abdoulaye-maiga-a-la-tribune-des-nations-unies-le-regard-de-david-kpelly#article\",\"isPartOf\":{\"@id\":\"https:\/\/www.africa-press.net\/togo\/politique\/abdoulaye-maiga-a-la-tribune-des-nations-unies-le-regard-de-david-kpelly\"},\"author\":{\"name\":\"cfeditorfr\",\"@id\":\"https:\/\/www.africa-press.net\/togo\/#\/schema\/person\/2b1cf3cd81a31e3cd26889ca66d677f1\"},\"headline\":\"Abdoulaye Maiga \u00e0 la tribune des Nations unies-Le regard de David Kpelly\",\"datePublished\":\"2022-09-25T16:42:55+00:00\",\"dateModified\":\"2022-09-25T16:49:12+00:00\",\"mainEntityOfPage\":{\"@id\":\"https:\/\/www.africa-press.net\/togo\/politique\/abdoulaye-maiga-a-la-tribune-des-nations-unies-le-regard-de-david-kpelly\"},\"wordCount\":449,\"commentCount\":0,\"image\":{\"@id\":\"https:\/\/www.africa-press.net\/togo\/politique\/abdoulaye-maiga-a-la-tribune-des-nations-unies-le-regard-de-david-kpelly#primaryimage\"},\"thumbnailUrl\":\"https:\/\/static.africa-press.net\/togo\/sites\/58\/2022\/09\/postQueueImg_4-6330866bf29fd.jpg\",\"keywords\":[\"Africa Press\",\"Africa Press-Togo\",\"Togo\"],\"articleSection\":[\"Politique\",\"Toutes les actualit\u00e9s\"],\"inLanguage\":\"fr-FR\",\"potentialAction\":[{\"@type\":\"CommentAction\",\"name\":\"Comment\",\"target\":[\"https:\/\/www.africa-press.net\/togo\/politique\/abdoulaye-maiga-a-la-tribune-des-nations-unies-le-regard-de-david-kpelly#respond\"]}]},{\"@type\":\"WebPage\",\"@id\":\"https:\/\/www.africa-press.net\/togo\/politique\/abdoulaye-maiga-a-la-tribune-des-nations-unies-le-regard-de-david-kpelly\",\"url\":\"https:\/\/www.africa-press.net\/togo\/politique\/abdoulaye-maiga-a-la-tribune-des-nations-unies-le-regard-de-david-kpelly\",\"name\":\"Abdoulaye Maiga \u00e0 la tribune des Nations unies-Le regard de David Kpelly - Togo\",\"isPartOf\":{\"@id\":\"https:\/\/www.africa-press.net\/togo\/#website\"},\"primaryImageOfPage\":{\"@id\":\"https:\/\/www.africa-press.net\/togo\/politique\/abdoulaye-maiga-a-la-tribune-des-nations-unies-le-regard-de-david-kpelly#primaryimage\"},\"image\":{\"@id\":\"https:\/\/www.africa-press.net\/togo\/politique\/abdoulaye-maiga-a-la-tribune-des-nations-unies-le-regard-de-david-kpelly#primaryimage\"},\"thumbnailUrl\":\"https:\/\/static.africa-press.net\/togo\/sites\/58\/2022\/09\/postQueueImg_4-6330866bf29fd.jpg\",\"datePublished\":\"2022-09-25T16:42:55+00:00\",\"dateModified\":\"2022-09-25T16:49:12+00:00\",\"author\":{\"@id\":\"https:\/\/www.africa-press.net\/togo\/#\/schema\/person\/2b1cf3cd81a31e3cd26889ca66d677f1\"},\"description\":\"David Kpelly, e\u0301crivain togolais et activiste, se prononce sur le discours du premier ministre malien, Abdoulaye Maig ...\",\"breadcrumb\":{\"@id\":\"https:\/\/www.africa-press.net\/togo\/politique\/abdoulaye-maiga-a-la-tribune-des-nations-unies-le-regard-de-david-kpelly#breadcrumb\"},\"inLanguage\":\"fr-FR\",\"potentialAction\":[{\"@type\":\"ReadAction\",\"target\":[\"https:\/\/www.africa-press.net\/togo\/politique\/abdoulaye-maiga-a-la-tribune-des-nations-unies-le-regard-de-david-kpelly\"]}]},{\"@type\":\"ImageObject\",\"inLanguage\":\"fr-FR\",\"@id\":\"https:\/\/www.africa-press.net\/togo\/politique\/abdoulaye-maiga-a-la-tribune-des-nations-unies-le-regard-de-david-kpelly#primaryimage\",\"url\":\"https:\/\/static.africa-press.net\/togo\/sites\/58\/2022\/09\/postQueueImg_4-6330866bf29fd.jpg\",\"contentUrl\":\"https:\/\/static.africa-press.net\/togo\/sites\/58\/2022\/09\/postQueueImg_4-6330866bf29fd.jpg\",\"width\":1280,\"height\":798,\"caption\":\"Abdoulaye Maiga \u00e0 la tribune des Nations unies-Le regard de David Kpelly\"},{\"@type\":\"BreadcrumbList\",\"@id\":\"https:\/\/www.africa-press.net\/togo\/politique\/abdoulaye-maiga-a-la-tribune-des-nations-unies-le-regard-de-david-kpelly#breadcrumb\",\"itemListElement\":[{\"@type\":\"ListItem\",\"position\":1,\"name\":\"Accueil\",\"item\":\"https:\/\/www.africa-press.net\/togo\/\"},{\"@type\":\"ListItem\",\"position\":2,\"name\":\"Abdoulaye Maiga \u00e0 la tribune des Nations unies-Le regard de David Kpelly\"}]},{\"@type\":\"WebSite\",\"@id\":\"https:\/\/www.africa-press.net\/togo\/#website\",\"url\":\"https:\/\/www.africa-press.net\/togo\/\",\"name\":\"Togo\",\"description\":\"Just another Africa News Agency Sites site\",\"potentialAction\":[{\"@type\":\"SearchAction\",\"target\":{\"@type\":\"EntryPoint\",\"urlTemplate\":\"https:\/\/www.africa-press.net\/togo\/?s={search_term_string}\"},\"query-input\":{\"@type\":\"PropertyValueSpecification\",\"valueRequired\":true,\"valueName\":\"search_term_string\"}}],\"inLanguage\":\"fr-FR\"},{\"@type\":\"Person\",\"@id\":\"https:\/\/www.africa-press.net\/togo\/#\/schema\/person\/2b1cf3cd81a31e3cd26889ca66d677f1\",\"name\":\"cfeditorfr\"}]}<\/script>\n<!-- \/ Yoast SEO Premium plugin. -->","yoast_head_json":{"title":"Abdoulaye Maiga \u00e0 la tribune des Nations unies-Le regard de David Kpelly - Togo","description":"David Kpelly, e\u0301crivain togolais et activiste, se prononce sur le discours du premier ministre malien, Abdoulaye Maig ...","robots":{"index":"index","follow":"follow","max-snippet":"max-snippet:-1","max-image-preview":"max-image-preview:large","max-video-preview":"max-video-preview:-1"},"canonical":"https:\/\/www.africa-press.net\/togo\/politique\/abdoulaye-maiga-a-la-tribune-des-nations-unies-le-regard-de-david-kpelly","og_locale":"fr_FR","og_type":"article","og_title":"Abdoulaye Maiga \u00e0 la tribune des Nations unies-Le regard de David Kpelly","og_description":"David Kpelly, e\u0301crivain togolais et activiste, se prononce sur le discours du premier ministre malien, Abdoulaye Maig ...","og_url":"https:\/\/www.africa-press.net\/togo\/politique\/abdoulaye-maiga-a-la-tribune-des-nations-unies-le-regard-de-david-kpelly","og_site_name":"Togo","article_published_time":"2022-09-25T16:42:55+00:00","article_modified_time":"2022-09-25T16:49:12+00:00","og_image":[{"width":1280,"height":798,"url":"https:\/\/static.africa-press.net\/togo\/sites\/58\/2022\/09\/postQueueImg_4-6330866bf29fd.jpg","type":"image\/jpeg"}],"author":"cfeditorfr","twitter_card":"summary_large_image","twitter_misc":{"\u00c9crit par":"cfeditorfr","Dur\u00e9e de lecture estim\u00e9e":"2 minutes"},"schema":{"@context":"https:\/\/schema.org","@graph":[{"@type":"Article","@id":"https:\/\/www.africa-press.net\/togo\/politique\/abdoulaye-maiga-a-la-tribune-des-nations-unies-le-regard-de-david-kpelly#article","isPartOf":{"@id":"https:\/\/www.africa-press.net\/togo\/politique\/abdoulaye-maiga-a-la-tribune-des-nations-unies-le-regard-de-david-kpelly"},"author":{"name":"cfeditorfr","@id":"https:\/\/www.africa-press.net\/togo\/#\/schema\/person\/2b1cf3cd81a31e3cd26889ca66d677f1"},"headline":"Abdoulaye Maiga \u00e0 la tribune des Nations unies-Le regard de David Kpelly","datePublished":"2022-09-25T16:42:55+00:00","dateModified":"2022-09-25T16:49:12+00:00","mainEntityOfPage":{"@id":"https:\/\/www.africa-press.net\/togo\/politique\/abdoulaye-maiga-a-la-tribune-des-nations-unies-le-regard-de-david-kpelly"},"wordCount":449,"commentCount":0,"image":{"@id":"https:\/\/www.africa-press.net\/togo\/politique\/abdoulaye-maiga-a-la-tribune-des-nations-unies-le-regard-de-david-kpelly#primaryimage"},"thumbnailUrl":"https:\/\/static.africa-press.net\/togo\/sites\/58\/2022\/09\/postQueueImg_4-6330866bf29fd.jpg","keywords":["Africa Press","Africa Press-Togo","Togo"],"articleSection":["Politique","Toutes les actualit\u00e9s"],"inLanguage":"fr-FR","potentialAction":[{"@type":"CommentAction","name":"Comment","target":["https:\/\/www.africa-press.net\/togo\/politique\/abdoulaye-maiga-a-la-tribune-des-nations-unies-le-regard-de-david-kpelly#respond"]}]},{"@type":"WebPage","@id":"https:\/\/www.africa-press.net\/togo\/politique\/abdoulaye-maiga-a-la-tribune-des-nations-unies-le-regard-de-david-kpelly","url":"https:\/\/www.africa-press.net\/togo\/politique\/abdoulaye-maiga-a-la-tribune-des-nations-unies-le-regard-de-david-kpelly","name":"Abdoulaye Maiga \u00e0 la tribune des Nations unies-Le regard de David Kpelly - Togo","isPartOf":{"@id":"https:\/\/www.africa-press.net\/togo\/#website"},"primaryImageOfPage":{"@id":"https:\/\/www.africa-press.net\/togo\/politique\/abdoulaye-maiga-a-la-tribune-des-nations-unies-le-regard-de-david-kpelly#primaryimage"},"image":{"@id":"https:\/\/www.africa-press.net\/togo\/politique\/abdoulaye-maiga-a-la-tribune-des-nations-unies-le-regard-de-david-kpelly#primaryimage"},"thumbnailUrl":"https:\/\/static.africa-press.net\/togo\/sites\/58\/2022\/09\/postQueueImg_4-6330866bf29fd.jpg","datePublished":"2022-09-25T16:42:55+00:00","dateModified":"2022-09-25T16:49:12+00:00","author":{"@id":"https:\/\/www.africa-press.net\/togo\/#\/schema\/person\/2b1cf3cd81a31e3cd26889ca66d677f1"},"description":"David Kpelly, e\u0301crivain togolais et activiste, se prononce sur le discours du premier ministre malien, Abdoulaye Maig ...","breadcrumb":{"@id":"https:\/\/www.africa-press.net\/togo\/politique\/abdoulaye-maiga-a-la-tribune-des-nations-unies-le-regard-de-david-kpelly#breadcrumb"},"inLanguage":"fr-FR","potentialAction":[{"@type":"ReadAction","target":["https:\/\/www.africa-press.net\/togo\/politique\/abdoulaye-maiga-a-la-tribune-des-nations-unies-le-regard-de-david-kpelly"]}]},{"@type":"ImageObject","inLanguage":"fr-FR","@id":"https:\/\/www.africa-press.net\/togo\/politique\/abdoulaye-maiga-a-la-tribune-des-nations-unies-le-regard-de-david-kpelly#primaryimage","url":"https:\/\/static.africa-press.net\/togo\/sites\/58\/2022\/09\/postQueueImg_4-6330866bf29fd.jpg","contentUrl":"https:\/\/static.africa-press.net\/togo\/sites\/58\/2022\/09\/postQueueImg_4-6330866bf29fd.jpg","width":1280,"height":798,"caption":"Abdoulaye Maiga \u00e0 la tribune des Nations unies-Le regard de David Kpelly"},{"@type":"BreadcrumbList","@id":"https:\/\/www.africa-press.net\/togo\/politique\/abdoulaye-maiga-a-la-tribune-des-nations-unies-le-regard-de-david-kpelly#breadcrumb","itemListElement":[{"@type":"ListItem","position":1,"name":"Accueil","item":"https:\/\/www.africa-press.net\/togo\/"},{"@type":"ListItem","position":2,"name":"Abdoulaye Maiga \u00e0 la tribune des Nations unies-Le regard de David Kpelly"}]},{"@type":"WebSite","@id":"https:\/\/www.africa-press.net\/togo\/#website","url":"https:\/\/www.africa-press.net\/togo\/","name":"Togo","description":"Just another Africa News Agency Sites site","potentialAction":[{"@type":"SearchAction","target":{"@type":"EntryPoint","urlTemplate":"https:\/\/www.africa-press.net\/togo\/?s={search_term_string}"},"query-input":{"@type":"PropertyValueSpecification","valueRequired":true,"valueName":"search_term_string"}}],"inLanguage":"fr-FR"},{"@type":"Person","@id":"https:\/\/www.africa-press.net\/togo\/#\/schema\/person\/2b1cf3cd81a31e3cd26889ca66d677f1","name":"cfeditorfr"}]}},"_links":{"self":[{"href":"https:\/\/www.africa-press.net\/togo\/wp-json\/wp\/v2\/posts\/11487","targetHints":{"allow":["GET"]}}],"collection":[{"href":"https:\/\/www.africa-press.net\/togo\/wp-json\/wp\/v2\/posts"}],"about":[{"href":"https:\/\/www.africa-press.net\/togo\/wp-json\/wp\/v2\/types\/post"}],"author":[{"embeddable":true,"href":"https:\/\/www.africa-press.net\/togo\/wp-json\/wp\/v2\/users\/82"}],"replies":[{"embeddable":true,"href":"https:\/\/www.africa-press.net\/togo\/wp-json\/wp\/v2\/comments?post=11487"}],"version-history":[{"count":0,"href":"https:\/\/www.africa-press.net\/togo\/wp-json\/wp\/v2\/posts\/11487\/revisions"}],"wp:featuredmedia":[{"embeddable":true,"href":"https:\/\/www.africa-press.net\/togo\/wp-json\/wp\/v2\/media\/11485"}],"wp:attachment":[{"href":"https:\/\/www.africa-press.net\/togo\/wp-json\/wp\/v2\/media?parent=11487"}],"wp:term":[{"taxonomy":"category","embeddable":true,"href":"https:\/\/www.africa-press.net\/togo\/wp-json\/wp\/v2\/categories?post=11487"},{"taxonomy":"post_tag","embeddable":true,"href":"https:\/\/www.africa-press.net\/togo\/wp-json\/wp\/v2\/tags?post=11487"}],"curies":[{"name":"wp","href":"https:\/\/api.w.org\/{rel}","templated":true}]}}