{"id":11490,"date":"2022-09-25T16:43:06","date_gmt":"2022-09-25T16:43:06","guid":{"rendered":"https:\/\/www.africa-press.net\/togo\/politique\/benin-des-tiktokeurs-arretes-pour-une-affaire-dinjures"},"modified":"2022-09-25T16:49:54","modified_gmt":"2022-09-25T16:49:54","slug":"benin-des-tiktokeurs-arretes-pour-une-affaire-dinjures","status":"publish","type":"post","link":"https:\/\/www.africa-press.net\/togo\/toutes-les-actualites\/benin-des-tiktokeurs-arretes-pour-une-affaire-dinjures","title":{"rendered":"B\u00e9nin-Des tiktokeurs arr\u00eat\u00e9s pour une affaire d\u2019injures"},"content":{"rendered":"<p><span style=\"color: #ff6600\"><strong>Africa-Press &#8211; Togo. <\/strong><\/span>Il s\u2019agit de trois personnes arre\u0302te\u0301es par la Police Re\u0301publicaine et place\u0301es en garde a\u0300 vue depuis vendredi.<\/p>\n<p>Tout est parti d\u2019une plainte de la tiktokeuse Maman Dilara contre deux autres tiktokeurs.<\/p>\n<p>&gt;, a-t-on appris de 24 Heures au Be\u0301nin.<\/p>\n<p>Les trois concerne\u0301s sont garde\u0301s au commissariat de Godomey-Togoudo, d\u2019apre\u0300s toujours le journal be\u0301ninois en ligne.<\/p>\n<p><strong>Pour plus d&rsquo;informations et d&rsquo;analyses sur la <a href=\"https:\/\/www.africa-press.net\/togo\">Togo<\/a>, suivez <a href=\"https:\/\/www.africa-press.net\/\">Africa-Press<\/a><\/strong><\/p>\n","protected":false},"excerpt":{"rendered":"<p>Africa-Press &#8211; Togo. Il s\u2019agit de trois personnes arre\u0302te\u0301es par la Police Re\u0301publicaine et place\u0301es en garde a\u0300 vue depuis vendredi. Tout est parti d\u2019une plainte de la tiktokeuse Maman Dilara contre deux autres tiktokeurs. &gt;, a-t-on appris de 24 Heures au Be\u0301nin. Les trois concerne\u0301s sont garde\u0301s au commissariat de Godomey-Togoudo, d\u2019apre\u0300s toujours le [&hellip;]<\/p>\n","protected":false},"author":82,"featured_media":11489,"comment_status":"open","ping_status":"closed","sticky":false,"template":"","format":"standard","meta":{"footnotes":""},"categories":[21,10],"tags":[36,49,50],"class_list":["post-11490","post","type-post","status-publish","format-standard","has-post-thumbnail","hentry","category-communaute","category-toutes-les-actualites","tag-africa-press","tag-africa-press-togo","tag-togo"],"yoast_head":"<!-- This site is optimized with the Yoast SEO Premium plugin v26.1 (Yoast SEO v27.0) - https:\/\/yoast.com\/product\/yoast-seo-premium-wordpress\/ -->\n<title>B\u00e9nin-Des tiktokeurs arr\u00eat\u00e9s pour une affaire d\u2019injures - Togo<\/title>\n<meta name=\"description\" content=\"Il s\u2019agit de trois personnes arre\u0302te\u0301es par la Police Re\u0301publicaine et place\u0301es en garde a\u0300 vue depuis vendredi. Tout e ...\" \/>\n<meta name=\"robots\" content=\"index, follow, max-snippet:-1, max-image-preview:large, max-video-preview:-1\" \/>\n<link rel=\"canonical\" href=\"https:\/\/www.africa-press.net\/togo\/toutes-les-actualites\/benin-des-tiktokeurs-arretes-pour-une-affaire-dinjures\" \/>\n<meta property=\"og:locale\" content=\"fr_FR\" \/>\n<meta property=\"og:type\" content=\"article\" \/>\n<meta property=\"og:title\" content=\"B\u00e9nin-Des tiktokeurs arr\u00eat\u00e9s pour une affaire d\u2019injures\" \/>\n<meta property=\"og:description\" content=\"Il s\u2019agit de trois personnes arre\u0302te\u0301es par la Police Re\u0301publicaine et place\u0301es en garde a\u0300 vue depuis vendredi. Tout e ...\" \/>\n<meta property=\"og:url\" content=\"https:\/\/www.africa-press.net\/togo\/toutes-les-actualites\/benin-des-tiktokeurs-arretes-pour-une-affaire-dinjures\" \/>\n<meta property=\"og:site_name\" content=\"Togo\" \/>\n<meta property=\"article:published_time\" content=\"2022-09-25T16:43:06+00:00\" \/>\n<meta property=\"article:modified_time\" content=\"2022-09-25T16:49:54+00:00\" \/>\n<meta property=\"og:image\" content=\"https:\/\/static.africa-press.net\/togo\/sites\/58\/2022\/09\/postQueueImg_5-6330868f5a354.jpg\" \/>\n\t<meta property=\"og:image:width\" content=\"1280\" \/>\n\t<meta property=\"og:image:height\" content=\"800\" \/>\n\t<meta property=\"og:image:type\" content=\"image\/jpeg\" \/>\n<meta name=\"author\" content=\"cfeditorfr\" \/>\n<meta name=\"twitter:card\" content=\"summary_large_image\" \/>\n<meta name=\"twitter:label1\" content=\"\u00c9crit par\" \/>\n\t<meta name=\"twitter:data1\" content=\"cfeditorfr\" \/>\n\t<meta name=\"twitter:label2\" content=\"Dur\u00e9e de lecture estim\u00e9e\" \/>\n\t<meta name=\"twitter:data2\" content=\"1 minute\" \/>\n<script type=\"application\/ld+json\" class=\"yoast-schema-graph\">{\"@context\":\"https:\/\/schema.org\",\"@graph\":[{\"@type\":\"Article\",\"@id\":\"https:\/\/www.africa-press.net\/togo\/toutes-les-actualites\/benin-des-tiktokeurs-arretes-pour-une-affaire-dinjures#article\",\"isPartOf\":{\"@id\":\"https:\/\/www.africa-press.net\/togo\/toutes-les-actualites\/benin-des-tiktokeurs-arretes-pour-une-affaire-dinjures\"},\"author\":{\"name\":\"cfeditorfr\",\"@id\":\"https:\/\/www.africa-press.net\/togo\/#\/schema\/person\/2b1cf3cd81a31e3cd26889ca66d677f1\"},\"headline\":\"B\u00e9nin-Des tiktokeurs arr\u00eat\u00e9s pour une affaire d\u2019injures\",\"datePublished\":\"2022-09-25T16:43:06+00:00\",\"dateModified\":\"2022-09-25T16:49:54+00:00\",\"mainEntityOfPage\":{\"@id\":\"https:\/\/www.africa-press.net\/togo\/toutes-les-actualites\/benin-des-tiktokeurs-arretes-pour-une-affaire-dinjures\"},\"wordCount\":93,\"commentCount\":0,\"image\":{\"@id\":\"https:\/\/www.africa-press.net\/togo\/toutes-les-actualites\/benin-des-tiktokeurs-arretes-pour-une-affaire-dinjures#primaryimage\"},\"thumbnailUrl\":\"https:\/\/static.africa-press.net\/togo\/sites\/58\/2022\/09\/postQueueImg_5-6330868f5a354.jpg\",\"keywords\":[\"Africa Press\",\"Africa Press-Togo\",\"Togo\"],\"articleSection\":[\"Communaut\u00e9\",\"Toutes les actualit\u00e9s\"],\"inLanguage\":\"fr-FR\",\"potentialAction\":[{\"@type\":\"CommentAction\",\"name\":\"Comment\",\"target\":[\"https:\/\/www.africa-press.net\/togo\/toutes-les-actualites\/benin-des-tiktokeurs-arretes-pour-une-affaire-dinjures#respond\"]}]},{\"@type\":\"WebPage\",\"@id\":\"https:\/\/www.africa-press.net\/togo\/toutes-les-actualites\/benin-des-tiktokeurs-arretes-pour-une-affaire-dinjures\",\"url\":\"https:\/\/www.africa-press.net\/togo\/toutes-les-actualites\/benin-des-tiktokeurs-arretes-pour-une-affaire-dinjures\",\"name\":\"B\u00e9nin-Des tiktokeurs arr\u00eat\u00e9s pour une affaire d\u2019injures - Togo\",\"isPartOf\":{\"@id\":\"https:\/\/www.africa-press.net\/togo\/#website\"},\"primaryImageOfPage\":{\"@id\":\"https:\/\/www.africa-press.net\/togo\/toutes-les-actualites\/benin-des-tiktokeurs-arretes-pour-une-affaire-dinjures#primaryimage\"},\"image\":{\"@id\":\"https:\/\/www.africa-press.net\/togo\/toutes-les-actualites\/benin-des-tiktokeurs-arretes-pour-une-affaire-dinjures#primaryimage\"},\"thumbnailUrl\":\"https:\/\/static.africa-press.net\/togo\/sites\/58\/2022\/09\/postQueueImg_5-6330868f5a354.jpg\",\"datePublished\":\"2022-09-25T16:43:06+00:00\",\"dateModified\":\"2022-09-25T16:49:54+00:00\",\"author\":{\"@id\":\"https:\/\/www.africa-press.net\/togo\/#\/schema\/person\/2b1cf3cd81a31e3cd26889ca66d677f1\"},\"description\":\"Il s\u2019agit de trois personnes arre\u0302te\u0301es par la Police Re\u0301publicaine et place\u0301es en garde a\u0300 vue depuis vendredi. Tout e ...\",\"breadcrumb\":{\"@id\":\"https:\/\/www.africa-press.net\/togo\/toutes-les-actualites\/benin-des-tiktokeurs-arretes-pour-une-affaire-dinjures#breadcrumb\"},\"inLanguage\":\"fr-FR\",\"potentialAction\":[{\"@type\":\"ReadAction\",\"target\":[\"https:\/\/www.africa-press.net\/togo\/toutes-les-actualites\/benin-des-tiktokeurs-arretes-pour-une-affaire-dinjures\"]}]},{\"@type\":\"ImageObject\",\"inLanguage\":\"fr-FR\",\"@id\":\"https:\/\/www.africa-press.net\/togo\/toutes-les-actualites\/benin-des-tiktokeurs-arretes-pour-une-affaire-dinjures#primaryimage\",\"url\":\"https:\/\/static.africa-press.net\/togo\/sites\/58\/2022\/09\/postQueueImg_5-6330868f5a354.jpg\",\"contentUrl\":\"https:\/\/static.africa-press.net\/togo\/sites\/58\/2022\/09\/postQueueImg_5-6330868f5a354.jpg\",\"width\":1280,\"height\":800,\"caption\":\"B\u00e9nin-Des tiktokeurs arr\u00eat\u00e9s pour une affaire d\u2019injures\"},{\"@type\":\"BreadcrumbList\",\"@id\":\"https:\/\/www.africa-press.net\/togo\/toutes-les-actualites\/benin-des-tiktokeurs-arretes-pour-une-affaire-dinjures#breadcrumb\",\"itemListElement\":[{\"@type\":\"ListItem\",\"position\":1,\"name\":\"Accueil\",\"item\":\"https:\/\/www.africa-press.net\/togo\/\"},{\"@type\":\"ListItem\",\"position\":2,\"name\":\"B\u00e9nin-Des tiktokeurs arr\u00eat\u00e9s pour une affaire d\u2019injures\"}]},{\"@type\":\"WebSite\",\"@id\":\"https:\/\/www.africa-press.net\/togo\/#website\",\"url\":\"https:\/\/www.africa-press.net\/togo\/\",\"name\":\"Togo\",\"description\":\"Just another Africa News Agency Sites site\",\"potentialAction\":[{\"@type\":\"SearchAction\",\"target\":{\"@type\":\"EntryPoint\",\"urlTemplate\":\"https:\/\/www.africa-press.net\/togo\/?s={search_term_string}\"},\"query-input\":{\"@type\":\"PropertyValueSpecification\",\"valueRequired\":true,\"valueName\":\"search_term_string\"}}],\"inLanguage\":\"fr-FR\"},{\"@type\":\"Person\",\"@id\":\"https:\/\/www.africa-press.net\/togo\/#\/schema\/person\/2b1cf3cd81a31e3cd26889ca66d677f1\",\"name\":\"cfeditorfr\"}]}<\/script>\n<!-- \/ Yoast SEO Premium plugin. -->","yoast_head_json":{"title":"B\u00e9nin-Des tiktokeurs arr\u00eat\u00e9s pour une affaire d\u2019injures - Togo","description":"Il s\u2019agit de trois personnes arre\u0302te\u0301es par la Police Re\u0301publicaine et place\u0301es en garde a\u0300 vue depuis vendredi. Tout e ...","robots":{"index":"index","follow":"follow","max-snippet":"max-snippet:-1","max-image-preview":"max-image-preview:large","max-video-preview":"max-video-preview:-1"},"canonical":"https:\/\/www.africa-press.net\/togo\/toutes-les-actualites\/benin-des-tiktokeurs-arretes-pour-une-affaire-dinjures","og_locale":"fr_FR","og_type":"article","og_title":"B\u00e9nin-Des tiktokeurs arr\u00eat\u00e9s pour une affaire d\u2019injures","og_description":"Il s\u2019agit de trois personnes arre\u0302te\u0301es par la Police Re\u0301publicaine et place\u0301es en garde a\u0300 vue depuis vendredi. Tout e ...","og_url":"https:\/\/www.africa-press.net\/togo\/toutes-les-actualites\/benin-des-tiktokeurs-arretes-pour-une-affaire-dinjures","og_site_name":"Togo","article_published_time":"2022-09-25T16:43:06+00:00","article_modified_time":"2022-09-25T16:49:54+00:00","og_image":[{"width":1280,"height":800,"url":"https:\/\/static.africa-press.net\/togo\/sites\/58\/2022\/09\/postQueueImg_5-6330868f5a354.jpg","type":"image\/jpeg"}],"author":"cfeditorfr","twitter_card":"summary_large_image","twitter_misc":{"\u00c9crit par":"cfeditorfr","Dur\u00e9e de lecture estim\u00e9e":"1 minute"},"schema":{"@context":"https:\/\/schema.org","@graph":[{"@type":"Article","@id":"https:\/\/www.africa-press.net\/togo\/toutes-les-actualites\/benin-des-tiktokeurs-arretes-pour-une-affaire-dinjures#article","isPartOf":{"@id":"https:\/\/www.africa-press.net\/togo\/toutes-les-actualites\/benin-des-tiktokeurs-arretes-pour-une-affaire-dinjures"},"author":{"name":"cfeditorfr","@id":"https:\/\/www.africa-press.net\/togo\/#\/schema\/person\/2b1cf3cd81a31e3cd26889ca66d677f1"},"headline":"B\u00e9nin-Des tiktokeurs arr\u00eat\u00e9s pour une affaire d\u2019injures","datePublished":"2022-09-25T16:43:06+00:00","dateModified":"2022-09-25T16:49:54+00:00","mainEntityOfPage":{"@id":"https:\/\/www.africa-press.net\/togo\/toutes-les-actualites\/benin-des-tiktokeurs-arretes-pour-une-affaire-dinjures"},"wordCount":93,"commentCount":0,"image":{"@id":"https:\/\/www.africa-press.net\/togo\/toutes-les-actualites\/benin-des-tiktokeurs-arretes-pour-une-affaire-dinjures#primaryimage"},"thumbnailUrl":"https:\/\/static.africa-press.net\/togo\/sites\/58\/2022\/09\/postQueueImg_5-6330868f5a354.jpg","keywords":["Africa Press","Africa Press-Togo","Togo"],"articleSection":["Communaut\u00e9","Toutes les actualit\u00e9s"],"inLanguage":"fr-FR","potentialAction":[{"@type":"CommentAction","name":"Comment","target":["https:\/\/www.africa-press.net\/togo\/toutes-les-actualites\/benin-des-tiktokeurs-arretes-pour-une-affaire-dinjures#respond"]}]},{"@type":"WebPage","@id":"https:\/\/www.africa-press.net\/togo\/toutes-les-actualites\/benin-des-tiktokeurs-arretes-pour-une-affaire-dinjures","url":"https:\/\/www.africa-press.net\/togo\/toutes-les-actualites\/benin-des-tiktokeurs-arretes-pour-une-affaire-dinjures","name":"B\u00e9nin-Des tiktokeurs arr\u00eat\u00e9s pour une affaire d\u2019injures - Togo","isPartOf":{"@id":"https:\/\/www.africa-press.net\/togo\/#website"},"primaryImageOfPage":{"@id":"https:\/\/www.africa-press.net\/togo\/toutes-les-actualites\/benin-des-tiktokeurs-arretes-pour-une-affaire-dinjures#primaryimage"},"image":{"@id":"https:\/\/www.africa-press.net\/togo\/toutes-les-actualites\/benin-des-tiktokeurs-arretes-pour-une-affaire-dinjures#primaryimage"},"thumbnailUrl":"https:\/\/static.africa-press.net\/togo\/sites\/58\/2022\/09\/postQueueImg_5-6330868f5a354.jpg","datePublished":"2022-09-25T16:43:06+00:00","dateModified":"2022-09-25T16:49:54+00:00","author":{"@id":"https:\/\/www.africa-press.net\/togo\/#\/schema\/person\/2b1cf3cd81a31e3cd26889ca66d677f1"},"description":"Il s\u2019agit de trois personnes arre\u0302te\u0301es par la Police Re\u0301publicaine et place\u0301es en garde a\u0300 vue depuis vendredi. Tout e ...","breadcrumb":{"@id":"https:\/\/www.africa-press.net\/togo\/toutes-les-actualites\/benin-des-tiktokeurs-arretes-pour-une-affaire-dinjures#breadcrumb"},"inLanguage":"fr-FR","potentialAction":[{"@type":"ReadAction","target":["https:\/\/www.africa-press.net\/togo\/toutes-les-actualites\/benin-des-tiktokeurs-arretes-pour-une-affaire-dinjures"]}]},{"@type":"ImageObject","inLanguage":"fr-FR","@id":"https:\/\/www.africa-press.net\/togo\/toutes-les-actualites\/benin-des-tiktokeurs-arretes-pour-une-affaire-dinjures#primaryimage","url":"https:\/\/static.africa-press.net\/togo\/sites\/58\/2022\/09\/postQueueImg_5-6330868f5a354.jpg","contentUrl":"https:\/\/static.africa-press.net\/togo\/sites\/58\/2022\/09\/postQueueImg_5-6330868f5a354.jpg","width":1280,"height":800,"caption":"B\u00e9nin-Des tiktokeurs arr\u00eat\u00e9s pour une affaire d\u2019injures"},{"@type":"BreadcrumbList","@id":"https:\/\/www.africa-press.net\/togo\/toutes-les-actualites\/benin-des-tiktokeurs-arretes-pour-une-affaire-dinjures#breadcrumb","itemListElement":[{"@type":"ListItem","position":1,"name":"Accueil","item":"https:\/\/www.africa-press.net\/togo\/"},{"@type":"ListItem","position":2,"name":"B\u00e9nin-Des tiktokeurs arr\u00eat\u00e9s pour une affaire d\u2019injures"}]},{"@type":"WebSite","@id":"https:\/\/www.africa-press.net\/togo\/#website","url":"https:\/\/www.africa-press.net\/togo\/","name":"Togo","description":"Just another Africa News Agency Sites site","potentialAction":[{"@type":"SearchAction","target":{"@type":"EntryPoint","urlTemplate":"https:\/\/www.africa-press.net\/togo\/?s={search_term_string}"},"query-input":{"@type":"PropertyValueSpecification","valueRequired":true,"valueName":"search_term_string"}}],"inLanguage":"fr-FR"},{"@type":"Person","@id":"https:\/\/www.africa-press.net\/togo\/#\/schema\/person\/2b1cf3cd81a31e3cd26889ca66d677f1","name":"cfeditorfr"}]}},"_links":{"self":[{"href":"https:\/\/www.africa-press.net\/togo\/wp-json\/wp\/v2\/posts\/11490","targetHints":{"allow":["GET"]}}],"collection":[{"href":"https:\/\/www.africa-press.net\/togo\/wp-json\/wp\/v2\/posts"}],"about":[{"href":"https:\/\/www.africa-press.net\/togo\/wp-json\/wp\/v2\/types\/post"}],"author":[{"embeddable":true,"href":"https:\/\/www.africa-press.net\/togo\/wp-json\/wp\/v2\/users\/82"}],"replies":[{"embeddable":true,"href":"https:\/\/www.africa-press.net\/togo\/wp-json\/wp\/v2\/comments?post=11490"}],"version-history":[{"count":0,"href":"https:\/\/www.africa-press.net\/togo\/wp-json\/wp\/v2\/posts\/11490\/revisions"}],"wp:featuredmedia":[{"embeddable":true,"href":"https:\/\/www.africa-press.net\/togo\/wp-json\/wp\/v2\/media\/11489"}],"wp:attachment":[{"href":"https:\/\/www.africa-press.net\/togo\/wp-json\/wp\/v2\/media?parent=11490"}],"wp:term":[{"taxonomy":"category","embeddable":true,"href":"https:\/\/www.africa-press.net\/togo\/wp-json\/wp\/v2\/categories?post=11490"},{"taxonomy":"post_tag","embeddable":true,"href":"https:\/\/www.africa-press.net\/togo\/wp-json\/wp\/v2\/tags?post=11490"}],"curies":[{"name":"wp","href":"https:\/\/api.w.org\/{rel}","templated":true}]}}