{"id":11493,"date":"2022-09-25T16:43:20","date_gmt":"2022-09-25T16:43:20","guid":{"rendered":"https:\/\/www.africa-press.net\/togo\/politique\/ukraine-le-togo-implique-dans-laffaire-de-referendums-controverses-de-la-russie"},"modified":"2022-09-25T16:50:30","modified_gmt":"2022-09-25T16:50:30","slug":"ukraine-le-togo-implique-dans-laffaire-de-referendums-controverses-de-la-russie","status":"publish","type":"post","link":"https:\/\/www.africa-press.net\/togo\/politique\/ukraine-le-togo-implique-dans-laffaire-de-referendums-controverses-de-la-russie","title":{"rendered":"Ukraine-Le Togo impliqu\u00e9 dans l\u2019affaire de r\u00e9f\u00e9rendums controvers\u00e9s de la Russie?"},"content":{"rendered":"<p><span style=\"color: #ff6600\"><strong>Africa-Press &#8211; Togo. <\/strong><\/span><b>Le ministe\u0300re de la Re\u0301inte\u0301gration des territoires temporairement occupe\u0301s d\u2019Ukraine a re\u0301pertorie\u0301 huit pays qui ont fourni leurs observateurs pour des re\u0301fe\u0301rendums, que la Russie me\u0300ne sur les territoires ukrainiens temporairement occupe\u0301s. Le Togo en fait partie!<\/b><\/p>\n<p>Le ministe\u0300re a re\u0301pertorie\u0301 sur son site Internet les huit nations, parmi lesquels se trouvent deux pays africains.<\/p>\n<p>\u201cLes autorite\u0301s des occupants russes font des tentatives exceptionnelles ces jours-ci pour organiser a\u0300 tout prix leurs re\u0301fe\u0301rendums fictifs sur les territoires temporairement occupe\u0301s. Et ils insistent sur le fait que ces re\u0301fe\u0301rendums seront transparents et le\u0301gitimes. Ils ont me\u0302me invite\u0301 des observateurs e\u0301trangers a\u0300 cette fin.\u201d, lit-on sur la de\u0301claration.<\/p>\n<p>\u201cLe ministe\u0300re de la Re\u0301inte\u0301gration et toutes les autorite\u0301s concerne\u0301es, y compris les forces de l\u2019ordre, connaissent de\u0301ja\u0300 leurs noms. Ce sont des repre\u0301sentants de la Russie elle-me\u0302me, ainsi que de la Bie\u0301lorussie, de la Syrie, de l\u2019E\u0301gypte, du Bre\u0301sil, du Venezuela, de l\u2019Uruguay, du Togo et de l\u2019Afrique du Sud. En fait, ils [ces pays.] participent a\u0300 un crime collectif contre l\u2019E\u0301tat inde\u0301pendant souverain d\u2019Ukraine \u00bb, ont ajoute\u0301 les autorite\u0301s.<\/p>\n<p>\u0421\u043f\u0456\u043b\u044c\u043d\u0438\u043a\u0438 \u0437\u043b\u043e\u0447\u0438\u043d\u0443 \u2013 \u0442\u0430\u043a\u043e\u0436 \u0437\u043b\u043e\u0447\u0438\u043d\u0446\u0456. \u0406 \u0432\u043e\u043d\u0438 \u0431\u0443\u0434\u0443\u0442\u044c \u043f\u043e\u043a\u0430\u0440\u0430\u043d\u0456!<\/p>\n<p>\u041e\u043a\u0443\u043f\u0430\u0446\u0456\u0438\u0306\u043d\u0430 \u0440\u043e\u0441\u0456\u0438\u0306\u0441\u044c\u043a\u0430 \u0432\u043b\u0430\u0434\u0430 \u0437\u0430 \u0431\u0443\u0434\u044c \u044f\u043a\u0443 \u0446\u0456\u043d\u0443 \u043d\u0430\u043c\u0430\u0433\u0430\u0454\u0442\u044c\u0441\u044f \u043f\u0440\u043e\u0432\u0435\u0441\u0442\u0438 \u043d\u0430 \u0442\u0438\u043c\u0447\u0430\u0441\u043e\u0432\u043e \u043e\u043a\u0443\u043f\u043e\u0432\u0430\u043d\u0438\u0445 \u0442\u0435\u0440\u0438\u0442\u043e\u0440\u0456\u044f\u0445 \u0441\u0432\u043e\u0456\u0308 \u043f\u0441\u0435\u0432\u0434\u043e\u0440\u0435\u0444\u0435\u0440\u0435\u043d\u0434\u0443\u043c\u0438.https:\/\/t.co\/PWrlRD9x1W<\/p>\n<p>Le ministe\u0300re a e\u0301galement souligne\u0301 que, outre une liste de noms de tous les participants a\u0300 ce crime, les autorite\u0301s ukrainiennes disposent e\u0301galement des adresses exactes de tous les soi-disant bureaux de vote, du nombre de soi-disant e\u0301lecteurs attache\u0301s a\u0300 ces bureaux de vote, des itine\u0301raires de\u0301taille\u0301s de occupants pour recueillir des votes, et me\u0302me leurs nume\u0301ros de voiture et les donne\u0301es personnelles des conducteurs.<\/p>\n<p>Kiev appelle donc les forces de l\u2019ordre a\u0300 enque\u0302ter sur les preuves concernant la conduite de re\u0301fe\u0301rendums fictifs en particulier, la le\u0301gitimite\u0301 de l\u2019entre\u0301e, du se\u0301jour et de l\u2019ope\u0301ration des soi-disant observateurs e\u0301trangers sur les territoires ukrainiens temporairement occupe\u0301s.<\/p>\n<p><strong>Pour plus d&rsquo;informations et d&rsquo;analyses sur la <a href=\"https:\/\/www.africa-press.net\/togo\">Togo<\/a>, suivez <a href=\"https:\/\/www.africa-press.net\/\">Africa-Press<\/a><\/strong><\/p>\n","protected":false},"excerpt":{"rendered":"<p>Africa-Press &#8211; Togo. Le ministe\u0300re de la Re\u0301inte\u0301gration des territoires temporairement occupe\u0301s d\u2019Ukraine a re\u0301pertorie\u0301 huit pays qui ont fourni leurs observateurs pour des re\u0301fe\u0301rendums, que la Russie me\u0300ne sur les territoires ukrainiens temporairement occupe\u0301s. Le Togo en fait partie! Le ministe\u0300re a re\u0301pertorie\u0301 sur son site Internet les huit nations, parmi lesquels se trouvent [&hellip;]<\/p>\n","protected":false},"author":82,"featured_media":11492,"comment_status":"open","ping_status":"closed","sticky":false,"template":"","format":"standard","meta":{"footnotes":""},"categories":[2,10],"tags":[36,49,50],"class_list":["post-11493","post","type-post","status-publish","format-standard","has-post-thumbnail","hentry","category-politique","category-toutes-les-actualites","tag-africa-press","tag-africa-press-togo","tag-togo"],"yoast_head":"<!-- This site is optimized with the Yoast SEO Premium plugin v26.1 (Yoast SEO v27.0) - https:\/\/yoast.com\/product\/yoast-seo-premium-wordpress\/ -->\n<title>Ukraine-Le Togo impliqu\u00e9 dans l\u2019affaire de r\u00e9f\u00e9rendums controvers\u00e9s de la Russie? - Togo<\/title>\n<meta name=\"description\" content=\"Le ministe\u0300re de la Re\u0301inte\u0301gration des territoires temporairement occupe\u0301s d\u2019Ukraine a re\u0301pertorie\u0301 huit pays qui on ...\" \/>\n<meta name=\"robots\" content=\"index, follow, max-snippet:-1, max-image-preview:large, max-video-preview:-1\" \/>\n<link rel=\"canonical\" href=\"https:\/\/www.africa-press.net\/togo\/politique\/ukraine-le-togo-implique-dans-laffaire-de-referendums-controverses-de-la-russie\" \/>\n<meta property=\"og:locale\" content=\"fr_FR\" \/>\n<meta property=\"og:type\" content=\"article\" \/>\n<meta property=\"og:title\" content=\"Ukraine-Le Togo impliqu\u00e9 dans l\u2019affaire de r\u00e9f\u00e9rendums controvers\u00e9s de la Russie?\" \/>\n<meta property=\"og:description\" content=\"Le ministe\u0300re de la Re\u0301inte\u0301gration des territoires temporairement occupe\u0301s d\u2019Ukraine a re\u0301pertorie\u0301 huit pays qui on ...\" \/>\n<meta property=\"og:url\" content=\"https:\/\/www.africa-press.net\/togo\/politique\/ukraine-le-togo-implique-dans-laffaire-de-referendums-controverses-de-la-russie\" \/>\n<meta property=\"og:site_name\" content=\"Togo\" \/>\n<meta property=\"article:published_time\" content=\"2022-09-25T16:43:20+00:00\" \/>\n<meta property=\"article:modified_time\" content=\"2022-09-25T16:50:30+00:00\" \/>\n<meta property=\"og:image\" content=\"https:\/\/static.africa-press.net\/togo\/sites\/58\/2022\/09\/postQueueImg_6-633086b888996.jpg\" \/>\n\t<meta property=\"og:image:width\" content=\"768\" \/>\n\t<meta property=\"og:image:height\" content=\"549\" \/>\n\t<meta property=\"og:image:type\" content=\"image\/jpeg\" \/>\n<meta name=\"author\" content=\"cfeditorfr\" \/>\n<meta name=\"twitter:card\" content=\"summary_large_image\" \/>\n<meta name=\"twitter:label1\" content=\"\u00c9crit par\" \/>\n\t<meta name=\"twitter:data1\" content=\"cfeditorfr\" \/>\n\t<meta name=\"twitter:label2\" content=\"Dur\u00e9e de lecture estim\u00e9e\" \/>\n\t<meta name=\"twitter:data2\" content=\"2 minutes\" \/>\n<script type=\"application\/ld+json\" class=\"yoast-schema-graph\">{\"@context\":\"https:\/\/schema.org\",\"@graph\":[{\"@type\":\"Article\",\"@id\":\"https:\/\/www.africa-press.net\/togo\/politique\/ukraine-le-togo-implique-dans-laffaire-de-referendums-controverses-de-la-russie#article\",\"isPartOf\":{\"@id\":\"https:\/\/www.africa-press.net\/togo\/politique\/ukraine-le-togo-implique-dans-laffaire-de-referendums-controverses-de-la-russie\"},\"author\":{\"name\":\"cfeditorfr\",\"@id\":\"https:\/\/www.africa-press.net\/togo\/#\/schema\/person\/2b1cf3cd81a31e3cd26889ca66d677f1\"},\"headline\":\"Ukraine-Le Togo impliqu\u00e9 dans l\u2019affaire de r\u00e9f\u00e9rendums controvers\u00e9s de la Russie?\",\"datePublished\":\"2022-09-25T16:43:20+00:00\",\"dateModified\":\"2022-09-25T16:50:30+00:00\",\"mainEntityOfPage\":{\"@id\":\"https:\/\/www.africa-press.net\/togo\/politique\/ukraine-le-togo-implique-dans-laffaire-de-referendums-controverses-de-la-russie\"},\"wordCount\":421,\"commentCount\":0,\"image\":{\"@id\":\"https:\/\/www.africa-press.net\/togo\/politique\/ukraine-le-togo-implique-dans-laffaire-de-referendums-controverses-de-la-russie#primaryimage\"},\"thumbnailUrl\":\"https:\/\/static.africa-press.net\/togo\/sites\/58\/2022\/09\/postQueueImg_6-633086b888996.jpg\",\"keywords\":[\"Africa Press\",\"Africa Press-Togo\",\"Togo\"],\"articleSection\":[\"Politique\",\"Toutes les actualit\u00e9s\"],\"inLanguage\":\"fr-FR\",\"potentialAction\":[{\"@type\":\"CommentAction\",\"name\":\"Comment\",\"target\":[\"https:\/\/www.africa-press.net\/togo\/politique\/ukraine-le-togo-implique-dans-laffaire-de-referendums-controverses-de-la-russie#respond\"]}]},{\"@type\":\"WebPage\",\"@id\":\"https:\/\/www.africa-press.net\/togo\/politique\/ukraine-le-togo-implique-dans-laffaire-de-referendums-controverses-de-la-russie\",\"url\":\"https:\/\/www.africa-press.net\/togo\/politique\/ukraine-le-togo-implique-dans-laffaire-de-referendums-controverses-de-la-russie\",\"name\":\"Ukraine-Le Togo impliqu\u00e9 dans l\u2019affaire de r\u00e9f\u00e9rendums controvers\u00e9s de la Russie? - Togo\",\"isPartOf\":{\"@id\":\"https:\/\/www.africa-press.net\/togo\/#website\"},\"primaryImageOfPage\":{\"@id\":\"https:\/\/www.africa-press.net\/togo\/politique\/ukraine-le-togo-implique-dans-laffaire-de-referendums-controverses-de-la-russie#primaryimage\"},\"image\":{\"@id\":\"https:\/\/www.africa-press.net\/togo\/politique\/ukraine-le-togo-implique-dans-laffaire-de-referendums-controverses-de-la-russie#primaryimage\"},\"thumbnailUrl\":\"https:\/\/static.africa-press.net\/togo\/sites\/58\/2022\/09\/postQueueImg_6-633086b888996.jpg\",\"datePublished\":\"2022-09-25T16:43:20+00:00\",\"dateModified\":\"2022-09-25T16:50:30+00:00\",\"author\":{\"@id\":\"https:\/\/www.africa-press.net\/togo\/#\/schema\/person\/2b1cf3cd81a31e3cd26889ca66d677f1\"},\"description\":\"Le ministe\u0300re de la Re\u0301inte\u0301gration des territoires temporairement occupe\u0301s d\u2019Ukraine a re\u0301pertorie\u0301 huit pays qui on ...\",\"breadcrumb\":{\"@id\":\"https:\/\/www.africa-press.net\/togo\/politique\/ukraine-le-togo-implique-dans-laffaire-de-referendums-controverses-de-la-russie#breadcrumb\"},\"inLanguage\":\"fr-FR\",\"potentialAction\":[{\"@type\":\"ReadAction\",\"target\":[\"https:\/\/www.africa-press.net\/togo\/politique\/ukraine-le-togo-implique-dans-laffaire-de-referendums-controverses-de-la-russie\"]}]},{\"@type\":\"ImageObject\",\"inLanguage\":\"fr-FR\",\"@id\":\"https:\/\/www.africa-press.net\/togo\/politique\/ukraine-le-togo-implique-dans-laffaire-de-referendums-controverses-de-la-russie#primaryimage\",\"url\":\"https:\/\/static.africa-press.net\/togo\/sites\/58\/2022\/09\/postQueueImg_6-633086b888996.jpg\",\"contentUrl\":\"https:\/\/static.africa-press.net\/togo\/sites\/58\/2022\/09\/postQueueImg_6-633086b888996.jpg\",\"width\":768,\"height\":549,\"caption\":\"Ukraine-Le Togo impliqu\u00e9 dans l\u2019affaire de r\u00e9f\u00e9rendums controvers\u00e9s de la Russie?\"},{\"@type\":\"BreadcrumbList\",\"@id\":\"https:\/\/www.africa-press.net\/togo\/politique\/ukraine-le-togo-implique-dans-laffaire-de-referendums-controverses-de-la-russie#breadcrumb\",\"itemListElement\":[{\"@type\":\"ListItem\",\"position\":1,\"name\":\"Accueil\",\"item\":\"https:\/\/www.africa-press.net\/togo\/\"},{\"@type\":\"ListItem\",\"position\":2,\"name\":\"Ukraine-Le Togo impliqu\u00e9 dans l\u2019affaire de r\u00e9f\u00e9rendums controvers\u00e9s de la Russie?\"}]},{\"@type\":\"WebSite\",\"@id\":\"https:\/\/www.africa-press.net\/togo\/#website\",\"url\":\"https:\/\/www.africa-press.net\/togo\/\",\"name\":\"Togo\",\"description\":\"Just another Africa News Agency Sites site\",\"potentialAction\":[{\"@type\":\"SearchAction\",\"target\":{\"@type\":\"EntryPoint\",\"urlTemplate\":\"https:\/\/www.africa-press.net\/togo\/?s={search_term_string}\"},\"query-input\":{\"@type\":\"PropertyValueSpecification\",\"valueRequired\":true,\"valueName\":\"search_term_string\"}}],\"inLanguage\":\"fr-FR\"},{\"@type\":\"Person\",\"@id\":\"https:\/\/www.africa-press.net\/togo\/#\/schema\/person\/2b1cf3cd81a31e3cd26889ca66d677f1\",\"name\":\"cfeditorfr\"}]}<\/script>\n<!-- \/ Yoast SEO Premium plugin. -->","yoast_head_json":{"title":"Ukraine-Le Togo impliqu\u00e9 dans l\u2019affaire de r\u00e9f\u00e9rendums controvers\u00e9s de la Russie? - Togo","description":"Le ministe\u0300re de la Re\u0301inte\u0301gration des territoires temporairement occupe\u0301s d\u2019Ukraine a re\u0301pertorie\u0301 huit pays qui on ...","robots":{"index":"index","follow":"follow","max-snippet":"max-snippet:-1","max-image-preview":"max-image-preview:large","max-video-preview":"max-video-preview:-1"},"canonical":"https:\/\/www.africa-press.net\/togo\/politique\/ukraine-le-togo-implique-dans-laffaire-de-referendums-controverses-de-la-russie","og_locale":"fr_FR","og_type":"article","og_title":"Ukraine-Le Togo impliqu\u00e9 dans l\u2019affaire de r\u00e9f\u00e9rendums controvers\u00e9s de la Russie?","og_description":"Le ministe\u0300re de la Re\u0301inte\u0301gration des territoires temporairement occupe\u0301s d\u2019Ukraine a re\u0301pertorie\u0301 huit pays qui on ...","og_url":"https:\/\/www.africa-press.net\/togo\/politique\/ukraine-le-togo-implique-dans-laffaire-de-referendums-controverses-de-la-russie","og_site_name":"Togo","article_published_time":"2022-09-25T16:43:20+00:00","article_modified_time":"2022-09-25T16:50:30+00:00","og_image":[{"width":768,"height":549,"url":"https:\/\/static.africa-press.net\/togo\/sites\/58\/2022\/09\/postQueueImg_6-633086b888996.jpg","type":"image\/jpeg"}],"author":"cfeditorfr","twitter_card":"summary_large_image","twitter_misc":{"\u00c9crit par":"cfeditorfr","Dur\u00e9e de lecture estim\u00e9e":"2 minutes"},"schema":{"@context":"https:\/\/schema.org","@graph":[{"@type":"Article","@id":"https:\/\/www.africa-press.net\/togo\/politique\/ukraine-le-togo-implique-dans-laffaire-de-referendums-controverses-de-la-russie#article","isPartOf":{"@id":"https:\/\/www.africa-press.net\/togo\/politique\/ukraine-le-togo-implique-dans-laffaire-de-referendums-controverses-de-la-russie"},"author":{"name":"cfeditorfr","@id":"https:\/\/www.africa-press.net\/togo\/#\/schema\/person\/2b1cf3cd81a31e3cd26889ca66d677f1"},"headline":"Ukraine-Le Togo impliqu\u00e9 dans l\u2019affaire de r\u00e9f\u00e9rendums controvers\u00e9s de la Russie?","datePublished":"2022-09-25T16:43:20+00:00","dateModified":"2022-09-25T16:50:30+00:00","mainEntityOfPage":{"@id":"https:\/\/www.africa-press.net\/togo\/politique\/ukraine-le-togo-implique-dans-laffaire-de-referendums-controverses-de-la-russie"},"wordCount":421,"commentCount":0,"image":{"@id":"https:\/\/www.africa-press.net\/togo\/politique\/ukraine-le-togo-implique-dans-laffaire-de-referendums-controverses-de-la-russie#primaryimage"},"thumbnailUrl":"https:\/\/static.africa-press.net\/togo\/sites\/58\/2022\/09\/postQueueImg_6-633086b888996.jpg","keywords":["Africa Press","Africa Press-Togo","Togo"],"articleSection":["Politique","Toutes les actualit\u00e9s"],"inLanguage":"fr-FR","potentialAction":[{"@type":"CommentAction","name":"Comment","target":["https:\/\/www.africa-press.net\/togo\/politique\/ukraine-le-togo-implique-dans-laffaire-de-referendums-controverses-de-la-russie#respond"]}]},{"@type":"WebPage","@id":"https:\/\/www.africa-press.net\/togo\/politique\/ukraine-le-togo-implique-dans-laffaire-de-referendums-controverses-de-la-russie","url":"https:\/\/www.africa-press.net\/togo\/politique\/ukraine-le-togo-implique-dans-laffaire-de-referendums-controverses-de-la-russie","name":"Ukraine-Le Togo impliqu\u00e9 dans l\u2019affaire de r\u00e9f\u00e9rendums controvers\u00e9s de la Russie? - Togo","isPartOf":{"@id":"https:\/\/www.africa-press.net\/togo\/#website"},"primaryImageOfPage":{"@id":"https:\/\/www.africa-press.net\/togo\/politique\/ukraine-le-togo-implique-dans-laffaire-de-referendums-controverses-de-la-russie#primaryimage"},"image":{"@id":"https:\/\/www.africa-press.net\/togo\/politique\/ukraine-le-togo-implique-dans-laffaire-de-referendums-controverses-de-la-russie#primaryimage"},"thumbnailUrl":"https:\/\/static.africa-press.net\/togo\/sites\/58\/2022\/09\/postQueueImg_6-633086b888996.jpg","datePublished":"2022-09-25T16:43:20+00:00","dateModified":"2022-09-25T16:50:30+00:00","author":{"@id":"https:\/\/www.africa-press.net\/togo\/#\/schema\/person\/2b1cf3cd81a31e3cd26889ca66d677f1"},"description":"Le ministe\u0300re de la Re\u0301inte\u0301gration des territoires temporairement occupe\u0301s d\u2019Ukraine a re\u0301pertorie\u0301 huit pays qui on ...","breadcrumb":{"@id":"https:\/\/www.africa-press.net\/togo\/politique\/ukraine-le-togo-implique-dans-laffaire-de-referendums-controverses-de-la-russie#breadcrumb"},"inLanguage":"fr-FR","potentialAction":[{"@type":"ReadAction","target":["https:\/\/www.africa-press.net\/togo\/politique\/ukraine-le-togo-implique-dans-laffaire-de-referendums-controverses-de-la-russie"]}]},{"@type":"ImageObject","inLanguage":"fr-FR","@id":"https:\/\/www.africa-press.net\/togo\/politique\/ukraine-le-togo-implique-dans-laffaire-de-referendums-controverses-de-la-russie#primaryimage","url":"https:\/\/static.africa-press.net\/togo\/sites\/58\/2022\/09\/postQueueImg_6-633086b888996.jpg","contentUrl":"https:\/\/static.africa-press.net\/togo\/sites\/58\/2022\/09\/postQueueImg_6-633086b888996.jpg","width":768,"height":549,"caption":"Ukraine-Le Togo impliqu\u00e9 dans l\u2019affaire de r\u00e9f\u00e9rendums controvers\u00e9s de la Russie?"},{"@type":"BreadcrumbList","@id":"https:\/\/www.africa-press.net\/togo\/politique\/ukraine-le-togo-implique-dans-laffaire-de-referendums-controverses-de-la-russie#breadcrumb","itemListElement":[{"@type":"ListItem","position":1,"name":"Accueil","item":"https:\/\/www.africa-press.net\/togo\/"},{"@type":"ListItem","position":2,"name":"Ukraine-Le Togo impliqu\u00e9 dans l\u2019affaire de r\u00e9f\u00e9rendums controvers\u00e9s de la Russie?"}]},{"@type":"WebSite","@id":"https:\/\/www.africa-press.net\/togo\/#website","url":"https:\/\/www.africa-press.net\/togo\/","name":"Togo","description":"Just another Africa News Agency Sites site","potentialAction":[{"@type":"SearchAction","target":{"@type":"EntryPoint","urlTemplate":"https:\/\/www.africa-press.net\/togo\/?s={search_term_string}"},"query-input":{"@type":"PropertyValueSpecification","valueRequired":true,"valueName":"search_term_string"}}],"inLanguage":"fr-FR"},{"@type":"Person","@id":"https:\/\/www.africa-press.net\/togo\/#\/schema\/person\/2b1cf3cd81a31e3cd26889ca66d677f1","name":"cfeditorfr"}]}},"_links":{"self":[{"href":"https:\/\/www.africa-press.net\/togo\/wp-json\/wp\/v2\/posts\/11493","targetHints":{"allow":["GET"]}}],"collection":[{"href":"https:\/\/www.africa-press.net\/togo\/wp-json\/wp\/v2\/posts"}],"about":[{"href":"https:\/\/www.africa-press.net\/togo\/wp-json\/wp\/v2\/types\/post"}],"author":[{"embeddable":true,"href":"https:\/\/www.africa-press.net\/togo\/wp-json\/wp\/v2\/users\/82"}],"replies":[{"embeddable":true,"href":"https:\/\/www.africa-press.net\/togo\/wp-json\/wp\/v2\/comments?post=11493"}],"version-history":[{"count":0,"href":"https:\/\/www.africa-press.net\/togo\/wp-json\/wp\/v2\/posts\/11493\/revisions"}],"wp:featuredmedia":[{"embeddable":true,"href":"https:\/\/www.africa-press.net\/togo\/wp-json\/wp\/v2\/media\/11492"}],"wp:attachment":[{"href":"https:\/\/www.africa-press.net\/togo\/wp-json\/wp\/v2\/media?parent=11493"}],"wp:term":[{"taxonomy":"category","embeddable":true,"href":"https:\/\/www.africa-press.net\/togo\/wp-json\/wp\/v2\/categories?post=11493"},{"taxonomy":"post_tag","embeddable":true,"href":"https:\/\/www.africa-press.net\/togo\/wp-json\/wp\/v2\/tags?post=11493"}],"curies":[{"name":"wp","href":"https:\/\/api.w.org\/{rel}","templated":true}]}}