{"id":11514,"date":"2022-09-26T17:29:17","date_gmt":"2022-09-26T17:29:17","guid":{"rendered":"https:\/\/www.africa-press.net\/togo\/politique\/togo-les-eperviers-quittent-la-france-pour-le-maroc"},"modified":"2022-09-26T17:38:45","modified_gmt":"2022-09-26T17:38:45","slug":"togo-les-eperviers-quittent-la-france-pour-le-maroc","status":"publish","type":"post","link":"https:\/\/www.africa-press.net\/togo\/sports\/togo-les-eperviers-quittent-la-france-pour-le-maroc","title":{"rendered":"Togo-Les Eperviers quittent la France pour le Maroc"},"content":{"rendered":"<p><span style=\"color: #ff6600\"><strong>Africa-Press &#8211; Togo. <\/strong><\/span><b>Apre\u0300s une de\u0301faite samedi (2-1) contre les Ele\u0301phants de Co\u0302te d\u2019Ivoire a\u0300 Rouen en France, les E\u0301perviers du Togo ont pris la direction de la capitale du Maroc ou\u0300 ils affronteront un autre pays africain dans le cadre des journe\u0301es FIFA de septembre 2022.<\/b><\/p>\n<p>Selon nos informations, la se\u0301lection nationale du Togo, les E\u0301perviers, qui a quitte\u0301 Paris a\u0300 la mi journe\u0301e ce dimanche a rejoint Casablanca (Maroc) a\u0300 14h 50 locales.<\/p>\n<p>\u00abDe l\u2019ae\u0301roport, l\u2019e\u0301quipe a ensuite pris ses quartiers au Novotel Mohammedia. Repos et re\u0301cupe\u0301ration pour les joueurs pour le reste de la journe\u0301e \u00bb, nous a indique\u0301 une source proche de la de\u0301le\u0301gation.<\/p>\n<p>L\u2019unique se\u0301ance d\u2019entrai\u0302nement aura lieu ce lundi. Puis mardi, les hommes de Paulo Duarte affronteront la Guine\u0301e E\u0301quatoriale en match amical.<\/p>\n<p><strong>Pour plus d&rsquo;informations et d&rsquo;analyses sur la <a href=\"https:\/\/www.africa-press.net\/togo\">Togo<\/a>, suivez <a href=\"https:\/\/www.africa-press.net\/\">Africa-Press<\/a><\/strong><\/p>\n","protected":false},"excerpt":{"rendered":"<p>Africa-Press &#8211; Togo. Apre\u0300s une de\u0301faite samedi (2-1) contre les Ele\u0301phants de Co\u0302te d\u2019Ivoire a\u0300 Rouen en France, les E\u0301perviers du Togo ont pris la direction de la capitale du Maroc ou\u0300 ils affronteront un autre pays africain dans le cadre des journe\u0301es FIFA de septembre 2022. Selon nos informations, la se\u0301lection nationale du Togo, [&hellip;]<\/p>\n","protected":false},"author":82,"featured_media":11513,"comment_status":"open","ping_status":"closed","sticky":false,"template":"","format":"standard","meta":{"footnotes":""},"categories":[6,10],"tags":[36,49,50],"class_list":["post-11514","post","type-post","status-publish","format-standard","has-post-thumbnail","hentry","category-sports","category-toutes-les-actualites","tag-africa-press","tag-africa-press-togo","tag-togo"],"yoast_head":"<!-- This site is optimized with the Yoast SEO Premium plugin v26.1 (Yoast SEO v27.0) - https:\/\/yoast.com\/product\/yoast-seo-premium-wordpress\/ -->\n<title>Togo-Les Eperviers quittent la France pour le Maroc - Togo<\/title>\n<meta name=\"description\" content=\"Apre\u0300s une de\u0301faite samedi (2-1) contre les Ele\u0301phants de Co\u0302te d\u2019Ivoire a\u0300 Rouen en France, les E\u0301perviers du Togo o ...\" \/>\n<meta name=\"robots\" content=\"index, follow, max-snippet:-1, max-image-preview:large, max-video-preview:-1\" \/>\n<link rel=\"canonical\" href=\"https:\/\/www.africa-press.net\/togo\/sports\/togo-les-eperviers-quittent-la-france-pour-le-maroc\" \/>\n<meta property=\"og:locale\" content=\"fr_FR\" \/>\n<meta property=\"og:type\" content=\"article\" \/>\n<meta property=\"og:title\" content=\"Togo-Les Eperviers quittent la France pour le Maroc\" \/>\n<meta property=\"og:description\" content=\"Apre\u0300s une de\u0301faite samedi (2-1) contre les Ele\u0301phants de Co\u0302te d\u2019Ivoire a\u0300 Rouen en France, les E\u0301perviers du Togo o ...\" \/>\n<meta property=\"og:url\" content=\"https:\/\/www.africa-press.net\/togo\/sports\/togo-les-eperviers-quittent-la-france-pour-le-maroc\" \/>\n<meta property=\"og:site_name\" content=\"Togo\" \/>\n<meta property=\"article:published_time\" content=\"2022-09-26T17:29:17+00:00\" \/>\n<meta property=\"article:modified_time\" content=\"2022-09-26T17:38:45+00:00\" \/>\n<meta property=\"og:image\" content=\"https:\/\/static.africa-press.net\/togo\/sites\/58\/2022\/09\/postQueueImg_1-6331e36beae46.jpg\" \/>\n\t<meta property=\"og:image:width\" content=\"1080\" \/>\n\t<meta property=\"og:image:height\" content=\"720\" \/>\n\t<meta property=\"og:image:type\" content=\"image\/jpeg\" \/>\n<meta name=\"author\" content=\"cfeditorfr\" \/>\n<meta name=\"twitter:card\" content=\"summary_large_image\" \/>\n<meta name=\"twitter:label1\" content=\"\u00c9crit par\" \/>\n\t<meta name=\"twitter:data1\" content=\"cfeditorfr\" \/>\n\t<meta name=\"twitter:label2\" content=\"Dur\u00e9e de lecture estim\u00e9e\" \/>\n\t<meta name=\"twitter:data2\" content=\"1 minute\" \/>\n<script type=\"application\/ld+json\" class=\"yoast-schema-graph\">{\"@context\":\"https:\/\/schema.org\",\"@graph\":[{\"@type\":\"Article\",\"@id\":\"https:\/\/www.africa-press.net\/togo\/sports\/togo-les-eperviers-quittent-la-france-pour-le-maroc#article\",\"isPartOf\":{\"@id\":\"https:\/\/www.africa-press.net\/togo\/sports\/togo-les-eperviers-quittent-la-france-pour-le-maroc\"},\"author\":{\"name\":\"cfeditorfr\",\"@id\":\"https:\/\/www.africa-press.net\/togo\/#\/schema\/person\/2b1cf3cd81a31e3cd26889ca66d677f1\"},\"headline\":\"Togo-Les Eperviers quittent la France pour le Maroc\",\"datePublished\":\"2022-09-26T17:29:17+00:00\",\"dateModified\":\"2022-09-26T17:38:45+00:00\",\"mainEntityOfPage\":{\"@id\":\"https:\/\/www.africa-press.net\/togo\/sports\/togo-les-eperviers-quittent-la-france-pour-le-maroc\"},\"wordCount\":171,\"commentCount\":0,\"image\":{\"@id\":\"https:\/\/www.africa-press.net\/togo\/sports\/togo-les-eperviers-quittent-la-france-pour-le-maroc#primaryimage\"},\"thumbnailUrl\":\"https:\/\/static.africa-press.net\/togo\/sites\/58\/2022\/09\/postQueueImg_1-6331e36beae46.jpg\",\"keywords\":[\"Africa Press\",\"Africa Press-Togo\",\"Togo\"],\"articleSection\":[\"Sports\",\"Toutes les actualit\u00e9s\"],\"inLanguage\":\"fr-FR\",\"potentialAction\":[{\"@type\":\"CommentAction\",\"name\":\"Comment\",\"target\":[\"https:\/\/www.africa-press.net\/togo\/sports\/togo-les-eperviers-quittent-la-france-pour-le-maroc#respond\"]}]},{\"@type\":\"WebPage\",\"@id\":\"https:\/\/www.africa-press.net\/togo\/sports\/togo-les-eperviers-quittent-la-france-pour-le-maroc\",\"url\":\"https:\/\/www.africa-press.net\/togo\/sports\/togo-les-eperviers-quittent-la-france-pour-le-maroc\",\"name\":\"Togo-Les Eperviers quittent la France pour le Maroc - Togo\",\"isPartOf\":{\"@id\":\"https:\/\/www.africa-press.net\/togo\/#website\"},\"primaryImageOfPage\":{\"@id\":\"https:\/\/www.africa-press.net\/togo\/sports\/togo-les-eperviers-quittent-la-france-pour-le-maroc#primaryimage\"},\"image\":{\"@id\":\"https:\/\/www.africa-press.net\/togo\/sports\/togo-les-eperviers-quittent-la-france-pour-le-maroc#primaryimage\"},\"thumbnailUrl\":\"https:\/\/static.africa-press.net\/togo\/sites\/58\/2022\/09\/postQueueImg_1-6331e36beae46.jpg\",\"datePublished\":\"2022-09-26T17:29:17+00:00\",\"dateModified\":\"2022-09-26T17:38:45+00:00\",\"author\":{\"@id\":\"https:\/\/www.africa-press.net\/togo\/#\/schema\/person\/2b1cf3cd81a31e3cd26889ca66d677f1\"},\"description\":\"Apre\u0300s une de\u0301faite samedi (2-1) contre les Ele\u0301phants de Co\u0302te d\u2019Ivoire a\u0300 Rouen en France, les E\u0301perviers du Togo o ...\",\"breadcrumb\":{\"@id\":\"https:\/\/www.africa-press.net\/togo\/sports\/togo-les-eperviers-quittent-la-france-pour-le-maroc#breadcrumb\"},\"inLanguage\":\"fr-FR\",\"potentialAction\":[{\"@type\":\"ReadAction\",\"target\":[\"https:\/\/www.africa-press.net\/togo\/sports\/togo-les-eperviers-quittent-la-france-pour-le-maroc\"]}]},{\"@type\":\"ImageObject\",\"inLanguage\":\"fr-FR\",\"@id\":\"https:\/\/www.africa-press.net\/togo\/sports\/togo-les-eperviers-quittent-la-france-pour-le-maroc#primaryimage\",\"url\":\"https:\/\/static.africa-press.net\/togo\/sites\/58\/2022\/09\/postQueueImg_1-6331e36beae46.jpg\",\"contentUrl\":\"https:\/\/static.africa-press.net\/togo\/sites\/58\/2022\/09\/postQueueImg_1-6331e36beae46.jpg\",\"width\":1080,\"height\":720,\"caption\":\"Togo-Les Eperviers quittent la France pour le Maroc\"},{\"@type\":\"BreadcrumbList\",\"@id\":\"https:\/\/www.africa-press.net\/togo\/sports\/togo-les-eperviers-quittent-la-france-pour-le-maroc#breadcrumb\",\"itemListElement\":[{\"@type\":\"ListItem\",\"position\":1,\"name\":\"Accueil\",\"item\":\"https:\/\/www.africa-press.net\/togo\/\"},{\"@type\":\"ListItem\",\"position\":2,\"name\":\"Togo-Les Eperviers quittent la France pour le Maroc\"}]},{\"@type\":\"WebSite\",\"@id\":\"https:\/\/www.africa-press.net\/togo\/#website\",\"url\":\"https:\/\/www.africa-press.net\/togo\/\",\"name\":\"Togo\",\"description\":\"Just another Africa News Agency Sites site\",\"potentialAction\":[{\"@type\":\"SearchAction\",\"target\":{\"@type\":\"EntryPoint\",\"urlTemplate\":\"https:\/\/www.africa-press.net\/togo\/?s={search_term_string}\"},\"query-input\":{\"@type\":\"PropertyValueSpecification\",\"valueRequired\":true,\"valueName\":\"search_term_string\"}}],\"inLanguage\":\"fr-FR\"},{\"@type\":\"Person\",\"@id\":\"https:\/\/www.africa-press.net\/togo\/#\/schema\/person\/2b1cf3cd81a31e3cd26889ca66d677f1\",\"name\":\"cfeditorfr\"}]}<\/script>\n<!-- \/ Yoast SEO Premium plugin. -->","yoast_head_json":{"title":"Togo-Les Eperviers quittent la France pour le Maroc - Togo","description":"Apre\u0300s une de\u0301faite samedi (2-1) contre les Ele\u0301phants de Co\u0302te d\u2019Ivoire a\u0300 Rouen en France, les E\u0301perviers du Togo o ...","robots":{"index":"index","follow":"follow","max-snippet":"max-snippet:-1","max-image-preview":"max-image-preview:large","max-video-preview":"max-video-preview:-1"},"canonical":"https:\/\/www.africa-press.net\/togo\/sports\/togo-les-eperviers-quittent-la-france-pour-le-maroc","og_locale":"fr_FR","og_type":"article","og_title":"Togo-Les Eperviers quittent la France pour le Maroc","og_description":"Apre\u0300s une de\u0301faite samedi (2-1) contre les Ele\u0301phants de Co\u0302te d\u2019Ivoire a\u0300 Rouen en France, les E\u0301perviers du Togo o ...","og_url":"https:\/\/www.africa-press.net\/togo\/sports\/togo-les-eperviers-quittent-la-france-pour-le-maroc","og_site_name":"Togo","article_published_time":"2022-09-26T17:29:17+00:00","article_modified_time":"2022-09-26T17:38:45+00:00","og_image":[{"width":1080,"height":720,"url":"https:\/\/static.africa-press.net\/togo\/sites\/58\/2022\/09\/postQueueImg_1-6331e36beae46.jpg","type":"image\/jpeg"}],"author":"cfeditorfr","twitter_card":"summary_large_image","twitter_misc":{"\u00c9crit par":"cfeditorfr","Dur\u00e9e de lecture estim\u00e9e":"1 minute"},"schema":{"@context":"https:\/\/schema.org","@graph":[{"@type":"Article","@id":"https:\/\/www.africa-press.net\/togo\/sports\/togo-les-eperviers-quittent-la-france-pour-le-maroc#article","isPartOf":{"@id":"https:\/\/www.africa-press.net\/togo\/sports\/togo-les-eperviers-quittent-la-france-pour-le-maroc"},"author":{"name":"cfeditorfr","@id":"https:\/\/www.africa-press.net\/togo\/#\/schema\/person\/2b1cf3cd81a31e3cd26889ca66d677f1"},"headline":"Togo-Les Eperviers quittent la France pour le Maroc","datePublished":"2022-09-26T17:29:17+00:00","dateModified":"2022-09-26T17:38:45+00:00","mainEntityOfPage":{"@id":"https:\/\/www.africa-press.net\/togo\/sports\/togo-les-eperviers-quittent-la-france-pour-le-maroc"},"wordCount":171,"commentCount":0,"image":{"@id":"https:\/\/www.africa-press.net\/togo\/sports\/togo-les-eperviers-quittent-la-france-pour-le-maroc#primaryimage"},"thumbnailUrl":"https:\/\/static.africa-press.net\/togo\/sites\/58\/2022\/09\/postQueueImg_1-6331e36beae46.jpg","keywords":["Africa Press","Africa Press-Togo","Togo"],"articleSection":["Sports","Toutes les actualit\u00e9s"],"inLanguage":"fr-FR","potentialAction":[{"@type":"CommentAction","name":"Comment","target":["https:\/\/www.africa-press.net\/togo\/sports\/togo-les-eperviers-quittent-la-france-pour-le-maroc#respond"]}]},{"@type":"WebPage","@id":"https:\/\/www.africa-press.net\/togo\/sports\/togo-les-eperviers-quittent-la-france-pour-le-maroc","url":"https:\/\/www.africa-press.net\/togo\/sports\/togo-les-eperviers-quittent-la-france-pour-le-maroc","name":"Togo-Les Eperviers quittent la France pour le Maroc - Togo","isPartOf":{"@id":"https:\/\/www.africa-press.net\/togo\/#website"},"primaryImageOfPage":{"@id":"https:\/\/www.africa-press.net\/togo\/sports\/togo-les-eperviers-quittent-la-france-pour-le-maroc#primaryimage"},"image":{"@id":"https:\/\/www.africa-press.net\/togo\/sports\/togo-les-eperviers-quittent-la-france-pour-le-maroc#primaryimage"},"thumbnailUrl":"https:\/\/static.africa-press.net\/togo\/sites\/58\/2022\/09\/postQueueImg_1-6331e36beae46.jpg","datePublished":"2022-09-26T17:29:17+00:00","dateModified":"2022-09-26T17:38:45+00:00","author":{"@id":"https:\/\/www.africa-press.net\/togo\/#\/schema\/person\/2b1cf3cd81a31e3cd26889ca66d677f1"},"description":"Apre\u0300s une de\u0301faite samedi (2-1) contre les Ele\u0301phants de Co\u0302te d\u2019Ivoire a\u0300 Rouen en France, les E\u0301perviers du Togo o ...","breadcrumb":{"@id":"https:\/\/www.africa-press.net\/togo\/sports\/togo-les-eperviers-quittent-la-france-pour-le-maroc#breadcrumb"},"inLanguage":"fr-FR","potentialAction":[{"@type":"ReadAction","target":["https:\/\/www.africa-press.net\/togo\/sports\/togo-les-eperviers-quittent-la-france-pour-le-maroc"]}]},{"@type":"ImageObject","inLanguage":"fr-FR","@id":"https:\/\/www.africa-press.net\/togo\/sports\/togo-les-eperviers-quittent-la-france-pour-le-maroc#primaryimage","url":"https:\/\/static.africa-press.net\/togo\/sites\/58\/2022\/09\/postQueueImg_1-6331e36beae46.jpg","contentUrl":"https:\/\/static.africa-press.net\/togo\/sites\/58\/2022\/09\/postQueueImg_1-6331e36beae46.jpg","width":1080,"height":720,"caption":"Togo-Les Eperviers quittent la France pour le Maroc"},{"@type":"BreadcrumbList","@id":"https:\/\/www.africa-press.net\/togo\/sports\/togo-les-eperviers-quittent-la-france-pour-le-maroc#breadcrumb","itemListElement":[{"@type":"ListItem","position":1,"name":"Accueil","item":"https:\/\/www.africa-press.net\/togo\/"},{"@type":"ListItem","position":2,"name":"Togo-Les Eperviers quittent la France pour le Maroc"}]},{"@type":"WebSite","@id":"https:\/\/www.africa-press.net\/togo\/#website","url":"https:\/\/www.africa-press.net\/togo\/","name":"Togo","description":"Just another Africa News Agency Sites site","potentialAction":[{"@type":"SearchAction","target":{"@type":"EntryPoint","urlTemplate":"https:\/\/www.africa-press.net\/togo\/?s={search_term_string}"},"query-input":{"@type":"PropertyValueSpecification","valueRequired":true,"valueName":"search_term_string"}}],"inLanguage":"fr-FR"},{"@type":"Person","@id":"https:\/\/www.africa-press.net\/togo\/#\/schema\/person\/2b1cf3cd81a31e3cd26889ca66d677f1","name":"cfeditorfr"}]}},"_links":{"self":[{"href":"https:\/\/www.africa-press.net\/togo\/wp-json\/wp\/v2\/posts\/11514","targetHints":{"allow":["GET"]}}],"collection":[{"href":"https:\/\/www.africa-press.net\/togo\/wp-json\/wp\/v2\/posts"}],"about":[{"href":"https:\/\/www.africa-press.net\/togo\/wp-json\/wp\/v2\/types\/post"}],"author":[{"embeddable":true,"href":"https:\/\/www.africa-press.net\/togo\/wp-json\/wp\/v2\/users\/82"}],"replies":[{"embeddable":true,"href":"https:\/\/www.africa-press.net\/togo\/wp-json\/wp\/v2\/comments?post=11514"}],"version-history":[{"count":0,"href":"https:\/\/www.africa-press.net\/togo\/wp-json\/wp\/v2\/posts\/11514\/revisions"}],"wp:featuredmedia":[{"embeddable":true,"href":"https:\/\/www.africa-press.net\/togo\/wp-json\/wp\/v2\/media\/11513"}],"wp:attachment":[{"href":"https:\/\/www.africa-press.net\/togo\/wp-json\/wp\/v2\/media?parent=11514"}],"wp:term":[{"taxonomy":"category","embeddable":true,"href":"https:\/\/www.africa-press.net\/togo\/wp-json\/wp\/v2\/categories?post=11514"},{"taxonomy":"post_tag","embeddable":true,"href":"https:\/\/www.africa-press.net\/togo\/wp-json\/wp\/v2\/tags?post=11514"}],"curies":[{"name":"wp","href":"https:\/\/api.w.org\/{rel}","templated":true}]}}