{"id":11522,"date":"2022-09-26T17:29:34","date_gmt":"2022-09-26T17:29:34","guid":{"rendered":"https:\/\/www.africa-press.net\/togo\/politique\/assemblee-generale-des-nations-unies-au-dela-du-folklore-des-discours"},"modified":"2022-09-26T17:40:11","modified_gmt":"2022-09-26T17:40:11","slug":"assemblee-generale-des-nations-unies-au-dela-du-folklore-des-discours","status":"publish","type":"post","link":"https:\/\/www.africa-press.net\/togo\/politique\/assemblee-generale-des-nations-unies-au-dela-du-folklore-des-discours","title":{"rendered":"Assembl\u00e9e g\u00e9n\u00e9rale des nations unies: Au-del\u00e0 du folklore des discours\u2026"},"content":{"rendered":"<p><span style=\"color: #ff6600\"><strong>Africa-Press &#8211; Togo. <\/strong><\/span><b>Cela fait de\u0301ja\u0300 des jours, cette semaine, qu\u2019ils de\u0301filent l\u2019un apre\u0300s l\u2019autre a\u0300 cette tribune. Les dirigeants du monde se succe\u0300dent donc pour parler, discourir, parfois me\u0302me bavarder. Chacun y va comme il peut, rend compte des actions de son pays pour soi-disant e\u0301panouir son peuple, puis jette un regard sur le monde et plaide des causes. Et puis c\u2019est tout.<\/b><\/p>\n<p>Tous les ans, la routine est respecte\u0301e a\u0300 la lettre et ne pas y e\u0302tre est perc\u0327u comme un sacrile\u0300ge; ainsi donc, tous les dirigeants y re\u0301pondent impe\u0301rativement ou\u0300 se font ne\u0301cessairement repre\u0301senter.<\/p>\n<p>Seulement voila\u0300, c\u2019est quoi l\u2019impact effectif de cet exercice annuel sur la gouvernance du monde, sur la gestion des affaires de chaque pays, sur la vie de chaque citoyen surtout que les de\u0301se\u0301quilibres dans le monde vont pluto\u0302t crescendo ?<\/p>\n<p>A vrai dire, rien de concret mis a\u0300 part que les te\u0301le\u0301visions nationales capturent le propos du dirigeant de chaque pays et le retransmettent au peuple, histoire de lui rendre compte soit des talents oratoires de celui-ci, soit de sa vision.<\/p>\n<p>Il me semble que cette formule doit e\u0302tre revue, surtout qu\u2019a\u0300 la suite de ce de\u0301file\u0301 routinier, aucune re\u0301solution, aucune action conse\u0301cutive a\u0300 ce qui se dit n\u2019est initie\u0301e.<\/p>\n<p>Au bout du compte, cette messe mondiale ne sert absolument a\u0300 rien, alors qu\u2019elle crame les caisses du contribuable de chaque pays.<\/p>\n<p>Que les dirigeants du monde se retrouvent une fois l\u2019an en un lieu pour parler de l\u2019avenir de l\u2019humanite\u0301, est sans doute une bonne chose. Mais l\u2019inscrire dans une simple rotation et succession des dirigeants a\u0300 la tribune pour faire du sensationnel, parfois avec du mensonge et des contres-ve\u0301rite\u0301s, le tout plonge\u0301 dans un spectacle ennuyant, n\u2019est aucunement constructif et ne sert aucune cause.<\/p>\n<p>Il est tre\u0300s certainement temps d\u2019envisager la refonte de cette organisation, ou du moins sa re\u0301organisation en la reposant davantage sur les principes d\u2019e\u0301quilibre, de justice et du respect pur et dur de la personne humaine, quelle qu\u2019elle soit !<\/p>\n<p>Luc Abaki<\/p>\n<p><strong>Pour plus d&rsquo;informations et d&rsquo;analyses sur la <a href=\"https:\/\/www.africa-press.net\/togo\">Togo<\/a>, suivez <a href=\"https:\/\/www.africa-press.net\/\">Africa-Press<\/a><\/strong><\/p>\n","protected":false},"excerpt":{"rendered":"<p>Africa-Press &#8211; Togo. Cela fait de\u0301ja\u0300 des jours, cette semaine, qu\u2019ils de\u0301filent l\u2019un apre\u0300s l\u2019autre a\u0300 cette tribune. Les dirigeants du monde se succe\u0300dent donc pour parler, discourir, parfois me\u0302me bavarder. Chacun y va comme il peut, rend compte des actions de son pays pour soi-disant e\u0301panouir son peuple, puis jette un regard sur le [&hellip;]<\/p>\n","protected":false},"author":82,"featured_media":11520,"comment_status":"open","ping_status":"closed","sticky":false,"template":"","format":"standard","meta":{"footnotes":""},"categories":[2,10],"tags":[36,49,50],"class_list":["post-11522","post","type-post","status-publish","format-standard","has-post-thumbnail","hentry","category-politique","category-toutes-les-actualites","tag-africa-press","tag-africa-press-togo","tag-togo"],"yoast_head":"<!-- This site is optimized with the Yoast SEO Premium plugin v26.1 (Yoast SEO v27.0) - https:\/\/yoast.com\/product\/yoast-seo-premium-wordpress\/ -->\n<title>Assembl\u00e9e g\u00e9n\u00e9rale des nations unies: Au-del\u00e0 du folklore des discours\u2026 - Togo<\/title>\n<meta name=\"description\" content=\"Cela fait de\u0301ja\u0300 des jours, cette semaine, qu\u2019ils de\u0301filent l\u2019un apre\u0300s l\u2019autre a\u0300 cette tribune. Les dirigeants du m ...\" \/>\n<meta name=\"robots\" content=\"index, follow, max-snippet:-1, max-image-preview:large, max-video-preview:-1\" \/>\n<link rel=\"canonical\" href=\"https:\/\/www.africa-press.net\/togo\/politique\/assemblee-generale-des-nations-unies-au-dela-du-folklore-des-discours\" \/>\n<meta property=\"og:locale\" content=\"fr_FR\" \/>\n<meta property=\"og:type\" content=\"article\" \/>\n<meta property=\"og:title\" content=\"Assembl\u00e9e g\u00e9n\u00e9rale des nations unies: Au-del\u00e0 du folklore des discours\u2026\" \/>\n<meta property=\"og:description\" content=\"Cela fait de\u0301ja\u0300 des jours, cette semaine, qu\u2019ils de\u0301filent l\u2019un apre\u0300s l\u2019autre a\u0300 cette tribune. Les dirigeants du m ...\" \/>\n<meta property=\"og:url\" content=\"https:\/\/www.africa-press.net\/togo\/politique\/assemblee-generale-des-nations-unies-au-dela-du-folklore-des-discours\" \/>\n<meta property=\"og:site_name\" content=\"Togo\" \/>\n<meta property=\"article:published_time\" content=\"2022-09-26T17:29:34+00:00\" \/>\n<meta property=\"article:modified_time\" content=\"2022-09-26T17:40:11+00:00\" \/>\n<meta property=\"og:image\" content=\"https:\/\/static.africa-press.net\/togo\/sites\/58\/2022\/09\/postQueueImg_3-6331e3d785e0e.jpg\" \/>\n\t<meta property=\"og:image:width\" content=\"1280\" \/>\n\t<meta property=\"og:image:height\" content=\"798\" \/>\n\t<meta property=\"og:image:type\" content=\"image\/jpeg\" \/>\n<meta name=\"author\" content=\"cfeditorfr\" \/>\n<meta name=\"twitter:card\" content=\"summary_large_image\" \/>\n<meta name=\"twitter:label1\" content=\"\u00c9crit par\" \/>\n\t<meta name=\"twitter:data1\" content=\"cfeditorfr\" \/>\n\t<meta name=\"twitter:label2\" content=\"Dur\u00e9e de lecture estim\u00e9e\" \/>\n\t<meta name=\"twitter:data2\" content=\"2 minutes\" \/>\n<script type=\"application\/ld+json\" class=\"yoast-schema-graph\">{\"@context\":\"https:\/\/schema.org\",\"@graph\":[{\"@type\":\"Article\",\"@id\":\"https:\/\/www.africa-press.net\/togo\/politique\/assemblee-generale-des-nations-unies-au-dela-du-folklore-des-discours#article\",\"isPartOf\":{\"@id\":\"https:\/\/www.africa-press.net\/togo\/politique\/assemblee-generale-des-nations-unies-au-dela-du-folklore-des-discours\"},\"author\":{\"name\":\"cfeditorfr\",\"@id\":\"https:\/\/www.africa-press.net\/togo\/#\/schema\/person\/2b1cf3cd81a31e3cd26889ca66d677f1\"},\"headline\":\"Assembl\u00e9e g\u00e9n\u00e9rale des nations unies: Au-del\u00e0 du folklore des discours\u2026\",\"datePublished\":\"2022-09-26T17:29:34+00:00\",\"dateModified\":\"2022-09-26T17:40:11+00:00\",\"mainEntityOfPage\":{\"@id\":\"https:\/\/www.africa-press.net\/togo\/politique\/assemblee-generale-des-nations-unies-au-dela-du-folklore-des-discours\"},\"wordCount\":404,\"commentCount\":0,\"image\":{\"@id\":\"https:\/\/www.africa-press.net\/togo\/politique\/assemblee-generale-des-nations-unies-au-dela-du-folklore-des-discours#primaryimage\"},\"thumbnailUrl\":\"https:\/\/static.africa-press.net\/togo\/sites\/58\/2022\/09\/postQueueImg_3-6331e3d785e0e.jpg\",\"keywords\":[\"Africa Press\",\"Africa Press-Togo\",\"Togo\"],\"articleSection\":[\"Politique\",\"Toutes les actualit\u00e9s\"],\"inLanguage\":\"fr-FR\",\"potentialAction\":[{\"@type\":\"CommentAction\",\"name\":\"Comment\",\"target\":[\"https:\/\/www.africa-press.net\/togo\/politique\/assemblee-generale-des-nations-unies-au-dela-du-folklore-des-discours#respond\"]}]},{\"@type\":\"WebPage\",\"@id\":\"https:\/\/www.africa-press.net\/togo\/politique\/assemblee-generale-des-nations-unies-au-dela-du-folklore-des-discours\",\"url\":\"https:\/\/www.africa-press.net\/togo\/politique\/assemblee-generale-des-nations-unies-au-dela-du-folklore-des-discours\",\"name\":\"Assembl\u00e9e g\u00e9n\u00e9rale des nations unies: Au-del\u00e0 du folklore des discours\u2026 - Togo\",\"isPartOf\":{\"@id\":\"https:\/\/www.africa-press.net\/togo\/#website\"},\"primaryImageOfPage\":{\"@id\":\"https:\/\/www.africa-press.net\/togo\/politique\/assemblee-generale-des-nations-unies-au-dela-du-folklore-des-discours#primaryimage\"},\"image\":{\"@id\":\"https:\/\/www.africa-press.net\/togo\/politique\/assemblee-generale-des-nations-unies-au-dela-du-folklore-des-discours#primaryimage\"},\"thumbnailUrl\":\"https:\/\/static.africa-press.net\/togo\/sites\/58\/2022\/09\/postQueueImg_3-6331e3d785e0e.jpg\",\"datePublished\":\"2022-09-26T17:29:34+00:00\",\"dateModified\":\"2022-09-26T17:40:11+00:00\",\"author\":{\"@id\":\"https:\/\/www.africa-press.net\/togo\/#\/schema\/person\/2b1cf3cd81a31e3cd26889ca66d677f1\"},\"description\":\"Cela fait de\u0301ja\u0300 des jours, cette semaine, qu\u2019ils de\u0301filent l\u2019un apre\u0300s l\u2019autre a\u0300 cette tribune. Les dirigeants du m ...\",\"breadcrumb\":{\"@id\":\"https:\/\/www.africa-press.net\/togo\/politique\/assemblee-generale-des-nations-unies-au-dela-du-folklore-des-discours#breadcrumb\"},\"inLanguage\":\"fr-FR\",\"potentialAction\":[{\"@type\":\"ReadAction\",\"target\":[\"https:\/\/www.africa-press.net\/togo\/politique\/assemblee-generale-des-nations-unies-au-dela-du-folklore-des-discours\"]}]},{\"@type\":\"ImageObject\",\"inLanguage\":\"fr-FR\",\"@id\":\"https:\/\/www.africa-press.net\/togo\/politique\/assemblee-generale-des-nations-unies-au-dela-du-folklore-des-discours#primaryimage\",\"url\":\"https:\/\/static.africa-press.net\/togo\/sites\/58\/2022\/09\/postQueueImg_3-6331e3d785e0e.jpg\",\"contentUrl\":\"https:\/\/static.africa-press.net\/togo\/sites\/58\/2022\/09\/postQueueImg_3-6331e3d785e0e.jpg\",\"width\":1280,\"height\":798,\"caption\":\"Assembl\u00e9e g\u00e9n\u00e9rale des nations unies: Au-del\u00e0 du folklore des discours\u2026\"},{\"@type\":\"BreadcrumbList\",\"@id\":\"https:\/\/www.africa-press.net\/togo\/politique\/assemblee-generale-des-nations-unies-au-dela-du-folklore-des-discours#breadcrumb\",\"itemListElement\":[{\"@type\":\"ListItem\",\"position\":1,\"name\":\"Accueil\",\"item\":\"https:\/\/www.africa-press.net\/togo\/\"},{\"@type\":\"ListItem\",\"position\":2,\"name\":\"Assembl\u00e9e g\u00e9n\u00e9rale des nations unies: Au-del\u00e0 du folklore des discours\u2026\"}]},{\"@type\":\"WebSite\",\"@id\":\"https:\/\/www.africa-press.net\/togo\/#website\",\"url\":\"https:\/\/www.africa-press.net\/togo\/\",\"name\":\"Togo\",\"description\":\"Just another Africa News Agency Sites site\",\"potentialAction\":[{\"@type\":\"SearchAction\",\"target\":{\"@type\":\"EntryPoint\",\"urlTemplate\":\"https:\/\/www.africa-press.net\/togo\/?s={search_term_string}\"},\"query-input\":{\"@type\":\"PropertyValueSpecification\",\"valueRequired\":true,\"valueName\":\"search_term_string\"}}],\"inLanguage\":\"fr-FR\"},{\"@type\":\"Person\",\"@id\":\"https:\/\/www.africa-press.net\/togo\/#\/schema\/person\/2b1cf3cd81a31e3cd26889ca66d677f1\",\"name\":\"cfeditorfr\"}]}<\/script>\n<!-- \/ Yoast SEO Premium plugin. -->","yoast_head_json":{"title":"Assembl\u00e9e g\u00e9n\u00e9rale des nations unies: Au-del\u00e0 du folklore des discours\u2026 - Togo","description":"Cela fait de\u0301ja\u0300 des jours, cette semaine, qu\u2019ils de\u0301filent l\u2019un apre\u0300s l\u2019autre a\u0300 cette tribune. Les dirigeants du m ...","robots":{"index":"index","follow":"follow","max-snippet":"max-snippet:-1","max-image-preview":"max-image-preview:large","max-video-preview":"max-video-preview:-1"},"canonical":"https:\/\/www.africa-press.net\/togo\/politique\/assemblee-generale-des-nations-unies-au-dela-du-folklore-des-discours","og_locale":"fr_FR","og_type":"article","og_title":"Assembl\u00e9e g\u00e9n\u00e9rale des nations unies: Au-del\u00e0 du folklore des discours\u2026","og_description":"Cela fait de\u0301ja\u0300 des jours, cette semaine, qu\u2019ils de\u0301filent l\u2019un apre\u0300s l\u2019autre a\u0300 cette tribune. Les dirigeants du m ...","og_url":"https:\/\/www.africa-press.net\/togo\/politique\/assemblee-generale-des-nations-unies-au-dela-du-folklore-des-discours","og_site_name":"Togo","article_published_time":"2022-09-26T17:29:34+00:00","article_modified_time":"2022-09-26T17:40:11+00:00","og_image":[{"width":1280,"height":798,"url":"https:\/\/static.africa-press.net\/togo\/sites\/58\/2022\/09\/postQueueImg_3-6331e3d785e0e.jpg","type":"image\/jpeg"}],"author":"cfeditorfr","twitter_card":"summary_large_image","twitter_misc":{"\u00c9crit par":"cfeditorfr","Dur\u00e9e de lecture estim\u00e9e":"2 minutes"},"schema":{"@context":"https:\/\/schema.org","@graph":[{"@type":"Article","@id":"https:\/\/www.africa-press.net\/togo\/politique\/assemblee-generale-des-nations-unies-au-dela-du-folklore-des-discours#article","isPartOf":{"@id":"https:\/\/www.africa-press.net\/togo\/politique\/assemblee-generale-des-nations-unies-au-dela-du-folklore-des-discours"},"author":{"name":"cfeditorfr","@id":"https:\/\/www.africa-press.net\/togo\/#\/schema\/person\/2b1cf3cd81a31e3cd26889ca66d677f1"},"headline":"Assembl\u00e9e g\u00e9n\u00e9rale des nations unies: Au-del\u00e0 du folklore des discours\u2026","datePublished":"2022-09-26T17:29:34+00:00","dateModified":"2022-09-26T17:40:11+00:00","mainEntityOfPage":{"@id":"https:\/\/www.africa-press.net\/togo\/politique\/assemblee-generale-des-nations-unies-au-dela-du-folklore-des-discours"},"wordCount":404,"commentCount":0,"image":{"@id":"https:\/\/www.africa-press.net\/togo\/politique\/assemblee-generale-des-nations-unies-au-dela-du-folklore-des-discours#primaryimage"},"thumbnailUrl":"https:\/\/static.africa-press.net\/togo\/sites\/58\/2022\/09\/postQueueImg_3-6331e3d785e0e.jpg","keywords":["Africa Press","Africa Press-Togo","Togo"],"articleSection":["Politique","Toutes les actualit\u00e9s"],"inLanguage":"fr-FR","potentialAction":[{"@type":"CommentAction","name":"Comment","target":["https:\/\/www.africa-press.net\/togo\/politique\/assemblee-generale-des-nations-unies-au-dela-du-folklore-des-discours#respond"]}]},{"@type":"WebPage","@id":"https:\/\/www.africa-press.net\/togo\/politique\/assemblee-generale-des-nations-unies-au-dela-du-folklore-des-discours","url":"https:\/\/www.africa-press.net\/togo\/politique\/assemblee-generale-des-nations-unies-au-dela-du-folklore-des-discours","name":"Assembl\u00e9e g\u00e9n\u00e9rale des nations unies: Au-del\u00e0 du folklore des discours\u2026 - Togo","isPartOf":{"@id":"https:\/\/www.africa-press.net\/togo\/#website"},"primaryImageOfPage":{"@id":"https:\/\/www.africa-press.net\/togo\/politique\/assemblee-generale-des-nations-unies-au-dela-du-folklore-des-discours#primaryimage"},"image":{"@id":"https:\/\/www.africa-press.net\/togo\/politique\/assemblee-generale-des-nations-unies-au-dela-du-folklore-des-discours#primaryimage"},"thumbnailUrl":"https:\/\/static.africa-press.net\/togo\/sites\/58\/2022\/09\/postQueueImg_3-6331e3d785e0e.jpg","datePublished":"2022-09-26T17:29:34+00:00","dateModified":"2022-09-26T17:40:11+00:00","author":{"@id":"https:\/\/www.africa-press.net\/togo\/#\/schema\/person\/2b1cf3cd81a31e3cd26889ca66d677f1"},"description":"Cela fait de\u0301ja\u0300 des jours, cette semaine, qu\u2019ils de\u0301filent l\u2019un apre\u0300s l\u2019autre a\u0300 cette tribune. Les dirigeants du m ...","breadcrumb":{"@id":"https:\/\/www.africa-press.net\/togo\/politique\/assemblee-generale-des-nations-unies-au-dela-du-folklore-des-discours#breadcrumb"},"inLanguage":"fr-FR","potentialAction":[{"@type":"ReadAction","target":["https:\/\/www.africa-press.net\/togo\/politique\/assemblee-generale-des-nations-unies-au-dela-du-folklore-des-discours"]}]},{"@type":"ImageObject","inLanguage":"fr-FR","@id":"https:\/\/www.africa-press.net\/togo\/politique\/assemblee-generale-des-nations-unies-au-dela-du-folklore-des-discours#primaryimage","url":"https:\/\/static.africa-press.net\/togo\/sites\/58\/2022\/09\/postQueueImg_3-6331e3d785e0e.jpg","contentUrl":"https:\/\/static.africa-press.net\/togo\/sites\/58\/2022\/09\/postQueueImg_3-6331e3d785e0e.jpg","width":1280,"height":798,"caption":"Assembl\u00e9e g\u00e9n\u00e9rale des nations unies: Au-del\u00e0 du folklore des discours\u2026"},{"@type":"BreadcrumbList","@id":"https:\/\/www.africa-press.net\/togo\/politique\/assemblee-generale-des-nations-unies-au-dela-du-folklore-des-discours#breadcrumb","itemListElement":[{"@type":"ListItem","position":1,"name":"Accueil","item":"https:\/\/www.africa-press.net\/togo\/"},{"@type":"ListItem","position":2,"name":"Assembl\u00e9e g\u00e9n\u00e9rale des nations unies: Au-del\u00e0 du folklore des discours\u2026"}]},{"@type":"WebSite","@id":"https:\/\/www.africa-press.net\/togo\/#website","url":"https:\/\/www.africa-press.net\/togo\/","name":"Togo","description":"Just another Africa News Agency Sites site","potentialAction":[{"@type":"SearchAction","target":{"@type":"EntryPoint","urlTemplate":"https:\/\/www.africa-press.net\/togo\/?s={search_term_string}"},"query-input":{"@type":"PropertyValueSpecification","valueRequired":true,"valueName":"search_term_string"}}],"inLanguage":"fr-FR"},{"@type":"Person","@id":"https:\/\/www.africa-press.net\/togo\/#\/schema\/person\/2b1cf3cd81a31e3cd26889ca66d677f1","name":"cfeditorfr"}]}},"_links":{"self":[{"href":"https:\/\/www.africa-press.net\/togo\/wp-json\/wp\/v2\/posts\/11522","targetHints":{"allow":["GET"]}}],"collection":[{"href":"https:\/\/www.africa-press.net\/togo\/wp-json\/wp\/v2\/posts"}],"about":[{"href":"https:\/\/www.africa-press.net\/togo\/wp-json\/wp\/v2\/types\/post"}],"author":[{"embeddable":true,"href":"https:\/\/www.africa-press.net\/togo\/wp-json\/wp\/v2\/users\/82"}],"replies":[{"embeddable":true,"href":"https:\/\/www.africa-press.net\/togo\/wp-json\/wp\/v2\/comments?post=11522"}],"version-history":[{"count":0,"href":"https:\/\/www.africa-press.net\/togo\/wp-json\/wp\/v2\/posts\/11522\/revisions"}],"wp:featuredmedia":[{"embeddable":true,"href":"https:\/\/www.africa-press.net\/togo\/wp-json\/wp\/v2\/media\/11520"}],"wp:attachment":[{"href":"https:\/\/www.africa-press.net\/togo\/wp-json\/wp\/v2\/media?parent=11522"}],"wp:term":[{"taxonomy":"category","embeddable":true,"href":"https:\/\/www.africa-press.net\/togo\/wp-json\/wp\/v2\/categories?post=11522"},{"taxonomy":"post_tag","embeddable":true,"href":"https:\/\/www.africa-press.net\/togo\/wp-json\/wp\/v2\/tags?post=11522"}],"curies":[{"name":"wp","href":"https:\/\/api.w.org\/{rel}","templated":true}]}}