{"id":11526,"date":"2022-09-26T17:31:29","date_gmt":"2022-09-26T17:31:29","guid":{"rendered":"https:\/\/www.africa-press.net\/togo\/politique\/togo-manifestations-contre-faure-gnassingbe-au-nigeria"},"modified":"2022-09-26T17:40:49","modified_gmt":"2022-09-26T17:40:49","slug":"togo-manifestations-contre-faure-gnassingbe-au-nigeria","status":"publish","type":"post","link":"https:\/\/www.africa-press.net\/togo\/politique\/togo-manifestations-contre-faure-gnassingbe-au-nigeria","title":{"rendered":"Togo-Manifestations contre Faure Gnassingb\u00e9 au Nigeria"},"content":{"rendered":"<p><span style=\"color: #ff6600\"><strong>Africa-Press &#8211; Togo. <\/strong><\/span><b>Certains Togolais vivant au Nigeria ont converge\u0301 samedi dernier sur la route George V, a\u0300 Lagos, pour protester contre les 17 ans de re\u0300gne de Faure Essozimna Gnassingbe\u0301, rapportent les me\u0301dias locaux.<\/b><\/p>\n<p>Les manifestants, qui ont pris d\u2019assaut le bureau de la Communaute\u0301 e\u0301conomique des E\u0301tats de l\u2019Afrique de l\u2019Ouest (CEDEAO) a\u0300 Lagos avec des pancartes, ont de\u0301plore\u0301 le mauvais e\u0301tat de leurs familles au pays.<\/p>\n<p>Les manifestants ont de\u0301plore\u0301 que le pe\u0300re du chef de l\u2019E\u0301tat, Gnassingbe\u0301 Eyade\u0301ma, ait dirige\u0301 le Togo pendant 42 ans alors que son fils, Faure, e\u0301tait au pouvoir depuis 2005.<\/p>\n<p>\u201cIls ont accuse\u0301 la famille Gnassingbe\u0301 de faire de la pre\u0301sidence togolaise un he\u0301ritage familial.\u201d, rapporte la presse nige\u0301riane.<\/p>\n<p>Certaines des inscriptions sur les pancartes, selon les me\u0302mes sources, incluses : \u00ab Faure Gnassingbe\u0301 4 mandats ille\u0301gitimes et ille\u0301gaux \u00bb ; \u00ab Sauvez les prisonniers politiques qui meurent en prison \u00bb et \u00ab Nous ne pouvons pas respirer \u00bb.<\/p>\n<p>Le pre\u0301sident des re\u0301sidents togolais dans l\u2019E\u0301tat de Lagos au Nige\u0301ria, Bayo Amid, a de\u0301clare\u0301 que le Togo ne pratiquait pas la de\u0301mocratie, de\u0301plorant que son peuple ait e\u0301te\u0301 emprisonne\u0301 pour s\u2019e\u0302tre exprime\u0301.<\/p>\n<p>\u00ab Il est ridicule de dire que c\u2019est de la de\u0301mocratie d\u2019avoir un pe\u0300re et son fils a\u0300 la te\u0302te d\u2019un pays pendant plus de 50 ans. Il n\u2019y a aucune limite a\u0300 leur re\u0300gne et aucune opposition car ils ont e\u0301te\u0301 emprisonne\u0301s. Les gens ne peuvent pas manifester a\u0300 l\u2019inte\u0301rieur du pays \u00bb, a-t-il affirme\u0301.<\/p>\n<p>Le pre\u0301sident de l\u2019E\u0301tat d\u2019Oyo du groupe, Wasiu Akeem, a aussi re\u0301ite\u0301re\u0301 qu\u2019il n\u2019y ait pas de liberte\u0301 au Togo.<\/p>\n<p>\u00ab 59 ans pour une famille, c\u2019est trop. Nous ne pouvons pas le comparer au Nigeria ici ou\u0300 il y avait eu plusieurs pre\u0301sidents de diffe\u0301rentes familles depuis 1963. Si vous allez dans notre pays maintenant, il n\u2019y a pas de liberte\u0301 \u00bb, ont proteste\u0301 les manifestants.<\/p>\n<p>Les demandes des manifestants auraient e\u0301te\u0301 enregistre\u0301es par un repre\u0301sentant du bureau de liaison de la CEDEAO, avec la promesse qu\u2019elles seraient examine\u0301es.<\/p>\n<p><strong>Pour plus d&rsquo;informations et d&rsquo;analyses sur la <a href=\"https:\/\/www.africa-press.net\/togo\">Togo<\/a>, suivez <a href=\"https:\/\/www.africa-press.net\/\">Africa-Press<\/a><\/strong><\/p>\n","protected":false},"excerpt":{"rendered":"<p>Africa-Press &#8211; Togo. Certains Togolais vivant au Nigeria ont converge\u0301 samedi dernier sur la route George V, a\u0300 Lagos, pour protester contre les 17 ans de re\u0300gne de Faure Essozimna Gnassingbe\u0301, rapportent les me\u0301dias locaux. Les manifestants, qui ont pris d\u2019assaut le bureau de la Communaute\u0301 e\u0301conomique des E\u0301tats de l\u2019Afrique de l\u2019Ouest (CEDEAO) a\u0300 [&hellip;]<\/p>\n","protected":false},"author":82,"featured_media":11525,"comment_status":"open","ping_status":"closed","sticky":false,"template":"","format":"standard","meta":{"footnotes":""},"categories":[2,10],"tags":[36,49,50],"class_list":["post-11526","post","type-post","status-publish","format-standard","has-post-thumbnail","hentry","category-politique","category-toutes-les-actualites","tag-africa-press","tag-africa-press-togo","tag-togo"],"yoast_head":"<!-- This site is optimized with the Yoast SEO Premium plugin v26.1 (Yoast SEO v27.0) - https:\/\/yoast.com\/product\/yoast-seo-premium-wordpress\/ -->\n<title>Togo-Manifestations contre Faure Gnassingb\u00e9 au Nigeria - Togo<\/title>\n<meta name=\"description\" content=\"Certains Togolais vivant au Nigeria ont converge\u0301 samedi dernier sur la route George V, a\u0300 Lagos, pour protester cont ...\" \/>\n<meta name=\"robots\" content=\"index, follow, max-snippet:-1, max-image-preview:large, max-video-preview:-1\" \/>\n<link rel=\"canonical\" href=\"https:\/\/www.africa-press.net\/togo\/politique\/togo-manifestations-contre-faure-gnassingbe-au-nigeria\" \/>\n<meta property=\"og:locale\" content=\"fr_FR\" \/>\n<meta property=\"og:type\" content=\"article\" \/>\n<meta property=\"og:title\" content=\"Togo-Manifestations contre Faure Gnassingb\u00e9 au Nigeria\" \/>\n<meta property=\"og:description\" content=\"Certains Togolais vivant au Nigeria ont converge\u0301 samedi dernier sur la route George V, a\u0300 Lagos, pour protester cont ...\" \/>\n<meta property=\"og:url\" content=\"https:\/\/www.africa-press.net\/togo\/politique\/togo-manifestations-contre-faure-gnassingbe-au-nigeria\" \/>\n<meta property=\"og:site_name\" content=\"Togo\" \/>\n<meta property=\"article:published_time\" content=\"2022-09-26T17:31:29+00:00\" \/>\n<meta property=\"article:modified_time\" content=\"2022-09-26T17:40:49+00:00\" \/>\n<meta property=\"og:image\" content=\"https:\/\/static.africa-press.net\/togo\/sites\/58\/2022\/09\/postQueueImg_4-6331e40243742.jpg\" \/>\n\t<meta property=\"og:image:width\" content=\"720\" \/>\n\t<meta property=\"og:image:height\" content=\"418\" \/>\n\t<meta property=\"og:image:type\" content=\"image\/jpeg\" \/>\n<meta name=\"author\" content=\"cfeditorfr\" \/>\n<meta name=\"twitter:card\" content=\"summary_large_image\" \/>\n<meta name=\"twitter:label1\" content=\"\u00c9crit par\" \/>\n\t<meta name=\"twitter:data1\" content=\"cfeditorfr\" \/>\n\t<meta name=\"twitter:label2\" content=\"Dur\u00e9e de lecture estim\u00e9e\" \/>\n\t<meta name=\"twitter:data2\" content=\"2 minutes\" \/>\n<script type=\"application\/ld+json\" class=\"yoast-schema-graph\">{\"@context\":\"https:\/\/schema.org\",\"@graph\":[{\"@type\":\"Article\",\"@id\":\"https:\/\/www.africa-press.net\/togo\/politique\/togo-manifestations-contre-faure-gnassingbe-au-nigeria#article\",\"isPartOf\":{\"@id\":\"https:\/\/www.africa-press.net\/togo\/politique\/togo-manifestations-contre-faure-gnassingbe-au-nigeria\"},\"author\":{\"name\":\"cfeditorfr\",\"@id\":\"https:\/\/www.africa-press.net\/togo\/#\/schema\/person\/2b1cf3cd81a31e3cd26889ca66d677f1\"},\"headline\":\"Togo-Manifestations contre Faure Gnassingb\u00e9 au Nigeria\",\"datePublished\":\"2022-09-26T17:31:29+00:00\",\"dateModified\":\"2022-09-26T17:40:49+00:00\",\"mainEntityOfPage\":{\"@id\":\"https:\/\/www.africa-press.net\/togo\/politique\/togo-manifestations-contre-faure-gnassingbe-au-nigeria\"},\"wordCount\":397,\"commentCount\":0,\"image\":{\"@id\":\"https:\/\/www.africa-press.net\/togo\/politique\/togo-manifestations-contre-faure-gnassingbe-au-nigeria#primaryimage\"},\"thumbnailUrl\":\"https:\/\/static.africa-press.net\/togo\/sites\/58\/2022\/09\/postQueueImg_4-6331e40243742.jpg\",\"keywords\":[\"Africa Press\",\"Africa Press-Togo\",\"Togo\"],\"articleSection\":[\"Politique\",\"Toutes les actualit\u00e9s\"],\"inLanguage\":\"fr-FR\",\"potentialAction\":[{\"@type\":\"CommentAction\",\"name\":\"Comment\",\"target\":[\"https:\/\/www.africa-press.net\/togo\/politique\/togo-manifestations-contre-faure-gnassingbe-au-nigeria#respond\"]}]},{\"@type\":\"WebPage\",\"@id\":\"https:\/\/www.africa-press.net\/togo\/politique\/togo-manifestations-contre-faure-gnassingbe-au-nigeria\",\"url\":\"https:\/\/www.africa-press.net\/togo\/politique\/togo-manifestations-contre-faure-gnassingbe-au-nigeria\",\"name\":\"Togo-Manifestations contre Faure Gnassingb\u00e9 au Nigeria - Togo\",\"isPartOf\":{\"@id\":\"https:\/\/www.africa-press.net\/togo\/#website\"},\"primaryImageOfPage\":{\"@id\":\"https:\/\/www.africa-press.net\/togo\/politique\/togo-manifestations-contre-faure-gnassingbe-au-nigeria#primaryimage\"},\"image\":{\"@id\":\"https:\/\/www.africa-press.net\/togo\/politique\/togo-manifestations-contre-faure-gnassingbe-au-nigeria#primaryimage\"},\"thumbnailUrl\":\"https:\/\/static.africa-press.net\/togo\/sites\/58\/2022\/09\/postQueueImg_4-6331e40243742.jpg\",\"datePublished\":\"2022-09-26T17:31:29+00:00\",\"dateModified\":\"2022-09-26T17:40:49+00:00\",\"author\":{\"@id\":\"https:\/\/www.africa-press.net\/togo\/#\/schema\/person\/2b1cf3cd81a31e3cd26889ca66d677f1\"},\"description\":\"Certains Togolais vivant au Nigeria ont converge\u0301 samedi dernier sur la route George V, a\u0300 Lagos, pour protester cont ...\",\"breadcrumb\":{\"@id\":\"https:\/\/www.africa-press.net\/togo\/politique\/togo-manifestations-contre-faure-gnassingbe-au-nigeria#breadcrumb\"},\"inLanguage\":\"fr-FR\",\"potentialAction\":[{\"@type\":\"ReadAction\",\"target\":[\"https:\/\/www.africa-press.net\/togo\/politique\/togo-manifestations-contre-faure-gnassingbe-au-nigeria\"]}]},{\"@type\":\"ImageObject\",\"inLanguage\":\"fr-FR\",\"@id\":\"https:\/\/www.africa-press.net\/togo\/politique\/togo-manifestations-contre-faure-gnassingbe-au-nigeria#primaryimage\",\"url\":\"https:\/\/static.africa-press.net\/togo\/sites\/58\/2022\/09\/postQueueImg_4-6331e40243742.jpg\",\"contentUrl\":\"https:\/\/static.africa-press.net\/togo\/sites\/58\/2022\/09\/postQueueImg_4-6331e40243742.jpg\",\"width\":720,\"height\":418,\"caption\":\"Togo-Manifestations contre Faure Gnassingb\u00e9 au Nigeria\"},{\"@type\":\"BreadcrumbList\",\"@id\":\"https:\/\/www.africa-press.net\/togo\/politique\/togo-manifestations-contre-faure-gnassingbe-au-nigeria#breadcrumb\",\"itemListElement\":[{\"@type\":\"ListItem\",\"position\":1,\"name\":\"Accueil\",\"item\":\"https:\/\/www.africa-press.net\/togo\/\"},{\"@type\":\"ListItem\",\"position\":2,\"name\":\"Togo-Manifestations contre Faure Gnassingb\u00e9 au Nigeria\"}]},{\"@type\":\"WebSite\",\"@id\":\"https:\/\/www.africa-press.net\/togo\/#website\",\"url\":\"https:\/\/www.africa-press.net\/togo\/\",\"name\":\"Togo\",\"description\":\"Just another Africa News Agency Sites site\",\"potentialAction\":[{\"@type\":\"SearchAction\",\"target\":{\"@type\":\"EntryPoint\",\"urlTemplate\":\"https:\/\/www.africa-press.net\/togo\/?s={search_term_string}\"},\"query-input\":{\"@type\":\"PropertyValueSpecification\",\"valueRequired\":true,\"valueName\":\"search_term_string\"}}],\"inLanguage\":\"fr-FR\"},{\"@type\":\"Person\",\"@id\":\"https:\/\/www.africa-press.net\/togo\/#\/schema\/person\/2b1cf3cd81a31e3cd26889ca66d677f1\",\"name\":\"cfeditorfr\"}]}<\/script>\n<!-- \/ Yoast SEO Premium plugin. -->","yoast_head_json":{"title":"Togo-Manifestations contre Faure Gnassingb\u00e9 au Nigeria - Togo","description":"Certains Togolais vivant au Nigeria ont converge\u0301 samedi dernier sur la route George V, a\u0300 Lagos, pour protester cont ...","robots":{"index":"index","follow":"follow","max-snippet":"max-snippet:-1","max-image-preview":"max-image-preview:large","max-video-preview":"max-video-preview:-1"},"canonical":"https:\/\/www.africa-press.net\/togo\/politique\/togo-manifestations-contre-faure-gnassingbe-au-nigeria","og_locale":"fr_FR","og_type":"article","og_title":"Togo-Manifestations contre Faure Gnassingb\u00e9 au Nigeria","og_description":"Certains Togolais vivant au Nigeria ont converge\u0301 samedi dernier sur la route George V, a\u0300 Lagos, pour protester cont ...","og_url":"https:\/\/www.africa-press.net\/togo\/politique\/togo-manifestations-contre-faure-gnassingbe-au-nigeria","og_site_name":"Togo","article_published_time":"2022-09-26T17:31:29+00:00","article_modified_time":"2022-09-26T17:40:49+00:00","og_image":[{"width":720,"height":418,"url":"https:\/\/static.africa-press.net\/togo\/sites\/58\/2022\/09\/postQueueImg_4-6331e40243742.jpg","type":"image\/jpeg"}],"author":"cfeditorfr","twitter_card":"summary_large_image","twitter_misc":{"\u00c9crit par":"cfeditorfr","Dur\u00e9e de lecture estim\u00e9e":"2 minutes"},"schema":{"@context":"https:\/\/schema.org","@graph":[{"@type":"Article","@id":"https:\/\/www.africa-press.net\/togo\/politique\/togo-manifestations-contre-faure-gnassingbe-au-nigeria#article","isPartOf":{"@id":"https:\/\/www.africa-press.net\/togo\/politique\/togo-manifestations-contre-faure-gnassingbe-au-nigeria"},"author":{"name":"cfeditorfr","@id":"https:\/\/www.africa-press.net\/togo\/#\/schema\/person\/2b1cf3cd81a31e3cd26889ca66d677f1"},"headline":"Togo-Manifestations contre Faure Gnassingb\u00e9 au Nigeria","datePublished":"2022-09-26T17:31:29+00:00","dateModified":"2022-09-26T17:40:49+00:00","mainEntityOfPage":{"@id":"https:\/\/www.africa-press.net\/togo\/politique\/togo-manifestations-contre-faure-gnassingbe-au-nigeria"},"wordCount":397,"commentCount":0,"image":{"@id":"https:\/\/www.africa-press.net\/togo\/politique\/togo-manifestations-contre-faure-gnassingbe-au-nigeria#primaryimage"},"thumbnailUrl":"https:\/\/static.africa-press.net\/togo\/sites\/58\/2022\/09\/postQueueImg_4-6331e40243742.jpg","keywords":["Africa Press","Africa Press-Togo","Togo"],"articleSection":["Politique","Toutes les actualit\u00e9s"],"inLanguage":"fr-FR","potentialAction":[{"@type":"CommentAction","name":"Comment","target":["https:\/\/www.africa-press.net\/togo\/politique\/togo-manifestations-contre-faure-gnassingbe-au-nigeria#respond"]}]},{"@type":"WebPage","@id":"https:\/\/www.africa-press.net\/togo\/politique\/togo-manifestations-contre-faure-gnassingbe-au-nigeria","url":"https:\/\/www.africa-press.net\/togo\/politique\/togo-manifestations-contre-faure-gnassingbe-au-nigeria","name":"Togo-Manifestations contre Faure Gnassingb\u00e9 au Nigeria - Togo","isPartOf":{"@id":"https:\/\/www.africa-press.net\/togo\/#website"},"primaryImageOfPage":{"@id":"https:\/\/www.africa-press.net\/togo\/politique\/togo-manifestations-contre-faure-gnassingbe-au-nigeria#primaryimage"},"image":{"@id":"https:\/\/www.africa-press.net\/togo\/politique\/togo-manifestations-contre-faure-gnassingbe-au-nigeria#primaryimage"},"thumbnailUrl":"https:\/\/static.africa-press.net\/togo\/sites\/58\/2022\/09\/postQueueImg_4-6331e40243742.jpg","datePublished":"2022-09-26T17:31:29+00:00","dateModified":"2022-09-26T17:40:49+00:00","author":{"@id":"https:\/\/www.africa-press.net\/togo\/#\/schema\/person\/2b1cf3cd81a31e3cd26889ca66d677f1"},"description":"Certains Togolais vivant au Nigeria ont converge\u0301 samedi dernier sur la route George V, a\u0300 Lagos, pour protester cont ...","breadcrumb":{"@id":"https:\/\/www.africa-press.net\/togo\/politique\/togo-manifestations-contre-faure-gnassingbe-au-nigeria#breadcrumb"},"inLanguage":"fr-FR","potentialAction":[{"@type":"ReadAction","target":["https:\/\/www.africa-press.net\/togo\/politique\/togo-manifestations-contre-faure-gnassingbe-au-nigeria"]}]},{"@type":"ImageObject","inLanguage":"fr-FR","@id":"https:\/\/www.africa-press.net\/togo\/politique\/togo-manifestations-contre-faure-gnassingbe-au-nigeria#primaryimage","url":"https:\/\/static.africa-press.net\/togo\/sites\/58\/2022\/09\/postQueueImg_4-6331e40243742.jpg","contentUrl":"https:\/\/static.africa-press.net\/togo\/sites\/58\/2022\/09\/postQueueImg_4-6331e40243742.jpg","width":720,"height":418,"caption":"Togo-Manifestations contre Faure Gnassingb\u00e9 au Nigeria"},{"@type":"BreadcrumbList","@id":"https:\/\/www.africa-press.net\/togo\/politique\/togo-manifestations-contre-faure-gnassingbe-au-nigeria#breadcrumb","itemListElement":[{"@type":"ListItem","position":1,"name":"Accueil","item":"https:\/\/www.africa-press.net\/togo\/"},{"@type":"ListItem","position":2,"name":"Togo-Manifestations contre Faure Gnassingb\u00e9 au Nigeria"}]},{"@type":"WebSite","@id":"https:\/\/www.africa-press.net\/togo\/#website","url":"https:\/\/www.africa-press.net\/togo\/","name":"Togo","description":"Just another Africa News Agency Sites site","potentialAction":[{"@type":"SearchAction","target":{"@type":"EntryPoint","urlTemplate":"https:\/\/www.africa-press.net\/togo\/?s={search_term_string}"},"query-input":{"@type":"PropertyValueSpecification","valueRequired":true,"valueName":"search_term_string"}}],"inLanguage":"fr-FR"},{"@type":"Person","@id":"https:\/\/www.africa-press.net\/togo\/#\/schema\/person\/2b1cf3cd81a31e3cd26889ca66d677f1","name":"cfeditorfr"}]}},"_links":{"self":[{"href":"https:\/\/www.africa-press.net\/togo\/wp-json\/wp\/v2\/posts\/11526","targetHints":{"allow":["GET"]}}],"collection":[{"href":"https:\/\/www.africa-press.net\/togo\/wp-json\/wp\/v2\/posts"}],"about":[{"href":"https:\/\/www.africa-press.net\/togo\/wp-json\/wp\/v2\/types\/post"}],"author":[{"embeddable":true,"href":"https:\/\/www.africa-press.net\/togo\/wp-json\/wp\/v2\/users\/82"}],"replies":[{"embeddable":true,"href":"https:\/\/www.africa-press.net\/togo\/wp-json\/wp\/v2\/comments?post=11526"}],"version-history":[{"count":0,"href":"https:\/\/www.africa-press.net\/togo\/wp-json\/wp\/v2\/posts\/11526\/revisions"}],"wp:featuredmedia":[{"embeddable":true,"href":"https:\/\/www.africa-press.net\/togo\/wp-json\/wp\/v2\/media\/11525"}],"wp:attachment":[{"href":"https:\/\/www.africa-press.net\/togo\/wp-json\/wp\/v2\/media?parent=11526"}],"wp:term":[{"taxonomy":"category","embeddable":true,"href":"https:\/\/www.africa-press.net\/togo\/wp-json\/wp\/v2\/categories?post=11526"},{"taxonomy":"post_tag","embeddable":true,"href":"https:\/\/www.africa-press.net\/togo\/wp-json\/wp\/v2\/tags?post=11526"}],"curies":[{"name":"wp","href":"https:\/\/api.w.org\/{rel}","templated":true}]}}