{"id":11529,"date":"2022-09-26T17:31:42","date_gmt":"2022-09-26T17:31:42","guid":{"rendered":"https:\/\/www.africa-press.net\/togo\/politique\/togo-journee-nationale-des-sports-le-mmlk-applaudit-et-fait-des-proposition-pour-la-cohesion-sociale"},"modified":"2022-09-26T17:41:33","modified_gmt":"2022-09-26T17:41:33","slug":"togo-journee-nationale-des-sports-le-mmlk-applaudit-et-fait-des-proposition-pour-la-cohesion-sociale","status":"publish","type":"post","link":"https:\/\/www.africa-press.net\/togo\/sports\/togo-journee-nationale-des-sports-le-mmlk-applaudit-et-fait-des-proposition-pour-la-cohesion-sociale","title":{"rendered":"Togo-Journ\u00e9e nationale des sports : Le MMLK applaudit et fait des proposition pour la coh\u00e9sion sociale"},"content":{"rendered":"<p><span style=\"color: #ff6600\"><strong>Africa-Press &#8211; Togo. <\/strong><\/span><b>En proce\u0301dant samedi au lancement officiel de la journe\u0301e des sport, le Premier ministre Victoire Tomegah Dogbe\u0301, a e\u0301mis le v\u0153u que &gt;. Pour le Mouvement Martin Luther King (MMLK), &gt;. C\u2019est dans une note dont copie est parvenue a\u0300 la re\u0301daction de icilome.com. Lecture !<\/b><\/p>\n<p>TOGO : JOURNEE NATIONALE DE SPORTS<\/p>\n<p>Le Mouvement Martin Luther King salue cette initiative et mesure la porte\u0301e royale et effective des activite\u0301s physiques et sportives sur la sante\u0301 de l\u2019e\u0302tre humain .<\/p>\n<p>Toutefois , le MMLK estime que le sport seul ne peut e\u0302tre ce facteur de re\u0301conciliation , de cohe\u0301sion et de vivre ensemble . Par conse\u0301quent , il est fondamentalement question de favoriser l\u2019 environnement socio politique en impulsant la justice et l\u2019e\u0301galite\u0301 sociale , le partage e\u0301quitable des richesses nationales ,le respect de la dignite\u0301 humaine et des liberte\u0301s publiques.<\/p>\n<p>Aussi ,l\u2019 existence des citoyens ne saurait t -il se limiter qu\u2019aux activite\u0301s sportives mais dans la bonne gouvernance et la gestion saine des biens publics au profit de tous . Il faut libe\u0301rer les e\u0301nergies et cre\u0301er les conditions pour l\u2019e\u0301panouissement de tous .<\/p>\n<p>Ce n\u2019est qu\u2019a\u0300 ce prix que cette initiative pourra susciter une si grande adhe\u0301sion populaire et atteindre les re\u0301sultats escompte\u0301s .<\/p>\n<p>MMLK\/ la voix des sans voix<\/p>\n<p><strong>Pour plus d&rsquo;informations et d&rsquo;analyses sur la <a href=\"https:\/\/www.africa-press.net\/togo\">Togo<\/a>, suivez <a href=\"https:\/\/www.africa-press.net\/\">Africa-Press<\/a><\/strong><\/p>\n","protected":false},"excerpt":{"rendered":"<p>Africa-Press &#8211; Togo. En proce\u0301dant samedi au lancement officiel de la journe\u0301e des sport, le Premier ministre Victoire Tomegah Dogbe\u0301, a e\u0301mis le v\u0153u que &gt;. Pour le Mouvement Martin Luther King (MMLK), &gt;. C\u2019est dans une note dont copie est parvenue a\u0300 la re\u0301daction de icilome.com. Lecture ! TOGO : JOURNEE NATIONALE DE SPORTS [&hellip;]<\/p>\n","protected":false},"author":82,"featured_media":11528,"comment_status":"open","ping_status":"closed","sticky":false,"template":"","format":"standard","meta":{"footnotes":""},"categories":[6,10],"tags":[36,49,50],"class_list":["post-11529","post","type-post","status-publish","format-standard","has-post-thumbnail","hentry","category-sports","category-toutes-les-actualites","tag-africa-press","tag-africa-press-togo","tag-togo"],"yoast_head":"<!-- This site is optimized with the Yoast SEO Premium plugin v26.1 (Yoast SEO v27.0) - https:\/\/yoast.com\/product\/yoast-seo-premium-wordpress\/ -->\n<title>Togo-Journ\u00e9e nationale des sports : Le MMLK applaudit et fait des proposition pour la coh\u00e9sion sociale - Togo<\/title>\n<meta name=\"description\" content=\"En proce\u0301dant samedi au lancement officiel de la journe\u0301e des sport, le Premier ministre Victoire Tomegah Dogbe\u0301, a e ...\" \/>\n<meta name=\"robots\" content=\"index, follow, max-snippet:-1, max-image-preview:large, max-video-preview:-1\" \/>\n<link rel=\"canonical\" href=\"https:\/\/www.africa-press.net\/togo\/sports\/togo-journee-nationale-des-sports-le-mmlk-applaudit-et-fait-des-proposition-pour-la-cohesion-sociale\" \/>\n<meta property=\"og:locale\" content=\"fr_FR\" \/>\n<meta property=\"og:type\" content=\"article\" \/>\n<meta property=\"og:title\" content=\"Togo-Journ\u00e9e nationale des sports : Le MMLK applaudit et fait des proposition pour la coh\u00e9sion sociale\" \/>\n<meta property=\"og:description\" content=\"En proce\u0301dant samedi au lancement officiel de la journe\u0301e des sport, le Premier ministre Victoire Tomegah Dogbe\u0301, a e ...\" \/>\n<meta property=\"og:url\" content=\"https:\/\/www.africa-press.net\/togo\/sports\/togo-journee-nationale-des-sports-le-mmlk-applaudit-et-fait-des-proposition-pour-la-cohesion-sociale\" \/>\n<meta property=\"og:site_name\" content=\"Togo\" \/>\n<meta property=\"article:published_time\" content=\"2022-09-26T17:31:42+00:00\" \/>\n<meta property=\"article:modified_time\" content=\"2022-09-26T17:41:33+00:00\" \/>\n<meta property=\"og:image\" content=\"https:\/\/static.africa-press.net\/togo\/sites\/58\/2022\/09\/postQueueImg_5-6331e42ade032.jpg\" \/>\n\t<meta property=\"og:image:width\" content=\"1280\" \/>\n\t<meta property=\"og:image:height\" content=\"800\" \/>\n\t<meta property=\"og:image:type\" content=\"image\/jpeg\" \/>\n<meta name=\"author\" content=\"cfeditorfr\" \/>\n<meta name=\"twitter:card\" content=\"summary_large_image\" \/>\n<meta name=\"twitter:label1\" content=\"\u00c9crit par\" \/>\n\t<meta name=\"twitter:data1\" content=\"cfeditorfr\" \/>\n\t<meta name=\"twitter:label2\" content=\"Dur\u00e9e de lecture estim\u00e9e\" \/>\n\t<meta name=\"twitter:data2\" content=\"2 minutes\" \/>\n<script type=\"application\/ld+json\" class=\"yoast-schema-graph\">{\"@context\":\"https:\/\/schema.org\",\"@graph\":[{\"@type\":\"Article\",\"@id\":\"https:\/\/www.africa-press.net\/togo\/sports\/togo-journee-nationale-des-sports-le-mmlk-applaudit-et-fait-des-proposition-pour-la-cohesion-sociale#article\",\"isPartOf\":{\"@id\":\"https:\/\/www.africa-press.net\/togo\/sports\/togo-journee-nationale-des-sports-le-mmlk-applaudit-et-fait-des-proposition-pour-la-cohesion-sociale\"},\"author\":{\"name\":\"cfeditorfr\",\"@id\":\"https:\/\/www.africa-press.net\/togo\/#\/schema\/person\/2b1cf3cd81a31e3cd26889ca66d677f1\"},\"headline\":\"Togo-Journ\u00e9e nationale des sports : Le MMLK applaudit et fait des proposition pour la coh\u00e9sion sociale\",\"datePublished\":\"2022-09-26T17:31:42+00:00\",\"dateModified\":\"2022-09-26T17:41:33+00:00\",\"mainEntityOfPage\":{\"@id\":\"https:\/\/www.africa-press.net\/togo\/sports\/togo-journee-nationale-des-sports-le-mmlk-applaudit-et-fait-des-proposition-pour-la-cohesion-sociale\"},\"wordCount\":264,\"commentCount\":0,\"image\":{\"@id\":\"https:\/\/www.africa-press.net\/togo\/sports\/togo-journee-nationale-des-sports-le-mmlk-applaudit-et-fait-des-proposition-pour-la-cohesion-sociale#primaryimage\"},\"thumbnailUrl\":\"https:\/\/static.africa-press.net\/togo\/sites\/58\/2022\/09\/postQueueImg_5-6331e42ade032.jpg\",\"keywords\":[\"Africa Press\",\"Africa Press-Togo\",\"Togo\"],\"articleSection\":[\"Sports\",\"Toutes les actualit\u00e9s\"],\"inLanguage\":\"fr-FR\",\"potentialAction\":[{\"@type\":\"CommentAction\",\"name\":\"Comment\",\"target\":[\"https:\/\/www.africa-press.net\/togo\/sports\/togo-journee-nationale-des-sports-le-mmlk-applaudit-et-fait-des-proposition-pour-la-cohesion-sociale#respond\"]}]},{\"@type\":\"WebPage\",\"@id\":\"https:\/\/www.africa-press.net\/togo\/sports\/togo-journee-nationale-des-sports-le-mmlk-applaudit-et-fait-des-proposition-pour-la-cohesion-sociale\",\"url\":\"https:\/\/www.africa-press.net\/togo\/sports\/togo-journee-nationale-des-sports-le-mmlk-applaudit-et-fait-des-proposition-pour-la-cohesion-sociale\",\"name\":\"Togo-Journ\u00e9e nationale des sports : Le MMLK applaudit et fait des proposition pour la coh\u00e9sion sociale - Togo\",\"isPartOf\":{\"@id\":\"https:\/\/www.africa-press.net\/togo\/#website\"},\"primaryImageOfPage\":{\"@id\":\"https:\/\/www.africa-press.net\/togo\/sports\/togo-journee-nationale-des-sports-le-mmlk-applaudit-et-fait-des-proposition-pour-la-cohesion-sociale#primaryimage\"},\"image\":{\"@id\":\"https:\/\/www.africa-press.net\/togo\/sports\/togo-journee-nationale-des-sports-le-mmlk-applaudit-et-fait-des-proposition-pour-la-cohesion-sociale#primaryimage\"},\"thumbnailUrl\":\"https:\/\/static.africa-press.net\/togo\/sites\/58\/2022\/09\/postQueueImg_5-6331e42ade032.jpg\",\"datePublished\":\"2022-09-26T17:31:42+00:00\",\"dateModified\":\"2022-09-26T17:41:33+00:00\",\"author\":{\"@id\":\"https:\/\/www.africa-press.net\/togo\/#\/schema\/person\/2b1cf3cd81a31e3cd26889ca66d677f1\"},\"description\":\"En proce\u0301dant samedi au lancement officiel de la journe\u0301e des sport, le Premier ministre Victoire Tomegah Dogbe\u0301, a e ...\",\"breadcrumb\":{\"@id\":\"https:\/\/www.africa-press.net\/togo\/sports\/togo-journee-nationale-des-sports-le-mmlk-applaudit-et-fait-des-proposition-pour-la-cohesion-sociale#breadcrumb\"},\"inLanguage\":\"fr-FR\",\"potentialAction\":[{\"@type\":\"ReadAction\",\"target\":[\"https:\/\/www.africa-press.net\/togo\/sports\/togo-journee-nationale-des-sports-le-mmlk-applaudit-et-fait-des-proposition-pour-la-cohesion-sociale\"]}]},{\"@type\":\"ImageObject\",\"inLanguage\":\"fr-FR\",\"@id\":\"https:\/\/www.africa-press.net\/togo\/sports\/togo-journee-nationale-des-sports-le-mmlk-applaudit-et-fait-des-proposition-pour-la-cohesion-sociale#primaryimage\",\"url\":\"https:\/\/static.africa-press.net\/togo\/sites\/58\/2022\/09\/postQueueImg_5-6331e42ade032.jpg\",\"contentUrl\":\"https:\/\/static.africa-press.net\/togo\/sites\/58\/2022\/09\/postQueueImg_5-6331e42ade032.jpg\",\"width\":1280,\"height\":800,\"caption\":\"Togo-Journ\u00e9e nationale des sports : Le MMLK applaudit et fait des proposition pour la coh\u00e9sion sociale\"},{\"@type\":\"BreadcrumbList\",\"@id\":\"https:\/\/www.africa-press.net\/togo\/sports\/togo-journee-nationale-des-sports-le-mmlk-applaudit-et-fait-des-proposition-pour-la-cohesion-sociale#breadcrumb\",\"itemListElement\":[{\"@type\":\"ListItem\",\"position\":1,\"name\":\"Accueil\",\"item\":\"https:\/\/www.africa-press.net\/togo\/\"},{\"@type\":\"ListItem\",\"position\":2,\"name\":\"Togo-Journ\u00e9e nationale des sports : Le MMLK applaudit et fait des proposition pour la coh\u00e9sion sociale\"}]},{\"@type\":\"WebSite\",\"@id\":\"https:\/\/www.africa-press.net\/togo\/#website\",\"url\":\"https:\/\/www.africa-press.net\/togo\/\",\"name\":\"Togo\",\"description\":\"Just another Africa News Agency Sites site\",\"potentialAction\":[{\"@type\":\"SearchAction\",\"target\":{\"@type\":\"EntryPoint\",\"urlTemplate\":\"https:\/\/www.africa-press.net\/togo\/?s={search_term_string}\"},\"query-input\":{\"@type\":\"PropertyValueSpecification\",\"valueRequired\":true,\"valueName\":\"search_term_string\"}}],\"inLanguage\":\"fr-FR\"},{\"@type\":\"Person\",\"@id\":\"https:\/\/www.africa-press.net\/togo\/#\/schema\/person\/2b1cf3cd81a31e3cd26889ca66d677f1\",\"name\":\"cfeditorfr\"}]}<\/script>\n<!-- \/ Yoast SEO Premium plugin. -->","yoast_head_json":{"title":"Togo-Journ\u00e9e nationale des sports : Le MMLK applaudit et fait des proposition pour la coh\u00e9sion sociale - Togo","description":"En proce\u0301dant samedi au lancement officiel de la journe\u0301e des sport, le Premier ministre Victoire Tomegah Dogbe\u0301, a e ...","robots":{"index":"index","follow":"follow","max-snippet":"max-snippet:-1","max-image-preview":"max-image-preview:large","max-video-preview":"max-video-preview:-1"},"canonical":"https:\/\/www.africa-press.net\/togo\/sports\/togo-journee-nationale-des-sports-le-mmlk-applaudit-et-fait-des-proposition-pour-la-cohesion-sociale","og_locale":"fr_FR","og_type":"article","og_title":"Togo-Journ\u00e9e nationale des sports : Le MMLK applaudit et fait des proposition pour la coh\u00e9sion sociale","og_description":"En proce\u0301dant samedi au lancement officiel de la journe\u0301e des sport, le Premier ministre Victoire Tomegah Dogbe\u0301, a e ...","og_url":"https:\/\/www.africa-press.net\/togo\/sports\/togo-journee-nationale-des-sports-le-mmlk-applaudit-et-fait-des-proposition-pour-la-cohesion-sociale","og_site_name":"Togo","article_published_time":"2022-09-26T17:31:42+00:00","article_modified_time":"2022-09-26T17:41:33+00:00","og_image":[{"width":1280,"height":800,"url":"https:\/\/static.africa-press.net\/togo\/sites\/58\/2022\/09\/postQueueImg_5-6331e42ade032.jpg","type":"image\/jpeg"}],"author":"cfeditorfr","twitter_card":"summary_large_image","twitter_misc":{"\u00c9crit par":"cfeditorfr","Dur\u00e9e de lecture estim\u00e9e":"2 minutes"},"schema":{"@context":"https:\/\/schema.org","@graph":[{"@type":"Article","@id":"https:\/\/www.africa-press.net\/togo\/sports\/togo-journee-nationale-des-sports-le-mmlk-applaudit-et-fait-des-proposition-pour-la-cohesion-sociale#article","isPartOf":{"@id":"https:\/\/www.africa-press.net\/togo\/sports\/togo-journee-nationale-des-sports-le-mmlk-applaudit-et-fait-des-proposition-pour-la-cohesion-sociale"},"author":{"name":"cfeditorfr","@id":"https:\/\/www.africa-press.net\/togo\/#\/schema\/person\/2b1cf3cd81a31e3cd26889ca66d677f1"},"headline":"Togo-Journ\u00e9e nationale des sports : Le MMLK applaudit et fait des proposition pour la coh\u00e9sion sociale","datePublished":"2022-09-26T17:31:42+00:00","dateModified":"2022-09-26T17:41:33+00:00","mainEntityOfPage":{"@id":"https:\/\/www.africa-press.net\/togo\/sports\/togo-journee-nationale-des-sports-le-mmlk-applaudit-et-fait-des-proposition-pour-la-cohesion-sociale"},"wordCount":264,"commentCount":0,"image":{"@id":"https:\/\/www.africa-press.net\/togo\/sports\/togo-journee-nationale-des-sports-le-mmlk-applaudit-et-fait-des-proposition-pour-la-cohesion-sociale#primaryimage"},"thumbnailUrl":"https:\/\/static.africa-press.net\/togo\/sites\/58\/2022\/09\/postQueueImg_5-6331e42ade032.jpg","keywords":["Africa Press","Africa Press-Togo","Togo"],"articleSection":["Sports","Toutes les actualit\u00e9s"],"inLanguage":"fr-FR","potentialAction":[{"@type":"CommentAction","name":"Comment","target":["https:\/\/www.africa-press.net\/togo\/sports\/togo-journee-nationale-des-sports-le-mmlk-applaudit-et-fait-des-proposition-pour-la-cohesion-sociale#respond"]}]},{"@type":"WebPage","@id":"https:\/\/www.africa-press.net\/togo\/sports\/togo-journee-nationale-des-sports-le-mmlk-applaudit-et-fait-des-proposition-pour-la-cohesion-sociale","url":"https:\/\/www.africa-press.net\/togo\/sports\/togo-journee-nationale-des-sports-le-mmlk-applaudit-et-fait-des-proposition-pour-la-cohesion-sociale","name":"Togo-Journ\u00e9e nationale des sports : Le MMLK applaudit et fait des proposition pour la coh\u00e9sion sociale - Togo","isPartOf":{"@id":"https:\/\/www.africa-press.net\/togo\/#website"},"primaryImageOfPage":{"@id":"https:\/\/www.africa-press.net\/togo\/sports\/togo-journee-nationale-des-sports-le-mmlk-applaudit-et-fait-des-proposition-pour-la-cohesion-sociale#primaryimage"},"image":{"@id":"https:\/\/www.africa-press.net\/togo\/sports\/togo-journee-nationale-des-sports-le-mmlk-applaudit-et-fait-des-proposition-pour-la-cohesion-sociale#primaryimage"},"thumbnailUrl":"https:\/\/static.africa-press.net\/togo\/sites\/58\/2022\/09\/postQueueImg_5-6331e42ade032.jpg","datePublished":"2022-09-26T17:31:42+00:00","dateModified":"2022-09-26T17:41:33+00:00","author":{"@id":"https:\/\/www.africa-press.net\/togo\/#\/schema\/person\/2b1cf3cd81a31e3cd26889ca66d677f1"},"description":"En proce\u0301dant samedi au lancement officiel de la journe\u0301e des sport, le Premier ministre Victoire Tomegah Dogbe\u0301, a e ...","breadcrumb":{"@id":"https:\/\/www.africa-press.net\/togo\/sports\/togo-journee-nationale-des-sports-le-mmlk-applaudit-et-fait-des-proposition-pour-la-cohesion-sociale#breadcrumb"},"inLanguage":"fr-FR","potentialAction":[{"@type":"ReadAction","target":["https:\/\/www.africa-press.net\/togo\/sports\/togo-journee-nationale-des-sports-le-mmlk-applaudit-et-fait-des-proposition-pour-la-cohesion-sociale"]}]},{"@type":"ImageObject","inLanguage":"fr-FR","@id":"https:\/\/www.africa-press.net\/togo\/sports\/togo-journee-nationale-des-sports-le-mmlk-applaudit-et-fait-des-proposition-pour-la-cohesion-sociale#primaryimage","url":"https:\/\/static.africa-press.net\/togo\/sites\/58\/2022\/09\/postQueueImg_5-6331e42ade032.jpg","contentUrl":"https:\/\/static.africa-press.net\/togo\/sites\/58\/2022\/09\/postQueueImg_5-6331e42ade032.jpg","width":1280,"height":800,"caption":"Togo-Journ\u00e9e nationale des sports : Le MMLK applaudit et fait des proposition pour la coh\u00e9sion sociale"},{"@type":"BreadcrumbList","@id":"https:\/\/www.africa-press.net\/togo\/sports\/togo-journee-nationale-des-sports-le-mmlk-applaudit-et-fait-des-proposition-pour-la-cohesion-sociale#breadcrumb","itemListElement":[{"@type":"ListItem","position":1,"name":"Accueil","item":"https:\/\/www.africa-press.net\/togo\/"},{"@type":"ListItem","position":2,"name":"Togo-Journ\u00e9e nationale des sports : Le MMLK applaudit et fait des proposition pour la coh\u00e9sion sociale"}]},{"@type":"WebSite","@id":"https:\/\/www.africa-press.net\/togo\/#website","url":"https:\/\/www.africa-press.net\/togo\/","name":"Togo","description":"Just another Africa News Agency Sites site","potentialAction":[{"@type":"SearchAction","target":{"@type":"EntryPoint","urlTemplate":"https:\/\/www.africa-press.net\/togo\/?s={search_term_string}"},"query-input":{"@type":"PropertyValueSpecification","valueRequired":true,"valueName":"search_term_string"}}],"inLanguage":"fr-FR"},{"@type":"Person","@id":"https:\/\/www.africa-press.net\/togo\/#\/schema\/person\/2b1cf3cd81a31e3cd26889ca66d677f1","name":"cfeditorfr"}]}},"_links":{"self":[{"href":"https:\/\/www.africa-press.net\/togo\/wp-json\/wp\/v2\/posts\/11529","targetHints":{"allow":["GET"]}}],"collection":[{"href":"https:\/\/www.africa-press.net\/togo\/wp-json\/wp\/v2\/posts"}],"about":[{"href":"https:\/\/www.africa-press.net\/togo\/wp-json\/wp\/v2\/types\/post"}],"author":[{"embeddable":true,"href":"https:\/\/www.africa-press.net\/togo\/wp-json\/wp\/v2\/users\/82"}],"replies":[{"embeddable":true,"href":"https:\/\/www.africa-press.net\/togo\/wp-json\/wp\/v2\/comments?post=11529"}],"version-history":[{"count":0,"href":"https:\/\/www.africa-press.net\/togo\/wp-json\/wp\/v2\/posts\/11529\/revisions"}],"wp:featuredmedia":[{"embeddable":true,"href":"https:\/\/www.africa-press.net\/togo\/wp-json\/wp\/v2\/media\/11528"}],"wp:attachment":[{"href":"https:\/\/www.africa-press.net\/togo\/wp-json\/wp\/v2\/media?parent=11529"}],"wp:term":[{"taxonomy":"category","embeddable":true,"href":"https:\/\/www.africa-press.net\/togo\/wp-json\/wp\/v2\/categories?post=11529"},{"taxonomy":"post_tag","embeddable":true,"href":"https:\/\/www.africa-press.net\/togo\/wp-json\/wp\/v2\/tags?post=11529"}],"curies":[{"name":"wp","href":"https:\/\/api.w.org\/{rel}","templated":true}]}}