{"id":11541,"date":"2022-09-26T17:33:03","date_gmt":"2022-09-26T17:33:03","guid":{"rendered":"https:\/\/www.africa-press.net\/togo\/politique\/togo-dr-spieker-se-dresse-contre-la-politique-de-la-pensee-unique"},"modified":"2022-09-26T17:44:57","modified_gmt":"2022-09-26T17:44:57","slug":"togo-dr-spieker-se-dresse-contre-la-politique-de-la-pensee-unique","status":"publish","type":"post","link":"https:\/\/www.africa-press.net\/togo\/politique\/togo-dr-spieker-se-dresse-contre-la-politique-de-la-pensee-unique","title":{"rendered":"Togo-Dr Spieker se dresse contre la politique de la pens\u00e9e unique"},"content":{"rendered":"<p><span style=\"color: #ff6600\"><strong>Africa-Press &#8211; Togo. <\/strong><\/span><b>On a besoin d \u0301un pays ou\u0300 les re\u0301sultats des e\u0301lections sont respecte\u0301s, ou\u0300 les gens sont since\u0300res et respectent la volonte\u0301 du peuple exprime\u0301e dans les urnes. Il faut que les gens se de\u0301barrassent de la culture de la force, de la sauvagerie ou de la brutalite\u0301 et ce\u0300dent enfin la place de ces incivilite\u0301s notoires et caracte\u0301rise\u0301es a\u0300 la culture de l \u0301ordre et du respect de la loi dans une socie\u0301te\u0301 civilise\u0301e, et non celle dans laquelle les lois sont taille\u0301es sur mesure comme si les autres e\u0301taient des sujets et non des citoyens e\u0301gaux. Au me\u0302me moment, d \u0301autres lois sont faites cyniquement dans l \u0301intention de bloquer le passage aux autres citoyens honne\u0302tes, patriotes, dignes et qui veulent du bien pour le pays. Voila\u0300 les choses qui freinent durablement ce pays. Il faut penser au pays et non a\u0300 soi-me\u0302me. Il faut la culture du bien commun.<\/b><\/p>\n<p>Nous rentrons dans une e\u0300re qui oblige l \u0301Afrique a\u0300 re\u0301ussir. Nous sommes condamne\u0301s a\u0300 avancer. Vous vous amusez trop longtemps avec le destin de ce pays. C\u0327a suffit. Il est temps de changer de comportement et l \u0301adapter aux exigences du moment, de notre e\u0300re. Le Togo doit bouger. Nous devons avancer.<\/p>\n<p>On n \u0301est jamais anime\u0301 de bonnes intentions dans ce pays, aussi bien des dirigeants que les Togolais eux-me\u0302mes. Toujours des mauvaises ide\u0301es, tre\u0300s mauvaises et sournoises! Et voulez-vous que ce pays se de\u0301veloppe? Mille ans, le Togo ne sera jamais de\u0301veloppe\u0301 si la mentalite\u0301 de ceux qui le dirigent ou veulent le diriger ainsi que ceux qui sont dirige\u0301s, ne change pas. Tout le monde est coupable. Ce sont les bonnes ide\u0301es qui de\u0301veloppent un pays. Les Togolais eux-me\u0302mes sont aussi des gens tre\u0300s me\u0301chants entre eux. Le Togolais aime voir son prochain e\u0301chouer dans ce qu \u0301il fait, par envie et jalousie me\u0302me si la personne lutte pour l \u0301inte\u0301re\u0302t ge\u0301ne\u0301ral. Voila\u0300 pourquoi la lutte vers le changement n \u0301avance pas. La\u0300 ou\u0300 on a e\u0301choue\u0301, on n \u0301aime jamais voir son prochain re\u0301ussir. Mais la re\u0301ussite on en aura. On va re\u0301ussir la\u0300 ou\u0300 les gens ont e\u0301choue\u0301 dans ce pays car je suis rentre\u0301 au pays avec une intention saine, rien que dans l \u0301inte\u0301re\u0302t du pays, pour voir mon pays devenir un jour exemplaire et rayonnant dans la sous-re\u0301gion. C \u0301est la seule ide\u0301e qui m \u0301anime.<\/p>\n<p>Le gouvernement veut le de\u0301veloppement de ce pays. L \u0301intention y est. Mais l \u0301intention seule ne suffit pas. Il faut des conditions pre\u0301alables qui font de\u0301faut aujourd \u0301hui. Il faut des hommes et des femmes nationalistes, patriotes pour la cause de notre pays. Aujourd \u0301hui on n \u0301en a pays. Ceux qui dirigent ce pays ne sont pas des hommes et des femmes ambitieux pour le pays mais pour leur poche et leur honneur personnel. La politique de la pense\u0301e unique ne peut jamais permettre a\u0300 un pays de se developper. Il faut accepter les critiques. Je viens d \u0301un pays exemplaire et rigoureux dans la gestion et je sais ce que je dis. Le Togo ne peut jamais se de\u0301velopper avec la politique de la pense\u0301e unique. Il faut des e\u0301changes d \u0301ide\u0301es. Il faut l \u0301apport de chacun et de chacune de nous tous en tant que citoyen et citoyenne. C \u0301est a\u0300 ce seul prix qu \u0301on peut e\u0301voluer au Togo.<\/p>\n<p>On sent que les gens ne sont pas sensibles aux proble\u0300mes fondamentaux du pays et n \u0301ont aucune ambition pour ce pays. La seule culture avec laquelle les gens ont tous grandi dans ce pays sans exception est la culture de l\u2019inte\u0301re\u0302t personnel et du gain personnel. La notion du bien commun, de l\u2019inte\u0301re\u0302t ge\u0301ne\u0301ral, les gens n \u0301en ont pas. Aucun pays ne peut jamais se develooper dans ces conditions car les talents ne sont pas biens exploite\u0301s et mis au service du pays.<\/p>\n<p>Ce pays a besoin des Togolais honne\u0302tes, rigoureux et transparents, qui pensent a\u0300 l \u0301inte\u0301re\u0302t national et au de\u0301veloppement du pays. Tout c\u0327a la\u0300, aujourd \u0301hui, ces qualite\u0301s manquent cruellement pour le Togo. Les gens n \u0301ont aucune ambition nationale. Et comment un pays peut-il se de\u0301velopper dans ces conditions? Jamais! Aujourd \u0301hui, je n \u0301en trouve pas au Togo. Il faut des gens qui aiment le pays. Le Togo a besoin des gens de caracte\u0300re qui ne peuvent jamais se laisser manipuler par qui que ce soit. Le pays a besoin des gens inte\u0300gres en politique qui ne sont pas faibles devant l \u0301argent. La dignite\u0301 est bafoue\u0301e. Tout le monde court apre\u0300s l \u0301argent, veut rouler dans de belles voitures et avoir des femmes.<\/p>\n<p>Qu \u0301attendons-nous en Afrique francophone et surtout au Togo pour avoir des femmes et des hommes nationalistes au service de l \u0301Afrique? Le Togo manque cruellement des patriotes, des hommes et des femmes de qualite\u0301 qui aiment vraiment ce pays et son rayonnement. Me\u0302me au sein de l\u2019UE, les femmes nationalistes comme en Sue\u0300de et hier me\u0302me en Italie prennent de\u0301mocratiquement le pouvoir. Le Togo aussi en a besoin. Les femmes sont plus courageuses que les hommes en politique. Je veux vraiment des femmes courageuses autour de moi pour mener ce combat politique et de re\u0301unification des deux Togos.<\/p>\n<p>Je suis un nationaliste, pre\u0302t a\u0300 de\u0301fendre les inte\u0301re\u0302ts de mon pays partout ou\u0300 je suis, surtout face aux grandes puissances de ce monde, en particulier la France et la Grande Bretagne, les deux pays qui ont divise\u0301 notre pays, destine\u0301 pourtant a\u0300 devenir un beau pays mais malheureusement sombre\u0301 depuis aou\u0302t 1914. Mais ce qui e\u0301tait a\u0300 nous, reviendra a\u0300 nous.<\/p>\n<p>Dr. Christian Spieker<\/p>\n<p>Pre\u0301sident de <b>UNSER (Unite\u0301 de la Socie\u0301te\u0301 pour l \u0301Edification et la Re\u0301unification)<\/b> en cre\u0301ation<\/p>\n<p><strong>Pour plus d&rsquo;informations et d&rsquo;analyses sur la <a href=\"https:\/\/www.africa-press.net\/togo\">Togo<\/a>, suivez <a href=\"https:\/\/www.africa-press.net\/\">Africa-Press<\/a><\/strong><\/p>\n","protected":false},"excerpt":{"rendered":"<p>Africa-Press &#8211; Togo. On a besoin d \u0301un pays ou\u0300 les re\u0301sultats des e\u0301lections sont respecte\u0301s, ou\u0300 les gens sont since\u0300res et respectent la volonte\u0301 du peuple exprime\u0301e dans les urnes. Il faut que les gens se de\u0301barrassent de la culture de la force, de la sauvagerie ou de la brutalite\u0301 et ce\u0300dent enfin la [&hellip;]<\/p>\n","protected":false},"author":82,"featured_media":11540,"comment_status":"open","ping_status":"closed","sticky":false,"template":"","format":"standard","meta":{"footnotes":""},"categories":[7,2,10],"tags":[36,49,50],"class_list":["post-11541","post","type-post","status-publish","format-standard","has-post-thumbnail","hentry","category-dossiers","category-politique","category-toutes-les-actualites","tag-africa-press","tag-africa-press-togo","tag-togo"],"yoast_head":"<!-- This site is optimized with the Yoast SEO Premium plugin v26.1 (Yoast SEO v27.0) - https:\/\/yoast.com\/product\/yoast-seo-premium-wordpress\/ -->\n<title>Togo-Dr Spieker se dresse contre la politique de la pens\u00e9e unique - Togo<\/title>\n<meta name=\"description\" content=\"On a besoin d \u0301un pays ou\u0300 les re\u0301sultats des e\u0301lections sont respecte\u0301s, ou\u0300 les gens sont since\u0300res et respectent l ...\" \/>\n<meta name=\"robots\" content=\"index, follow, max-snippet:-1, max-image-preview:large, max-video-preview:-1\" \/>\n<link rel=\"canonical\" href=\"https:\/\/www.africa-press.net\/togo\/politique\/togo-dr-spieker-se-dresse-contre-la-politique-de-la-pensee-unique\" \/>\n<meta property=\"og:locale\" content=\"fr_FR\" \/>\n<meta property=\"og:type\" content=\"article\" \/>\n<meta property=\"og:title\" content=\"Togo-Dr Spieker se dresse contre la politique de la pens\u00e9e unique\" \/>\n<meta property=\"og:description\" content=\"On a besoin d \u0301un pays ou\u0300 les re\u0301sultats des e\u0301lections sont respecte\u0301s, ou\u0300 les gens sont since\u0300res et respectent l ...\" \/>\n<meta property=\"og:url\" content=\"https:\/\/www.africa-press.net\/togo\/politique\/togo-dr-spieker-se-dresse-contre-la-politique-de-la-pensee-unique\" \/>\n<meta property=\"og:site_name\" content=\"Togo\" \/>\n<meta property=\"article:published_time\" content=\"2022-09-26T17:33:03+00:00\" \/>\n<meta property=\"article:modified_time\" content=\"2022-09-26T17:44:57+00:00\" \/>\n<meta property=\"og:image\" content=\"https:\/\/static.africa-press.net\/togo\/sites\/58\/2022\/09\/postQueueImg_9-6331e4fce68b4.jpg\" \/>\n\t<meta property=\"og:image:width\" content=\"1280\" \/>\n\t<meta property=\"og:image:height\" content=\"800\" \/>\n\t<meta property=\"og:image:type\" content=\"image\/jpeg\" \/>\n<meta name=\"author\" content=\"cfeditorfr\" \/>\n<meta name=\"twitter:card\" content=\"summary_large_image\" \/>\n<meta name=\"twitter:label1\" content=\"\u00c9crit par\" \/>\n\t<meta name=\"twitter:data1\" content=\"cfeditorfr\" \/>\n\t<meta name=\"twitter:label2\" content=\"Dur\u00e9e de lecture estim\u00e9e\" \/>\n\t<meta name=\"twitter:data2\" content=\"5 minutes\" \/>\n<script type=\"application\/ld+json\" class=\"yoast-schema-graph\">{\"@context\":\"https:\/\/schema.org\",\"@graph\":[{\"@type\":\"Article\",\"@id\":\"https:\/\/www.africa-press.net\/togo\/politique\/togo-dr-spieker-se-dresse-contre-la-politique-de-la-pensee-unique#article\",\"isPartOf\":{\"@id\":\"https:\/\/www.africa-press.net\/togo\/politique\/togo-dr-spieker-se-dresse-contre-la-politique-de-la-pensee-unique\"},\"author\":{\"name\":\"cfeditorfr\",\"@id\":\"https:\/\/www.africa-press.net\/togo\/#\/schema\/person\/2b1cf3cd81a31e3cd26889ca66d677f1\"},\"headline\":\"Togo-Dr Spieker se dresse contre la politique de la pens\u00e9e unique\",\"datePublished\":\"2022-09-26T17:33:03+00:00\",\"dateModified\":\"2022-09-26T17:44:57+00:00\",\"mainEntityOfPage\":{\"@id\":\"https:\/\/www.africa-press.net\/togo\/politique\/togo-dr-spieker-se-dresse-contre-la-politique-de-la-pensee-unique\"},\"wordCount\":1073,\"commentCount\":0,\"image\":{\"@id\":\"https:\/\/www.africa-press.net\/togo\/politique\/togo-dr-spieker-se-dresse-contre-la-politique-de-la-pensee-unique#primaryimage\"},\"thumbnailUrl\":\"https:\/\/static.africa-press.net\/togo\/sites\/58\/2022\/09\/postQueueImg_9-6331e4fce68b4.jpg\",\"keywords\":[\"Africa Press\",\"Africa Press-Togo\",\"Togo\"],\"articleSection\":[\"Dossiers\",\"Politique\",\"Toutes les actualit\u00e9s\"],\"inLanguage\":\"fr-FR\",\"potentialAction\":[{\"@type\":\"CommentAction\",\"name\":\"Comment\",\"target\":[\"https:\/\/www.africa-press.net\/togo\/politique\/togo-dr-spieker-se-dresse-contre-la-politique-de-la-pensee-unique#respond\"]}]},{\"@type\":\"WebPage\",\"@id\":\"https:\/\/www.africa-press.net\/togo\/politique\/togo-dr-spieker-se-dresse-contre-la-politique-de-la-pensee-unique\",\"url\":\"https:\/\/www.africa-press.net\/togo\/politique\/togo-dr-spieker-se-dresse-contre-la-politique-de-la-pensee-unique\",\"name\":\"Togo-Dr Spieker se dresse contre la politique de la pens\u00e9e unique - Togo\",\"isPartOf\":{\"@id\":\"https:\/\/www.africa-press.net\/togo\/#website\"},\"primaryImageOfPage\":{\"@id\":\"https:\/\/www.africa-press.net\/togo\/politique\/togo-dr-spieker-se-dresse-contre-la-politique-de-la-pensee-unique#primaryimage\"},\"image\":{\"@id\":\"https:\/\/www.africa-press.net\/togo\/politique\/togo-dr-spieker-se-dresse-contre-la-politique-de-la-pensee-unique#primaryimage\"},\"thumbnailUrl\":\"https:\/\/static.africa-press.net\/togo\/sites\/58\/2022\/09\/postQueueImg_9-6331e4fce68b4.jpg\",\"datePublished\":\"2022-09-26T17:33:03+00:00\",\"dateModified\":\"2022-09-26T17:44:57+00:00\",\"author\":{\"@id\":\"https:\/\/www.africa-press.net\/togo\/#\/schema\/person\/2b1cf3cd81a31e3cd26889ca66d677f1\"},\"description\":\"On a besoin d \u0301un pays ou\u0300 les re\u0301sultats des e\u0301lections sont respecte\u0301s, ou\u0300 les gens sont since\u0300res et respectent l ...\",\"breadcrumb\":{\"@id\":\"https:\/\/www.africa-press.net\/togo\/politique\/togo-dr-spieker-se-dresse-contre-la-politique-de-la-pensee-unique#breadcrumb\"},\"inLanguage\":\"fr-FR\",\"potentialAction\":[{\"@type\":\"ReadAction\",\"target\":[\"https:\/\/www.africa-press.net\/togo\/politique\/togo-dr-spieker-se-dresse-contre-la-politique-de-la-pensee-unique\"]}]},{\"@type\":\"ImageObject\",\"inLanguage\":\"fr-FR\",\"@id\":\"https:\/\/www.africa-press.net\/togo\/politique\/togo-dr-spieker-se-dresse-contre-la-politique-de-la-pensee-unique#primaryimage\",\"url\":\"https:\/\/static.africa-press.net\/togo\/sites\/58\/2022\/09\/postQueueImg_9-6331e4fce68b4.jpg\",\"contentUrl\":\"https:\/\/static.africa-press.net\/togo\/sites\/58\/2022\/09\/postQueueImg_9-6331e4fce68b4.jpg\",\"width\":1280,\"height\":800,\"caption\":\"Togo-Dr Spieker se dresse contre la politique de la pens\u00e9e unique\"},{\"@type\":\"BreadcrumbList\",\"@id\":\"https:\/\/www.africa-press.net\/togo\/politique\/togo-dr-spieker-se-dresse-contre-la-politique-de-la-pensee-unique#breadcrumb\",\"itemListElement\":[{\"@type\":\"ListItem\",\"position\":1,\"name\":\"Accueil\",\"item\":\"https:\/\/www.africa-press.net\/togo\/\"},{\"@type\":\"ListItem\",\"position\":2,\"name\":\"Togo-Dr Spieker se dresse contre la politique de la pens\u00e9e unique\"}]},{\"@type\":\"WebSite\",\"@id\":\"https:\/\/www.africa-press.net\/togo\/#website\",\"url\":\"https:\/\/www.africa-press.net\/togo\/\",\"name\":\"Togo\",\"description\":\"Just another Africa News Agency Sites site\",\"potentialAction\":[{\"@type\":\"SearchAction\",\"target\":{\"@type\":\"EntryPoint\",\"urlTemplate\":\"https:\/\/www.africa-press.net\/togo\/?s={search_term_string}\"},\"query-input\":{\"@type\":\"PropertyValueSpecification\",\"valueRequired\":true,\"valueName\":\"search_term_string\"}}],\"inLanguage\":\"fr-FR\"},{\"@type\":\"Person\",\"@id\":\"https:\/\/www.africa-press.net\/togo\/#\/schema\/person\/2b1cf3cd81a31e3cd26889ca66d677f1\",\"name\":\"cfeditorfr\"}]}<\/script>\n<!-- \/ Yoast SEO Premium plugin. -->","yoast_head_json":{"title":"Togo-Dr Spieker se dresse contre la politique de la pens\u00e9e unique - Togo","description":"On a besoin d \u0301un pays ou\u0300 les re\u0301sultats des e\u0301lections sont respecte\u0301s, ou\u0300 les gens sont since\u0300res et respectent l ...","robots":{"index":"index","follow":"follow","max-snippet":"max-snippet:-1","max-image-preview":"max-image-preview:large","max-video-preview":"max-video-preview:-1"},"canonical":"https:\/\/www.africa-press.net\/togo\/politique\/togo-dr-spieker-se-dresse-contre-la-politique-de-la-pensee-unique","og_locale":"fr_FR","og_type":"article","og_title":"Togo-Dr Spieker se dresse contre la politique de la pens\u00e9e unique","og_description":"On a besoin d \u0301un pays ou\u0300 les re\u0301sultats des e\u0301lections sont respecte\u0301s, ou\u0300 les gens sont since\u0300res et respectent l ...","og_url":"https:\/\/www.africa-press.net\/togo\/politique\/togo-dr-spieker-se-dresse-contre-la-politique-de-la-pensee-unique","og_site_name":"Togo","article_published_time":"2022-09-26T17:33:03+00:00","article_modified_time":"2022-09-26T17:44:57+00:00","og_image":[{"width":1280,"height":800,"url":"https:\/\/static.africa-press.net\/togo\/sites\/58\/2022\/09\/postQueueImg_9-6331e4fce68b4.jpg","type":"image\/jpeg"}],"author":"cfeditorfr","twitter_card":"summary_large_image","twitter_misc":{"\u00c9crit par":"cfeditorfr","Dur\u00e9e de lecture estim\u00e9e":"5 minutes"},"schema":{"@context":"https:\/\/schema.org","@graph":[{"@type":"Article","@id":"https:\/\/www.africa-press.net\/togo\/politique\/togo-dr-spieker-se-dresse-contre-la-politique-de-la-pensee-unique#article","isPartOf":{"@id":"https:\/\/www.africa-press.net\/togo\/politique\/togo-dr-spieker-se-dresse-contre-la-politique-de-la-pensee-unique"},"author":{"name":"cfeditorfr","@id":"https:\/\/www.africa-press.net\/togo\/#\/schema\/person\/2b1cf3cd81a31e3cd26889ca66d677f1"},"headline":"Togo-Dr Spieker se dresse contre la politique de la pens\u00e9e unique","datePublished":"2022-09-26T17:33:03+00:00","dateModified":"2022-09-26T17:44:57+00:00","mainEntityOfPage":{"@id":"https:\/\/www.africa-press.net\/togo\/politique\/togo-dr-spieker-se-dresse-contre-la-politique-de-la-pensee-unique"},"wordCount":1073,"commentCount":0,"image":{"@id":"https:\/\/www.africa-press.net\/togo\/politique\/togo-dr-spieker-se-dresse-contre-la-politique-de-la-pensee-unique#primaryimage"},"thumbnailUrl":"https:\/\/static.africa-press.net\/togo\/sites\/58\/2022\/09\/postQueueImg_9-6331e4fce68b4.jpg","keywords":["Africa Press","Africa Press-Togo","Togo"],"articleSection":["Dossiers","Politique","Toutes les actualit\u00e9s"],"inLanguage":"fr-FR","potentialAction":[{"@type":"CommentAction","name":"Comment","target":["https:\/\/www.africa-press.net\/togo\/politique\/togo-dr-spieker-se-dresse-contre-la-politique-de-la-pensee-unique#respond"]}]},{"@type":"WebPage","@id":"https:\/\/www.africa-press.net\/togo\/politique\/togo-dr-spieker-se-dresse-contre-la-politique-de-la-pensee-unique","url":"https:\/\/www.africa-press.net\/togo\/politique\/togo-dr-spieker-se-dresse-contre-la-politique-de-la-pensee-unique","name":"Togo-Dr Spieker se dresse contre la politique de la pens\u00e9e unique - Togo","isPartOf":{"@id":"https:\/\/www.africa-press.net\/togo\/#website"},"primaryImageOfPage":{"@id":"https:\/\/www.africa-press.net\/togo\/politique\/togo-dr-spieker-se-dresse-contre-la-politique-de-la-pensee-unique#primaryimage"},"image":{"@id":"https:\/\/www.africa-press.net\/togo\/politique\/togo-dr-spieker-se-dresse-contre-la-politique-de-la-pensee-unique#primaryimage"},"thumbnailUrl":"https:\/\/static.africa-press.net\/togo\/sites\/58\/2022\/09\/postQueueImg_9-6331e4fce68b4.jpg","datePublished":"2022-09-26T17:33:03+00:00","dateModified":"2022-09-26T17:44:57+00:00","author":{"@id":"https:\/\/www.africa-press.net\/togo\/#\/schema\/person\/2b1cf3cd81a31e3cd26889ca66d677f1"},"description":"On a besoin d \u0301un pays ou\u0300 les re\u0301sultats des e\u0301lections sont respecte\u0301s, ou\u0300 les gens sont since\u0300res et respectent l ...","breadcrumb":{"@id":"https:\/\/www.africa-press.net\/togo\/politique\/togo-dr-spieker-se-dresse-contre-la-politique-de-la-pensee-unique#breadcrumb"},"inLanguage":"fr-FR","potentialAction":[{"@type":"ReadAction","target":["https:\/\/www.africa-press.net\/togo\/politique\/togo-dr-spieker-se-dresse-contre-la-politique-de-la-pensee-unique"]}]},{"@type":"ImageObject","inLanguage":"fr-FR","@id":"https:\/\/www.africa-press.net\/togo\/politique\/togo-dr-spieker-se-dresse-contre-la-politique-de-la-pensee-unique#primaryimage","url":"https:\/\/static.africa-press.net\/togo\/sites\/58\/2022\/09\/postQueueImg_9-6331e4fce68b4.jpg","contentUrl":"https:\/\/static.africa-press.net\/togo\/sites\/58\/2022\/09\/postQueueImg_9-6331e4fce68b4.jpg","width":1280,"height":800,"caption":"Togo-Dr Spieker se dresse contre la politique de la pens\u00e9e unique"},{"@type":"BreadcrumbList","@id":"https:\/\/www.africa-press.net\/togo\/politique\/togo-dr-spieker-se-dresse-contre-la-politique-de-la-pensee-unique#breadcrumb","itemListElement":[{"@type":"ListItem","position":1,"name":"Accueil","item":"https:\/\/www.africa-press.net\/togo\/"},{"@type":"ListItem","position":2,"name":"Togo-Dr Spieker se dresse contre la politique de la pens\u00e9e unique"}]},{"@type":"WebSite","@id":"https:\/\/www.africa-press.net\/togo\/#website","url":"https:\/\/www.africa-press.net\/togo\/","name":"Togo","description":"Just another Africa News Agency Sites site","potentialAction":[{"@type":"SearchAction","target":{"@type":"EntryPoint","urlTemplate":"https:\/\/www.africa-press.net\/togo\/?s={search_term_string}"},"query-input":{"@type":"PropertyValueSpecification","valueRequired":true,"valueName":"search_term_string"}}],"inLanguage":"fr-FR"},{"@type":"Person","@id":"https:\/\/www.africa-press.net\/togo\/#\/schema\/person\/2b1cf3cd81a31e3cd26889ca66d677f1","name":"cfeditorfr"}]}},"_links":{"self":[{"href":"https:\/\/www.africa-press.net\/togo\/wp-json\/wp\/v2\/posts\/11541","targetHints":{"allow":["GET"]}}],"collection":[{"href":"https:\/\/www.africa-press.net\/togo\/wp-json\/wp\/v2\/posts"}],"about":[{"href":"https:\/\/www.africa-press.net\/togo\/wp-json\/wp\/v2\/types\/post"}],"author":[{"embeddable":true,"href":"https:\/\/www.africa-press.net\/togo\/wp-json\/wp\/v2\/users\/82"}],"replies":[{"embeddable":true,"href":"https:\/\/www.africa-press.net\/togo\/wp-json\/wp\/v2\/comments?post=11541"}],"version-history":[{"count":0,"href":"https:\/\/www.africa-press.net\/togo\/wp-json\/wp\/v2\/posts\/11541\/revisions"}],"wp:featuredmedia":[{"embeddable":true,"href":"https:\/\/www.africa-press.net\/togo\/wp-json\/wp\/v2\/media\/11540"}],"wp:attachment":[{"href":"https:\/\/www.africa-press.net\/togo\/wp-json\/wp\/v2\/media?parent=11541"}],"wp:term":[{"taxonomy":"category","embeddable":true,"href":"https:\/\/www.africa-press.net\/togo\/wp-json\/wp\/v2\/categories?post=11541"},{"taxonomy":"post_tag","embeddable":true,"href":"https:\/\/www.africa-press.net\/togo\/wp-json\/wp\/v2\/tags?post=11541"}],"curies":[{"name":"wp","href":"https:\/\/api.w.org\/{rel}","templated":true}]}}