{"id":11545,"date":"2022-09-26T17:34:01","date_gmt":"2022-09-26T17:34:01","guid":{"rendered":"https:\/\/www.africa-press.net\/togo\/politique\/togo-jmmr-lappel-des-migrants-et-refugies-aux-togolais"},"modified":"2022-09-26T17:45:30","modified_gmt":"2022-09-26T17:45:30","slug":"togo-jmmr-lappel-des-migrants-et-refugies-aux-togolais","status":"publish","type":"post","link":"https:\/\/www.africa-press.net\/togo\/politique\/togo-jmmr-lappel-des-migrants-et-refugies-aux-togolais","title":{"rendered":"Togo-JMMR : L\u2019appel des migrants et r\u00e9fugi\u00e9s aux Togolais"},"content":{"rendered":"<p><span style=\"color: #ff6600\"><strong>Africa-Press &#8211; Togo. <\/strong><\/span><b>Depuis 1914, l\u2019Eglise Catholique a toujours porte\u0301 un regard attentif a\u0300 la situation des migrants et re\u0301fugie\u0301s de par le monde. Elle a instaure\u0301, a\u0300 cet effet, une Journe\u0301e mondiale du migrant et du re\u0301fugie\u0301 (JMMR) ce\u0301le\u0301bre\u0301e chaque dernier dimanche du mois de septembre. Ce dimanche 25 septembre 2022 e\u0301tait la 108eme e\u0301dition. Cette anne\u0301e, le the\u0300me choisi par le Pape Franc\u0327ois pour exprimer sa pre\u0301occupation a\u0300 l\u2019e\u0301gard de ces diffe\u0301rentes personnes vulne\u0301rables qui doivent se de\u0301placer pour une raison ou une autre, est : \u00ab Construire l\u2019avenir avec les migrants et les re\u0301fugie\u0301s \u00bb.<\/b><\/p>\n<p>Au Togo, pays d\u2019accueil de nombreux re\u0301fugie\u0301s et migrants venus de toutes les nationalite\u0301s (Be\u0301nin, Burkina Faso, Burundi, Co\u0302te d\u2019Ivoire, Congo Brazzaville, Gabon, Ghana, Irak, Mali, Nige\u0301ria, RCA, RCD, Rwanda, Sierra-Le\u0301one, Somalie, Tchad, Turquie), l\u2019Eglise Catholique n\u2019a pas de\u0301robe\u0301 a\u0300 la tradition. Hier dimanche a\u0300 la Paroisse Saints Martyrs de L\u2019Ouganda, une grande messe d\u2019action de gra\u0302ce pre\u0301side\u0301e par Mgr Nicode\u0300me Barrigah-Benissan, l\u2019Archeve\u0302que de Lome\u0301, a e\u0301te\u0301 dite pour marquer cette journe\u0301e. Plusieurs refugie\u0301s et migrants vivant au Togo, ont pris part a\u0300 cette ce\u0301le\u0301bration.<\/p>\n<p>Les lectures de cette ce\u0301le\u0301bration eucharistique ont e\u0301te\u0301 tire\u0301es du livre du prophe\u0300te Amos 6, 1&#8230;7, du Psaume 145, de la premie\u0300re lettre de saint Paul a\u0300 Timothe\u0301e 6, 11-16. L\u2019Evangile du jour a e\u0301te\u0301 tire\u0301 de Luc 16 : 19-31. Dans son home\u0301lie, l\u2019Archeve\u0302que de Lome\u0301 est revenu sur le message du Pape. Il a invite\u0301 chacun a\u0300 de\u0301passer les ste\u0301re\u0301otypes et a\u0300 porter un autre regard sur les re\u0301fugie\u0301s et migrants qui vivent dans nos communaute\u0301s.<\/p>\n<p>\u00ab Le the\u0300me \u2013 Construire l\u2019avenir avec les migrants et les re\u0301fugie\u0301s \u2013 choisi par le saint Pe\u0300re cette anne\u0301e nous invite tout simplement a\u0300 placer les migrants et les re\u0301fugie\u0301s au centre de notre attention. C\u2019est l\u2019occasion de re\u0301fle\u0301chir sur la manie\u0300re dont nous accueillons ces personnes vulne\u0301rables qui frappent a\u0300 notre porte. Ces dernie\u0300res anne\u0301es, les me\u0301dias nous ont rapporte\u0301 des sce\u0300nes choquantes et indignes sur la situation des migrants. Des conditions d\u2019accueils et d\u2019inte\u0301gration de\u0301cevantes. Chacun ici a e\u0301te\u0301 indigne\u0301. Mais autant nous sommes choque\u0301s par ces images, autant devons-nous nous remettre en question sur l\u2019accueil que nous aussi nous re\u0301serverons aux re\u0301fugie\u0301s qui vivent parmi nous ici. Autant nous souhaitons un bien-e\u0302tre a\u0300 nos fre\u0300res et s\u0153urs de la diaspora, autant devons-nous nous inquie\u0301ter de la situation de ces ressortissants qui vivent parmi nous ici. Nous conside\u0301rons parfois que les migrants ou les re\u0301fugie\u0301s sont venus nous piller. Mais au contraire, ils sont venus nous enrichir. (&#8230;) Aux re\u0301fugie\u0301s et migrants qui vivent au Togo, je voudrais vous dire que votre situation ne laisse l\u2019Eglise insensible. Que ce jour de\u0301clenche en chacun de nous une attention a\u0300 l\u2019e\u0301gard de nos migrants et re\u0301fugie\u0301s.<\/p>\n<p>La parabole de Lazard et du riche de l\u2019Evangile du jour, c\u2019est pour nous montrer que la richesse peut-e\u0302tre un danger, parce qu\u2019elle risque de fermer nos yeux a\u0300 la souffrance de nos fre\u0300res. Mais cela ne veut dire que nous devons demeurer dans la pauvrete\u0301. L\u2019Eglise est souvent conside\u0301re\u0301e comme l\u2019opium du peuple. Mais elle ne condamne pas en re\u0301alite\u0301, la richesse. (&#8230;) La question aujourd\u2019hui est qu\u2019est-ce que je fais des biens que le Seigneurs a de\u0301pose\u0301s dans mes mains ? Je me re\u0301jouis du fait qu\u2019un tel e\u0301vangile soit lu aujourd\u2019hui ou\u0300 nous ce\u0301le\u0301brons la Journe\u0301e mondiale du migrant et du re\u0301fugie\u0301. (&#8230;) Nous devons porter un autre regard sur les re\u0301fugie\u0301s et migrants qui vivent parmi nous \u00bb, a conseille\u0301 l\u2019Archeve\u0302que de Lome\u0301.<\/p>\n<p>Cette messe qui est une premie\u0300re du genre au Togo, a e\u0301te\u0301 e\u0301galement l\u2019occasion pour ces migrants et re\u0301fugie\u0301s de saluer l\u2019hospitalite\u0301 des Togolais et le soutien a\u0300 eux apporte\u0301 par les autorite\u0301s togolaises. Mais ils n\u2019ont pas passe\u0301 sous silence les drames dont ils sont victime au quotidien au sein de la communaute\u0301.<\/p>\n<p>\u00ab Ces drames, nous les devons au regard accusateur porte\u0301 sur nous. Le migrant ou le re\u0301fugie\u0301 est en effet perc\u0327u comme un malfaiteur, un paresseux, un opportuniste&#8230; C\u2019est donc la personne dont il faut se me\u0301fier, s\u2019e\u0301loigner, s\u2019abstenir de toute relation se\u0301rieuse. C\u2019est la personne qu\u2019il faut surveiller, qu\u2019on peut exploiter, maltraiter et ceci parce qu\u2019elle n\u2019est pas sur sa terre. (&#8230;) L\u2019homme ne se connait pas assez lui-me\u0302me et c\u2019est pour lui une pre\u0301tention de\u0301mesure\u0301e que de pre\u0301tendre connai\u0302tre avec perfection son voisin, et de surcroi\u0302t l\u2019e\u0301tranger qui est a\u0300 co\u0302te\u0301 de lui. (&#8230;) Le migrant ou re\u0301fugie\u0301 c\u2019est aussi un inge\u0301nieur, un entrepreneur, une gestionnaire, un artiste, un juriste, une informaticienne, un maintenancier, un jardinier, mais comment construire l\u2019avenir avec vous tant qu\u2019il porte cette charge ? Nous souhaitons que les autres membres de l\u2019e\u0301glise se montrent plus accueillants, compre\u0301hensibles et collaboratifs avec nous. Nous remercions les acteurs comme le HCR, l\u2019OIM, le ministe\u0300re de la Se\u0301curite\u0301 et de la Protection civile, les Affaires sociales, la Coordination nationale d\u2019assistance aux re\u0301fugie\u0301s (CNAR), Green Village Foundation et bien d\u2019autres acteurs dont les actions multiformes nous permettent quotidiennement de continuer par espe\u0301rer \u00bb, a indique\u0301 W. MOUKALA-PIKA, repre\u0301sentant des refugie\u0301s ou migrants du Congo Brazzaville.<\/p>\n<p>La ce\u0301le\u0301bration de cette journe\u0301e est marque\u0301e par une exposition des savoir-faire de ces migrants et re\u0301fugie\u0301s vivant au Togo. Les organisations gouvernementales, non-gouvernementales et internationales qui viennent en aide a\u0300 ces re\u0301fugie\u0301s ou migrants au Togo, ont aussi pre\u0301sente\u0301 au public les diffe\u0301rentes actions mene\u0301es en leur faveur durant ces dernie\u0300res anne\u0301es.<\/p>\n<p><strong>Pour plus d&rsquo;informations et d&rsquo;analyses sur la <a href=\"https:\/\/www.africa-press.net\/togo\">Togo<\/a>, suivez <a href=\"https:\/\/www.africa-press.net\/\">Africa-Press<\/a><\/strong><\/p>\n","protected":false},"excerpt":{"rendered":"<p>Africa-Press &#8211; Togo. Depuis 1914, l\u2019Eglise Catholique a toujours porte\u0301 un regard attentif a\u0300 la situation des migrants et re\u0301fugie\u0301s de par le monde. Elle a instaure\u0301, a\u0300 cet effet, une Journe\u0301e mondiale du migrant et du re\u0301fugie\u0301 (JMMR) ce\u0301le\u0301bre\u0301e chaque dernier dimanche du mois de septembre. Ce dimanche 25 septembre 2022 e\u0301tait la 108eme [&hellip;]<\/p>\n","protected":false},"author":82,"featured_media":11543,"comment_status":"open","ping_status":"closed","sticky":false,"template":"","format":"standard","meta":{"footnotes":""},"categories":[2,10],"tags":[36,49,50],"class_list":["post-11545","post","type-post","status-publish","format-standard","has-post-thumbnail","hentry","category-politique","category-toutes-les-actualites","tag-africa-press","tag-africa-press-togo","tag-togo"],"yoast_head":"<!-- This site is optimized with the Yoast SEO Premium plugin v26.1 (Yoast SEO v27.0) - https:\/\/yoast.com\/product\/yoast-seo-premium-wordpress\/ -->\n<title>Togo-JMMR : L\u2019appel des migrants et r\u00e9fugi\u00e9s aux Togolais - Togo<\/title>\n<meta name=\"description\" content=\"Depuis 1914, l\u2019Eglise Catholique a toujours porte\u0301 un regard attentif a\u0300 la situation des migrants et re\u0301fugie\u0301s de p ...\" \/>\n<meta name=\"robots\" content=\"index, follow, max-snippet:-1, max-image-preview:large, max-video-preview:-1\" \/>\n<link rel=\"canonical\" href=\"https:\/\/www.africa-press.net\/togo\/politique\/togo-jmmr-lappel-des-migrants-et-refugies-aux-togolais\" \/>\n<meta property=\"og:locale\" content=\"fr_FR\" \/>\n<meta property=\"og:type\" content=\"article\" \/>\n<meta property=\"og:title\" content=\"Togo-JMMR : L\u2019appel des migrants et r\u00e9fugi\u00e9s aux Togolais\" \/>\n<meta property=\"og:description\" content=\"Depuis 1914, l\u2019Eglise Catholique a toujours porte\u0301 un regard attentif a\u0300 la situation des migrants et re\u0301fugie\u0301s de p ...\" \/>\n<meta property=\"og:url\" content=\"https:\/\/www.africa-press.net\/togo\/politique\/togo-jmmr-lappel-des-migrants-et-refugies-aux-togolais\" \/>\n<meta property=\"og:site_name\" content=\"Togo\" \/>\n<meta property=\"article:published_time\" content=\"2022-09-26T17:34:01+00:00\" \/>\n<meta property=\"article:modified_time\" content=\"2022-09-26T17:45:30+00:00\" \/>\n<meta property=\"og:image\" content=\"https:\/\/static.africa-press.net\/togo\/sites\/58\/2022\/09\/postQueueImg_10-6331e51febd22.jpg\" \/>\n\t<meta property=\"og:image:width\" content=\"1280\" \/>\n\t<meta property=\"og:image:height\" content=\"808\" \/>\n\t<meta property=\"og:image:type\" content=\"image\/jpeg\" \/>\n<meta name=\"author\" content=\"cfeditorfr\" \/>\n<meta name=\"twitter:card\" content=\"summary_large_image\" \/>\n<meta name=\"twitter:label1\" content=\"\u00c9crit par\" \/>\n\t<meta name=\"twitter:data1\" content=\"cfeditorfr\" \/>\n\t<meta name=\"twitter:label2\" content=\"Dur\u00e9e de lecture estim\u00e9e\" \/>\n\t<meta name=\"twitter:data2\" content=\"5 minutes\" \/>\n<script type=\"application\/ld+json\" class=\"yoast-schema-graph\">{\"@context\":\"https:\/\/schema.org\",\"@graph\":[{\"@type\":\"Article\",\"@id\":\"https:\/\/www.africa-press.net\/togo\/politique\/togo-jmmr-lappel-des-migrants-et-refugies-aux-togolais#article\",\"isPartOf\":{\"@id\":\"https:\/\/www.africa-press.net\/togo\/politique\/togo-jmmr-lappel-des-migrants-et-refugies-aux-togolais\"},\"author\":{\"name\":\"cfeditorfr\",\"@id\":\"https:\/\/www.africa-press.net\/togo\/#\/schema\/person\/2b1cf3cd81a31e3cd26889ca66d677f1\"},\"headline\":\"Togo-JMMR : L\u2019appel des migrants et r\u00e9fugi\u00e9s aux Togolais\",\"datePublished\":\"2022-09-26T17:34:01+00:00\",\"dateModified\":\"2022-09-26T17:45:30+00:00\",\"mainEntityOfPage\":{\"@id\":\"https:\/\/www.africa-press.net\/togo\/politique\/togo-jmmr-lappel-des-migrants-et-refugies-aux-togolais\"},\"wordCount\":1095,\"commentCount\":0,\"image\":{\"@id\":\"https:\/\/www.africa-press.net\/togo\/politique\/togo-jmmr-lappel-des-migrants-et-refugies-aux-togolais#primaryimage\"},\"thumbnailUrl\":\"https:\/\/static.africa-press.net\/togo\/sites\/58\/2022\/09\/postQueueImg_10-6331e51febd22.jpg\",\"keywords\":[\"Africa Press\",\"Africa Press-Togo\",\"Togo\"],\"articleSection\":[\"Politique\",\"Toutes les actualit\u00e9s\"],\"inLanguage\":\"fr-FR\",\"potentialAction\":[{\"@type\":\"CommentAction\",\"name\":\"Comment\",\"target\":[\"https:\/\/www.africa-press.net\/togo\/politique\/togo-jmmr-lappel-des-migrants-et-refugies-aux-togolais#respond\"]}]},{\"@type\":\"WebPage\",\"@id\":\"https:\/\/www.africa-press.net\/togo\/politique\/togo-jmmr-lappel-des-migrants-et-refugies-aux-togolais\",\"url\":\"https:\/\/www.africa-press.net\/togo\/politique\/togo-jmmr-lappel-des-migrants-et-refugies-aux-togolais\",\"name\":\"Togo-JMMR : L\u2019appel des migrants et r\u00e9fugi\u00e9s aux Togolais - Togo\",\"isPartOf\":{\"@id\":\"https:\/\/www.africa-press.net\/togo\/#website\"},\"primaryImageOfPage\":{\"@id\":\"https:\/\/www.africa-press.net\/togo\/politique\/togo-jmmr-lappel-des-migrants-et-refugies-aux-togolais#primaryimage\"},\"image\":{\"@id\":\"https:\/\/www.africa-press.net\/togo\/politique\/togo-jmmr-lappel-des-migrants-et-refugies-aux-togolais#primaryimage\"},\"thumbnailUrl\":\"https:\/\/static.africa-press.net\/togo\/sites\/58\/2022\/09\/postQueueImg_10-6331e51febd22.jpg\",\"datePublished\":\"2022-09-26T17:34:01+00:00\",\"dateModified\":\"2022-09-26T17:45:30+00:00\",\"author\":{\"@id\":\"https:\/\/www.africa-press.net\/togo\/#\/schema\/person\/2b1cf3cd81a31e3cd26889ca66d677f1\"},\"description\":\"Depuis 1914, l\u2019Eglise Catholique a toujours porte\u0301 un regard attentif a\u0300 la situation des migrants et re\u0301fugie\u0301s de p ...\",\"breadcrumb\":{\"@id\":\"https:\/\/www.africa-press.net\/togo\/politique\/togo-jmmr-lappel-des-migrants-et-refugies-aux-togolais#breadcrumb\"},\"inLanguage\":\"fr-FR\",\"potentialAction\":[{\"@type\":\"ReadAction\",\"target\":[\"https:\/\/www.africa-press.net\/togo\/politique\/togo-jmmr-lappel-des-migrants-et-refugies-aux-togolais\"]}]},{\"@type\":\"ImageObject\",\"inLanguage\":\"fr-FR\",\"@id\":\"https:\/\/www.africa-press.net\/togo\/politique\/togo-jmmr-lappel-des-migrants-et-refugies-aux-togolais#primaryimage\",\"url\":\"https:\/\/static.africa-press.net\/togo\/sites\/58\/2022\/09\/postQueueImg_10-6331e51febd22.jpg\",\"contentUrl\":\"https:\/\/static.africa-press.net\/togo\/sites\/58\/2022\/09\/postQueueImg_10-6331e51febd22.jpg\",\"width\":1280,\"height\":808,\"caption\":\"Togo-JMMR : L\u2019appel des migrants et r\u00e9fugi\u00e9s aux Togolais\"},{\"@type\":\"BreadcrumbList\",\"@id\":\"https:\/\/www.africa-press.net\/togo\/politique\/togo-jmmr-lappel-des-migrants-et-refugies-aux-togolais#breadcrumb\",\"itemListElement\":[{\"@type\":\"ListItem\",\"position\":1,\"name\":\"Accueil\",\"item\":\"https:\/\/www.africa-press.net\/togo\/\"},{\"@type\":\"ListItem\",\"position\":2,\"name\":\"Togo-JMMR : L\u2019appel des migrants et r\u00e9fugi\u00e9s aux Togolais\"}]},{\"@type\":\"WebSite\",\"@id\":\"https:\/\/www.africa-press.net\/togo\/#website\",\"url\":\"https:\/\/www.africa-press.net\/togo\/\",\"name\":\"Togo\",\"description\":\"Just another Africa News Agency Sites site\",\"potentialAction\":[{\"@type\":\"SearchAction\",\"target\":{\"@type\":\"EntryPoint\",\"urlTemplate\":\"https:\/\/www.africa-press.net\/togo\/?s={search_term_string}\"},\"query-input\":{\"@type\":\"PropertyValueSpecification\",\"valueRequired\":true,\"valueName\":\"search_term_string\"}}],\"inLanguage\":\"fr-FR\"},{\"@type\":\"Person\",\"@id\":\"https:\/\/www.africa-press.net\/togo\/#\/schema\/person\/2b1cf3cd81a31e3cd26889ca66d677f1\",\"name\":\"cfeditorfr\"}]}<\/script>\n<!-- \/ Yoast SEO Premium plugin. -->","yoast_head_json":{"title":"Togo-JMMR : L\u2019appel des migrants et r\u00e9fugi\u00e9s aux Togolais - Togo","description":"Depuis 1914, l\u2019Eglise Catholique a toujours porte\u0301 un regard attentif a\u0300 la situation des migrants et re\u0301fugie\u0301s de p ...","robots":{"index":"index","follow":"follow","max-snippet":"max-snippet:-1","max-image-preview":"max-image-preview:large","max-video-preview":"max-video-preview:-1"},"canonical":"https:\/\/www.africa-press.net\/togo\/politique\/togo-jmmr-lappel-des-migrants-et-refugies-aux-togolais","og_locale":"fr_FR","og_type":"article","og_title":"Togo-JMMR : L\u2019appel des migrants et r\u00e9fugi\u00e9s aux Togolais","og_description":"Depuis 1914, l\u2019Eglise Catholique a toujours porte\u0301 un regard attentif a\u0300 la situation des migrants et re\u0301fugie\u0301s de p ...","og_url":"https:\/\/www.africa-press.net\/togo\/politique\/togo-jmmr-lappel-des-migrants-et-refugies-aux-togolais","og_site_name":"Togo","article_published_time":"2022-09-26T17:34:01+00:00","article_modified_time":"2022-09-26T17:45:30+00:00","og_image":[{"width":1280,"height":808,"url":"https:\/\/static.africa-press.net\/togo\/sites\/58\/2022\/09\/postQueueImg_10-6331e51febd22.jpg","type":"image\/jpeg"}],"author":"cfeditorfr","twitter_card":"summary_large_image","twitter_misc":{"\u00c9crit par":"cfeditorfr","Dur\u00e9e de lecture estim\u00e9e":"5 minutes"},"schema":{"@context":"https:\/\/schema.org","@graph":[{"@type":"Article","@id":"https:\/\/www.africa-press.net\/togo\/politique\/togo-jmmr-lappel-des-migrants-et-refugies-aux-togolais#article","isPartOf":{"@id":"https:\/\/www.africa-press.net\/togo\/politique\/togo-jmmr-lappel-des-migrants-et-refugies-aux-togolais"},"author":{"name":"cfeditorfr","@id":"https:\/\/www.africa-press.net\/togo\/#\/schema\/person\/2b1cf3cd81a31e3cd26889ca66d677f1"},"headline":"Togo-JMMR : L\u2019appel des migrants et r\u00e9fugi\u00e9s aux Togolais","datePublished":"2022-09-26T17:34:01+00:00","dateModified":"2022-09-26T17:45:30+00:00","mainEntityOfPage":{"@id":"https:\/\/www.africa-press.net\/togo\/politique\/togo-jmmr-lappel-des-migrants-et-refugies-aux-togolais"},"wordCount":1095,"commentCount":0,"image":{"@id":"https:\/\/www.africa-press.net\/togo\/politique\/togo-jmmr-lappel-des-migrants-et-refugies-aux-togolais#primaryimage"},"thumbnailUrl":"https:\/\/static.africa-press.net\/togo\/sites\/58\/2022\/09\/postQueueImg_10-6331e51febd22.jpg","keywords":["Africa Press","Africa Press-Togo","Togo"],"articleSection":["Politique","Toutes les actualit\u00e9s"],"inLanguage":"fr-FR","potentialAction":[{"@type":"CommentAction","name":"Comment","target":["https:\/\/www.africa-press.net\/togo\/politique\/togo-jmmr-lappel-des-migrants-et-refugies-aux-togolais#respond"]}]},{"@type":"WebPage","@id":"https:\/\/www.africa-press.net\/togo\/politique\/togo-jmmr-lappel-des-migrants-et-refugies-aux-togolais","url":"https:\/\/www.africa-press.net\/togo\/politique\/togo-jmmr-lappel-des-migrants-et-refugies-aux-togolais","name":"Togo-JMMR : L\u2019appel des migrants et r\u00e9fugi\u00e9s aux Togolais - Togo","isPartOf":{"@id":"https:\/\/www.africa-press.net\/togo\/#website"},"primaryImageOfPage":{"@id":"https:\/\/www.africa-press.net\/togo\/politique\/togo-jmmr-lappel-des-migrants-et-refugies-aux-togolais#primaryimage"},"image":{"@id":"https:\/\/www.africa-press.net\/togo\/politique\/togo-jmmr-lappel-des-migrants-et-refugies-aux-togolais#primaryimage"},"thumbnailUrl":"https:\/\/static.africa-press.net\/togo\/sites\/58\/2022\/09\/postQueueImg_10-6331e51febd22.jpg","datePublished":"2022-09-26T17:34:01+00:00","dateModified":"2022-09-26T17:45:30+00:00","author":{"@id":"https:\/\/www.africa-press.net\/togo\/#\/schema\/person\/2b1cf3cd81a31e3cd26889ca66d677f1"},"description":"Depuis 1914, l\u2019Eglise Catholique a toujours porte\u0301 un regard attentif a\u0300 la situation des migrants et re\u0301fugie\u0301s de p ...","breadcrumb":{"@id":"https:\/\/www.africa-press.net\/togo\/politique\/togo-jmmr-lappel-des-migrants-et-refugies-aux-togolais#breadcrumb"},"inLanguage":"fr-FR","potentialAction":[{"@type":"ReadAction","target":["https:\/\/www.africa-press.net\/togo\/politique\/togo-jmmr-lappel-des-migrants-et-refugies-aux-togolais"]}]},{"@type":"ImageObject","inLanguage":"fr-FR","@id":"https:\/\/www.africa-press.net\/togo\/politique\/togo-jmmr-lappel-des-migrants-et-refugies-aux-togolais#primaryimage","url":"https:\/\/static.africa-press.net\/togo\/sites\/58\/2022\/09\/postQueueImg_10-6331e51febd22.jpg","contentUrl":"https:\/\/static.africa-press.net\/togo\/sites\/58\/2022\/09\/postQueueImg_10-6331e51febd22.jpg","width":1280,"height":808,"caption":"Togo-JMMR : L\u2019appel des migrants et r\u00e9fugi\u00e9s aux Togolais"},{"@type":"BreadcrumbList","@id":"https:\/\/www.africa-press.net\/togo\/politique\/togo-jmmr-lappel-des-migrants-et-refugies-aux-togolais#breadcrumb","itemListElement":[{"@type":"ListItem","position":1,"name":"Accueil","item":"https:\/\/www.africa-press.net\/togo\/"},{"@type":"ListItem","position":2,"name":"Togo-JMMR : L\u2019appel des migrants et r\u00e9fugi\u00e9s aux Togolais"}]},{"@type":"WebSite","@id":"https:\/\/www.africa-press.net\/togo\/#website","url":"https:\/\/www.africa-press.net\/togo\/","name":"Togo","description":"Just another Africa News Agency Sites site","potentialAction":[{"@type":"SearchAction","target":{"@type":"EntryPoint","urlTemplate":"https:\/\/www.africa-press.net\/togo\/?s={search_term_string}"},"query-input":{"@type":"PropertyValueSpecification","valueRequired":true,"valueName":"search_term_string"}}],"inLanguage":"fr-FR"},{"@type":"Person","@id":"https:\/\/www.africa-press.net\/togo\/#\/schema\/person\/2b1cf3cd81a31e3cd26889ca66d677f1","name":"cfeditorfr"}]}},"_links":{"self":[{"href":"https:\/\/www.africa-press.net\/togo\/wp-json\/wp\/v2\/posts\/11545","targetHints":{"allow":["GET"]}}],"collection":[{"href":"https:\/\/www.africa-press.net\/togo\/wp-json\/wp\/v2\/posts"}],"about":[{"href":"https:\/\/www.africa-press.net\/togo\/wp-json\/wp\/v2\/types\/post"}],"author":[{"embeddable":true,"href":"https:\/\/www.africa-press.net\/togo\/wp-json\/wp\/v2\/users\/82"}],"replies":[{"embeddable":true,"href":"https:\/\/www.africa-press.net\/togo\/wp-json\/wp\/v2\/comments?post=11545"}],"version-history":[{"count":0,"href":"https:\/\/www.africa-press.net\/togo\/wp-json\/wp\/v2\/posts\/11545\/revisions"}],"wp:featuredmedia":[{"embeddable":true,"href":"https:\/\/www.africa-press.net\/togo\/wp-json\/wp\/v2\/media\/11543"}],"wp:attachment":[{"href":"https:\/\/www.africa-press.net\/togo\/wp-json\/wp\/v2\/media?parent=11545"}],"wp:term":[{"taxonomy":"category","embeddable":true,"href":"https:\/\/www.africa-press.net\/togo\/wp-json\/wp\/v2\/categories?post=11545"},{"taxonomy":"post_tag","embeddable":true,"href":"https:\/\/www.africa-press.net\/togo\/wp-json\/wp\/v2\/tags?post=11545"}],"curies":[{"name":"wp","href":"https:\/\/api.w.org\/{rel}","templated":true}]}}