{"id":11556,"date":"2022-09-26T17:34:57","date_gmt":"2022-09-26T17:34:57","guid":{"rendered":"https:\/\/www.africa-press.net\/togo\/politique\/affaire-de-trading-quelle-suite-judiciaire-un-an-apres-larrestation-des-responsables"},"modified":"2022-09-26T17:47:06","modified_gmt":"2022-09-26T17:47:06","slug":"affaire-de-trading-quelle-suite-judiciaire-un-an-apres-larrestation-des-responsables","status":"publish","type":"post","link":"https:\/\/www.africa-press.net\/togo\/economie\/affaire-de-trading-quelle-suite-judiciaire-un-an-apres-larrestation-des-responsables","title":{"rendered":"Affaire de trading : quelle suite judiciaire un an apr\u00e8s l\u2019arrestation des responsables\u00a0?"},"content":{"rendered":"<p><span style=\"color: #ff6600\"><strong>Africa-Press &#8211; Togo. <\/strong><\/span>Il y a de cela un an, les responsables des socie\u0301te\u0301s de Trading ont e\u0301te\u0301 interpelle\u0301s et jete\u0301s a\u0300 la prison civile de Lome\u0301. C\u2019e\u0301tait les 23 et 24 septembre 2021.<\/p>\n<p>Mais jusqu\u2019alors le dossier ne semble pas e\u0301volue\u0301. Les victimes re\u0301clament toujours leurs sous. \u00ab Un an apre\u0300s, quelle suite judiciaires est re\u0301serve\u0301e a\u0300 cette affaire ? C\u2019est la question que se pose le Mouvement Martin Luther King (MMLK) a\u0300 cette occasion.<\/p>\n<p>\u00ab Du co\u0302te\u0301 des instances judiciaires en charge du dossier, rien ne semble filtrer du sort des pre\u0301sume\u0301s mis en cause qui sont toujours en de\u0301tention provisoire alors que les victimes aussi sont dans l\u2019attente de la restitution de leurs droits \u00bb, de\u0301plore cette organisation de la socie\u0301te\u0301 civile.<\/p>\n<p>Le mouvement demande donc a\u0300 toutes les institutions qui traitent ce dossier, de faire diligence afin que les pre\u0301venus et les victimes soient situe\u0301s sur leur sort.<\/p>\n<p>En rappel, entre 20 et 30 milliards de francs CFA auraient e\u0301te\u0301 collecte\u0301s par les responsables de ces socie\u0301te\u0301s de trading.<\/p>\n<p><strong>Pour plus d&rsquo;informations et d&rsquo;analyses sur la <a href=\"https:\/\/www.africa-press.net\/togo\">Togo<\/a>, suivez <a href=\"https:\/\/www.africa-press.net\/\">Africa-Press<\/a><\/strong><\/p>\n","protected":false},"excerpt":{"rendered":"<p>Africa-Press &#8211; Togo. Il y a de cela un an, les responsables des socie\u0301te\u0301s de Trading ont e\u0301te\u0301 interpelle\u0301s et jete\u0301s a\u0300 la prison civile de Lome\u0301. C\u2019e\u0301tait les 23 et 24 septembre 2021. Mais jusqu\u2019alors le dossier ne semble pas e\u0301volue\u0301. Les victimes re\u0301clament toujours leurs sous. \u00ab Un an apre\u0300s, quelle suite judiciaires [&hellip;]<\/p>\n","protected":false},"author":82,"featured_media":11555,"comment_status":"open","ping_status":"closed","sticky":false,"template":"","format":"standard","meta":{"footnotes":""},"categories":[3,10],"tags":[36,49,43,50],"class_list":["post-11556","post","type-post","status-publish","format-standard","has-post-thumbnail","hentry","category-economie","category-toutes-les-actualites","tag-africa-press","tag-africa-press-togo","tag-justice","tag-togo"],"yoast_head":"<!-- This site is optimized with the Yoast SEO Premium plugin v26.1 (Yoast SEO v27.0) - https:\/\/yoast.com\/product\/yoast-seo-premium-wordpress\/ -->\n<title>Affaire de trading : quelle suite judiciaire un an apr\u00e8s l\u2019arrestation des responsables\u00a0? - Togo<\/title>\n<meta name=\"description\" content=\"Il y a de cela un an, les responsables des socie\u0301te\u0301s de Trading ont e\u0301te\u0301 interpelle\u0301s et jete\u0301s a\u0300 la prison civile de ...\" \/>\n<meta name=\"robots\" content=\"index, follow, max-snippet:-1, max-image-preview:large, max-video-preview:-1\" \/>\n<link rel=\"canonical\" href=\"https:\/\/www.africa-press.net\/togo\/economie\/affaire-de-trading-quelle-suite-judiciaire-un-an-apres-larrestation-des-responsables\" \/>\n<meta property=\"og:locale\" content=\"fr_FR\" \/>\n<meta property=\"og:type\" content=\"article\" \/>\n<meta property=\"og:title\" content=\"Affaire de trading : quelle suite judiciaire un an apr\u00e8s l\u2019arrestation des responsables\u00a0?\" \/>\n<meta property=\"og:description\" content=\"Il y a de cela un an, les responsables des socie\u0301te\u0301s de Trading ont e\u0301te\u0301 interpelle\u0301s et jete\u0301s a\u0300 la prison civile de ...\" \/>\n<meta property=\"og:url\" content=\"https:\/\/www.africa-press.net\/togo\/economie\/affaire-de-trading-quelle-suite-judiciaire-un-an-apres-larrestation-des-responsables\" \/>\n<meta property=\"og:site_name\" content=\"Togo\" \/>\n<meta property=\"article:published_time\" content=\"2022-09-26T17:34:57+00:00\" \/>\n<meta property=\"article:modified_time\" content=\"2022-09-26T17:47:06+00:00\" \/>\n<meta property=\"og:image\" content=\"https:\/\/static.africa-press.net\/togo\/sites\/58\/2022\/09\/postQueueImg_13-6331e57b233c5.jpg\" \/>\n\t<meta property=\"og:image:width\" content=\"720\" \/>\n\t<meta property=\"og:image:height\" content=\"562\" \/>\n\t<meta property=\"og:image:type\" content=\"image\/jpeg\" \/>\n<meta name=\"author\" content=\"cfeditorfr\" \/>\n<meta name=\"twitter:card\" content=\"summary_large_image\" \/>\n<meta name=\"twitter:label1\" content=\"\u00c9crit par\" \/>\n\t<meta name=\"twitter:data1\" content=\"cfeditorfr\" \/>\n\t<meta name=\"twitter:label2\" content=\"Dur\u00e9e de lecture estim\u00e9e\" \/>\n\t<meta name=\"twitter:data2\" content=\"1 minute\" \/>\n<script type=\"application\/ld+json\" class=\"yoast-schema-graph\">{\"@context\":\"https:\/\/schema.org\",\"@graph\":[{\"@type\":\"Article\",\"@id\":\"https:\/\/www.africa-press.net\/togo\/economie\/affaire-de-trading-quelle-suite-judiciaire-un-an-apres-larrestation-des-responsables#article\",\"isPartOf\":{\"@id\":\"https:\/\/www.africa-press.net\/togo\/economie\/affaire-de-trading-quelle-suite-judiciaire-un-an-apres-larrestation-des-responsables\"},\"author\":{\"name\":\"cfeditorfr\",\"@id\":\"https:\/\/www.africa-press.net\/togo\/#\/schema\/person\/2b1cf3cd81a31e3cd26889ca66d677f1\"},\"headline\":\"Affaire de trading : quelle suite judiciaire un an apr\u00e8s l\u2019arrestation des responsables\u00a0?\",\"datePublished\":\"2022-09-26T17:34:57+00:00\",\"dateModified\":\"2022-09-26T17:47:06+00:00\",\"mainEntityOfPage\":{\"@id\":\"https:\/\/www.africa-press.net\/togo\/economie\/affaire-de-trading-quelle-suite-judiciaire-un-an-apres-larrestation-des-responsables\"},\"wordCount\":217,\"commentCount\":0,\"image\":{\"@id\":\"https:\/\/www.africa-press.net\/togo\/economie\/affaire-de-trading-quelle-suite-judiciaire-un-an-apres-larrestation-des-responsables#primaryimage\"},\"thumbnailUrl\":\"https:\/\/static.africa-press.net\/togo\/sites\/58\/2022\/09\/postQueueImg_13-6331e57b233c5.jpg\",\"keywords\":[\"Africa Press\",\"Africa Press-Togo\",\"Justice\",\"Togo\"],\"articleSection\":[\"\u00c9conomie\",\"Toutes les actualit\u00e9s\"],\"inLanguage\":\"fr-FR\",\"potentialAction\":[{\"@type\":\"CommentAction\",\"name\":\"Comment\",\"target\":[\"https:\/\/www.africa-press.net\/togo\/economie\/affaire-de-trading-quelle-suite-judiciaire-un-an-apres-larrestation-des-responsables#respond\"]}]},{\"@type\":\"WebPage\",\"@id\":\"https:\/\/www.africa-press.net\/togo\/economie\/affaire-de-trading-quelle-suite-judiciaire-un-an-apres-larrestation-des-responsables\",\"url\":\"https:\/\/www.africa-press.net\/togo\/economie\/affaire-de-trading-quelle-suite-judiciaire-un-an-apres-larrestation-des-responsables\",\"name\":\"Affaire de trading : quelle suite judiciaire un an apr\u00e8s l\u2019arrestation des responsables\u00a0? - Togo\",\"isPartOf\":{\"@id\":\"https:\/\/www.africa-press.net\/togo\/#website\"},\"primaryImageOfPage\":{\"@id\":\"https:\/\/www.africa-press.net\/togo\/economie\/affaire-de-trading-quelle-suite-judiciaire-un-an-apres-larrestation-des-responsables#primaryimage\"},\"image\":{\"@id\":\"https:\/\/www.africa-press.net\/togo\/economie\/affaire-de-trading-quelle-suite-judiciaire-un-an-apres-larrestation-des-responsables#primaryimage\"},\"thumbnailUrl\":\"https:\/\/static.africa-press.net\/togo\/sites\/58\/2022\/09\/postQueueImg_13-6331e57b233c5.jpg\",\"datePublished\":\"2022-09-26T17:34:57+00:00\",\"dateModified\":\"2022-09-26T17:47:06+00:00\",\"author\":{\"@id\":\"https:\/\/www.africa-press.net\/togo\/#\/schema\/person\/2b1cf3cd81a31e3cd26889ca66d677f1\"},\"description\":\"Il y a de cela un an, les responsables des socie\u0301te\u0301s de Trading ont e\u0301te\u0301 interpelle\u0301s et jete\u0301s a\u0300 la prison civile de ...\",\"breadcrumb\":{\"@id\":\"https:\/\/www.africa-press.net\/togo\/economie\/affaire-de-trading-quelle-suite-judiciaire-un-an-apres-larrestation-des-responsables#breadcrumb\"},\"inLanguage\":\"fr-FR\",\"potentialAction\":[{\"@type\":\"ReadAction\",\"target\":[\"https:\/\/www.africa-press.net\/togo\/economie\/affaire-de-trading-quelle-suite-judiciaire-un-an-apres-larrestation-des-responsables\"]}]},{\"@type\":\"ImageObject\",\"inLanguage\":\"fr-FR\",\"@id\":\"https:\/\/www.africa-press.net\/togo\/economie\/affaire-de-trading-quelle-suite-judiciaire-un-an-apres-larrestation-des-responsables#primaryimage\",\"url\":\"https:\/\/static.africa-press.net\/togo\/sites\/58\/2022\/09\/postQueueImg_13-6331e57b233c5.jpg\",\"contentUrl\":\"https:\/\/static.africa-press.net\/togo\/sites\/58\/2022\/09\/postQueueImg_13-6331e57b233c5.jpg\",\"width\":720,\"height\":562,\"caption\":\"Affaire de trading : quelle suite judiciaire un an apr\u00e8s l\u2019arrestation des responsables\u00a0?\"},{\"@type\":\"BreadcrumbList\",\"@id\":\"https:\/\/www.africa-press.net\/togo\/economie\/affaire-de-trading-quelle-suite-judiciaire-un-an-apres-larrestation-des-responsables#breadcrumb\",\"itemListElement\":[{\"@type\":\"ListItem\",\"position\":1,\"name\":\"Accueil\",\"item\":\"https:\/\/www.africa-press.net\/togo\/\"},{\"@type\":\"ListItem\",\"position\":2,\"name\":\"Affaire de trading : quelle suite judiciaire un an apr\u00e8s l\u2019arrestation des responsables\u00a0?\"}]},{\"@type\":\"WebSite\",\"@id\":\"https:\/\/www.africa-press.net\/togo\/#website\",\"url\":\"https:\/\/www.africa-press.net\/togo\/\",\"name\":\"Togo\",\"description\":\"Just another Africa News Agency Sites site\",\"potentialAction\":[{\"@type\":\"SearchAction\",\"target\":{\"@type\":\"EntryPoint\",\"urlTemplate\":\"https:\/\/www.africa-press.net\/togo\/?s={search_term_string}\"},\"query-input\":{\"@type\":\"PropertyValueSpecification\",\"valueRequired\":true,\"valueName\":\"search_term_string\"}}],\"inLanguage\":\"fr-FR\"},{\"@type\":\"Person\",\"@id\":\"https:\/\/www.africa-press.net\/togo\/#\/schema\/person\/2b1cf3cd81a31e3cd26889ca66d677f1\",\"name\":\"cfeditorfr\"}]}<\/script>\n<!-- \/ Yoast SEO Premium plugin. -->","yoast_head_json":{"title":"Affaire de trading : quelle suite judiciaire un an apr\u00e8s l\u2019arrestation des responsables\u00a0? - Togo","description":"Il y a de cela un an, les responsables des socie\u0301te\u0301s de Trading ont e\u0301te\u0301 interpelle\u0301s et jete\u0301s a\u0300 la prison civile de ...","robots":{"index":"index","follow":"follow","max-snippet":"max-snippet:-1","max-image-preview":"max-image-preview:large","max-video-preview":"max-video-preview:-1"},"canonical":"https:\/\/www.africa-press.net\/togo\/economie\/affaire-de-trading-quelle-suite-judiciaire-un-an-apres-larrestation-des-responsables","og_locale":"fr_FR","og_type":"article","og_title":"Affaire de trading : quelle suite judiciaire un an apr\u00e8s l\u2019arrestation des responsables\u00a0?","og_description":"Il y a de cela un an, les responsables des socie\u0301te\u0301s de Trading ont e\u0301te\u0301 interpelle\u0301s et jete\u0301s a\u0300 la prison civile de ...","og_url":"https:\/\/www.africa-press.net\/togo\/economie\/affaire-de-trading-quelle-suite-judiciaire-un-an-apres-larrestation-des-responsables","og_site_name":"Togo","article_published_time":"2022-09-26T17:34:57+00:00","article_modified_time":"2022-09-26T17:47:06+00:00","og_image":[{"width":720,"height":562,"url":"https:\/\/static.africa-press.net\/togo\/sites\/58\/2022\/09\/postQueueImg_13-6331e57b233c5.jpg","type":"image\/jpeg"}],"author":"cfeditorfr","twitter_card":"summary_large_image","twitter_misc":{"\u00c9crit par":"cfeditorfr","Dur\u00e9e de lecture estim\u00e9e":"1 minute"},"schema":{"@context":"https:\/\/schema.org","@graph":[{"@type":"Article","@id":"https:\/\/www.africa-press.net\/togo\/economie\/affaire-de-trading-quelle-suite-judiciaire-un-an-apres-larrestation-des-responsables#article","isPartOf":{"@id":"https:\/\/www.africa-press.net\/togo\/economie\/affaire-de-trading-quelle-suite-judiciaire-un-an-apres-larrestation-des-responsables"},"author":{"name":"cfeditorfr","@id":"https:\/\/www.africa-press.net\/togo\/#\/schema\/person\/2b1cf3cd81a31e3cd26889ca66d677f1"},"headline":"Affaire de trading : quelle suite judiciaire un an apr\u00e8s l\u2019arrestation des responsables\u00a0?","datePublished":"2022-09-26T17:34:57+00:00","dateModified":"2022-09-26T17:47:06+00:00","mainEntityOfPage":{"@id":"https:\/\/www.africa-press.net\/togo\/economie\/affaire-de-trading-quelle-suite-judiciaire-un-an-apres-larrestation-des-responsables"},"wordCount":217,"commentCount":0,"image":{"@id":"https:\/\/www.africa-press.net\/togo\/economie\/affaire-de-trading-quelle-suite-judiciaire-un-an-apres-larrestation-des-responsables#primaryimage"},"thumbnailUrl":"https:\/\/static.africa-press.net\/togo\/sites\/58\/2022\/09\/postQueueImg_13-6331e57b233c5.jpg","keywords":["Africa Press","Africa Press-Togo","Justice","Togo"],"articleSection":["\u00c9conomie","Toutes les actualit\u00e9s"],"inLanguage":"fr-FR","potentialAction":[{"@type":"CommentAction","name":"Comment","target":["https:\/\/www.africa-press.net\/togo\/economie\/affaire-de-trading-quelle-suite-judiciaire-un-an-apres-larrestation-des-responsables#respond"]}]},{"@type":"WebPage","@id":"https:\/\/www.africa-press.net\/togo\/economie\/affaire-de-trading-quelle-suite-judiciaire-un-an-apres-larrestation-des-responsables","url":"https:\/\/www.africa-press.net\/togo\/economie\/affaire-de-trading-quelle-suite-judiciaire-un-an-apres-larrestation-des-responsables","name":"Affaire de trading : quelle suite judiciaire un an apr\u00e8s l\u2019arrestation des responsables\u00a0? - Togo","isPartOf":{"@id":"https:\/\/www.africa-press.net\/togo\/#website"},"primaryImageOfPage":{"@id":"https:\/\/www.africa-press.net\/togo\/economie\/affaire-de-trading-quelle-suite-judiciaire-un-an-apres-larrestation-des-responsables#primaryimage"},"image":{"@id":"https:\/\/www.africa-press.net\/togo\/economie\/affaire-de-trading-quelle-suite-judiciaire-un-an-apres-larrestation-des-responsables#primaryimage"},"thumbnailUrl":"https:\/\/static.africa-press.net\/togo\/sites\/58\/2022\/09\/postQueueImg_13-6331e57b233c5.jpg","datePublished":"2022-09-26T17:34:57+00:00","dateModified":"2022-09-26T17:47:06+00:00","author":{"@id":"https:\/\/www.africa-press.net\/togo\/#\/schema\/person\/2b1cf3cd81a31e3cd26889ca66d677f1"},"description":"Il y a de cela un an, les responsables des socie\u0301te\u0301s de Trading ont e\u0301te\u0301 interpelle\u0301s et jete\u0301s a\u0300 la prison civile de ...","breadcrumb":{"@id":"https:\/\/www.africa-press.net\/togo\/economie\/affaire-de-trading-quelle-suite-judiciaire-un-an-apres-larrestation-des-responsables#breadcrumb"},"inLanguage":"fr-FR","potentialAction":[{"@type":"ReadAction","target":["https:\/\/www.africa-press.net\/togo\/economie\/affaire-de-trading-quelle-suite-judiciaire-un-an-apres-larrestation-des-responsables"]}]},{"@type":"ImageObject","inLanguage":"fr-FR","@id":"https:\/\/www.africa-press.net\/togo\/economie\/affaire-de-trading-quelle-suite-judiciaire-un-an-apres-larrestation-des-responsables#primaryimage","url":"https:\/\/static.africa-press.net\/togo\/sites\/58\/2022\/09\/postQueueImg_13-6331e57b233c5.jpg","contentUrl":"https:\/\/static.africa-press.net\/togo\/sites\/58\/2022\/09\/postQueueImg_13-6331e57b233c5.jpg","width":720,"height":562,"caption":"Affaire de trading : quelle suite judiciaire un an apr\u00e8s l\u2019arrestation des responsables\u00a0?"},{"@type":"BreadcrumbList","@id":"https:\/\/www.africa-press.net\/togo\/economie\/affaire-de-trading-quelle-suite-judiciaire-un-an-apres-larrestation-des-responsables#breadcrumb","itemListElement":[{"@type":"ListItem","position":1,"name":"Accueil","item":"https:\/\/www.africa-press.net\/togo\/"},{"@type":"ListItem","position":2,"name":"Affaire de trading : quelle suite judiciaire un an apr\u00e8s l\u2019arrestation des responsables\u00a0?"}]},{"@type":"WebSite","@id":"https:\/\/www.africa-press.net\/togo\/#website","url":"https:\/\/www.africa-press.net\/togo\/","name":"Togo","description":"Just another Africa News Agency Sites site","potentialAction":[{"@type":"SearchAction","target":{"@type":"EntryPoint","urlTemplate":"https:\/\/www.africa-press.net\/togo\/?s={search_term_string}"},"query-input":{"@type":"PropertyValueSpecification","valueRequired":true,"valueName":"search_term_string"}}],"inLanguage":"fr-FR"},{"@type":"Person","@id":"https:\/\/www.africa-press.net\/togo\/#\/schema\/person\/2b1cf3cd81a31e3cd26889ca66d677f1","name":"cfeditorfr"}]}},"_links":{"self":[{"href":"https:\/\/www.africa-press.net\/togo\/wp-json\/wp\/v2\/posts\/11556","targetHints":{"allow":["GET"]}}],"collection":[{"href":"https:\/\/www.africa-press.net\/togo\/wp-json\/wp\/v2\/posts"}],"about":[{"href":"https:\/\/www.africa-press.net\/togo\/wp-json\/wp\/v2\/types\/post"}],"author":[{"embeddable":true,"href":"https:\/\/www.africa-press.net\/togo\/wp-json\/wp\/v2\/users\/82"}],"replies":[{"embeddable":true,"href":"https:\/\/www.africa-press.net\/togo\/wp-json\/wp\/v2\/comments?post=11556"}],"version-history":[{"count":0,"href":"https:\/\/www.africa-press.net\/togo\/wp-json\/wp\/v2\/posts\/11556\/revisions"}],"wp:featuredmedia":[{"embeddable":true,"href":"https:\/\/www.africa-press.net\/togo\/wp-json\/wp\/v2\/media\/11555"}],"wp:attachment":[{"href":"https:\/\/www.africa-press.net\/togo\/wp-json\/wp\/v2\/media?parent=11556"}],"wp:term":[{"taxonomy":"category","embeddable":true,"href":"https:\/\/www.africa-press.net\/togo\/wp-json\/wp\/v2\/categories?post=11556"},{"taxonomy":"post_tag","embeddable":true,"href":"https:\/\/www.africa-press.net\/togo\/wp-json\/wp\/v2\/tags?post=11556"}],"curies":[{"name":"wp","href":"https:\/\/api.w.org\/{rel}","templated":true}]}}