{"id":11568,"date":"2022-09-27T18:26:51","date_gmt":"2022-09-27T18:26:51","guid":{"rendered":"https:\/\/www.africa-press.net\/togo\/politique\/cedeao-limitation-de-mandats-et-mohamed-bazoum-fit-boom"},"modified":"2022-09-27T18:39:15","modified_gmt":"2022-09-27T18:39:15","slug":"cedeao-limitation-de-mandats-et-mohamed-bazoum-fit-boom","status":"publish","type":"post","link":"https:\/\/www.africa-press.net\/togo\/politique\/cedeao-limitation-de-mandats-et-mohamed-bazoum-fit-boom","title":{"rendered":"CEDEAO\/Limitation de mandats : Et Mohamed Bazoum fit BOOM !"},"content":{"rendered":"<p><span style=\"color: #ff6600\"><strong>Africa-Press &#8211; Togo. <\/strong><\/span><b>\u00ab L\u2019obe\u0301issance a\u0300 la loi qu\u2019on s\u2019est prescrite est liberte\u0301 \u00bb (Jean-Jacques Rousseau). \u00ab Les auteurs de coups d\u2019Etat ont toujours une justification ; quittons le Mali pour la Guine\u0301e, le Burkina Faso, tentative de coup d\u2019Etat il n\u2019y a pas longtemps en Guine\u0301e Bissau, est-ce que vous aussi e\u0302tes de\u0301termine\u0301 dans votre opposition a\u0300 ces coups d\u2019Etat, a\u0300 vous opposer e\u0301galement aux changements constitutionnels ? \u00bb, telle est la question franche qui a e\u0301te\u0301 pose\u0301e a\u0300 Mohamed Bazoum, pre\u0301sident du Niger sur Emedia.<\/b><\/p>\n<p>Sans se de\u0301biner, l\u2019homme re\u0301pond : \u00ab Vous savez quel a e\u0301te\u0301 le proble\u0300me du pre\u0301sident Issoufou avec le pre\u0301sident Alpha Conde\u0301, c\u2019est qu\u2019il a voulu ce\u0301der le pouvoir. Nous sommes contre le troisie\u0300me mandat, et nous sommes en train de changer le protocole de la CEDEAO relatif a\u0300 la de\u0301mocratie, a\u0300 la bonne gouvernance et aux e\u0301lections pour que nous pre\u0301voyions des dispositions qui, justement, font des changements constitutionnels pour envisager des mandats supple\u0301mentaires indus comme e\u0301tant une entreprise de subversion sur les institutions, exactement comme un coup d\u2019Etat. S\u2019il venait a\u0300 l\u2019esprit au pre\u0301sident de faire un autre mandat, il tombera certainement sous le coup des nouvelles dispositions que nous allons mettre dans le prochain protocole et c\u0327a vaudra pour moi aussi ou pour quiconque \u00bb.<\/p>\n<p>Voila\u0300 des propos qui rebattent les cartes dans les pays de\u0301ja\u0300 abonne\u0301s et qui doit donner a\u0300 re\u0301fle\u0301chir dans les futurs pays dont les pre\u0301sidents nourrissent l\u2019ambition de faire comme d\u2019autres pour prolonger la jouissance de ce poste o\u0302 combien mielleux, doux et si&#8230;grisant.<\/p>\n<p>Maintenant, reste a\u0300 de\u0301terminer ce que Bazoum met dans \u00ab prochain protocole \u00bb. Car, on a encore souvenance qu\u2019il y a sept ans a\u0300 Accra, les pre\u0301sidents gambien et togolais e\u0301taient ceux qui avaient botte\u0301 en touche le projet de re\u0301forme de ce protocole.<\/p>\n<p>Il est vrai que du temps a passe\u0301, mais un temps qui a permis a\u0300 Faure Gnassingbe\u0301 d\u2019amorcer le virage du troisie\u0300me puis du quatrie\u0300me mandat d\u2019une part, et a\u0300 Alassane Ouattara d\u2019embrayer le troisie\u0300me. Des bruits courent que Macky Sall aussi en re\u0302ve, l\u2019homme ne faisant rien pour e\u0301teindre les informations insistantes allant dans ce sens.<\/p>\n<p>Mais que se passera-t-il au cas ou\u0300, comme en 2015 a\u0300 Accra, un pre\u0301sident, pour ses inte\u0301re\u0302ts e\u0301goi\u0308stes me\u0302le\u0301s a\u0300 de la boulimie du pouvoir, venait a\u0300 poser un droit de ve\u0301to contre ce projet de re\u0301forme ? Le risque que l\u2019espace CEDEAO redevienne un champ de coups d\u2019Etat permanents serait alors tre\u0300s grand. Et alors, les futurs putschistes pourraient brandir le refus d\u2019adoption du protocole re\u0301forme\u0301 comme un argument \u2013qui sera tre\u0300s difficile a\u0300 condamner- qui justifierait leurs actes. Et ils prendraient plaisir a\u0300 rappeler les propos du pre\u0301sident Bazoum pour qui \u00ab les mandats supple\u0301mentaires indus \u00bb sont conside\u0301re\u0301s\u00ab comme e\u0301tant une entreprise de subversion sur les institutions, exactement comme un coup d\u2019Etat \u00bb.<\/p>\n<p>La CEDEAO re\u0301ussira-t-elle son renouveau ? Surmontera-t-elle l\u2019e\u0301goi\u0308sme de certains pour s\u2019affirmer et reprendre la main dans un espace ou\u0300 de plus en plus, l\u2019acce\u0300s au pouvoir par la violence est de moins en moins mal perc\u0327u par les populations qui assistent aux violations de leur Constitution sans possibilite\u0301 de l\u2019ouvrir pour s\u2019indigner ?<\/p>\n<p>De\u0301ja\u0300 en juillet prochain, un sommet de l\u2019institution se profile. Et de la ce\u0301le\u0301rite\u0301 a\u0300 faire adopter la re\u0301forme avant toute future e\u0301lection pre\u0301sidentielle dans l\u2019espace, de\u0301pendra le retour progressif de la confiance entre gouvernants et gouverne\u0301s.<\/p>\n<p>Godson KETOMAGNAN<\/p>\n<p><strong>Pour plus d&rsquo;informations et d&rsquo;analyses sur la <a href=\"https:\/\/www.africa-press.net\/togo\">Togo<\/a>, suivez <a href=\"https:\/\/www.africa-press.net\/\">Africa-Press<\/a><\/strong><\/p>\n","protected":false},"excerpt":{"rendered":"<p>Africa-Press &#8211; Togo. \u00ab L\u2019obe\u0301issance a\u0300 la loi qu\u2019on s\u2019est prescrite est liberte\u0301 \u00bb (Jean-Jacques Rousseau). \u00ab Les auteurs de coups d\u2019Etat ont toujours une justification ; quittons le Mali pour la Guine\u0301e, le Burkina Faso, tentative de coup d\u2019Etat il n\u2019y a pas longtemps en Guine\u0301e Bissau, est-ce que vous aussi e\u0302tes de\u0301termine\u0301 dans [&hellip;]<\/p>\n","protected":false},"author":82,"featured_media":11567,"comment_status":"open","ping_status":"closed","sticky":false,"template":"","format":"standard","meta":{"footnotes":""},"categories":[2,10],"tags":[36,49,50],"class_list":["post-11568","post","type-post","status-publish","format-standard","has-post-thumbnail","hentry","category-politique","category-toutes-les-actualites","tag-africa-press","tag-africa-press-togo","tag-togo"],"yoast_head":"<!-- This site is optimized with the Yoast SEO Premium plugin v26.1 (Yoast SEO v27.0) - https:\/\/yoast.com\/product\/yoast-seo-premium-wordpress\/ -->\n<title>CEDEAO\/Limitation de mandats : Et Mohamed Bazoum fit BOOM ! - Togo<\/title>\n<meta name=\"description\" content=\"\u00ab L\u2019obe\u0301issance a\u0300 la loi qu\u2019on s\u2019est prescrite est liberte\u0301 \u00bb (Jean-Jacques Rousseau). \u00ab Les auteurs de coups d\u2019Etat ...\" \/>\n<meta name=\"robots\" content=\"index, follow, max-snippet:-1, max-image-preview:large, max-video-preview:-1\" \/>\n<link rel=\"canonical\" href=\"https:\/\/www.africa-press.net\/togo\/politique\/cedeao-limitation-de-mandats-et-mohamed-bazoum-fit-boom\" \/>\n<meta property=\"og:locale\" content=\"fr_FR\" \/>\n<meta property=\"og:type\" content=\"article\" \/>\n<meta property=\"og:title\" content=\"CEDEAO\/Limitation de mandats : Et Mohamed Bazoum fit BOOM !\" \/>\n<meta property=\"og:description\" content=\"\u00ab L\u2019obe\u0301issance a\u0300 la loi qu\u2019on s\u2019est prescrite est liberte\u0301 \u00bb (Jean-Jacques Rousseau). \u00ab Les auteurs de coups d\u2019Etat ...\" \/>\n<meta property=\"og:url\" content=\"https:\/\/www.africa-press.net\/togo\/politique\/cedeao-limitation-de-mandats-et-mohamed-bazoum-fit-boom\" \/>\n<meta property=\"og:site_name\" content=\"Togo\" \/>\n<meta property=\"article:published_time\" content=\"2022-09-27T18:26:51+00:00\" \/>\n<meta property=\"article:modified_time\" content=\"2022-09-27T18:39:15+00:00\" \/>\n<meta property=\"og:image\" content=\"https:\/\/static.africa-press.net\/togo\/sites\/58\/2022\/09\/postQueueImg_1-6333431329ca9.jpg\" \/>\n\t<meta property=\"og:image:width\" content=\"1280\" \/>\n\t<meta property=\"og:image:height\" content=\"816\" \/>\n\t<meta property=\"og:image:type\" content=\"image\/jpeg\" \/>\n<meta name=\"author\" content=\"cfeditorfr\" \/>\n<meta name=\"twitter:card\" content=\"summary_large_image\" \/>\n<meta name=\"twitter:label1\" content=\"\u00c9crit par\" \/>\n\t<meta name=\"twitter:data1\" content=\"cfeditorfr\" \/>\n\t<meta name=\"twitter:label2\" content=\"Dur\u00e9e de lecture estim\u00e9e\" \/>\n\t<meta name=\"twitter:data2\" content=\"3 minutes\" \/>\n<script type=\"application\/ld+json\" class=\"yoast-schema-graph\">{\"@context\":\"https:\/\/schema.org\",\"@graph\":[{\"@type\":\"Article\",\"@id\":\"https:\/\/www.africa-press.net\/togo\/politique\/cedeao-limitation-de-mandats-et-mohamed-bazoum-fit-boom#article\",\"isPartOf\":{\"@id\":\"https:\/\/www.africa-press.net\/togo\/politique\/cedeao-limitation-de-mandats-et-mohamed-bazoum-fit-boom\"},\"author\":{\"name\":\"cfeditorfr\",\"@id\":\"https:\/\/www.africa-press.net\/togo\/#\/schema\/person\/2b1cf3cd81a31e3cd26889ca66d677f1\"},\"headline\":\"CEDEAO\/Limitation de mandats : Et Mohamed Bazoum fit BOOM !\",\"datePublished\":\"2022-09-27T18:26:51+00:00\",\"dateModified\":\"2022-09-27T18:39:15+00:00\",\"mainEntityOfPage\":{\"@id\":\"https:\/\/www.africa-press.net\/togo\/politique\/cedeao-limitation-de-mandats-et-mohamed-bazoum-fit-boom\"},\"wordCount\":672,\"commentCount\":0,\"image\":{\"@id\":\"https:\/\/www.africa-press.net\/togo\/politique\/cedeao-limitation-de-mandats-et-mohamed-bazoum-fit-boom#primaryimage\"},\"thumbnailUrl\":\"https:\/\/static.africa-press.net\/togo\/sites\/58\/2022\/09\/postQueueImg_1-6333431329ca9.jpg\",\"keywords\":[\"Africa Press\",\"Africa Press-Togo\",\"Togo\"],\"articleSection\":[\"Politique\",\"Toutes les actualit\u00e9s\"],\"inLanguage\":\"fr-FR\",\"potentialAction\":[{\"@type\":\"CommentAction\",\"name\":\"Comment\",\"target\":[\"https:\/\/www.africa-press.net\/togo\/politique\/cedeao-limitation-de-mandats-et-mohamed-bazoum-fit-boom#respond\"]}]},{\"@type\":\"WebPage\",\"@id\":\"https:\/\/www.africa-press.net\/togo\/politique\/cedeao-limitation-de-mandats-et-mohamed-bazoum-fit-boom\",\"url\":\"https:\/\/www.africa-press.net\/togo\/politique\/cedeao-limitation-de-mandats-et-mohamed-bazoum-fit-boom\",\"name\":\"CEDEAO\/Limitation de mandats : Et Mohamed Bazoum fit BOOM ! - Togo\",\"isPartOf\":{\"@id\":\"https:\/\/www.africa-press.net\/togo\/#website\"},\"primaryImageOfPage\":{\"@id\":\"https:\/\/www.africa-press.net\/togo\/politique\/cedeao-limitation-de-mandats-et-mohamed-bazoum-fit-boom#primaryimage\"},\"image\":{\"@id\":\"https:\/\/www.africa-press.net\/togo\/politique\/cedeao-limitation-de-mandats-et-mohamed-bazoum-fit-boom#primaryimage\"},\"thumbnailUrl\":\"https:\/\/static.africa-press.net\/togo\/sites\/58\/2022\/09\/postQueueImg_1-6333431329ca9.jpg\",\"datePublished\":\"2022-09-27T18:26:51+00:00\",\"dateModified\":\"2022-09-27T18:39:15+00:00\",\"author\":{\"@id\":\"https:\/\/www.africa-press.net\/togo\/#\/schema\/person\/2b1cf3cd81a31e3cd26889ca66d677f1\"},\"description\":\"\u00ab L\u2019obe\u0301issance a\u0300 la loi qu\u2019on s\u2019est prescrite est liberte\u0301 \u00bb (Jean-Jacques Rousseau). \u00ab Les auteurs de coups d\u2019Etat ...\",\"breadcrumb\":{\"@id\":\"https:\/\/www.africa-press.net\/togo\/politique\/cedeao-limitation-de-mandats-et-mohamed-bazoum-fit-boom#breadcrumb\"},\"inLanguage\":\"fr-FR\",\"potentialAction\":[{\"@type\":\"ReadAction\",\"target\":[\"https:\/\/www.africa-press.net\/togo\/politique\/cedeao-limitation-de-mandats-et-mohamed-bazoum-fit-boom\"]}]},{\"@type\":\"ImageObject\",\"inLanguage\":\"fr-FR\",\"@id\":\"https:\/\/www.africa-press.net\/togo\/politique\/cedeao-limitation-de-mandats-et-mohamed-bazoum-fit-boom#primaryimage\",\"url\":\"https:\/\/static.africa-press.net\/togo\/sites\/58\/2022\/09\/postQueueImg_1-6333431329ca9.jpg\",\"contentUrl\":\"https:\/\/static.africa-press.net\/togo\/sites\/58\/2022\/09\/postQueueImg_1-6333431329ca9.jpg\",\"width\":1280,\"height\":816,\"caption\":\"CEDEAO\/Limitation de mandats : Et Mohamed Bazoum fit BOOM !\"},{\"@type\":\"BreadcrumbList\",\"@id\":\"https:\/\/www.africa-press.net\/togo\/politique\/cedeao-limitation-de-mandats-et-mohamed-bazoum-fit-boom#breadcrumb\",\"itemListElement\":[{\"@type\":\"ListItem\",\"position\":1,\"name\":\"Accueil\",\"item\":\"https:\/\/www.africa-press.net\/togo\/\"},{\"@type\":\"ListItem\",\"position\":2,\"name\":\"CEDEAO\/Limitation de mandats : Et Mohamed Bazoum fit BOOM !\"}]},{\"@type\":\"WebSite\",\"@id\":\"https:\/\/www.africa-press.net\/togo\/#website\",\"url\":\"https:\/\/www.africa-press.net\/togo\/\",\"name\":\"Togo\",\"description\":\"Just another Africa News Agency Sites site\",\"potentialAction\":[{\"@type\":\"SearchAction\",\"target\":{\"@type\":\"EntryPoint\",\"urlTemplate\":\"https:\/\/www.africa-press.net\/togo\/?s={search_term_string}\"},\"query-input\":{\"@type\":\"PropertyValueSpecification\",\"valueRequired\":true,\"valueName\":\"search_term_string\"}}],\"inLanguage\":\"fr-FR\"},{\"@type\":\"Person\",\"@id\":\"https:\/\/www.africa-press.net\/togo\/#\/schema\/person\/2b1cf3cd81a31e3cd26889ca66d677f1\",\"name\":\"cfeditorfr\"}]}<\/script>\n<!-- \/ Yoast SEO Premium plugin. -->","yoast_head_json":{"title":"CEDEAO\/Limitation de mandats : Et Mohamed Bazoum fit BOOM ! - Togo","description":"\u00ab L\u2019obe\u0301issance a\u0300 la loi qu\u2019on s\u2019est prescrite est liberte\u0301 \u00bb (Jean-Jacques Rousseau). \u00ab Les auteurs de coups d\u2019Etat ...","robots":{"index":"index","follow":"follow","max-snippet":"max-snippet:-1","max-image-preview":"max-image-preview:large","max-video-preview":"max-video-preview:-1"},"canonical":"https:\/\/www.africa-press.net\/togo\/politique\/cedeao-limitation-de-mandats-et-mohamed-bazoum-fit-boom","og_locale":"fr_FR","og_type":"article","og_title":"CEDEAO\/Limitation de mandats : Et Mohamed Bazoum fit BOOM !","og_description":"\u00ab L\u2019obe\u0301issance a\u0300 la loi qu\u2019on s\u2019est prescrite est liberte\u0301 \u00bb (Jean-Jacques Rousseau). \u00ab Les auteurs de coups d\u2019Etat ...","og_url":"https:\/\/www.africa-press.net\/togo\/politique\/cedeao-limitation-de-mandats-et-mohamed-bazoum-fit-boom","og_site_name":"Togo","article_published_time":"2022-09-27T18:26:51+00:00","article_modified_time":"2022-09-27T18:39:15+00:00","og_image":[{"width":1280,"height":816,"url":"https:\/\/static.africa-press.net\/togo\/sites\/58\/2022\/09\/postQueueImg_1-6333431329ca9.jpg","type":"image\/jpeg"}],"author":"cfeditorfr","twitter_card":"summary_large_image","twitter_misc":{"\u00c9crit par":"cfeditorfr","Dur\u00e9e de lecture estim\u00e9e":"3 minutes"},"schema":{"@context":"https:\/\/schema.org","@graph":[{"@type":"Article","@id":"https:\/\/www.africa-press.net\/togo\/politique\/cedeao-limitation-de-mandats-et-mohamed-bazoum-fit-boom#article","isPartOf":{"@id":"https:\/\/www.africa-press.net\/togo\/politique\/cedeao-limitation-de-mandats-et-mohamed-bazoum-fit-boom"},"author":{"name":"cfeditorfr","@id":"https:\/\/www.africa-press.net\/togo\/#\/schema\/person\/2b1cf3cd81a31e3cd26889ca66d677f1"},"headline":"CEDEAO\/Limitation de mandats : Et Mohamed Bazoum fit BOOM !","datePublished":"2022-09-27T18:26:51+00:00","dateModified":"2022-09-27T18:39:15+00:00","mainEntityOfPage":{"@id":"https:\/\/www.africa-press.net\/togo\/politique\/cedeao-limitation-de-mandats-et-mohamed-bazoum-fit-boom"},"wordCount":672,"commentCount":0,"image":{"@id":"https:\/\/www.africa-press.net\/togo\/politique\/cedeao-limitation-de-mandats-et-mohamed-bazoum-fit-boom#primaryimage"},"thumbnailUrl":"https:\/\/static.africa-press.net\/togo\/sites\/58\/2022\/09\/postQueueImg_1-6333431329ca9.jpg","keywords":["Africa Press","Africa Press-Togo","Togo"],"articleSection":["Politique","Toutes les actualit\u00e9s"],"inLanguage":"fr-FR","potentialAction":[{"@type":"CommentAction","name":"Comment","target":["https:\/\/www.africa-press.net\/togo\/politique\/cedeao-limitation-de-mandats-et-mohamed-bazoum-fit-boom#respond"]}]},{"@type":"WebPage","@id":"https:\/\/www.africa-press.net\/togo\/politique\/cedeao-limitation-de-mandats-et-mohamed-bazoum-fit-boom","url":"https:\/\/www.africa-press.net\/togo\/politique\/cedeao-limitation-de-mandats-et-mohamed-bazoum-fit-boom","name":"CEDEAO\/Limitation de mandats : Et Mohamed Bazoum fit BOOM ! - Togo","isPartOf":{"@id":"https:\/\/www.africa-press.net\/togo\/#website"},"primaryImageOfPage":{"@id":"https:\/\/www.africa-press.net\/togo\/politique\/cedeao-limitation-de-mandats-et-mohamed-bazoum-fit-boom#primaryimage"},"image":{"@id":"https:\/\/www.africa-press.net\/togo\/politique\/cedeao-limitation-de-mandats-et-mohamed-bazoum-fit-boom#primaryimage"},"thumbnailUrl":"https:\/\/static.africa-press.net\/togo\/sites\/58\/2022\/09\/postQueueImg_1-6333431329ca9.jpg","datePublished":"2022-09-27T18:26:51+00:00","dateModified":"2022-09-27T18:39:15+00:00","author":{"@id":"https:\/\/www.africa-press.net\/togo\/#\/schema\/person\/2b1cf3cd81a31e3cd26889ca66d677f1"},"description":"\u00ab L\u2019obe\u0301issance a\u0300 la loi qu\u2019on s\u2019est prescrite est liberte\u0301 \u00bb (Jean-Jacques Rousseau). \u00ab Les auteurs de coups d\u2019Etat ...","breadcrumb":{"@id":"https:\/\/www.africa-press.net\/togo\/politique\/cedeao-limitation-de-mandats-et-mohamed-bazoum-fit-boom#breadcrumb"},"inLanguage":"fr-FR","potentialAction":[{"@type":"ReadAction","target":["https:\/\/www.africa-press.net\/togo\/politique\/cedeao-limitation-de-mandats-et-mohamed-bazoum-fit-boom"]}]},{"@type":"ImageObject","inLanguage":"fr-FR","@id":"https:\/\/www.africa-press.net\/togo\/politique\/cedeao-limitation-de-mandats-et-mohamed-bazoum-fit-boom#primaryimage","url":"https:\/\/static.africa-press.net\/togo\/sites\/58\/2022\/09\/postQueueImg_1-6333431329ca9.jpg","contentUrl":"https:\/\/static.africa-press.net\/togo\/sites\/58\/2022\/09\/postQueueImg_1-6333431329ca9.jpg","width":1280,"height":816,"caption":"CEDEAO\/Limitation de mandats : Et Mohamed Bazoum fit BOOM !"},{"@type":"BreadcrumbList","@id":"https:\/\/www.africa-press.net\/togo\/politique\/cedeao-limitation-de-mandats-et-mohamed-bazoum-fit-boom#breadcrumb","itemListElement":[{"@type":"ListItem","position":1,"name":"Accueil","item":"https:\/\/www.africa-press.net\/togo\/"},{"@type":"ListItem","position":2,"name":"CEDEAO\/Limitation de mandats : Et Mohamed Bazoum fit BOOM !"}]},{"@type":"WebSite","@id":"https:\/\/www.africa-press.net\/togo\/#website","url":"https:\/\/www.africa-press.net\/togo\/","name":"Togo","description":"Just another Africa News Agency Sites site","potentialAction":[{"@type":"SearchAction","target":{"@type":"EntryPoint","urlTemplate":"https:\/\/www.africa-press.net\/togo\/?s={search_term_string}"},"query-input":{"@type":"PropertyValueSpecification","valueRequired":true,"valueName":"search_term_string"}}],"inLanguage":"fr-FR"},{"@type":"Person","@id":"https:\/\/www.africa-press.net\/togo\/#\/schema\/person\/2b1cf3cd81a31e3cd26889ca66d677f1","name":"cfeditorfr"}]}},"_links":{"self":[{"href":"https:\/\/www.africa-press.net\/togo\/wp-json\/wp\/v2\/posts\/11568","targetHints":{"allow":["GET"]}}],"collection":[{"href":"https:\/\/www.africa-press.net\/togo\/wp-json\/wp\/v2\/posts"}],"about":[{"href":"https:\/\/www.africa-press.net\/togo\/wp-json\/wp\/v2\/types\/post"}],"author":[{"embeddable":true,"href":"https:\/\/www.africa-press.net\/togo\/wp-json\/wp\/v2\/users\/82"}],"replies":[{"embeddable":true,"href":"https:\/\/www.africa-press.net\/togo\/wp-json\/wp\/v2\/comments?post=11568"}],"version-history":[{"count":0,"href":"https:\/\/www.africa-press.net\/togo\/wp-json\/wp\/v2\/posts\/11568\/revisions"}],"wp:featuredmedia":[{"embeddable":true,"href":"https:\/\/www.africa-press.net\/togo\/wp-json\/wp\/v2\/media\/11567"}],"wp:attachment":[{"href":"https:\/\/www.africa-press.net\/togo\/wp-json\/wp\/v2\/media?parent=11568"}],"wp:term":[{"taxonomy":"category","embeddable":true,"href":"https:\/\/www.africa-press.net\/togo\/wp-json\/wp\/v2\/categories?post=11568"},{"taxonomy":"post_tag","embeddable":true,"href":"https:\/\/www.africa-press.net\/togo\/wp-json\/wp\/v2\/tags?post=11568"}],"curies":[{"name":"wp","href":"https:\/\/api.w.org\/{rel}","templated":true}]}}