{"id":11577,"date":"2022-09-27T18:28:26","date_gmt":"2022-09-27T18:28:26","guid":{"rendered":"https:\/\/www.africa-press.net\/togo\/politique\/onu-il-abdoulaye-maiga-la-quand-meme-fait"},"modified":"2022-09-27T18:41:22","modified_gmt":"2022-09-27T18:41:22","slug":"onu-il-abdoulaye-maiga-la-quand-meme-fait","status":"publish","type":"post","link":"https:\/\/www.africa-press.net\/togo\/politique\/onu-il-abdoulaye-maiga-la-quand-meme-fait","title":{"rendered":"ONU\u2013Il (Abdoulaye Ma\u00efga) l\u2019a quand-m\u00eame fait !"},"content":{"rendered":"<p><span style=\"color: #ff6600\"><strong>Africa-Press &#8211; Togo. <\/strong><\/span><b>Les commentaires et les analyses vont bon train apre\u0300s l\u2019allocution du Premier ministre malien par inte\u0301rim, Abdoulaye Mai\u0308ga a\u0300 la tribune des Nations Unies ce samedi 24 septembre 2022. \u00ab Populiste \u00bb, \u00ab du de\u0301ja\u0300 vu \u00bb, \u00ab vulgaire et te\u0301ne\u0301breux \u00bb, \u00ab pure fantasme \u00bb, sont quelques qualificatifs d\u2019une partie de l\u2019opinion publique alors que d\u2019autres acclament le Malien des deux mains.<\/b><\/p>\n<p>Pendant un peu plus d\u2019une demi-heure, le Colonel Abdoulaye Mai\u0308ga dans son ensemble boubou identitaire, a tenu en haleine son auditoire au sie\u0300ge des Nations-Unies a\u0300 New York. Cette allocution tre\u0300s \u00ab directe \u00bb, sans langue de bois, a e\u0301te\u0301 l\u2019occasion pour le Malien de \u00ab remettre \u00bb a\u0300 leur place, certaines personnalite\u0301s politiques de haut rang a\u0300 la suite de leur sortie me\u0301diatique sur les sujets d\u2019actualite\u0301s de son pays. Du Secre\u0301taire Ge\u0301ne\u0301ral de l\u2019ONU, Antonio Guterres, en passant par le bissau-guine\u0301en Umaro Sissoco Embalo\u0301 et le nige\u0301rien Bazoum pour aboutir au pre\u0301sident ivoirien Alassane Ouattara, chacun en a pris pour son grade. Les autorite\u0301s franc\u0327aises n\u2019ont pas e\u0301te\u0301 e\u0301chappe\u0301es a\u0300 la \u201ctronc\u0327onneuse\u201d du Premier ministre malien.<\/p>\n<p>Sur la forme, il faut dire qu\u2019Abdoulaye Mai\u0308ga n\u2019en avait que cure des convenances du \u00ab politiquement correct \u00bb de la diplomatie internationale. Les mots choisis ne souffrent d\u2019aucune ambigu\u0308ite\u0301, le ton ferme et rassurant. Me\u0302me si on peut reprocher beaucoup de manquements et faiblesses a\u0300 l\u2019ONU, il faut admettre que sa tribune conserve cette exceptionnelle liberte\u0301 d\u2019expression.<\/p>\n<p>Ainsi, le fond du discours du Premier ministre malien a permis de comprendre le caracte\u0300re et la position que les autorite\u0301s maliennes voudraient afficher aux yeux du monde entier. En l\u2019occurrence, celles-ci exigent un rapport de respect re\u0301ciproque envers le Mali qui demeure engage\u0301 a\u0300 travailler avec tous les partenaires sur un pied d\u2019e\u0301galite\u0301.<\/p>\n<p>Dans son discours, Abdoulaye Mai\u0308ga a de\u0301nonce\u0301 la \u00ab victimisation \u00bb des 49 soldats ivoiriens arre\u0302te\u0301s a\u0300 l\u2019ae\u0301roport de Bamako dont 46 demeurent en de\u0301tention actuellement. Il a appele\u0301 autant le Secre\u0301taire Ge\u0301ne\u0301ral de l\u2019ONU que le Pre\u0301sident en exercice de la CEDEAO a\u0300 cesser leur invective contre le Mali. Le Premier ministre malien est alle\u0301 plus loin en taxant les autorite\u0301s franc\u0327aises de \u00ab junte \u00bb et a re\u0301ite\u0301re\u0301 les accusations de tentative de de\u0301stabilisation du Mali par ladite \u00ab junte \u00bb. Les chefs d\u2019Etats africains friands des \u00ab mandats a\u0300 vie \u00bb ou des \u00ab 3e\u0300me mandat \u00bb n\u2019ont pas e\u0301te\u0301 e\u0301pargne\u0301s car le malien a de\u0301montre\u0301 la supercherie juridique et politique qui conduit a\u0300 ce phe\u0301nome\u0300ne.<\/p>\n<p>On peut tout reprocher au Colonel Abdoulaye Mai\u0308ga, mais il a quand-me\u0302me eu le courage de de\u0301noncer des pratiques incongrues en Afrique, pratiques soutenues et encourage\u0301es par certaines puissances occidentales. Si on lui reproche sa le\u0301gitimite\u0301 politique car n\u2019ayant pas e\u0301te\u0301 nomme\u0301 par un pre\u0301sident e\u0301lu dans les urnes, alors il faut aussi regarder du co\u0302te\u0301 des nombreux \u00ab simulacres \u00bb d\u2019e\u0301lections de\u0301mocratiques organise\u0301es sur le continent. Ces pseudo pre\u0301sidents de\u0301mocratiquement e\u0301lus avec plus de 70% des suffrages exprime\u0301s alors me\u0302me qu\u2019ils font de\u0301ja\u0300 plus de 10 ans voire 15 ans a\u0300 la te\u0302te de leur pays.<\/p>\n<p>Pendant ce temps, l\u2019alternance va bon train en Europe, aux Ame\u0301riques et me\u0302me en Asie. Sur le continent, certains chefs d\u2019Etats africains sont \u00ab colle\u0301s \u00bb aux fauteuils pre\u0301sidentiels et sont re\u0301fractaires aux re\u0301formes des institutions sous re\u0301gionales. La le\u0301thargie de la CEDEAO en est un exemple. Si Abdoulaye Mai\u0308ga, Assimi Goi\u0308ta sont ille\u0301gitimes a\u0300 de\u0301fendre leur pays dans le concert des Nations parce qu\u2019ils sont militaires et ne sont pas issus d\u2019e\u0301lections transparentes alors il y a plusieurs pre\u0301sidents civils et malproprement e\u0301lus qui souffrent de la me\u0302me ille\u0301gitimite\u0301.<\/p>\n<p>Pour tous ceux font de la masturbation intellectuelle en maniant excellemment la langue de Molie\u0300re afin de de\u0301monter le discours d\u2019Abdoulaye Mai\u0308ga, il faut qu\u2019ils admettent qu\u2019en re\u0301alite\u0301 celui-ci a dit haut et fort ce qu\u2019ils sont incapables de dire de\u0301sormais a\u0300 cause de leur compromission.<\/p>\n<p><strong>Pour plus d&rsquo;informations et d&rsquo;analyses sur la <a href=\"https:\/\/www.africa-press.net\/togo\">Togo<\/a>, suivez <a href=\"https:\/\/www.africa-press.net\/\">Africa-Press<\/a><\/strong><\/p>\n","protected":false},"excerpt":{"rendered":"<p>Africa-Press &#8211; Togo. Les commentaires et les analyses vont bon train apre\u0300s l\u2019allocution du Premier ministre malien par inte\u0301rim, Abdoulaye Mai\u0308ga a\u0300 la tribune des Nations Unies ce samedi 24 septembre 2022. \u00ab Populiste \u00bb, \u00ab du de\u0301ja\u0300 vu \u00bb, \u00ab vulgaire et te\u0301ne\u0301breux \u00bb, \u00ab pure fantasme \u00bb, sont quelques qualificatifs d\u2019une partie de [&hellip;]<\/p>\n","protected":false},"author":82,"featured_media":11576,"comment_status":"open","ping_status":"closed","sticky":false,"template":"","format":"standard","meta":{"footnotes":""},"categories":[2,10],"tags":[36,49,50],"class_list":["post-11577","post","type-post","status-publish","format-standard","has-post-thumbnail","hentry","category-politique","category-toutes-les-actualites","tag-africa-press","tag-africa-press-togo","tag-togo"],"yoast_head":"<!-- This site is optimized with the Yoast SEO Premium plugin v26.1 (Yoast SEO v27.0) - https:\/\/yoast.com\/product\/yoast-seo-premium-wordpress\/ -->\n<title>ONU\u2013Il (Abdoulaye Ma\u00efga) l\u2019a quand-m\u00eame fait ! - Togo<\/title>\n<meta name=\"description\" content=\"Les commentaires et les analyses vont bon train apre\u0300s l\u2019allocution du Premier ministre malien par inte\u0301rim, Abdoulay ...\" \/>\n<meta name=\"robots\" content=\"index, follow, max-snippet:-1, max-image-preview:large, max-video-preview:-1\" \/>\n<link rel=\"canonical\" href=\"https:\/\/www.africa-press.net\/togo\/politique\/onu-il-abdoulaye-maiga-la-quand-meme-fait\" \/>\n<meta property=\"og:locale\" content=\"fr_FR\" \/>\n<meta property=\"og:type\" content=\"article\" \/>\n<meta property=\"og:title\" content=\"ONU\u2013Il (Abdoulaye Ma\u00efga) l\u2019a quand-m\u00eame fait !\" \/>\n<meta property=\"og:description\" content=\"Les commentaires et les analyses vont bon train apre\u0300s l\u2019allocution du Premier ministre malien par inte\u0301rim, Abdoulay ...\" \/>\n<meta property=\"og:url\" content=\"https:\/\/www.africa-press.net\/togo\/politique\/onu-il-abdoulaye-maiga-la-quand-meme-fait\" \/>\n<meta property=\"og:site_name\" content=\"Togo\" \/>\n<meta property=\"article:published_time\" content=\"2022-09-27T18:28:26+00:00\" \/>\n<meta property=\"article:modified_time\" content=\"2022-09-27T18:41:22+00:00\" \/>\n<meta property=\"og:image\" content=\"https:\/\/static.africa-press.net\/togo\/sites\/58\/2022\/09\/postQueueImg_4-633343b944bde.jpg\" \/>\n\t<meta property=\"og:image:width\" content=\"1200\" \/>\n\t<meta property=\"og:image:height\" content=\"800\" \/>\n\t<meta property=\"og:image:type\" content=\"image\/jpeg\" \/>\n<meta name=\"author\" content=\"cfeditorfr\" \/>\n<meta name=\"twitter:card\" content=\"summary_large_image\" \/>\n<meta name=\"twitter:label1\" content=\"\u00c9crit par\" \/>\n\t<meta name=\"twitter:data1\" content=\"cfeditorfr\" \/>\n\t<meta name=\"twitter:label2\" content=\"Dur\u00e9e de lecture estim\u00e9e\" \/>\n\t<meta name=\"twitter:data2\" content=\"4 minutes\" \/>\n<script type=\"application\/ld+json\" class=\"yoast-schema-graph\">{\"@context\":\"https:\/\/schema.org\",\"@graph\":[{\"@type\":\"Article\",\"@id\":\"https:\/\/www.africa-press.net\/togo\/politique\/onu-il-abdoulaye-maiga-la-quand-meme-fait#article\",\"isPartOf\":{\"@id\":\"https:\/\/www.africa-press.net\/togo\/politique\/onu-il-abdoulaye-maiga-la-quand-meme-fait\"},\"author\":{\"name\":\"cfeditorfr\",\"@id\":\"https:\/\/www.africa-press.net\/togo\/#\/schema\/person\/2b1cf3cd81a31e3cd26889ca66d677f1\"},\"headline\":\"ONU\u2013Il (Abdoulaye Ma\u00efga) l\u2019a quand-m\u00eame fait !\",\"datePublished\":\"2022-09-27T18:28:26+00:00\",\"dateModified\":\"2022-09-27T18:41:22+00:00\",\"mainEntityOfPage\":{\"@id\":\"https:\/\/www.africa-press.net\/togo\/politique\/onu-il-abdoulaye-maiga-la-quand-meme-fait\"},\"wordCount\":761,\"commentCount\":0,\"image\":{\"@id\":\"https:\/\/www.africa-press.net\/togo\/politique\/onu-il-abdoulaye-maiga-la-quand-meme-fait#primaryimage\"},\"thumbnailUrl\":\"https:\/\/static.africa-press.net\/togo\/sites\/58\/2022\/09\/postQueueImg_4-633343b944bde.jpg\",\"keywords\":[\"Africa Press\",\"Africa Press-Togo\",\"Togo\"],\"articleSection\":[\"Politique\",\"Toutes les actualit\u00e9s\"],\"inLanguage\":\"fr-FR\",\"potentialAction\":[{\"@type\":\"CommentAction\",\"name\":\"Comment\",\"target\":[\"https:\/\/www.africa-press.net\/togo\/politique\/onu-il-abdoulaye-maiga-la-quand-meme-fait#respond\"]}]},{\"@type\":\"WebPage\",\"@id\":\"https:\/\/www.africa-press.net\/togo\/politique\/onu-il-abdoulaye-maiga-la-quand-meme-fait\",\"url\":\"https:\/\/www.africa-press.net\/togo\/politique\/onu-il-abdoulaye-maiga-la-quand-meme-fait\",\"name\":\"ONU\u2013Il (Abdoulaye Ma\u00efga) l\u2019a quand-m\u00eame fait ! - Togo\",\"isPartOf\":{\"@id\":\"https:\/\/www.africa-press.net\/togo\/#website\"},\"primaryImageOfPage\":{\"@id\":\"https:\/\/www.africa-press.net\/togo\/politique\/onu-il-abdoulaye-maiga-la-quand-meme-fait#primaryimage\"},\"image\":{\"@id\":\"https:\/\/www.africa-press.net\/togo\/politique\/onu-il-abdoulaye-maiga-la-quand-meme-fait#primaryimage\"},\"thumbnailUrl\":\"https:\/\/static.africa-press.net\/togo\/sites\/58\/2022\/09\/postQueueImg_4-633343b944bde.jpg\",\"datePublished\":\"2022-09-27T18:28:26+00:00\",\"dateModified\":\"2022-09-27T18:41:22+00:00\",\"author\":{\"@id\":\"https:\/\/www.africa-press.net\/togo\/#\/schema\/person\/2b1cf3cd81a31e3cd26889ca66d677f1\"},\"description\":\"Les commentaires et les analyses vont bon train apre\u0300s l\u2019allocution du Premier ministre malien par inte\u0301rim, Abdoulay ...\",\"breadcrumb\":{\"@id\":\"https:\/\/www.africa-press.net\/togo\/politique\/onu-il-abdoulaye-maiga-la-quand-meme-fait#breadcrumb\"},\"inLanguage\":\"fr-FR\",\"potentialAction\":[{\"@type\":\"ReadAction\",\"target\":[\"https:\/\/www.africa-press.net\/togo\/politique\/onu-il-abdoulaye-maiga-la-quand-meme-fait\"]}]},{\"@type\":\"ImageObject\",\"inLanguage\":\"fr-FR\",\"@id\":\"https:\/\/www.africa-press.net\/togo\/politique\/onu-il-abdoulaye-maiga-la-quand-meme-fait#primaryimage\",\"url\":\"https:\/\/static.africa-press.net\/togo\/sites\/58\/2022\/09\/postQueueImg_4-633343b944bde.jpg\",\"contentUrl\":\"https:\/\/static.africa-press.net\/togo\/sites\/58\/2022\/09\/postQueueImg_4-633343b944bde.jpg\",\"width\":1200,\"height\":800,\"caption\":\"ONU\u2013Il (Abdoulaye Ma\u00efga) l\u2019a quand-m\u00eame fait !\"},{\"@type\":\"BreadcrumbList\",\"@id\":\"https:\/\/www.africa-press.net\/togo\/politique\/onu-il-abdoulaye-maiga-la-quand-meme-fait#breadcrumb\",\"itemListElement\":[{\"@type\":\"ListItem\",\"position\":1,\"name\":\"Accueil\",\"item\":\"https:\/\/www.africa-press.net\/togo\/\"},{\"@type\":\"ListItem\",\"position\":2,\"name\":\"ONU\u2013Il (Abdoulaye Ma\u00efga) l\u2019a quand-m\u00eame fait !\"}]},{\"@type\":\"WebSite\",\"@id\":\"https:\/\/www.africa-press.net\/togo\/#website\",\"url\":\"https:\/\/www.africa-press.net\/togo\/\",\"name\":\"Togo\",\"description\":\"Just another Africa News Agency Sites site\",\"potentialAction\":[{\"@type\":\"SearchAction\",\"target\":{\"@type\":\"EntryPoint\",\"urlTemplate\":\"https:\/\/www.africa-press.net\/togo\/?s={search_term_string}\"},\"query-input\":{\"@type\":\"PropertyValueSpecification\",\"valueRequired\":true,\"valueName\":\"search_term_string\"}}],\"inLanguage\":\"fr-FR\"},{\"@type\":\"Person\",\"@id\":\"https:\/\/www.africa-press.net\/togo\/#\/schema\/person\/2b1cf3cd81a31e3cd26889ca66d677f1\",\"name\":\"cfeditorfr\"}]}<\/script>\n<!-- \/ Yoast SEO Premium plugin. -->","yoast_head_json":{"title":"ONU\u2013Il (Abdoulaye Ma\u00efga) l\u2019a quand-m\u00eame fait ! - Togo","description":"Les commentaires et les analyses vont bon train apre\u0300s l\u2019allocution du Premier ministre malien par inte\u0301rim, Abdoulay ...","robots":{"index":"index","follow":"follow","max-snippet":"max-snippet:-1","max-image-preview":"max-image-preview:large","max-video-preview":"max-video-preview:-1"},"canonical":"https:\/\/www.africa-press.net\/togo\/politique\/onu-il-abdoulaye-maiga-la-quand-meme-fait","og_locale":"fr_FR","og_type":"article","og_title":"ONU\u2013Il (Abdoulaye Ma\u00efga) l\u2019a quand-m\u00eame fait !","og_description":"Les commentaires et les analyses vont bon train apre\u0300s l\u2019allocution du Premier ministre malien par inte\u0301rim, Abdoulay ...","og_url":"https:\/\/www.africa-press.net\/togo\/politique\/onu-il-abdoulaye-maiga-la-quand-meme-fait","og_site_name":"Togo","article_published_time":"2022-09-27T18:28:26+00:00","article_modified_time":"2022-09-27T18:41:22+00:00","og_image":[{"width":1200,"height":800,"url":"https:\/\/static.africa-press.net\/togo\/sites\/58\/2022\/09\/postQueueImg_4-633343b944bde.jpg","type":"image\/jpeg"}],"author":"cfeditorfr","twitter_card":"summary_large_image","twitter_misc":{"\u00c9crit par":"cfeditorfr","Dur\u00e9e de lecture estim\u00e9e":"4 minutes"},"schema":{"@context":"https:\/\/schema.org","@graph":[{"@type":"Article","@id":"https:\/\/www.africa-press.net\/togo\/politique\/onu-il-abdoulaye-maiga-la-quand-meme-fait#article","isPartOf":{"@id":"https:\/\/www.africa-press.net\/togo\/politique\/onu-il-abdoulaye-maiga-la-quand-meme-fait"},"author":{"name":"cfeditorfr","@id":"https:\/\/www.africa-press.net\/togo\/#\/schema\/person\/2b1cf3cd81a31e3cd26889ca66d677f1"},"headline":"ONU\u2013Il (Abdoulaye Ma\u00efga) l\u2019a quand-m\u00eame fait !","datePublished":"2022-09-27T18:28:26+00:00","dateModified":"2022-09-27T18:41:22+00:00","mainEntityOfPage":{"@id":"https:\/\/www.africa-press.net\/togo\/politique\/onu-il-abdoulaye-maiga-la-quand-meme-fait"},"wordCount":761,"commentCount":0,"image":{"@id":"https:\/\/www.africa-press.net\/togo\/politique\/onu-il-abdoulaye-maiga-la-quand-meme-fait#primaryimage"},"thumbnailUrl":"https:\/\/static.africa-press.net\/togo\/sites\/58\/2022\/09\/postQueueImg_4-633343b944bde.jpg","keywords":["Africa Press","Africa Press-Togo","Togo"],"articleSection":["Politique","Toutes les actualit\u00e9s"],"inLanguage":"fr-FR","potentialAction":[{"@type":"CommentAction","name":"Comment","target":["https:\/\/www.africa-press.net\/togo\/politique\/onu-il-abdoulaye-maiga-la-quand-meme-fait#respond"]}]},{"@type":"WebPage","@id":"https:\/\/www.africa-press.net\/togo\/politique\/onu-il-abdoulaye-maiga-la-quand-meme-fait","url":"https:\/\/www.africa-press.net\/togo\/politique\/onu-il-abdoulaye-maiga-la-quand-meme-fait","name":"ONU\u2013Il (Abdoulaye Ma\u00efga) l\u2019a quand-m\u00eame fait ! - Togo","isPartOf":{"@id":"https:\/\/www.africa-press.net\/togo\/#website"},"primaryImageOfPage":{"@id":"https:\/\/www.africa-press.net\/togo\/politique\/onu-il-abdoulaye-maiga-la-quand-meme-fait#primaryimage"},"image":{"@id":"https:\/\/www.africa-press.net\/togo\/politique\/onu-il-abdoulaye-maiga-la-quand-meme-fait#primaryimage"},"thumbnailUrl":"https:\/\/static.africa-press.net\/togo\/sites\/58\/2022\/09\/postQueueImg_4-633343b944bde.jpg","datePublished":"2022-09-27T18:28:26+00:00","dateModified":"2022-09-27T18:41:22+00:00","author":{"@id":"https:\/\/www.africa-press.net\/togo\/#\/schema\/person\/2b1cf3cd81a31e3cd26889ca66d677f1"},"description":"Les commentaires et les analyses vont bon train apre\u0300s l\u2019allocution du Premier ministre malien par inte\u0301rim, Abdoulay ...","breadcrumb":{"@id":"https:\/\/www.africa-press.net\/togo\/politique\/onu-il-abdoulaye-maiga-la-quand-meme-fait#breadcrumb"},"inLanguage":"fr-FR","potentialAction":[{"@type":"ReadAction","target":["https:\/\/www.africa-press.net\/togo\/politique\/onu-il-abdoulaye-maiga-la-quand-meme-fait"]}]},{"@type":"ImageObject","inLanguage":"fr-FR","@id":"https:\/\/www.africa-press.net\/togo\/politique\/onu-il-abdoulaye-maiga-la-quand-meme-fait#primaryimage","url":"https:\/\/static.africa-press.net\/togo\/sites\/58\/2022\/09\/postQueueImg_4-633343b944bde.jpg","contentUrl":"https:\/\/static.africa-press.net\/togo\/sites\/58\/2022\/09\/postQueueImg_4-633343b944bde.jpg","width":1200,"height":800,"caption":"ONU\u2013Il (Abdoulaye Ma\u00efga) l\u2019a quand-m\u00eame fait !"},{"@type":"BreadcrumbList","@id":"https:\/\/www.africa-press.net\/togo\/politique\/onu-il-abdoulaye-maiga-la-quand-meme-fait#breadcrumb","itemListElement":[{"@type":"ListItem","position":1,"name":"Accueil","item":"https:\/\/www.africa-press.net\/togo\/"},{"@type":"ListItem","position":2,"name":"ONU\u2013Il (Abdoulaye Ma\u00efga) l\u2019a quand-m\u00eame fait !"}]},{"@type":"WebSite","@id":"https:\/\/www.africa-press.net\/togo\/#website","url":"https:\/\/www.africa-press.net\/togo\/","name":"Togo","description":"Just another Africa News Agency Sites site","potentialAction":[{"@type":"SearchAction","target":{"@type":"EntryPoint","urlTemplate":"https:\/\/www.africa-press.net\/togo\/?s={search_term_string}"},"query-input":{"@type":"PropertyValueSpecification","valueRequired":true,"valueName":"search_term_string"}}],"inLanguage":"fr-FR"},{"@type":"Person","@id":"https:\/\/www.africa-press.net\/togo\/#\/schema\/person\/2b1cf3cd81a31e3cd26889ca66d677f1","name":"cfeditorfr"}]}},"_links":{"self":[{"href":"https:\/\/www.africa-press.net\/togo\/wp-json\/wp\/v2\/posts\/11577","targetHints":{"allow":["GET"]}}],"collection":[{"href":"https:\/\/www.africa-press.net\/togo\/wp-json\/wp\/v2\/posts"}],"about":[{"href":"https:\/\/www.africa-press.net\/togo\/wp-json\/wp\/v2\/types\/post"}],"author":[{"embeddable":true,"href":"https:\/\/www.africa-press.net\/togo\/wp-json\/wp\/v2\/users\/82"}],"replies":[{"embeddable":true,"href":"https:\/\/www.africa-press.net\/togo\/wp-json\/wp\/v2\/comments?post=11577"}],"version-history":[{"count":0,"href":"https:\/\/www.africa-press.net\/togo\/wp-json\/wp\/v2\/posts\/11577\/revisions"}],"wp:featuredmedia":[{"embeddable":true,"href":"https:\/\/www.africa-press.net\/togo\/wp-json\/wp\/v2\/media\/11576"}],"wp:attachment":[{"href":"https:\/\/www.africa-press.net\/togo\/wp-json\/wp\/v2\/media?parent=11577"}],"wp:term":[{"taxonomy":"category","embeddable":true,"href":"https:\/\/www.africa-press.net\/togo\/wp-json\/wp\/v2\/categories?post=11577"},{"taxonomy":"post_tag","embeddable":true,"href":"https:\/\/www.africa-press.net\/togo\/wp-json\/wp\/v2\/tags?post=11577"}],"curies":[{"name":"wp","href":"https:\/\/api.w.org\/{rel}","templated":true}]}}