{"id":11580,"date":"2022-09-27T18:28:38","date_gmt":"2022-09-27T18:28:38","guid":{"rendered":"https:\/\/www.africa-press.net\/togo\/politique\/togo-paulo-duarte-encense-son-equipe"},"modified":"2022-09-27T18:41:50","modified_gmt":"2022-09-27T18:41:50","slug":"togo-paulo-duarte-encense-son-equipe","status":"publish","type":"post","link":"https:\/\/www.africa-press.net\/togo\/politique\/togo-paulo-duarte-encense-son-equipe","title":{"rendered":"Togo-Paulo Duarte encense son \u00e9quipe"},"content":{"rendered":"<p><span style=\"color: #ff6600\"><strong>Africa-Press &#8211; Togo. <\/strong><\/span><b>Le Togo a e\u0301te\u0301 battu par la Co\u0302te d\u2019Ivoire ce samedi en amical. Malgre\u0301 la de\u0301faite, le se\u0301lectionneur des Eperviers, Paulo Duarte, est tre\u0300s satisfait de son e\u0301quipe.<\/b><\/p>\n<p>Les Ivoiriens ont fait l\u2019essentiel face au Togo. Gra\u0302ce a\u0300 des buts de Frank Kessie\u0301 et Seko Fofana, les Ele\u0301phants ont battu les Eperviers. Ces derniers ont pu toutefois inscrire un but gra\u0302ce a\u0300 Karim Dermane (2-1). Malgre\u0301 le revers, l\u2019entrai\u0302neur des Eperviers Paulo Duarte est tre\u0300s satisfait de son e\u0301quipe.<\/p>\n<p>\u00ab <b>On a fait un match fantastique contre une e\u0301quipe formidable qui a beaucoup d\u2019options et de solutions. Nous avons aborde\u0301 ce match avec une strate\u0301gie diffe\u0301rente. On a change\u0301 notre syste\u0300me de jeu. Normalement c\u2019est le 4-3-3<\/b> \u00bb, a de\u0301clare\u0301 le technicien portugais. Il ajoute : \u00ab <b>Nous avons fait une premie\u0300re mi-temps diabolique, fantastique qui m\u2019a fait plaisir. Cela me donne la sensation que ce qu\u2019on a fait contre le Cap-Vert e\u0301tait un accident qui nous a fait beaucoup de mal. Aujourd\u2019hui l\u2019e\u0301quipe a donne\u0301 une re\u0301ponse fantastique sans cinq titulaires. Nous avons e\u0301te\u0301 tre\u0300s forts tactiquement dans le pressing haut et bas.<\/b> \u00bb<\/p>\n<p>Paulo Duarte peste toutefois contre l\u2019arbitrage qui n\u2019a pas e\u0301te\u0301 a\u0300 la hauteur, selon lui. <b>\u00ab L\u2019arbitre je le fe\u0301licite parce qu\u2019il a e\u0301te\u0301 capable de transformer ce grand match. Il y avait une faute claire sur Fo-Doh Laba que lui seul n\u2019a pas vu<\/b>, pointe le se\u0301lectionneur des Eperviers. <b>Il m\u2019a me\u0302me intimide\u0301 en me donnant un carton jaune mais cela ne m\u2019a pas empe\u0302che\u0301 de corriger mes joueurs et d\u2019organiser mon e\u0301quipe<\/b>. \u00bb<\/p>\n<p>Malgre\u0301 tout, Duarte est optimiste pour l\u2019avenir de sa se\u0301lection. Il dit : \u00ab <b>Je suis oblige\u0301 d\u2019e\u0302tre confiant. Cela fait un an 20 jours que je suis arrive\u0301 et on a transforme\u0301 cette e\u0301quipe a\u0300 60% on a une jeunesse incroyable en qualite\u0301 et en quantite\u0301<\/b>.<\/p>\n<p><strong>Pour plus d&rsquo;informations et d&rsquo;analyses sur la <a href=\"https:\/\/www.africa-press.net\/togo\">Togo<\/a>, suivez <a href=\"https:\/\/www.africa-press.net\/\">Africa-Press<\/a><\/strong><\/p>\n","protected":false},"excerpt":{"rendered":"<p>Africa-Press &#8211; Togo. Le Togo a e\u0301te\u0301 battu par la Co\u0302te d\u2019Ivoire ce samedi en amical. Malgre\u0301 la de\u0301faite, le se\u0301lectionneur des Eperviers, Paulo Duarte, est tre\u0300s satisfait de son e\u0301quipe. Les Ivoiriens ont fait l\u2019essentiel face au Togo. Gra\u0302ce a\u0300 des buts de Frank Kessie\u0301 et Seko Fofana, les Ele\u0301phants ont battu les Eperviers. [&hellip;]<\/p>\n","protected":false},"author":82,"featured_media":11579,"comment_status":"open","ping_status":"closed","sticky":false,"template":"","format":"standard","meta":{"footnotes":""},"categories":[2,10],"tags":[36,49,50],"class_list":["post-11580","post","type-post","status-publish","format-standard","has-post-thumbnail","hentry","category-politique","category-toutes-les-actualites","tag-africa-press","tag-africa-press-togo","tag-togo"],"yoast_head":"<!-- This site is optimized with the Yoast SEO Premium plugin v26.1 (Yoast SEO v27.0) - https:\/\/yoast.com\/product\/yoast-seo-premium-wordpress\/ -->\n<title>Togo-Paulo Duarte encense son \u00e9quipe - Togo<\/title>\n<meta name=\"description\" content=\"Le Togo a e\u0301te\u0301 battu par la Co\u0302te d\u2019Ivoire ce samedi en amical. Malgre\u0301 la de\u0301faite, le se\u0301lectionneur des Eperviers ...\" \/>\n<meta name=\"robots\" content=\"index, follow, max-snippet:-1, max-image-preview:large, max-video-preview:-1\" \/>\n<link rel=\"canonical\" href=\"https:\/\/www.africa-press.net\/togo\/politique\/togo-paulo-duarte-encense-son-equipe\" \/>\n<meta property=\"og:locale\" content=\"fr_FR\" \/>\n<meta property=\"og:type\" content=\"article\" \/>\n<meta property=\"og:title\" content=\"Togo-Paulo Duarte encense son \u00e9quipe\" \/>\n<meta property=\"og:description\" content=\"Le Togo a e\u0301te\u0301 battu par la Co\u0302te d\u2019Ivoire ce samedi en amical. Malgre\u0301 la de\u0301faite, le se\u0301lectionneur des Eperviers ...\" \/>\n<meta property=\"og:url\" content=\"https:\/\/www.africa-press.net\/togo\/politique\/togo-paulo-duarte-encense-son-equipe\" \/>\n<meta property=\"og:site_name\" content=\"Togo\" \/>\n<meta property=\"article:published_time\" content=\"2022-09-27T18:28:38+00:00\" \/>\n<meta property=\"article:modified_time\" content=\"2022-09-27T18:41:50+00:00\" \/>\n<meta property=\"og:image\" content=\"https:\/\/static.africa-press.net\/togo\/sites\/58\/2022\/09\/postQueueImg_5-633343d7ca514.jpg\" \/>\n\t<meta property=\"og:image:width\" content=\"1200\" \/>\n\t<meta property=\"og:image:height\" content=\"800\" \/>\n\t<meta property=\"og:image:type\" content=\"image\/jpeg\" \/>\n<meta name=\"author\" content=\"cfeditorfr\" \/>\n<meta name=\"twitter:card\" content=\"summary_large_image\" \/>\n<meta name=\"twitter:label1\" content=\"\u00c9crit par\" \/>\n\t<meta name=\"twitter:data1\" content=\"cfeditorfr\" \/>\n\t<meta name=\"twitter:label2\" content=\"Dur\u00e9e de lecture estim\u00e9e\" \/>\n\t<meta name=\"twitter:data2\" content=\"2 minutes\" \/>\n<script type=\"application\/ld+json\" class=\"yoast-schema-graph\">{\"@context\":\"https:\/\/schema.org\",\"@graph\":[{\"@type\":\"Article\",\"@id\":\"https:\/\/www.africa-press.net\/togo\/politique\/togo-paulo-duarte-encense-son-equipe#article\",\"isPartOf\":{\"@id\":\"https:\/\/www.africa-press.net\/togo\/politique\/togo-paulo-duarte-encense-son-equipe\"},\"author\":{\"name\":\"cfeditorfr\",\"@id\":\"https:\/\/www.africa-press.net\/togo\/#\/schema\/person\/2b1cf3cd81a31e3cd26889ca66d677f1\"},\"headline\":\"Togo-Paulo Duarte encense son \u00e9quipe\",\"datePublished\":\"2022-09-27T18:28:38+00:00\",\"dateModified\":\"2022-09-27T18:41:50+00:00\",\"mainEntityOfPage\":{\"@id\":\"https:\/\/www.africa-press.net\/togo\/politique\/togo-paulo-duarte-encense-son-equipe\"},\"wordCount\":369,\"commentCount\":0,\"image\":{\"@id\":\"https:\/\/www.africa-press.net\/togo\/politique\/togo-paulo-duarte-encense-son-equipe#primaryimage\"},\"thumbnailUrl\":\"https:\/\/static.africa-press.net\/togo\/sites\/58\/2022\/09\/postQueueImg_5-633343d7ca514.jpg\",\"keywords\":[\"Africa Press\",\"Africa Press-Togo\",\"Togo\"],\"articleSection\":[\"Politique\",\"Toutes les actualit\u00e9s\"],\"inLanguage\":\"fr-FR\",\"potentialAction\":[{\"@type\":\"CommentAction\",\"name\":\"Comment\",\"target\":[\"https:\/\/www.africa-press.net\/togo\/politique\/togo-paulo-duarte-encense-son-equipe#respond\"]}]},{\"@type\":\"WebPage\",\"@id\":\"https:\/\/www.africa-press.net\/togo\/politique\/togo-paulo-duarte-encense-son-equipe\",\"url\":\"https:\/\/www.africa-press.net\/togo\/politique\/togo-paulo-duarte-encense-son-equipe\",\"name\":\"Togo-Paulo Duarte encense son \u00e9quipe - Togo\",\"isPartOf\":{\"@id\":\"https:\/\/www.africa-press.net\/togo\/#website\"},\"primaryImageOfPage\":{\"@id\":\"https:\/\/www.africa-press.net\/togo\/politique\/togo-paulo-duarte-encense-son-equipe#primaryimage\"},\"image\":{\"@id\":\"https:\/\/www.africa-press.net\/togo\/politique\/togo-paulo-duarte-encense-son-equipe#primaryimage\"},\"thumbnailUrl\":\"https:\/\/static.africa-press.net\/togo\/sites\/58\/2022\/09\/postQueueImg_5-633343d7ca514.jpg\",\"datePublished\":\"2022-09-27T18:28:38+00:00\",\"dateModified\":\"2022-09-27T18:41:50+00:00\",\"author\":{\"@id\":\"https:\/\/www.africa-press.net\/togo\/#\/schema\/person\/2b1cf3cd81a31e3cd26889ca66d677f1\"},\"description\":\"Le Togo a e\u0301te\u0301 battu par la Co\u0302te d\u2019Ivoire ce samedi en amical. Malgre\u0301 la de\u0301faite, le se\u0301lectionneur des Eperviers ...\",\"breadcrumb\":{\"@id\":\"https:\/\/www.africa-press.net\/togo\/politique\/togo-paulo-duarte-encense-son-equipe#breadcrumb\"},\"inLanguage\":\"fr-FR\",\"potentialAction\":[{\"@type\":\"ReadAction\",\"target\":[\"https:\/\/www.africa-press.net\/togo\/politique\/togo-paulo-duarte-encense-son-equipe\"]}]},{\"@type\":\"ImageObject\",\"inLanguage\":\"fr-FR\",\"@id\":\"https:\/\/www.africa-press.net\/togo\/politique\/togo-paulo-duarte-encense-son-equipe#primaryimage\",\"url\":\"https:\/\/static.africa-press.net\/togo\/sites\/58\/2022\/09\/postQueueImg_5-633343d7ca514.jpg\",\"contentUrl\":\"https:\/\/static.africa-press.net\/togo\/sites\/58\/2022\/09\/postQueueImg_5-633343d7ca514.jpg\",\"width\":1200,\"height\":800,\"caption\":\"Togo-Paulo Duarte encense son \u00e9quipe\"},{\"@type\":\"BreadcrumbList\",\"@id\":\"https:\/\/www.africa-press.net\/togo\/politique\/togo-paulo-duarte-encense-son-equipe#breadcrumb\",\"itemListElement\":[{\"@type\":\"ListItem\",\"position\":1,\"name\":\"Accueil\",\"item\":\"https:\/\/www.africa-press.net\/togo\/\"},{\"@type\":\"ListItem\",\"position\":2,\"name\":\"Togo-Paulo Duarte encense son \u00e9quipe\"}]},{\"@type\":\"WebSite\",\"@id\":\"https:\/\/www.africa-press.net\/togo\/#website\",\"url\":\"https:\/\/www.africa-press.net\/togo\/\",\"name\":\"Togo\",\"description\":\"Just another Africa News Agency Sites site\",\"potentialAction\":[{\"@type\":\"SearchAction\",\"target\":{\"@type\":\"EntryPoint\",\"urlTemplate\":\"https:\/\/www.africa-press.net\/togo\/?s={search_term_string}\"},\"query-input\":{\"@type\":\"PropertyValueSpecification\",\"valueRequired\":true,\"valueName\":\"search_term_string\"}}],\"inLanguage\":\"fr-FR\"},{\"@type\":\"Person\",\"@id\":\"https:\/\/www.africa-press.net\/togo\/#\/schema\/person\/2b1cf3cd81a31e3cd26889ca66d677f1\",\"name\":\"cfeditorfr\"}]}<\/script>\n<!-- \/ Yoast SEO Premium plugin. -->","yoast_head_json":{"title":"Togo-Paulo Duarte encense son \u00e9quipe - Togo","description":"Le Togo a e\u0301te\u0301 battu par la Co\u0302te d\u2019Ivoire ce samedi en amical. Malgre\u0301 la de\u0301faite, le se\u0301lectionneur des Eperviers ...","robots":{"index":"index","follow":"follow","max-snippet":"max-snippet:-1","max-image-preview":"max-image-preview:large","max-video-preview":"max-video-preview:-1"},"canonical":"https:\/\/www.africa-press.net\/togo\/politique\/togo-paulo-duarte-encense-son-equipe","og_locale":"fr_FR","og_type":"article","og_title":"Togo-Paulo Duarte encense son \u00e9quipe","og_description":"Le Togo a e\u0301te\u0301 battu par la Co\u0302te d\u2019Ivoire ce samedi en amical. Malgre\u0301 la de\u0301faite, le se\u0301lectionneur des Eperviers ...","og_url":"https:\/\/www.africa-press.net\/togo\/politique\/togo-paulo-duarte-encense-son-equipe","og_site_name":"Togo","article_published_time":"2022-09-27T18:28:38+00:00","article_modified_time":"2022-09-27T18:41:50+00:00","og_image":[{"width":1200,"height":800,"url":"https:\/\/static.africa-press.net\/togo\/sites\/58\/2022\/09\/postQueueImg_5-633343d7ca514.jpg","type":"image\/jpeg"}],"author":"cfeditorfr","twitter_card":"summary_large_image","twitter_misc":{"\u00c9crit par":"cfeditorfr","Dur\u00e9e de lecture estim\u00e9e":"2 minutes"},"schema":{"@context":"https:\/\/schema.org","@graph":[{"@type":"Article","@id":"https:\/\/www.africa-press.net\/togo\/politique\/togo-paulo-duarte-encense-son-equipe#article","isPartOf":{"@id":"https:\/\/www.africa-press.net\/togo\/politique\/togo-paulo-duarte-encense-son-equipe"},"author":{"name":"cfeditorfr","@id":"https:\/\/www.africa-press.net\/togo\/#\/schema\/person\/2b1cf3cd81a31e3cd26889ca66d677f1"},"headline":"Togo-Paulo Duarte encense son \u00e9quipe","datePublished":"2022-09-27T18:28:38+00:00","dateModified":"2022-09-27T18:41:50+00:00","mainEntityOfPage":{"@id":"https:\/\/www.africa-press.net\/togo\/politique\/togo-paulo-duarte-encense-son-equipe"},"wordCount":369,"commentCount":0,"image":{"@id":"https:\/\/www.africa-press.net\/togo\/politique\/togo-paulo-duarte-encense-son-equipe#primaryimage"},"thumbnailUrl":"https:\/\/static.africa-press.net\/togo\/sites\/58\/2022\/09\/postQueueImg_5-633343d7ca514.jpg","keywords":["Africa Press","Africa Press-Togo","Togo"],"articleSection":["Politique","Toutes les actualit\u00e9s"],"inLanguage":"fr-FR","potentialAction":[{"@type":"CommentAction","name":"Comment","target":["https:\/\/www.africa-press.net\/togo\/politique\/togo-paulo-duarte-encense-son-equipe#respond"]}]},{"@type":"WebPage","@id":"https:\/\/www.africa-press.net\/togo\/politique\/togo-paulo-duarte-encense-son-equipe","url":"https:\/\/www.africa-press.net\/togo\/politique\/togo-paulo-duarte-encense-son-equipe","name":"Togo-Paulo Duarte encense son \u00e9quipe - Togo","isPartOf":{"@id":"https:\/\/www.africa-press.net\/togo\/#website"},"primaryImageOfPage":{"@id":"https:\/\/www.africa-press.net\/togo\/politique\/togo-paulo-duarte-encense-son-equipe#primaryimage"},"image":{"@id":"https:\/\/www.africa-press.net\/togo\/politique\/togo-paulo-duarte-encense-son-equipe#primaryimage"},"thumbnailUrl":"https:\/\/static.africa-press.net\/togo\/sites\/58\/2022\/09\/postQueueImg_5-633343d7ca514.jpg","datePublished":"2022-09-27T18:28:38+00:00","dateModified":"2022-09-27T18:41:50+00:00","author":{"@id":"https:\/\/www.africa-press.net\/togo\/#\/schema\/person\/2b1cf3cd81a31e3cd26889ca66d677f1"},"description":"Le Togo a e\u0301te\u0301 battu par la Co\u0302te d\u2019Ivoire ce samedi en amical. Malgre\u0301 la de\u0301faite, le se\u0301lectionneur des Eperviers ...","breadcrumb":{"@id":"https:\/\/www.africa-press.net\/togo\/politique\/togo-paulo-duarte-encense-son-equipe#breadcrumb"},"inLanguage":"fr-FR","potentialAction":[{"@type":"ReadAction","target":["https:\/\/www.africa-press.net\/togo\/politique\/togo-paulo-duarte-encense-son-equipe"]}]},{"@type":"ImageObject","inLanguage":"fr-FR","@id":"https:\/\/www.africa-press.net\/togo\/politique\/togo-paulo-duarte-encense-son-equipe#primaryimage","url":"https:\/\/static.africa-press.net\/togo\/sites\/58\/2022\/09\/postQueueImg_5-633343d7ca514.jpg","contentUrl":"https:\/\/static.africa-press.net\/togo\/sites\/58\/2022\/09\/postQueueImg_5-633343d7ca514.jpg","width":1200,"height":800,"caption":"Togo-Paulo Duarte encense son \u00e9quipe"},{"@type":"BreadcrumbList","@id":"https:\/\/www.africa-press.net\/togo\/politique\/togo-paulo-duarte-encense-son-equipe#breadcrumb","itemListElement":[{"@type":"ListItem","position":1,"name":"Accueil","item":"https:\/\/www.africa-press.net\/togo\/"},{"@type":"ListItem","position":2,"name":"Togo-Paulo Duarte encense son \u00e9quipe"}]},{"@type":"WebSite","@id":"https:\/\/www.africa-press.net\/togo\/#website","url":"https:\/\/www.africa-press.net\/togo\/","name":"Togo","description":"Just another Africa News Agency Sites site","potentialAction":[{"@type":"SearchAction","target":{"@type":"EntryPoint","urlTemplate":"https:\/\/www.africa-press.net\/togo\/?s={search_term_string}"},"query-input":{"@type":"PropertyValueSpecification","valueRequired":true,"valueName":"search_term_string"}}],"inLanguage":"fr-FR"},{"@type":"Person","@id":"https:\/\/www.africa-press.net\/togo\/#\/schema\/person\/2b1cf3cd81a31e3cd26889ca66d677f1","name":"cfeditorfr"}]}},"_links":{"self":[{"href":"https:\/\/www.africa-press.net\/togo\/wp-json\/wp\/v2\/posts\/11580","targetHints":{"allow":["GET"]}}],"collection":[{"href":"https:\/\/www.africa-press.net\/togo\/wp-json\/wp\/v2\/posts"}],"about":[{"href":"https:\/\/www.africa-press.net\/togo\/wp-json\/wp\/v2\/types\/post"}],"author":[{"embeddable":true,"href":"https:\/\/www.africa-press.net\/togo\/wp-json\/wp\/v2\/users\/82"}],"replies":[{"embeddable":true,"href":"https:\/\/www.africa-press.net\/togo\/wp-json\/wp\/v2\/comments?post=11580"}],"version-history":[{"count":0,"href":"https:\/\/www.africa-press.net\/togo\/wp-json\/wp\/v2\/posts\/11580\/revisions"}],"wp:featuredmedia":[{"embeddable":true,"href":"https:\/\/www.africa-press.net\/togo\/wp-json\/wp\/v2\/media\/11579"}],"wp:attachment":[{"href":"https:\/\/www.africa-press.net\/togo\/wp-json\/wp\/v2\/media?parent=11580"}],"wp:term":[{"taxonomy":"category","embeddable":true,"href":"https:\/\/www.africa-press.net\/togo\/wp-json\/wp\/v2\/categories?post=11580"},{"taxonomy":"post_tag","embeddable":true,"href":"https:\/\/www.africa-press.net\/togo\/wp-json\/wp\/v2\/tags?post=11580"}],"curies":[{"name":"wp","href":"https:\/\/api.w.org\/{rel}","templated":true}]}}