{"id":11586,"date":"2022-09-27T18:29:50","date_gmt":"2022-09-27T18:29:50","guid":{"rendered":"https:\/\/www.africa-press.net\/togo\/politique\/togo-la-ftf-incite-les-eperviers-u23-a-la-victoire-contre-la-mauritanie"},"modified":"2022-09-27T18:42:53","modified_gmt":"2022-09-27T18:42:53","slug":"togo-la-ftf-incite-les-eperviers-u23-a-la-victoire-contre-la-mauritanie","status":"publish","type":"post","link":"https:\/\/www.africa-press.net\/togo\/sports\/togo-la-ftf-incite-les-eperviers-u23-a-la-victoire-contre-la-mauritanie","title":{"rendered":"Togo-La FTF incite les Eperviers U23 \u00e0 la victoire contre la Mauritanie"},"content":{"rendered":"<p><span style=\"color: #ff6600\"><strong>Africa-Press &#8211; Togo. <\/strong><\/span>La se\u0301lection nationale U23 a perdu la manche aller des pre\u0301liminaires de la CAN contre la Mauritanie. Elle a encore une chose de se qualifier pour l\u2019e\u0301tape suivante. Elle la jouera ce mardi 27 septembre 2022 au stade de Ke\u0301gue\u0301 a\u0300 Lome\u0301<\/p>\n<p>1-0. C\u2019est le score sanctionnant la rencontre Mauritanie-Togo a\u0300 Nouakchott. Les Eperviers de\u0301faits sont rentre\u0301s au bercail, ayant en te\u0302te l\u2019espoir de se qualifier. Tout se jouera ce mardi au stade de Ke\u0301gue\u0301.<\/p>\n<p>En pre\u0301lude a\u0300 cette rencontre retour de\u0301cisive a\u0300 domicile, une de\u0301le\u0301gation de la Fe\u0301de\u0301ration togolaise de football (FTF), conduite par EL Hadj Marcelin Amah, le premier vice-pre\u0301sident de l\u2019instance fai\u0302tie\u0300re, compose\u0301e e\u0301galement de Michel Ame\u0301todji et Se\u0301bastien Pre\u0301, est alle\u0301e a\u0300 la rencontre des joueurs et des membres du staff technique.<\/p>\n<p>\u00ab Prenant la parole, le vice-pre\u0301sident Amah Marcelin a exhorte\u0301 les E\u0301perviers U23 a\u0300 la victoire ce mardi face a\u0300 la Mauritanie. Il a, par la me\u0302me occasion, re\u0301ite\u0301re\u0301 l\u2019engagement et le soutien sans faille des autorite\u0301s sportives \u00bb, rapporte la FTF sur son site internet.<\/p>\n<p>Les Eperviers espoirs, a\u0300 leur tour, ont promis mouiller le maillot afin d\u2019arracher la qualification pour la deuxie\u0300me phase des e\u0301liminatoires de la CAN de leur cate\u0301gorie.<\/p>\n<p><strong>Pour plus d&rsquo;informations et d&rsquo;analyses sur la <a href=\"https:\/\/www.africa-press.net\/togo\">Togo<\/a>, suivez <a href=\"https:\/\/www.africa-press.net\/\">Africa-Press<\/a><\/strong><\/p>\n","protected":false},"excerpt":{"rendered":"<p>Africa-Press &#8211; Togo. La se\u0301lection nationale U23 a perdu la manche aller des pre\u0301liminaires de la CAN contre la Mauritanie. Elle a encore une chose de se qualifier pour l\u2019e\u0301tape suivante. Elle la jouera ce mardi 27 septembre 2022 au stade de Ke\u0301gue\u0301 a\u0300 Lome\u0301 1-0. C\u2019est le score sanctionnant la rencontre Mauritanie-Togo a\u0300 Nouakchott. [&hellip;]<\/p>\n","protected":false},"author":82,"featured_media":11585,"comment_status":"open","ping_status":"closed","sticky":false,"template":"","format":"standard","meta":{"footnotes":""},"categories":[6,10],"tags":[36,49,50],"class_list":["post-11586","post","type-post","status-publish","format-standard","has-post-thumbnail","hentry","category-sports","category-toutes-les-actualites","tag-africa-press","tag-africa-press-togo","tag-togo"],"yoast_head":"<!-- This site is optimized with the Yoast SEO Premium plugin v26.1 (Yoast SEO v27.0) - https:\/\/yoast.com\/product\/yoast-seo-premium-wordpress\/ -->\n<title>Togo-La FTF incite les Eperviers U23 \u00e0 la victoire contre la Mauritanie - Togo<\/title>\n<meta name=\"description\" content=\"La se\u0301lection nationale U23 a perdu la manche aller des pre\u0301liminaires de la CAN contre la Mauritanie. Elle a encore une ...\" \/>\n<meta name=\"robots\" content=\"index, follow, max-snippet:-1, max-image-preview:large, max-video-preview:-1\" \/>\n<link rel=\"canonical\" href=\"https:\/\/www.africa-press.net\/togo\/sports\/togo-la-ftf-incite-les-eperviers-u23-a-la-victoire-contre-la-mauritanie\" \/>\n<meta property=\"og:locale\" content=\"fr_FR\" \/>\n<meta property=\"og:type\" content=\"article\" \/>\n<meta property=\"og:title\" content=\"Togo-La FTF incite les Eperviers U23 \u00e0 la victoire contre la Mauritanie\" \/>\n<meta property=\"og:description\" content=\"La se\u0301lection nationale U23 a perdu la manche aller des pre\u0301liminaires de la CAN contre la Mauritanie. Elle a encore une ...\" \/>\n<meta property=\"og:url\" content=\"https:\/\/www.africa-press.net\/togo\/sports\/togo-la-ftf-incite-les-eperviers-u23-a-la-victoire-contre-la-mauritanie\" \/>\n<meta property=\"og:site_name\" content=\"Togo\" \/>\n<meta property=\"article:published_time\" content=\"2022-09-27T18:29:50+00:00\" \/>\n<meta property=\"article:modified_time\" content=\"2022-09-27T18:42:53+00:00\" \/>\n<meta property=\"og:image\" content=\"https:\/\/static.africa-press.net\/togo\/sites\/58\/2022\/09\/postQueueImg_7-63334414effc4.jpg\" \/>\n\t<meta property=\"og:image:width\" content=\"1280\" \/>\n\t<meta property=\"og:image:height\" content=\"800\" \/>\n\t<meta property=\"og:image:type\" content=\"image\/jpeg\" \/>\n<meta name=\"author\" content=\"cfeditorfr\" \/>\n<meta name=\"twitter:card\" content=\"summary_large_image\" \/>\n<meta name=\"twitter:label1\" content=\"\u00c9crit par\" \/>\n\t<meta name=\"twitter:data1\" content=\"cfeditorfr\" \/>\n\t<meta name=\"twitter:label2\" content=\"Dur\u00e9e de lecture estim\u00e9e\" \/>\n\t<meta name=\"twitter:data2\" content=\"2 minutes\" \/>\n<script type=\"application\/ld+json\" class=\"yoast-schema-graph\">{\"@context\":\"https:\/\/schema.org\",\"@graph\":[{\"@type\":\"Article\",\"@id\":\"https:\/\/www.africa-press.net\/togo\/sports\/togo-la-ftf-incite-les-eperviers-u23-a-la-victoire-contre-la-mauritanie#article\",\"isPartOf\":{\"@id\":\"https:\/\/www.africa-press.net\/togo\/sports\/togo-la-ftf-incite-les-eperviers-u23-a-la-victoire-contre-la-mauritanie\"},\"author\":{\"name\":\"cfeditorfr\",\"@id\":\"https:\/\/www.africa-press.net\/togo\/#\/schema\/person\/2b1cf3cd81a31e3cd26889ca66d677f1\"},\"headline\":\"Togo-La FTF incite les Eperviers U23 \u00e0 la victoire contre la Mauritanie\",\"datePublished\":\"2022-09-27T18:29:50+00:00\",\"dateModified\":\"2022-09-27T18:42:53+00:00\",\"mainEntityOfPage\":{\"@id\":\"https:\/\/www.africa-press.net\/togo\/sports\/togo-la-ftf-incite-les-eperviers-u23-a-la-victoire-contre-la-mauritanie\"},\"wordCount\":258,\"commentCount\":0,\"image\":{\"@id\":\"https:\/\/www.africa-press.net\/togo\/sports\/togo-la-ftf-incite-les-eperviers-u23-a-la-victoire-contre-la-mauritanie#primaryimage\"},\"thumbnailUrl\":\"https:\/\/static.africa-press.net\/togo\/sites\/58\/2022\/09\/postQueueImg_7-63334414effc4.jpg\",\"keywords\":[\"Africa Press\",\"Africa Press-Togo\",\"Togo\"],\"articleSection\":[\"Sports\",\"Toutes les actualit\u00e9s\"],\"inLanguage\":\"fr-FR\",\"potentialAction\":[{\"@type\":\"CommentAction\",\"name\":\"Comment\",\"target\":[\"https:\/\/www.africa-press.net\/togo\/sports\/togo-la-ftf-incite-les-eperviers-u23-a-la-victoire-contre-la-mauritanie#respond\"]}]},{\"@type\":\"WebPage\",\"@id\":\"https:\/\/www.africa-press.net\/togo\/sports\/togo-la-ftf-incite-les-eperviers-u23-a-la-victoire-contre-la-mauritanie\",\"url\":\"https:\/\/www.africa-press.net\/togo\/sports\/togo-la-ftf-incite-les-eperviers-u23-a-la-victoire-contre-la-mauritanie\",\"name\":\"Togo-La FTF incite les Eperviers U23 \u00e0 la victoire contre la Mauritanie - Togo\",\"isPartOf\":{\"@id\":\"https:\/\/www.africa-press.net\/togo\/#website\"},\"primaryImageOfPage\":{\"@id\":\"https:\/\/www.africa-press.net\/togo\/sports\/togo-la-ftf-incite-les-eperviers-u23-a-la-victoire-contre-la-mauritanie#primaryimage\"},\"image\":{\"@id\":\"https:\/\/www.africa-press.net\/togo\/sports\/togo-la-ftf-incite-les-eperviers-u23-a-la-victoire-contre-la-mauritanie#primaryimage\"},\"thumbnailUrl\":\"https:\/\/static.africa-press.net\/togo\/sites\/58\/2022\/09\/postQueueImg_7-63334414effc4.jpg\",\"datePublished\":\"2022-09-27T18:29:50+00:00\",\"dateModified\":\"2022-09-27T18:42:53+00:00\",\"author\":{\"@id\":\"https:\/\/www.africa-press.net\/togo\/#\/schema\/person\/2b1cf3cd81a31e3cd26889ca66d677f1\"},\"description\":\"La se\u0301lection nationale U23 a perdu la manche aller des pre\u0301liminaires de la CAN contre la Mauritanie. Elle a encore une ...\",\"breadcrumb\":{\"@id\":\"https:\/\/www.africa-press.net\/togo\/sports\/togo-la-ftf-incite-les-eperviers-u23-a-la-victoire-contre-la-mauritanie#breadcrumb\"},\"inLanguage\":\"fr-FR\",\"potentialAction\":[{\"@type\":\"ReadAction\",\"target\":[\"https:\/\/www.africa-press.net\/togo\/sports\/togo-la-ftf-incite-les-eperviers-u23-a-la-victoire-contre-la-mauritanie\"]}]},{\"@type\":\"ImageObject\",\"inLanguage\":\"fr-FR\",\"@id\":\"https:\/\/www.africa-press.net\/togo\/sports\/togo-la-ftf-incite-les-eperviers-u23-a-la-victoire-contre-la-mauritanie#primaryimage\",\"url\":\"https:\/\/static.africa-press.net\/togo\/sites\/58\/2022\/09\/postQueueImg_7-63334414effc4.jpg\",\"contentUrl\":\"https:\/\/static.africa-press.net\/togo\/sites\/58\/2022\/09\/postQueueImg_7-63334414effc4.jpg\",\"width\":1280,\"height\":800,\"caption\":\"Togo-La FTF incite les Eperviers U23 \u00e0 la victoire contre la Mauritanie\"},{\"@type\":\"BreadcrumbList\",\"@id\":\"https:\/\/www.africa-press.net\/togo\/sports\/togo-la-ftf-incite-les-eperviers-u23-a-la-victoire-contre-la-mauritanie#breadcrumb\",\"itemListElement\":[{\"@type\":\"ListItem\",\"position\":1,\"name\":\"Accueil\",\"item\":\"https:\/\/www.africa-press.net\/togo\/\"},{\"@type\":\"ListItem\",\"position\":2,\"name\":\"Togo-La FTF incite les Eperviers U23 \u00e0 la victoire contre la Mauritanie\"}]},{\"@type\":\"WebSite\",\"@id\":\"https:\/\/www.africa-press.net\/togo\/#website\",\"url\":\"https:\/\/www.africa-press.net\/togo\/\",\"name\":\"Togo\",\"description\":\"Just another Africa News Agency Sites site\",\"potentialAction\":[{\"@type\":\"SearchAction\",\"target\":{\"@type\":\"EntryPoint\",\"urlTemplate\":\"https:\/\/www.africa-press.net\/togo\/?s={search_term_string}\"},\"query-input\":{\"@type\":\"PropertyValueSpecification\",\"valueRequired\":true,\"valueName\":\"search_term_string\"}}],\"inLanguage\":\"fr-FR\"},{\"@type\":\"Person\",\"@id\":\"https:\/\/www.africa-press.net\/togo\/#\/schema\/person\/2b1cf3cd81a31e3cd26889ca66d677f1\",\"name\":\"cfeditorfr\"}]}<\/script>\n<!-- \/ Yoast SEO Premium plugin. -->","yoast_head_json":{"title":"Togo-La FTF incite les Eperviers U23 \u00e0 la victoire contre la Mauritanie - Togo","description":"La se\u0301lection nationale U23 a perdu la manche aller des pre\u0301liminaires de la CAN contre la Mauritanie. Elle a encore une ...","robots":{"index":"index","follow":"follow","max-snippet":"max-snippet:-1","max-image-preview":"max-image-preview:large","max-video-preview":"max-video-preview:-1"},"canonical":"https:\/\/www.africa-press.net\/togo\/sports\/togo-la-ftf-incite-les-eperviers-u23-a-la-victoire-contre-la-mauritanie","og_locale":"fr_FR","og_type":"article","og_title":"Togo-La FTF incite les Eperviers U23 \u00e0 la victoire contre la Mauritanie","og_description":"La se\u0301lection nationale U23 a perdu la manche aller des pre\u0301liminaires de la CAN contre la Mauritanie. Elle a encore une ...","og_url":"https:\/\/www.africa-press.net\/togo\/sports\/togo-la-ftf-incite-les-eperviers-u23-a-la-victoire-contre-la-mauritanie","og_site_name":"Togo","article_published_time":"2022-09-27T18:29:50+00:00","article_modified_time":"2022-09-27T18:42:53+00:00","og_image":[{"width":1280,"height":800,"url":"https:\/\/static.africa-press.net\/togo\/sites\/58\/2022\/09\/postQueueImg_7-63334414effc4.jpg","type":"image\/jpeg"}],"author":"cfeditorfr","twitter_card":"summary_large_image","twitter_misc":{"\u00c9crit par":"cfeditorfr","Dur\u00e9e de lecture estim\u00e9e":"2 minutes"},"schema":{"@context":"https:\/\/schema.org","@graph":[{"@type":"Article","@id":"https:\/\/www.africa-press.net\/togo\/sports\/togo-la-ftf-incite-les-eperviers-u23-a-la-victoire-contre-la-mauritanie#article","isPartOf":{"@id":"https:\/\/www.africa-press.net\/togo\/sports\/togo-la-ftf-incite-les-eperviers-u23-a-la-victoire-contre-la-mauritanie"},"author":{"name":"cfeditorfr","@id":"https:\/\/www.africa-press.net\/togo\/#\/schema\/person\/2b1cf3cd81a31e3cd26889ca66d677f1"},"headline":"Togo-La FTF incite les Eperviers U23 \u00e0 la victoire contre la Mauritanie","datePublished":"2022-09-27T18:29:50+00:00","dateModified":"2022-09-27T18:42:53+00:00","mainEntityOfPage":{"@id":"https:\/\/www.africa-press.net\/togo\/sports\/togo-la-ftf-incite-les-eperviers-u23-a-la-victoire-contre-la-mauritanie"},"wordCount":258,"commentCount":0,"image":{"@id":"https:\/\/www.africa-press.net\/togo\/sports\/togo-la-ftf-incite-les-eperviers-u23-a-la-victoire-contre-la-mauritanie#primaryimage"},"thumbnailUrl":"https:\/\/static.africa-press.net\/togo\/sites\/58\/2022\/09\/postQueueImg_7-63334414effc4.jpg","keywords":["Africa Press","Africa Press-Togo","Togo"],"articleSection":["Sports","Toutes les actualit\u00e9s"],"inLanguage":"fr-FR","potentialAction":[{"@type":"CommentAction","name":"Comment","target":["https:\/\/www.africa-press.net\/togo\/sports\/togo-la-ftf-incite-les-eperviers-u23-a-la-victoire-contre-la-mauritanie#respond"]}]},{"@type":"WebPage","@id":"https:\/\/www.africa-press.net\/togo\/sports\/togo-la-ftf-incite-les-eperviers-u23-a-la-victoire-contre-la-mauritanie","url":"https:\/\/www.africa-press.net\/togo\/sports\/togo-la-ftf-incite-les-eperviers-u23-a-la-victoire-contre-la-mauritanie","name":"Togo-La FTF incite les Eperviers U23 \u00e0 la victoire contre la Mauritanie - Togo","isPartOf":{"@id":"https:\/\/www.africa-press.net\/togo\/#website"},"primaryImageOfPage":{"@id":"https:\/\/www.africa-press.net\/togo\/sports\/togo-la-ftf-incite-les-eperviers-u23-a-la-victoire-contre-la-mauritanie#primaryimage"},"image":{"@id":"https:\/\/www.africa-press.net\/togo\/sports\/togo-la-ftf-incite-les-eperviers-u23-a-la-victoire-contre-la-mauritanie#primaryimage"},"thumbnailUrl":"https:\/\/static.africa-press.net\/togo\/sites\/58\/2022\/09\/postQueueImg_7-63334414effc4.jpg","datePublished":"2022-09-27T18:29:50+00:00","dateModified":"2022-09-27T18:42:53+00:00","author":{"@id":"https:\/\/www.africa-press.net\/togo\/#\/schema\/person\/2b1cf3cd81a31e3cd26889ca66d677f1"},"description":"La se\u0301lection nationale U23 a perdu la manche aller des pre\u0301liminaires de la CAN contre la Mauritanie. Elle a encore une ...","breadcrumb":{"@id":"https:\/\/www.africa-press.net\/togo\/sports\/togo-la-ftf-incite-les-eperviers-u23-a-la-victoire-contre-la-mauritanie#breadcrumb"},"inLanguage":"fr-FR","potentialAction":[{"@type":"ReadAction","target":["https:\/\/www.africa-press.net\/togo\/sports\/togo-la-ftf-incite-les-eperviers-u23-a-la-victoire-contre-la-mauritanie"]}]},{"@type":"ImageObject","inLanguage":"fr-FR","@id":"https:\/\/www.africa-press.net\/togo\/sports\/togo-la-ftf-incite-les-eperviers-u23-a-la-victoire-contre-la-mauritanie#primaryimage","url":"https:\/\/static.africa-press.net\/togo\/sites\/58\/2022\/09\/postQueueImg_7-63334414effc4.jpg","contentUrl":"https:\/\/static.africa-press.net\/togo\/sites\/58\/2022\/09\/postQueueImg_7-63334414effc4.jpg","width":1280,"height":800,"caption":"Togo-La FTF incite les Eperviers U23 \u00e0 la victoire contre la Mauritanie"},{"@type":"BreadcrumbList","@id":"https:\/\/www.africa-press.net\/togo\/sports\/togo-la-ftf-incite-les-eperviers-u23-a-la-victoire-contre-la-mauritanie#breadcrumb","itemListElement":[{"@type":"ListItem","position":1,"name":"Accueil","item":"https:\/\/www.africa-press.net\/togo\/"},{"@type":"ListItem","position":2,"name":"Togo-La FTF incite les Eperviers U23 \u00e0 la victoire contre la Mauritanie"}]},{"@type":"WebSite","@id":"https:\/\/www.africa-press.net\/togo\/#website","url":"https:\/\/www.africa-press.net\/togo\/","name":"Togo","description":"Just another Africa News Agency Sites site","potentialAction":[{"@type":"SearchAction","target":{"@type":"EntryPoint","urlTemplate":"https:\/\/www.africa-press.net\/togo\/?s={search_term_string}"},"query-input":{"@type":"PropertyValueSpecification","valueRequired":true,"valueName":"search_term_string"}}],"inLanguage":"fr-FR"},{"@type":"Person","@id":"https:\/\/www.africa-press.net\/togo\/#\/schema\/person\/2b1cf3cd81a31e3cd26889ca66d677f1","name":"cfeditorfr"}]}},"_links":{"self":[{"href":"https:\/\/www.africa-press.net\/togo\/wp-json\/wp\/v2\/posts\/11586","targetHints":{"allow":["GET"]}}],"collection":[{"href":"https:\/\/www.africa-press.net\/togo\/wp-json\/wp\/v2\/posts"}],"about":[{"href":"https:\/\/www.africa-press.net\/togo\/wp-json\/wp\/v2\/types\/post"}],"author":[{"embeddable":true,"href":"https:\/\/www.africa-press.net\/togo\/wp-json\/wp\/v2\/users\/82"}],"replies":[{"embeddable":true,"href":"https:\/\/www.africa-press.net\/togo\/wp-json\/wp\/v2\/comments?post=11586"}],"version-history":[{"count":0,"href":"https:\/\/www.africa-press.net\/togo\/wp-json\/wp\/v2\/posts\/11586\/revisions"}],"wp:featuredmedia":[{"embeddable":true,"href":"https:\/\/www.africa-press.net\/togo\/wp-json\/wp\/v2\/media\/11585"}],"wp:attachment":[{"href":"https:\/\/www.africa-press.net\/togo\/wp-json\/wp\/v2\/media?parent=11586"}],"wp:term":[{"taxonomy":"category","embeddable":true,"href":"https:\/\/www.africa-press.net\/togo\/wp-json\/wp\/v2\/categories?post=11586"},{"taxonomy":"post_tag","embeddable":true,"href":"https:\/\/www.africa-press.net\/togo\/wp-json\/wp\/v2\/tags?post=11586"}],"curies":[{"name":"wp","href":"https:\/\/api.w.org\/{rel}","templated":true}]}}