{"id":11589,"date":"2022-09-27T18:30:07","date_gmt":"2022-09-27T18:30:07","guid":{"rendered":"https:\/\/www.africa-press.net\/togo\/politique\/77-session-des-nations-unies-entre-discours-et-realites-de-limperatif-de-revoir-les-cartes-de-la-gouvernance-mondiale"},"modified":"2022-09-27T18:43:29","modified_gmt":"2022-09-27T18:43:29","slug":"77-session-des-nations-unies-entre-discours-et-realites-de-limperatif-de-revoir-les-cartes-de-la-gouvernance-mondiale","status":"publish","type":"post","link":"https:\/\/www.africa-press.net\/togo\/politique\/77-session-des-nations-unies-entre-discours-et-realites-de-limperatif-de-revoir-les-cartes-de-la-gouvernance-mondiale","title":{"rendered":"77 session des Nations-Unies : Entre discours et r\u00e9alit\u00e9s, de l\u2019imp\u00e9ratif de revoir les cartes de la gouvernance mondiale\u2026."},"content":{"rendered":"<p><span style=\"color: #ff6600\"><strong>Africa-Press &#8211; Togo. <\/strong><\/span><b>Les Nations-Unies, ce regroupement de tout ce qui est conside\u0301re\u0301 comme Etats sur notre plane\u0300te, ont ouvert leur 77e\u0300me session tout le courant de la semaine dernie\u0300re. Occasion pour chaque chef d\u2019Etat ou chaque dirigeant repre\u0301sentant son pays, de prendre la parole a\u0300 cette tribune mondiale pour rendre compte au monde entier des actions qu\u2019il me\u0300ne au plan national pour e\u0301panouir son peuple et de\u0301velopper son pays, du regard qu\u2019il porte sur l\u2019e\u0301tat actuel du monde et de proposer les solutions qui lui paraissent idoines en vue de favoriser la gouvernance mondiale, le vivre ensemble devant permettre de garantir l\u2019e\u0301volution progressive de notre humanite\u0301.<\/b><\/p>\n<p>Ces discours officiels seront ensuite suivis des travaux en commissions qui vont s\u2019allonger jusqu\u2019en fe\u0301vrier prochain. Mais a\u0300 suivre de pre\u0300s toutes les interventions et propos qui sont servis a\u0300 cette tribune, chacun des dirigeants se vante d\u2019e\u0302tre un vrai e\u0301claireur pour son peuple, un visionnaire dont l\u2019action n\u2019objecte que le meilleur devenir possible de son peuple et me\u0302me de l\u2019humanite\u0301. Aussi un pays comme la Russie affirme ses bonnes intentions et se fait applaudir, tout comme les USA, la France, le Pakistan, le Rwanda, le Congo et j\u2019en passe.<\/p>\n<p>Tous sur papier, donnent le net sentiment d\u2019e\u0302tre de bonne foi et d\u2019\u0153uvrer en tout temps et en tout lieu pour leur peuple avec, a\u0300 la limite, un esprit empathique et un regard constamment bienveillant pour l\u2019e\u0302tre humain tout court. Cela a toujours e\u0301te\u0301 ainsi depuis la cre\u0301ation en 1945 cette faitie\u0300re mondiale de re\u0301gulation de la vie de l\u2019humanite\u0301, ou\u0300, tous les ans, les dirigeants s\u2019y rendent et incantent a\u0300 cette tribune, leur volonte\u0301 de changer le monde, de le faire e\u0301voluer tout en garantissant a\u0300 l\u2019e\u0302tre humain les conditions les plus convenables possibles pour sa vie sur terre.<\/p>\n<p>Seulement voila\u0300, lorsque l\u2019on questionne la re\u0301alite\u0301 du terrain, celle-ci est toute autre. La vie du monde de ce 21e\u0300me est jonche\u0301e par plusieurs conflits, des instabilite\u0301s politiques, des agressions ici et la\u0300, des violations massives des droits humains dans presque tous les coins et recoins de cette plane\u0300te. En termes d\u2019agressions, l\u2019on peut citer les trois cas les plus re\u0301ve\u0301lateurs de ces dernie\u0300res anne\u0301es, notamment l\u2019Irak, la Libye et pre\u0301sentement l\u2019Ukraine ou\u0300 des puissances de\u0301cident, sous des pre\u0301textes fallacieuses, de s\u2019en prendre directement a\u0300 un Etat souverain et de le de\u0301manteler sous les yeux de la Communaute\u0301 Internationale qui reste apathique, sinon complice et davantage encore actrice. Ces genres d\u2019intrusions militaires violentes dans la vie inte\u0301rieure de ces Etats s\u2019accompagnent naturellement de cas de violations massives des droit humains que de\u0301crivent tre\u0300s souvent, des organisations internationales comme Amnesty, Human Right Watch et bien d\u2019autres sans que cela ne de\u0301terminent les agresseurs a\u0300 se ressaisir.<\/p>\n<p>Pendant ce temps, des clivages continuent d\u2019apparaitre de partout et sont savamment entretenus par des puissants qui tiennent a\u0300 tout prix a\u0300 dominer les autres quitte me\u0302me a\u0300 les e\u0301craser. Pour ce faire, certains Etats sont instrumentalise\u0301s pour attaquer leurs voisins, ou se rendre complices des mouvements rebelles comme c\u2019est le cas pre\u0301sentement en RDC ou\u0300 il est amplement documente\u0301 que le Rwanda de Paul Kagame\u0301 soutient fermement les rebelles du M23 qui me\u0300nent la vie dure aux populations a\u0300 l\u2019Est du Congo.<\/p>\n<p>Bien que les Nations-Unies aient pris l\u2019initiative de composer des forces militaires qui se\u0301journent en leur nom dans certains de ces pays en conflit, en vue de temporiser les bellige\u0301rances et de travailler au retour de la paix, aucun re\u0301sultat probant ne pointe vraiment a\u0300 l\u2019horizon. La Minusca en Centrafrique, la Minusma au Mali, la MINUSCO en Re\u0301publique De\u0301mocratique du Congo, n\u2019ont toujours pas re\u0301ussi le pari de stabiliser ces pays en prise avec des mouvements rebelles ou djihadistes et de re\u0301tablir la paix outil indispensable pour construire et de\u0301velopper un pays.<\/p>\n<p>Au-dela\u0300 de toutes ces re\u0301alite\u0301s, des gouvernants, notamment dans plusieurs pays en Afrique, sont de moins en moins porte\u0301s par le bien-e\u0302tre de leurs populations, ils versent plus dans les brimades, des e\u0301touffements des droits e\u0301le\u0301mentaires de ceux-ci et leur emprisonnement, au me\u0302me titre qu\u2019ils man\u0153uvrent pour re\u0301duire leurs concitoyens au silence, violant ainsi de fait, la liberte\u0301 d\u2019expression caracte\u0301ristique de l\u2019espe\u0300ce humaine.<\/p>\n<p>\u00ab La liberte\u0301 d\u2019expression et la liberte\u0301 de presse sont fortement re\u0301prime\u0301es depuis 2017. Des journalistes ont e\u0301te\u0301 battus, harcele\u0301s, soumis a\u0300 des arrestations arbitraires et a\u0300 des man\u0153uvres d\u2019intimidation par les autorite\u0301s, y compris les membres de la police, de l\u2019arme\u0301e et d\u2019autres repre\u0301sentants de l\u2019Etat dans la re\u0301gion centre-sud de la Somalie et dans le Puntland \u00bb, e\u0301crivait Amnesty International en mars 2021 a\u0300 propos des agissements inadmissibles des dirigeants somaliens sur leurs propres compatriotes, de surcroit journalistes charge\u0301s par vocation, de rendre compte au peuple de ce que vit le pays dans son ensemble. Il en a e\u0301te\u0301 aussi des journalistes Ferdinand Ayite\u0301 et du feu Joel Egah au Togo qui ont du\u0302 passer un se\u0301jour carce\u0301ral pendant plus de trois semaines en de\u0301cembre dernier, en violation flagrante par les autorite\u0301s judiciaires de notre pays, du code de la presse et de la communication. Comment serait-il possible pour un dirigeant d\u2019\u0153uvrer pour e\u0301panouir son peuple et ensuite de\u0301velopper son pays, si au me\u0302me moment, il s\u2019e\u0301rige lui-me\u0302me avec son e\u0301quipe en principal pourfendeur des fondamentaux qui permettent a\u0300 un citoyen de mener librement sa vie dans une cite\u0301? Pourtant aucun de ces dirigeants, une fois a\u0300 la tribune des Nations-Unies, ne reconnait ces genres de de\u0301rapages qui participent a\u0300 museler leurs peuples et les empe\u0302chent de contribuer, par leurs initiatives et leurs points de vue, a\u0300 la construction de l\u2019e\u0301difice national.<\/p>\n<p>Ils tentent de polir leur image avec des discours police\u0301s, qui les de\u0301douanent de tout manquement, alors que leur gouvernance elle-me\u0302me s\u2019englue dans des fle\u0301aux tre\u0300s dangereux comme la corruption, les de\u0301tournements et un laisser-aller qui sapent litte\u0301ralement la perspective de construction d\u2019une socie\u0301te\u0301 e\u0301quilibre\u0301e ou re\u0300gneraient glorieusement la justice, le droit d\u2019autrui, la paix sociale etc.<\/p>\n<p>Dans un tel contexte ou\u0300 l\u2019on note sans doute avec de\u0301sarroi, la de\u0301gradation de la vie sociale un peu partout dans le monde, le recul des valeurs humaines, le renoncement a\u0300 la culture de l\u2019orthodoxie dans la gouvernance des pays et surtout une forme intole\u0301rable de banalisation de la vie humaine par les gouvernants du monde eux-me\u0302mes, il y\u2019a su\u0302rement ne\u0301cessite\u0301 de repenser le syste\u0300me de gouvernance de l\u2019humanite\u0301 dans son ensemble.<\/p>\n<p>Tant il est vrai que la vie se caracte\u0301rise essentiellement par l\u2019e\u0301volution, et de\u0300s l\u2019instant ou\u0300 le constat s\u2019e\u0301tablit de plus en plus que, par la faute des de\u0301cideurs du monde, par leurs choix politiques non inspire\u0301s, par leur avidite\u0301 la gloire et la puissance, l\u2019humanite\u0301 a entame\u0301 une marche a\u0300 reculons du point de vue des valeurs humaines, des valeurs de\u0301mocratiques qui garantissent l\u2019e\u0301panouissement effectif de l\u2019homme, il se pose un besoin d\u2019e\u0301tablir le constat de l\u2019e\u0301chec porte\u0301 par ces meneurs d\u2019aujourd\u2019hui. L\u2019organisation des Nations-Unies, malgre\u0301 ses nobles objectifs d\u2019\u0153uvrer pour pre\u0301server la paix dans le monde, n\u2019a, de par sa composition et son me\u0301canisme actuel de fonctionnement, point les solutions approprie\u0301es aux diffe\u0301rents de\u0301fis qui se posent pre\u0301sentement a\u0300 l\u2019humanite\u0301.<\/p>\n<p>Ses meneurs d\u2019aujourd\u2019hui se doivent de re\u0301inventer une nouvelle me\u0301thode de sa gouvernance, axe\u0301e principalement sur la culture de la justice, du respect de la vie humaine, de la culture de la ve\u0301rite\u0301 et du droit d\u2019autrui, quel qu\u2019il soit. Cette politique mondiale donnant pre\u0301se\u0301ance a\u0300 la richesse mate\u0301rielle et financie\u0300re sur l\u2019e\u0302tre humain lui-me\u0302me, sur son droit a\u0300 la vie, doit prendre fin, si tant est que les de\u0301cideurs du monde tiennent a\u0300 sauver cette humanite\u0301 de sa de\u0301che\u0301ance quasi programme\u0301e. Autrement, la pre\u0301diction de l\u2019ancien pre\u0301sident ame\u0301ricain, John Kenedy selon laquelle, l\u2019humanite\u0301 doit mettre un terme a\u0300 la guerre ou\u0300 alors, c\u2019est la guerre qui mettra fin a\u0300 l\u2019humanite\u0301, risque de s\u2019ave\u0301rer.<\/p>\n<p>Luc ABAKI<\/p>\n<p><strong>Pour plus d&rsquo;informations et d&rsquo;analyses sur la <a href=\"https:\/\/www.africa-press.net\/togo\">Togo<\/a>, suivez <a href=\"https:\/\/www.africa-press.net\/\">Africa-Press<\/a><\/strong><\/p>\n","protected":false},"excerpt":{"rendered":"<p>Africa-Press &#8211; Togo. Les Nations-Unies, ce regroupement de tout ce qui est conside\u0301re\u0301 comme Etats sur notre plane\u0300te, ont ouvert leur 77e\u0300me session tout le courant de la semaine dernie\u0300re. Occasion pour chaque chef d\u2019Etat ou chaque dirigeant repre\u0301sentant son pays, de prendre la parole a\u0300 cette tribune mondiale pour rendre compte au monde entier [&hellip;]<\/p>\n","protected":false},"author":82,"featured_media":11588,"comment_status":"open","ping_status":"closed","sticky":false,"template":"","format":"standard","meta":{"footnotes":""},"categories":[2,10],"tags":[36,49,50],"class_list":["post-11589","post","type-post","status-publish","format-standard","has-post-thumbnail","hentry","category-politique","category-toutes-les-actualites","tag-africa-press","tag-africa-press-togo","tag-togo"],"yoast_head":"<!-- This site is optimized with the Yoast SEO Premium plugin v26.1 (Yoast SEO v27.0) - https:\/\/yoast.com\/product\/yoast-seo-premium-wordpress\/ -->\n<title>77 session des Nations-Unies : Entre discours et r\u00e9alit\u00e9s, de l\u2019imp\u00e9ratif de revoir les cartes de la gouvernance mondiale\u2026. - Togo<\/title>\n<meta name=\"description\" content=\"Les Nations-Unies, ce regroupement de tout ce qui est conside\u0301re\u0301 comme Etats sur notre plane\u0300te, ont ouvert leur 77e ...\" \/>\n<meta name=\"robots\" content=\"index, follow, max-snippet:-1, max-image-preview:large, max-video-preview:-1\" \/>\n<link rel=\"canonical\" href=\"https:\/\/www.africa-press.net\/togo\/politique\/77-session-des-nations-unies-entre-discours-et-realites-de-limperatif-de-revoir-les-cartes-de-la-gouvernance-mondiale\" \/>\n<meta property=\"og:locale\" content=\"fr_FR\" \/>\n<meta property=\"og:type\" content=\"article\" \/>\n<meta property=\"og:title\" content=\"77 session des Nations-Unies : Entre discours et r\u00e9alit\u00e9s, de l\u2019imp\u00e9ratif de revoir les cartes de la gouvernance mondiale\u2026.\" \/>\n<meta property=\"og:description\" content=\"Les Nations-Unies, ce regroupement de tout ce qui est conside\u0301re\u0301 comme Etats sur notre plane\u0300te, ont ouvert leur 77e ...\" \/>\n<meta property=\"og:url\" content=\"https:\/\/www.africa-press.net\/togo\/politique\/77-session-des-nations-unies-entre-discours-et-realites-de-limperatif-de-revoir-les-cartes-de-la-gouvernance-mondiale\" \/>\n<meta property=\"og:site_name\" content=\"Togo\" \/>\n<meta property=\"article:published_time\" content=\"2022-09-27T18:30:07+00:00\" \/>\n<meta property=\"article:modified_time\" content=\"2022-09-27T18:43:29+00:00\" \/>\n<meta property=\"og:image\" content=\"https:\/\/static.africa-press.net\/togo\/sites\/58\/2022\/09\/postQueueImg_8-63334434ec487.jpg\" \/>\n\t<meta property=\"og:image:width\" content=\"1280\" \/>\n\t<meta property=\"og:image:height\" content=\"802\" \/>\n\t<meta property=\"og:image:type\" content=\"image\/jpeg\" \/>\n<meta name=\"author\" content=\"cfeditorfr\" \/>\n<meta name=\"twitter:card\" content=\"summary_large_image\" \/>\n<meta name=\"twitter:label1\" content=\"\u00c9crit par\" \/>\n\t<meta name=\"twitter:data1\" content=\"cfeditorfr\" \/>\n\t<meta name=\"twitter:label2\" content=\"Dur\u00e9e de lecture estim\u00e9e\" \/>\n\t<meta name=\"twitter:data2\" content=\"7 minutes\" \/>\n<script type=\"application\/ld+json\" class=\"yoast-schema-graph\">{\"@context\":\"https:\/\/schema.org\",\"@graph\":[{\"@type\":\"Article\",\"@id\":\"https:\/\/www.africa-press.net\/togo\/politique\/77-session-des-nations-unies-entre-discours-et-realites-de-limperatif-de-revoir-les-cartes-de-la-gouvernance-mondiale#article\",\"isPartOf\":{\"@id\":\"https:\/\/www.africa-press.net\/togo\/politique\/77-session-des-nations-unies-entre-discours-et-realites-de-limperatif-de-revoir-les-cartes-de-la-gouvernance-mondiale\"},\"author\":{\"name\":\"cfeditorfr\",\"@id\":\"https:\/\/www.africa-press.net\/togo\/#\/schema\/person\/2b1cf3cd81a31e3cd26889ca66d677f1\"},\"headline\":\"77 session des Nations-Unies : Entre discours et r\u00e9alit\u00e9s, de l\u2019imp\u00e9ratif de revoir les cartes de la gouvernance mondiale\u2026.\",\"datePublished\":\"2022-09-27T18:30:07+00:00\",\"dateModified\":\"2022-09-27T18:43:29+00:00\",\"mainEntityOfPage\":{\"@id\":\"https:\/\/www.africa-press.net\/togo\/politique\/77-session-des-nations-unies-entre-discours-et-realites-de-limperatif-de-revoir-les-cartes-de-la-gouvernance-mondiale\"},\"wordCount\":1536,\"commentCount\":0,\"image\":{\"@id\":\"https:\/\/www.africa-press.net\/togo\/politique\/77-session-des-nations-unies-entre-discours-et-realites-de-limperatif-de-revoir-les-cartes-de-la-gouvernance-mondiale#primaryimage\"},\"thumbnailUrl\":\"https:\/\/static.africa-press.net\/togo\/sites\/58\/2022\/09\/postQueueImg_8-63334434ec487.jpg\",\"keywords\":[\"Africa Press\",\"Africa Press-Togo\",\"Togo\"],\"articleSection\":[\"Politique\",\"Toutes les actualit\u00e9s\"],\"inLanguage\":\"fr-FR\",\"potentialAction\":[{\"@type\":\"CommentAction\",\"name\":\"Comment\",\"target\":[\"https:\/\/www.africa-press.net\/togo\/politique\/77-session-des-nations-unies-entre-discours-et-realites-de-limperatif-de-revoir-les-cartes-de-la-gouvernance-mondiale#respond\"]}]},{\"@type\":\"WebPage\",\"@id\":\"https:\/\/www.africa-press.net\/togo\/politique\/77-session-des-nations-unies-entre-discours-et-realites-de-limperatif-de-revoir-les-cartes-de-la-gouvernance-mondiale\",\"url\":\"https:\/\/www.africa-press.net\/togo\/politique\/77-session-des-nations-unies-entre-discours-et-realites-de-limperatif-de-revoir-les-cartes-de-la-gouvernance-mondiale\",\"name\":\"77 session des Nations-Unies : Entre discours et r\u00e9alit\u00e9s, de l\u2019imp\u00e9ratif de revoir les cartes de la gouvernance mondiale\u2026. - Togo\",\"isPartOf\":{\"@id\":\"https:\/\/www.africa-press.net\/togo\/#website\"},\"primaryImageOfPage\":{\"@id\":\"https:\/\/www.africa-press.net\/togo\/politique\/77-session-des-nations-unies-entre-discours-et-realites-de-limperatif-de-revoir-les-cartes-de-la-gouvernance-mondiale#primaryimage\"},\"image\":{\"@id\":\"https:\/\/www.africa-press.net\/togo\/politique\/77-session-des-nations-unies-entre-discours-et-realites-de-limperatif-de-revoir-les-cartes-de-la-gouvernance-mondiale#primaryimage\"},\"thumbnailUrl\":\"https:\/\/static.africa-press.net\/togo\/sites\/58\/2022\/09\/postQueueImg_8-63334434ec487.jpg\",\"datePublished\":\"2022-09-27T18:30:07+00:00\",\"dateModified\":\"2022-09-27T18:43:29+00:00\",\"author\":{\"@id\":\"https:\/\/www.africa-press.net\/togo\/#\/schema\/person\/2b1cf3cd81a31e3cd26889ca66d677f1\"},\"description\":\"Les Nations-Unies, ce regroupement de tout ce qui est conside\u0301re\u0301 comme Etats sur notre plane\u0300te, ont ouvert leur 77e ...\",\"breadcrumb\":{\"@id\":\"https:\/\/www.africa-press.net\/togo\/politique\/77-session-des-nations-unies-entre-discours-et-realites-de-limperatif-de-revoir-les-cartes-de-la-gouvernance-mondiale#breadcrumb\"},\"inLanguage\":\"fr-FR\",\"potentialAction\":[{\"@type\":\"ReadAction\",\"target\":[\"https:\/\/www.africa-press.net\/togo\/politique\/77-session-des-nations-unies-entre-discours-et-realites-de-limperatif-de-revoir-les-cartes-de-la-gouvernance-mondiale\"]}]},{\"@type\":\"ImageObject\",\"inLanguage\":\"fr-FR\",\"@id\":\"https:\/\/www.africa-press.net\/togo\/politique\/77-session-des-nations-unies-entre-discours-et-realites-de-limperatif-de-revoir-les-cartes-de-la-gouvernance-mondiale#primaryimage\",\"url\":\"https:\/\/static.africa-press.net\/togo\/sites\/58\/2022\/09\/postQueueImg_8-63334434ec487.jpg\",\"contentUrl\":\"https:\/\/static.africa-press.net\/togo\/sites\/58\/2022\/09\/postQueueImg_8-63334434ec487.jpg\",\"width\":1280,\"height\":802,\"caption\":\"77 session des Nations-Unies : Entre discours et r\u00e9alit\u00e9s, de l\u2019imp\u00e9ratif de revoir les cartes de la gouvernance mondiale\u2026.\"},{\"@type\":\"BreadcrumbList\",\"@id\":\"https:\/\/www.africa-press.net\/togo\/politique\/77-session-des-nations-unies-entre-discours-et-realites-de-limperatif-de-revoir-les-cartes-de-la-gouvernance-mondiale#breadcrumb\",\"itemListElement\":[{\"@type\":\"ListItem\",\"position\":1,\"name\":\"Accueil\",\"item\":\"https:\/\/www.africa-press.net\/togo\/\"},{\"@type\":\"ListItem\",\"position\":2,\"name\":\"77 session des Nations-Unies : Entre discours et r\u00e9alit\u00e9s, de l\u2019imp\u00e9ratif de revoir les cartes de la gouvernance mondiale\u2026.\"}]},{\"@type\":\"WebSite\",\"@id\":\"https:\/\/www.africa-press.net\/togo\/#website\",\"url\":\"https:\/\/www.africa-press.net\/togo\/\",\"name\":\"Togo\",\"description\":\"Just another Africa News Agency Sites site\",\"potentialAction\":[{\"@type\":\"SearchAction\",\"target\":{\"@type\":\"EntryPoint\",\"urlTemplate\":\"https:\/\/www.africa-press.net\/togo\/?s={search_term_string}\"},\"query-input\":{\"@type\":\"PropertyValueSpecification\",\"valueRequired\":true,\"valueName\":\"search_term_string\"}}],\"inLanguage\":\"fr-FR\"},{\"@type\":\"Person\",\"@id\":\"https:\/\/www.africa-press.net\/togo\/#\/schema\/person\/2b1cf3cd81a31e3cd26889ca66d677f1\",\"name\":\"cfeditorfr\"}]}<\/script>\n<!-- \/ Yoast SEO Premium plugin. -->","yoast_head_json":{"title":"77 session des Nations-Unies : Entre discours et r\u00e9alit\u00e9s, de l\u2019imp\u00e9ratif de revoir les cartes de la gouvernance mondiale\u2026. - Togo","description":"Les Nations-Unies, ce regroupement de tout ce qui est conside\u0301re\u0301 comme Etats sur notre plane\u0300te, ont ouvert leur 77e ...","robots":{"index":"index","follow":"follow","max-snippet":"max-snippet:-1","max-image-preview":"max-image-preview:large","max-video-preview":"max-video-preview:-1"},"canonical":"https:\/\/www.africa-press.net\/togo\/politique\/77-session-des-nations-unies-entre-discours-et-realites-de-limperatif-de-revoir-les-cartes-de-la-gouvernance-mondiale","og_locale":"fr_FR","og_type":"article","og_title":"77 session des Nations-Unies : Entre discours et r\u00e9alit\u00e9s, de l\u2019imp\u00e9ratif de revoir les cartes de la gouvernance mondiale\u2026.","og_description":"Les Nations-Unies, ce regroupement de tout ce qui est conside\u0301re\u0301 comme Etats sur notre plane\u0300te, ont ouvert leur 77e ...","og_url":"https:\/\/www.africa-press.net\/togo\/politique\/77-session-des-nations-unies-entre-discours-et-realites-de-limperatif-de-revoir-les-cartes-de-la-gouvernance-mondiale","og_site_name":"Togo","article_published_time":"2022-09-27T18:30:07+00:00","article_modified_time":"2022-09-27T18:43:29+00:00","og_image":[{"width":1280,"height":802,"url":"https:\/\/static.africa-press.net\/togo\/sites\/58\/2022\/09\/postQueueImg_8-63334434ec487.jpg","type":"image\/jpeg"}],"author":"cfeditorfr","twitter_card":"summary_large_image","twitter_misc":{"\u00c9crit par":"cfeditorfr","Dur\u00e9e de lecture estim\u00e9e":"7 minutes"},"schema":{"@context":"https:\/\/schema.org","@graph":[{"@type":"Article","@id":"https:\/\/www.africa-press.net\/togo\/politique\/77-session-des-nations-unies-entre-discours-et-realites-de-limperatif-de-revoir-les-cartes-de-la-gouvernance-mondiale#article","isPartOf":{"@id":"https:\/\/www.africa-press.net\/togo\/politique\/77-session-des-nations-unies-entre-discours-et-realites-de-limperatif-de-revoir-les-cartes-de-la-gouvernance-mondiale"},"author":{"name":"cfeditorfr","@id":"https:\/\/www.africa-press.net\/togo\/#\/schema\/person\/2b1cf3cd81a31e3cd26889ca66d677f1"},"headline":"77 session des Nations-Unies : Entre discours et r\u00e9alit\u00e9s, de l\u2019imp\u00e9ratif de revoir les cartes de la gouvernance mondiale\u2026.","datePublished":"2022-09-27T18:30:07+00:00","dateModified":"2022-09-27T18:43:29+00:00","mainEntityOfPage":{"@id":"https:\/\/www.africa-press.net\/togo\/politique\/77-session-des-nations-unies-entre-discours-et-realites-de-limperatif-de-revoir-les-cartes-de-la-gouvernance-mondiale"},"wordCount":1536,"commentCount":0,"image":{"@id":"https:\/\/www.africa-press.net\/togo\/politique\/77-session-des-nations-unies-entre-discours-et-realites-de-limperatif-de-revoir-les-cartes-de-la-gouvernance-mondiale#primaryimage"},"thumbnailUrl":"https:\/\/static.africa-press.net\/togo\/sites\/58\/2022\/09\/postQueueImg_8-63334434ec487.jpg","keywords":["Africa Press","Africa Press-Togo","Togo"],"articleSection":["Politique","Toutes les actualit\u00e9s"],"inLanguage":"fr-FR","potentialAction":[{"@type":"CommentAction","name":"Comment","target":["https:\/\/www.africa-press.net\/togo\/politique\/77-session-des-nations-unies-entre-discours-et-realites-de-limperatif-de-revoir-les-cartes-de-la-gouvernance-mondiale#respond"]}]},{"@type":"WebPage","@id":"https:\/\/www.africa-press.net\/togo\/politique\/77-session-des-nations-unies-entre-discours-et-realites-de-limperatif-de-revoir-les-cartes-de-la-gouvernance-mondiale","url":"https:\/\/www.africa-press.net\/togo\/politique\/77-session-des-nations-unies-entre-discours-et-realites-de-limperatif-de-revoir-les-cartes-de-la-gouvernance-mondiale","name":"77 session des Nations-Unies : Entre discours et r\u00e9alit\u00e9s, de l\u2019imp\u00e9ratif de revoir les cartes de la gouvernance mondiale\u2026. - Togo","isPartOf":{"@id":"https:\/\/www.africa-press.net\/togo\/#website"},"primaryImageOfPage":{"@id":"https:\/\/www.africa-press.net\/togo\/politique\/77-session-des-nations-unies-entre-discours-et-realites-de-limperatif-de-revoir-les-cartes-de-la-gouvernance-mondiale#primaryimage"},"image":{"@id":"https:\/\/www.africa-press.net\/togo\/politique\/77-session-des-nations-unies-entre-discours-et-realites-de-limperatif-de-revoir-les-cartes-de-la-gouvernance-mondiale#primaryimage"},"thumbnailUrl":"https:\/\/static.africa-press.net\/togo\/sites\/58\/2022\/09\/postQueueImg_8-63334434ec487.jpg","datePublished":"2022-09-27T18:30:07+00:00","dateModified":"2022-09-27T18:43:29+00:00","author":{"@id":"https:\/\/www.africa-press.net\/togo\/#\/schema\/person\/2b1cf3cd81a31e3cd26889ca66d677f1"},"description":"Les Nations-Unies, ce regroupement de tout ce qui est conside\u0301re\u0301 comme Etats sur notre plane\u0300te, ont ouvert leur 77e ...","breadcrumb":{"@id":"https:\/\/www.africa-press.net\/togo\/politique\/77-session-des-nations-unies-entre-discours-et-realites-de-limperatif-de-revoir-les-cartes-de-la-gouvernance-mondiale#breadcrumb"},"inLanguage":"fr-FR","potentialAction":[{"@type":"ReadAction","target":["https:\/\/www.africa-press.net\/togo\/politique\/77-session-des-nations-unies-entre-discours-et-realites-de-limperatif-de-revoir-les-cartes-de-la-gouvernance-mondiale"]}]},{"@type":"ImageObject","inLanguage":"fr-FR","@id":"https:\/\/www.africa-press.net\/togo\/politique\/77-session-des-nations-unies-entre-discours-et-realites-de-limperatif-de-revoir-les-cartes-de-la-gouvernance-mondiale#primaryimage","url":"https:\/\/static.africa-press.net\/togo\/sites\/58\/2022\/09\/postQueueImg_8-63334434ec487.jpg","contentUrl":"https:\/\/static.africa-press.net\/togo\/sites\/58\/2022\/09\/postQueueImg_8-63334434ec487.jpg","width":1280,"height":802,"caption":"77 session des Nations-Unies : Entre discours et r\u00e9alit\u00e9s, de l\u2019imp\u00e9ratif de revoir les cartes de la gouvernance mondiale\u2026."},{"@type":"BreadcrumbList","@id":"https:\/\/www.africa-press.net\/togo\/politique\/77-session-des-nations-unies-entre-discours-et-realites-de-limperatif-de-revoir-les-cartes-de-la-gouvernance-mondiale#breadcrumb","itemListElement":[{"@type":"ListItem","position":1,"name":"Accueil","item":"https:\/\/www.africa-press.net\/togo\/"},{"@type":"ListItem","position":2,"name":"77 session des Nations-Unies : Entre discours et r\u00e9alit\u00e9s, de l\u2019imp\u00e9ratif de revoir les cartes de la gouvernance mondiale\u2026."}]},{"@type":"WebSite","@id":"https:\/\/www.africa-press.net\/togo\/#website","url":"https:\/\/www.africa-press.net\/togo\/","name":"Togo","description":"Just another Africa News Agency Sites site","potentialAction":[{"@type":"SearchAction","target":{"@type":"EntryPoint","urlTemplate":"https:\/\/www.africa-press.net\/togo\/?s={search_term_string}"},"query-input":{"@type":"PropertyValueSpecification","valueRequired":true,"valueName":"search_term_string"}}],"inLanguage":"fr-FR"},{"@type":"Person","@id":"https:\/\/www.africa-press.net\/togo\/#\/schema\/person\/2b1cf3cd81a31e3cd26889ca66d677f1","name":"cfeditorfr"}]}},"_links":{"self":[{"href":"https:\/\/www.africa-press.net\/togo\/wp-json\/wp\/v2\/posts\/11589","targetHints":{"allow":["GET"]}}],"collection":[{"href":"https:\/\/www.africa-press.net\/togo\/wp-json\/wp\/v2\/posts"}],"about":[{"href":"https:\/\/www.africa-press.net\/togo\/wp-json\/wp\/v2\/types\/post"}],"author":[{"embeddable":true,"href":"https:\/\/www.africa-press.net\/togo\/wp-json\/wp\/v2\/users\/82"}],"replies":[{"embeddable":true,"href":"https:\/\/www.africa-press.net\/togo\/wp-json\/wp\/v2\/comments?post=11589"}],"version-history":[{"count":0,"href":"https:\/\/www.africa-press.net\/togo\/wp-json\/wp\/v2\/posts\/11589\/revisions"}],"wp:featuredmedia":[{"embeddable":true,"href":"https:\/\/www.africa-press.net\/togo\/wp-json\/wp\/v2\/media\/11588"}],"wp:attachment":[{"href":"https:\/\/www.africa-press.net\/togo\/wp-json\/wp\/v2\/media?parent=11589"}],"wp:term":[{"taxonomy":"category","embeddable":true,"href":"https:\/\/www.africa-press.net\/togo\/wp-json\/wp\/v2\/categories?post=11589"},{"taxonomy":"post_tag","embeddable":true,"href":"https:\/\/www.africa-press.net\/togo\/wp-json\/wp\/v2\/tags?post=11589"}],"curies":[{"name":"wp","href":"https:\/\/api.w.org\/{rel}","templated":true}]}}