{"id":11601,"date":"2022-09-27T18:31:44","date_gmt":"2022-09-27T18:31:44","guid":{"rendered":"https:\/\/www.africa-press.net\/togo\/politique\/limitation-des-mandats-presidentiels-en-afrique-apres-patrice-talon-buhari-et-maiga-mettent-faure-gnassingbe-sous-pression"},"modified":"2022-09-27T18:45:36","modified_gmt":"2022-09-27T18:45:36","slug":"limitation-des-mandats-presidentiels-en-afrique-apres-patrice-talon-buhari-et-maiga-mettent-faure-gnassingbe-sous-pression","status":"publish","type":"post","link":"https:\/\/www.africa-press.net\/togo\/politique\/limitation-des-mandats-presidentiels-en-afrique-apres-patrice-talon-buhari-et-maiga-mettent-faure-gnassingbe-sous-pression","title":{"rendered":"Limitation des mandats pr\u00e9sidentiels en Afrique : Apr\u00e8s Patrice Talon, Buhari et Ma\u00efga mettent Faure Gnassingb\u00e9 sous pression"},"content":{"rendered":"<p><span style=\"color: #ff6600\"><strong>Africa-Press &#8211; Togo. <\/strong><\/span>\u00ab<b>Il convient de limiter les mandats. Quand on fait la balance des avantages et les inconve\u0301nients, l \u0301e\u0301vidence est claire, limiter les mandats a\u0300 tous e\u0301gards au profit du peuple, que de laisser les uns et autres rester e\u0301ternellement dans la fonction&#8230;J \u0301ai en tout cas l \u0301obligation de ne pas donner de lec\u0327ons. Je suis honore\u0301 de de\u0301fendre sur la terre be\u0301ninoise cette vertu qu \u0301on attend des gouvernants de ne pas se prendre pour Dieu tout puissant l \u0301e\u0301ternel.<\/b>\u00bb (Patrice Talon, en septembre 2022).<\/p>\n<p>De\u0301cide\u0301ment le Be\u0301nin aura e\u0301te\u0301 le pionnier de la de\u0301mocratie et de l \u0301alternance au pouvoir dans notre sous-re\u0301gion ouest-africaine, et particulie\u0300rement dans la zone francophone. Personne ne peut nier que ce sont nos voisins de l \u0301est qui avaient inaugure\u0301 l \u0301e\u0300re des confe\u0301rences nationales pour faire le bilan, souvent de\u0301sastreux, des dictatures militaires ou civiles qui avaient cours c\u0327a\u0300 et la\u0300 dans les anciennes colonies franc\u0327aises. Qui ne se rappelle pas que si aujourd \u0301hui les Be\u0301ninois peuvent s \u0301estimer heureux de pouvoir vivre dans un pays avec une telle relative stabilite\u0301 politique, c \u0301est gra\u0302ce a\u0300 un homme: feu Mathieu Ke\u0301re\u0301kou? En effet, comparer la de\u0301mocratie be\u0301ninoise, me\u0302me imparfaite comme toute oeuvre humaine et surtout politique dans une Afrique au stade des balbutiements de\u0301mocratiques, a\u0300 la situation politique catastrophique de notre pays le Togo, ce serait s \u0301amuser a\u0300 comparer le jour et la nuit.<\/p>\n<p>Quand en fe\u0301vrier 1990 Mathieu Ke\u0301re\u0301kou laissa faire la confe\u0301rence nationale et en accepta les de\u0301cisions pour l \u0301installation de la de\u0301mocratie qui a cours jusqu \u0301a\u0300 ce jour au Be\u0301nin, au Togo d \u0301a\u0300 co\u0302te\u0301 E\u0301yade\u0301ma Gnassingbe\u0301 s \u0301opposa de toutes ses forces a\u0300 son de\u0301part et a\u0300 l \u0301instauration d \u0301une vraie de\u0301mocratie. Tout le monde peut aujourd \u0301hui se souvenir de toutes les violations des droits de l \u0301homme faites de prises d \u0301otages, d \u0301assassinats politiques et de de\u0301parts massifs en exil. Plus de 30 ans apre\u0300s, les Togolais sont loin d \u0301e\u0302tre sortis de l \u0301ornie\u0300re et subissent encore les affres d \u0301une dictature qui s \u0301est de\u0301place\u0301e de pe\u0300re en fils avec la me\u0302me ne\u0301gation du citoyen au profit d \u0301une minorite\u0301.<\/p>\n<p>Aujourd \u0301hui encore, avec les soubresauts politiques en Afrique noire, surtout francophone, faits de tripatouillages des constitutions pour s \u0301e\u0301terniser au pouvoir par certains chefs d \u0301e\u0301tat inde\u0301licats, c \u0301est encore le Be\u0301nin qui montre la bonne voie a\u0300 travers son pre\u0301sident Patrice Talon. C \u0301e\u0301tait a\u0300 l \u0301occasion d \u0301un sommet citoyen organise\u0301 la semaine dernie\u0300re par des socie\u0301te\u0301s civiles africaines, dont \u00abLe Front Citoyen Togo-Debout\u00bb ou encore \u00abTournons la page\u00bb, sur justement la de\u0301mocratie, la bonne gouvernance, l \u0301alternance sur le continent et la limitation des mandats. Le chef de l \u0301e\u0301tat be\u0301ninois n \u0301est pas passe\u0301 par quatre chemins pour annoncer qu \u0301il respecterait la constitution de son pays en ne se repre\u0301sentant plus en 2026 a\u0300 la fin de son deuxie\u0300me mandat. Ailleurs, ou\u0300 il va de soi que le respect de la constitution d \u0301un pays n \u0301est pas discutable, et que l \u0301alternance re\u0301gulie\u0300re au sommet de l \u0301e\u0301tat est ancre\u0301e dans les habitudes, une telle de\u0301claration comme celle de Patrice Talon n \u0301aurait pas de sens. Mais nous sommes en Afrique noire francophone; ou\u0300 la vilaine habitude, qui consiste a\u0300 saper les quelques acquis de\u0301mocratiques du de\u0301but des anne\u0301es \u030190 dans beaucoup de pays, semble e\u0302tre devenue la re\u0300gle; c \u0301est pourquoi la clairvoyance d \u0301esprit, l \u0301amour et le respect pour son peuple, et surtout le courage du pre\u0301sident be\u0301ninois, dans cet environnement d \u0301hypocrisie et de solidarite\u0301 dans le mal qu \u0301est devenu le haut lieu du pouvoir politique dans les e\u0301tats africains francophones, sont a\u0300 saluer.<\/p>\n<p>\u00ab<b>J \u0301ai en tout cas l \u0301obligation de ne pas donner de lec\u0327ons.<\/b>\u00bb En prononc\u0327ant cette phrase, le chef de l \u0301e\u0301tat be\u0301ninois n \u0301avait-il pas derrie\u0300re la te\u0302te le ou les dirigeant(s) d \u0301un pays francophone d \u0301a\u0300 co\u0302te\u0301 nomme\u0301 Togo? Ne pensait-il pas, au moment de son intervention, au pre\u0301sident de fait de son voisin de l \u0301ouest, Faure Gnassingbe\u0301, qui entre malheureusement dans le sche\u0301ma pas tre\u0300s glorieux de ces gouvernants qui se prennent pour Dieu tout puissant l \u0301e\u0301ternel? En insistant sur les bienfaits de la de\u0301mocratie, de l \u0301alternance et surtout de la limitation des mandats pre\u0301sidentiels, afin que les uns et les autres ne soient pas tente\u0301s de s \u0301e\u0301terniser au pouvoir, avant de prendre son engagement pour 2026, Patrice Talon avait pris soin de pre\u0301ciser qu \u0301il n \u0301avait pas l \u0301intention de donner des lec\u0327ons a\u0300 qui que ce soit. Mais justement, en agissant ainsi, n \u0301e\u0301tait-il pas entrain de donner des lec\u0327ons de morale politique et de bonne gouvernance a\u0300 tous ces pre\u0301sidents de l \u0301espace francophone surtout a\u0300 Faure Gnassingbe\u0301 qui use de tous les subterfuges possibles pour ne jamais quitter le pouvoir?<\/p>\n<p>En dehors de Patrice Talon dont l \u0301engagement de respecter la constitution de son pays et de se retirer a\u0300 la fin de son deuxie\u0300me mandat en 2026 met fortement le pre\u0301sident de fait du Togo sous pression, le chef de l \u0301e\u0301tat nigerian Muhammadu Buhari et le premier ministre par inte\u0301rim de la transition malienne Abdoulaye Mai\u0308ga n \u0301y sont pas alle\u0301s de main morte a\u0300 la tribune des Nations Unies la semaine dernie\u0300re pour enfoncer le clou en fustigeant les pre\u0301sidents africains qui se moquent de leurs peuples en cherchant a\u0300 s \u0301e\u0301terniser au pouvoir. Faure Gnassingbe\u0301, de\u0301sormais pris entre le marteau des pressions venant de Cotonou et de New-York et l \u0301enclume des revendications politiques de son peuple, pourrait-il continuer a\u0300 faire comme si de rien n \u0301e\u0301tait?<\/p>\n<p>D \u0301aucuns diraient que Patrice Talon, Muhammadu Buhari et Abdoulaye Mai\u0308ga viennent de de\u0301fricher le terrain pour l \u0301opposition togolaise; une opposition aujourd \u0301hui en vrac, qui ne brille que par des querelles intestines et la haine personnelle entre beaucoup de ses leaders. Seule une union solide de la vraie opposition togolaise pourrait faire en sorte que la peur puisse changer de camp, et que le proble\u0300me des prisonniers et des re\u0301fugie\u0301s politiques soit re\u0301solu. Le re\u0301gime togolais, affaibli par les scandales et les crimes de toutes sortes, n \u0301est qu \u0301un ge\u0301ant aux pieds d \u0301argile qui n \u0301est fort que par la faiblesse et l \u0301inorganisation de l \u0301opposition. Nos opposants le comprendront-ils enfin pour s \u0301unir, s \u0301organiser et organiser le peuple qui n \u0301attend que c\u0327a pour donner le coup de gra\u0302ce a\u0300 Faure Gnassingbe\u0301 et a\u0300 son re\u0301gime?<\/p>\n<p><b>Samari Tchadjobo<\/b><br \/>\n<b>Allemagne<\/b><\/p>\n<p><strong>Pour plus d&rsquo;informations et d&rsquo;analyses sur la <a href=\"https:\/\/www.africa-press.net\/togo\">Togo<\/a>, suivez <a href=\"https:\/\/www.africa-press.net\/\">Africa-Press<\/a><\/strong><\/p>\n","protected":false},"excerpt":{"rendered":"<p>Africa-Press &#8211; Togo. \u00abIl convient de limiter les mandats. Quand on fait la balance des avantages et les inconve\u0301nients, l \u0301e\u0301vidence est claire, limiter les mandats a\u0300 tous e\u0301gards au profit du peuple, que de laisser les uns et autres rester e\u0301ternellement dans la fonction&#8230;J \u0301ai en tout cas l \u0301obligation de ne pas donner [&hellip;]<\/p>\n","protected":false},"author":82,"featured_media":11600,"comment_status":"open","ping_status":"closed","sticky":false,"template":"","format":"standard","meta":{"footnotes":""},"categories":[2,10],"tags":[36,49,50],"class_list":["post-11601","post","type-post","status-publish","format-standard","has-post-thumbnail","hentry","category-politique","category-toutes-les-actualites","tag-africa-press","tag-africa-press-togo","tag-togo"],"yoast_head":"<!-- This site is optimized with the Yoast SEO Premium plugin v26.1 (Yoast SEO v27.0) - https:\/\/yoast.com\/product\/yoast-seo-premium-wordpress\/ -->\n<title>Limitation des mandats pr\u00e9sidentiels en Afrique : Apr\u00e8s Patrice Talon, Buhari et Ma\u00efga mettent Faure Gnassingb\u00e9 sous pression - Togo<\/title>\n<meta name=\"description\" content=\"\u00abIl convient de limiter les mandats. Quand on fait la balance des avantages et les inconve\u0301nients, l \u0301e\u0301vidence est c ...\" \/>\n<meta name=\"robots\" content=\"index, follow, max-snippet:-1, max-image-preview:large, max-video-preview:-1\" \/>\n<link rel=\"canonical\" href=\"https:\/\/www.africa-press.net\/togo\/politique\/limitation-des-mandats-presidentiels-en-afrique-apres-patrice-talon-buhari-et-maiga-mettent-faure-gnassingbe-sous-pression\" \/>\n<meta property=\"og:locale\" content=\"fr_FR\" \/>\n<meta property=\"og:type\" content=\"article\" \/>\n<meta property=\"og:title\" content=\"Limitation des mandats pr\u00e9sidentiels en Afrique : Apr\u00e8s Patrice Talon, Buhari et Ma\u00efga mettent Faure Gnassingb\u00e9 sous pression\" \/>\n<meta property=\"og:description\" content=\"\u00abIl convient de limiter les mandats. Quand on fait la balance des avantages et les inconve\u0301nients, l \u0301e\u0301vidence est c ...\" \/>\n<meta property=\"og:url\" content=\"https:\/\/www.africa-press.net\/togo\/politique\/limitation-des-mandats-presidentiels-en-afrique-apres-patrice-talon-buhari-et-maiga-mettent-faure-gnassingbe-sous-pression\" \/>\n<meta property=\"og:site_name\" content=\"Togo\" \/>\n<meta property=\"article:published_time\" content=\"2022-09-27T18:31:44+00:00\" \/>\n<meta property=\"article:modified_time\" content=\"2022-09-27T18:45:36+00:00\" \/>\n<meta property=\"og:image\" content=\"https:\/\/static.africa-press.net\/togo\/sites\/58\/2022\/09\/postQueueImg_12-633344b93d4f0.jpg\" \/>\n\t<meta property=\"og:image:width\" content=\"1280\" \/>\n\t<meta property=\"og:image:height\" content=\"800\" \/>\n\t<meta property=\"og:image:type\" content=\"image\/jpeg\" \/>\n<meta name=\"author\" content=\"cfeditorfr\" \/>\n<meta name=\"twitter:card\" content=\"summary_large_image\" \/>\n<meta name=\"twitter:label1\" content=\"\u00c9crit par\" \/>\n\t<meta name=\"twitter:data1\" content=\"cfeditorfr\" \/>\n\t<meta name=\"twitter:label2\" content=\"Dur\u00e9e de lecture estim\u00e9e\" \/>\n\t<meta name=\"twitter:data2\" content=\"6 minutes\" \/>\n<script type=\"application\/ld+json\" class=\"yoast-schema-graph\">{\"@context\":\"https:\/\/schema.org\",\"@graph\":[{\"@type\":\"Article\",\"@id\":\"https:\/\/www.africa-press.net\/togo\/politique\/limitation-des-mandats-presidentiels-en-afrique-apres-patrice-talon-buhari-et-maiga-mettent-faure-gnassingbe-sous-pression#article\",\"isPartOf\":{\"@id\":\"https:\/\/www.africa-press.net\/togo\/politique\/limitation-des-mandats-presidentiels-en-afrique-apres-patrice-talon-buhari-et-maiga-mettent-faure-gnassingbe-sous-pression\"},\"author\":{\"name\":\"cfeditorfr\",\"@id\":\"https:\/\/www.africa-press.net\/togo\/#\/schema\/person\/2b1cf3cd81a31e3cd26889ca66d677f1\"},\"headline\":\"Limitation des mandats pr\u00e9sidentiels en Afrique : Apr\u00e8s Patrice Talon, Buhari et Ma\u00efga mettent Faure Gnassingb\u00e9 sous pression\",\"datePublished\":\"2022-09-27T18:31:44+00:00\",\"dateModified\":\"2022-09-27T18:45:36+00:00\",\"mainEntityOfPage\":{\"@id\":\"https:\/\/www.africa-press.net\/togo\/politique\/limitation-des-mandats-presidentiels-en-afrique-apres-patrice-talon-buhari-et-maiga-mettent-faure-gnassingbe-sous-pression\"},\"wordCount\":1236,\"commentCount\":0,\"image\":{\"@id\":\"https:\/\/www.africa-press.net\/togo\/politique\/limitation-des-mandats-presidentiels-en-afrique-apres-patrice-talon-buhari-et-maiga-mettent-faure-gnassingbe-sous-pression#primaryimage\"},\"thumbnailUrl\":\"https:\/\/static.africa-press.net\/togo\/sites\/58\/2022\/09\/postQueueImg_12-633344b93d4f0.jpg\",\"keywords\":[\"Africa Press\",\"Africa Press-Togo\",\"Togo\"],\"articleSection\":[\"Politique\",\"Toutes les actualit\u00e9s\"],\"inLanguage\":\"fr-FR\",\"potentialAction\":[{\"@type\":\"CommentAction\",\"name\":\"Comment\",\"target\":[\"https:\/\/www.africa-press.net\/togo\/politique\/limitation-des-mandats-presidentiels-en-afrique-apres-patrice-talon-buhari-et-maiga-mettent-faure-gnassingbe-sous-pression#respond\"]}]},{\"@type\":\"WebPage\",\"@id\":\"https:\/\/www.africa-press.net\/togo\/politique\/limitation-des-mandats-presidentiels-en-afrique-apres-patrice-talon-buhari-et-maiga-mettent-faure-gnassingbe-sous-pression\",\"url\":\"https:\/\/www.africa-press.net\/togo\/politique\/limitation-des-mandats-presidentiels-en-afrique-apres-patrice-talon-buhari-et-maiga-mettent-faure-gnassingbe-sous-pression\",\"name\":\"Limitation des mandats pr\u00e9sidentiels en Afrique : Apr\u00e8s Patrice Talon, Buhari et Ma\u00efga mettent Faure Gnassingb\u00e9 sous pression - Togo\",\"isPartOf\":{\"@id\":\"https:\/\/www.africa-press.net\/togo\/#website\"},\"primaryImageOfPage\":{\"@id\":\"https:\/\/www.africa-press.net\/togo\/politique\/limitation-des-mandats-presidentiels-en-afrique-apres-patrice-talon-buhari-et-maiga-mettent-faure-gnassingbe-sous-pression#primaryimage\"},\"image\":{\"@id\":\"https:\/\/www.africa-press.net\/togo\/politique\/limitation-des-mandats-presidentiels-en-afrique-apres-patrice-talon-buhari-et-maiga-mettent-faure-gnassingbe-sous-pression#primaryimage\"},\"thumbnailUrl\":\"https:\/\/static.africa-press.net\/togo\/sites\/58\/2022\/09\/postQueueImg_12-633344b93d4f0.jpg\",\"datePublished\":\"2022-09-27T18:31:44+00:00\",\"dateModified\":\"2022-09-27T18:45:36+00:00\",\"author\":{\"@id\":\"https:\/\/www.africa-press.net\/togo\/#\/schema\/person\/2b1cf3cd81a31e3cd26889ca66d677f1\"},\"description\":\"\u00abIl convient de limiter les mandats. Quand on fait la balance des avantages et les inconve\u0301nients, l \u0301e\u0301vidence est c ...\",\"breadcrumb\":{\"@id\":\"https:\/\/www.africa-press.net\/togo\/politique\/limitation-des-mandats-presidentiels-en-afrique-apres-patrice-talon-buhari-et-maiga-mettent-faure-gnassingbe-sous-pression#breadcrumb\"},\"inLanguage\":\"fr-FR\",\"potentialAction\":[{\"@type\":\"ReadAction\",\"target\":[\"https:\/\/www.africa-press.net\/togo\/politique\/limitation-des-mandats-presidentiels-en-afrique-apres-patrice-talon-buhari-et-maiga-mettent-faure-gnassingbe-sous-pression\"]}]},{\"@type\":\"ImageObject\",\"inLanguage\":\"fr-FR\",\"@id\":\"https:\/\/www.africa-press.net\/togo\/politique\/limitation-des-mandats-presidentiels-en-afrique-apres-patrice-talon-buhari-et-maiga-mettent-faure-gnassingbe-sous-pression#primaryimage\",\"url\":\"https:\/\/static.africa-press.net\/togo\/sites\/58\/2022\/09\/postQueueImg_12-633344b93d4f0.jpg\",\"contentUrl\":\"https:\/\/static.africa-press.net\/togo\/sites\/58\/2022\/09\/postQueueImg_12-633344b93d4f0.jpg\",\"width\":1280,\"height\":800,\"caption\":\"Limitation des mandats pr\u00e9sidentiels en Afrique : Apr\u00e8s Patrice Talon, Buhari et Ma\u00efga mettent Faure Gnassingb\u00e9 sous pression\"},{\"@type\":\"BreadcrumbList\",\"@id\":\"https:\/\/www.africa-press.net\/togo\/politique\/limitation-des-mandats-presidentiels-en-afrique-apres-patrice-talon-buhari-et-maiga-mettent-faure-gnassingbe-sous-pression#breadcrumb\",\"itemListElement\":[{\"@type\":\"ListItem\",\"position\":1,\"name\":\"Accueil\",\"item\":\"https:\/\/www.africa-press.net\/togo\/\"},{\"@type\":\"ListItem\",\"position\":2,\"name\":\"Limitation des mandats pr\u00e9sidentiels en Afrique : Apr\u00e8s Patrice Talon, Buhari et Ma\u00efga mettent Faure Gnassingb\u00e9 sous pression\"}]},{\"@type\":\"WebSite\",\"@id\":\"https:\/\/www.africa-press.net\/togo\/#website\",\"url\":\"https:\/\/www.africa-press.net\/togo\/\",\"name\":\"Togo\",\"description\":\"Just another Africa News Agency Sites site\",\"potentialAction\":[{\"@type\":\"SearchAction\",\"target\":{\"@type\":\"EntryPoint\",\"urlTemplate\":\"https:\/\/www.africa-press.net\/togo\/?s={search_term_string}\"},\"query-input\":{\"@type\":\"PropertyValueSpecification\",\"valueRequired\":true,\"valueName\":\"search_term_string\"}}],\"inLanguage\":\"fr-FR\"},{\"@type\":\"Person\",\"@id\":\"https:\/\/www.africa-press.net\/togo\/#\/schema\/person\/2b1cf3cd81a31e3cd26889ca66d677f1\",\"name\":\"cfeditorfr\"}]}<\/script>\n<!-- \/ Yoast SEO Premium plugin. -->","yoast_head_json":{"title":"Limitation des mandats pr\u00e9sidentiels en Afrique : Apr\u00e8s Patrice Talon, Buhari et Ma\u00efga mettent Faure Gnassingb\u00e9 sous pression - Togo","description":"\u00abIl convient de limiter les mandats. Quand on fait la balance des avantages et les inconve\u0301nients, l \u0301e\u0301vidence est c ...","robots":{"index":"index","follow":"follow","max-snippet":"max-snippet:-1","max-image-preview":"max-image-preview:large","max-video-preview":"max-video-preview:-1"},"canonical":"https:\/\/www.africa-press.net\/togo\/politique\/limitation-des-mandats-presidentiels-en-afrique-apres-patrice-talon-buhari-et-maiga-mettent-faure-gnassingbe-sous-pression","og_locale":"fr_FR","og_type":"article","og_title":"Limitation des mandats pr\u00e9sidentiels en Afrique : Apr\u00e8s Patrice Talon, Buhari et Ma\u00efga mettent Faure Gnassingb\u00e9 sous pression","og_description":"\u00abIl convient de limiter les mandats. Quand on fait la balance des avantages et les inconve\u0301nients, l \u0301e\u0301vidence est c ...","og_url":"https:\/\/www.africa-press.net\/togo\/politique\/limitation-des-mandats-presidentiels-en-afrique-apres-patrice-talon-buhari-et-maiga-mettent-faure-gnassingbe-sous-pression","og_site_name":"Togo","article_published_time":"2022-09-27T18:31:44+00:00","article_modified_time":"2022-09-27T18:45:36+00:00","og_image":[{"width":1280,"height":800,"url":"https:\/\/static.africa-press.net\/togo\/sites\/58\/2022\/09\/postQueueImg_12-633344b93d4f0.jpg","type":"image\/jpeg"}],"author":"cfeditorfr","twitter_card":"summary_large_image","twitter_misc":{"\u00c9crit par":"cfeditorfr","Dur\u00e9e de lecture estim\u00e9e":"6 minutes"},"schema":{"@context":"https:\/\/schema.org","@graph":[{"@type":"Article","@id":"https:\/\/www.africa-press.net\/togo\/politique\/limitation-des-mandats-presidentiels-en-afrique-apres-patrice-talon-buhari-et-maiga-mettent-faure-gnassingbe-sous-pression#article","isPartOf":{"@id":"https:\/\/www.africa-press.net\/togo\/politique\/limitation-des-mandats-presidentiels-en-afrique-apres-patrice-talon-buhari-et-maiga-mettent-faure-gnassingbe-sous-pression"},"author":{"name":"cfeditorfr","@id":"https:\/\/www.africa-press.net\/togo\/#\/schema\/person\/2b1cf3cd81a31e3cd26889ca66d677f1"},"headline":"Limitation des mandats pr\u00e9sidentiels en Afrique : Apr\u00e8s Patrice Talon, Buhari et Ma\u00efga mettent Faure Gnassingb\u00e9 sous pression","datePublished":"2022-09-27T18:31:44+00:00","dateModified":"2022-09-27T18:45:36+00:00","mainEntityOfPage":{"@id":"https:\/\/www.africa-press.net\/togo\/politique\/limitation-des-mandats-presidentiels-en-afrique-apres-patrice-talon-buhari-et-maiga-mettent-faure-gnassingbe-sous-pression"},"wordCount":1236,"commentCount":0,"image":{"@id":"https:\/\/www.africa-press.net\/togo\/politique\/limitation-des-mandats-presidentiels-en-afrique-apres-patrice-talon-buhari-et-maiga-mettent-faure-gnassingbe-sous-pression#primaryimage"},"thumbnailUrl":"https:\/\/static.africa-press.net\/togo\/sites\/58\/2022\/09\/postQueueImg_12-633344b93d4f0.jpg","keywords":["Africa Press","Africa Press-Togo","Togo"],"articleSection":["Politique","Toutes les actualit\u00e9s"],"inLanguage":"fr-FR","potentialAction":[{"@type":"CommentAction","name":"Comment","target":["https:\/\/www.africa-press.net\/togo\/politique\/limitation-des-mandats-presidentiels-en-afrique-apres-patrice-talon-buhari-et-maiga-mettent-faure-gnassingbe-sous-pression#respond"]}]},{"@type":"WebPage","@id":"https:\/\/www.africa-press.net\/togo\/politique\/limitation-des-mandats-presidentiels-en-afrique-apres-patrice-talon-buhari-et-maiga-mettent-faure-gnassingbe-sous-pression","url":"https:\/\/www.africa-press.net\/togo\/politique\/limitation-des-mandats-presidentiels-en-afrique-apres-patrice-talon-buhari-et-maiga-mettent-faure-gnassingbe-sous-pression","name":"Limitation des mandats pr\u00e9sidentiels en Afrique : Apr\u00e8s Patrice Talon, Buhari et Ma\u00efga mettent Faure Gnassingb\u00e9 sous pression - Togo","isPartOf":{"@id":"https:\/\/www.africa-press.net\/togo\/#website"},"primaryImageOfPage":{"@id":"https:\/\/www.africa-press.net\/togo\/politique\/limitation-des-mandats-presidentiels-en-afrique-apres-patrice-talon-buhari-et-maiga-mettent-faure-gnassingbe-sous-pression#primaryimage"},"image":{"@id":"https:\/\/www.africa-press.net\/togo\/politique\/limitation-des-mandats-presidentiels-en-afrique-apres-patrice-talon-buhari-et-maiga-mettent-faure-gnassingbe-sous-pression#primaryimage"},"thumbnailUrl":"https:\/\/static.africa-press.net\/togo\/sites\/58\/2022\/09\/postQueueImg_12-633344b93d4f0.jpg","datePublished":"2022-09-27T18:31:44+00:00","dateModified":"2022-09-27T18:45:36+00:00","author":{"@id":"https:\/\/www.africa-press.net\/togo\/#\/schema\/person\/2b1cf3cd81a31e3cd26889ca66d677f1"},"description":"\u00abIl convient de limiter les mandats. Quand on fait la balance des avantages et les inconve\u0301nients, l \u0301e\u0301vidence est c ...","breadcrumb":{"@id":"https:\/\/www.africa-press.net\/togo\/politique\/limitation-des-mandats-presidentiels-en-afrique-apres-patrice-talon-buhari-et-maiga-mettent-faure-gnassingbe-sous-pression#breadcrumb"},"inLanguage":"fr-FR","potentialAction":[{"@type":"ReadAction","target":["https:\/\/www.africa-press.net\/togo\/politique\/limitation-des-mandats-presidentiels-en-afrique-apres-patrice-talon-buhari-et-maiga-mettent-faure-gnassingbe-sous-pression"]}]},{"@type":"ImageObject","inLanguage":"fr-FR","@id":"https:\/\/www.africa-press.net\/togo\/politique\/limitation-des-mandats-presidentiels-en-afrique-apres-patrice-talon-buhari-et-maiga-mettent-faure-gnassingbe-sous-pression#primaryimage","url":"https:\/\/static.africa-press.net\/togo\/sites\/58\/2022\/09\/postQueueImg_12-633344b93d4f0.jpg","contentUrl":"https:\/\/static.africa-press.net\/togo\/sites\/58\/2022\/09\/postQueueImg_12-633344b93d4f0.jpg","width":1280,"height":800,"caption":"Limitation des mandats pr\u00e9sidentiels en Afrique : Apr\u00e8s Patrice Talon, Buhari et Ma\u00efga mettent Faure Gnassingb\u00e9 sous pression"},{"@type":"BreadcrumbList","@id":"https:\/\/www.africa-press.net\/togo\/politique\/limitation-des-mandats-presidentiels-en-afrique-apres-patrice-talon-buhari-et-maiga-mettent-faure-gnassingbe-sous-pression#breadcrumb","itemListElement":[{"@type":"ListItem","position":1,"name":"Accueil","item":"https:\/\/www.africa-press.net\/togo\/"},{"@type":"ListItem","position":2,"name":"Limitation des mandats pr\u00e9sidentiels en Afrique : Apr\u00e8s Patrice Talon, Buhari et Ma\u00efga mettent Faure Gnassingb\u00e9 sous pression"}]},{"@type":"WebSite","@id":"https:\/\/www.africa-press.net\/togo\/#website","url":"https:\/\/www.africa-press.net\/togo\/","name":"Togo","description":"Just another Africa News Agency Sites site","potentialAction":[{"@type":"SearchAction","target":{"@type":"EntryPoint","urlTemplate":"https:\/\/www.africa-press.net\/togo\/?s={search_term_string}"},"query-input":{"@type":"PropertyValueSpecification","valueRequired":true,"valueName":"search_term_string"}}],"inLanguage":"fr-FR"},{"@type":"Person","@id":"https:\/\/www.africa-press.net\/togo\/#\/schema\/person\/2b1cf3cd81a31e3cd26889ca66d677f1","name":"cfeditorfr"}]}},"_links":{"self":[{"href":"https:\/\/www.africa-press.net\/togo\/wp-json\/wp\/v2\/posts\/11601","targetHints":{"allow":["GET"]}}],"collection":[{"href":"https:\/\/www.africa-press.net\/togo\/wp-json\/wp\/v2\/posts"}],"about":[{"href":"https:\/\/www.africa-press.net\/togo\/wp-json\/wp\/v2\/types\/post"}],"author":[{"embeddable":true,"href":"https:\/\/www.africa-press.net\/togo\/wp-json\/wp\/v2\/users\/82"}],"replies":[{"embeddable":true,"href":"https:\/\/www.africa-press.net\/togo\/wp-json\/wp\/v2\/comments?post=11601"}],"version-history":[{"count":0,"href":"https:\/\/www.africa-press.net\/togo\/wp-json\/wp\/v2\/posts\/11601\/revisions"}],"wp:featuredmedia":[{"embeddable":true,"href":"https:\/\/www.africa-press.net\/togo\/wp-json\/wp\/v2\/media\/11600"}],"wp:attachment":[{"href":"https:\/\/www.africa-press.net\/togo\/wp-json\/wp\/v2\/media?parent=11601"}],"wp:term":[{"taxonomy":"category","embeddable":true,"href":"https:\/\/www.africa-press.net\/togo\/wp-json\/wp\/v2\/categories?post=11601"},{"taxonomy":"post_tag","embeddable":true,"href":"https:\/\/www.africa-press.net\/togo\/wp-json\/wp\/v2\/tags?post=11601"}],"curies":[{"name":"wp","href":"https:\/\/api.w.org\/{rel}","templated":true}]}}