{"id":11604,"date":"2022-09-27T18:31:55","date_gmt":"2022-09-27T18:31:55","guid":{"rendered":"https:\/\/www.africa-press.net\/togo\/politique\/journees-fifa-togo-vs-guinee-equatoriale-wassiou-ouro-gneni-forfait"},"modified":"2022-09-27T18:46:08","modified_gmt":"2022-09-27T18:46:08","slug":"journees-fifa-togo-vs-guinee-equatoriale-wassiou-ouro-gneni-forfait","status":"publish","type":"post","link":"https:\/\/www.africa-press.net\/togo\/sports\/journees-fifa-togo-vs-guinee-equatoriale-wassiou-ouro-gneni-forfait","title":{"rendered":"Journ\u00e9es FIFA-Togo vs Guin\u00e9e \u00c9quatoriale : Wassiou Ouro-Gneni forfait"},"content":{"rendered":"<p><span style=\"color: #ff6600\"><strong>Africa-Press &#8211; Togo. <\/strong><\/span><b>Aligne\u0301 dans le but des E\u0301perviers lors du match amical samedi contre la Co\u0302te d\u2019Ivoire, le gardien de l\u2019ASCK, Wassiou Ouro-Gneni, bien que pre\u0301sent au Maroc, ne sera pas de la partie ce mardi contre la Guine\u0301e E\u0301quatoriale.<\/b><\/p>\n<p>En effet, les E\u0301perviers se\u0301journent depuis dimanche au Maroc. Ils ont effectue\u0301 lundi au stade Laarbi Zaouli de Casablanca l\u2019unique se\u0301ance pre\u0301vu pour le second match.<\/p>\n<p>&gt;, a indique\u0301 la Fe\u0301de\u0301ration togolaise de football (FTF).<\/p>\n<p>Le match Togo vs Guine\u0301e E\u0301quatoriale, c\u2019est 14H GMT cet apre\u0300s-midi au stade Laarbi Zaouli en terre marocaine.<\/p>\n<p><strong>Pour plus d&rsquo;informations et d&rsquo;analyses sur la <a href=\"https:\/\/www.africa-press.net\/togo\">Togo<\/a>, suivez <a href=\"https:\/\/www.africa-press.net\/\">Africa-Press<\/a><\/strong><\/p>\n","protected":false},"excerpt":{"rendered":"<p>Africa-Press &#8211; Togo. Aligne\u0301 dans le but des E\u0301perviers lors du match amical samedi contre la Co\u0302te d\u2019Ivoire, le gardien de l\u2019ASCK, Wassiou Ouro-Gneni, bien que pre\u0301sent au Maroc, ne sera pas de la partie ce mardi contre la Guine\u0301e E\u0301quatoriale. En effet, les E\u0301perviers se\u0301journent depuis dimanche au Maroc. Ils ont effectue\u0301 lundi au [&hellip;]<\/p>\n","protected":false},"author":82,"featured_media":11603,"comment_status":"open","ping_status":"closed","sticky":false,"template":"","format":"standard","meta":{"footnotes":""},"categories":[6,10],"tags":[36,49,50],"class_list":["post-11604","post","type-post","status-publish","format-standard","has-post-thumbnail","hentry","category-sports","category-toutes-les-actualites","tag-africa-press","tag-africa-press-togo","tag-togo"],"yoast_head":"<!-- This site is optimized with the Yoast SEO Premium plugin v26.1 (Yoast SEO v27.0) - https:\/\/yoast.com\/product\/yoast-seo-premium-wordpress\/ -->\n<title>Journ\u00e9es FIFA-Togo vs Guin\u00e9e \u00c9quatoriale : Wassiou Ouro-Gneni forfait - Togo<\/title>\n<meta name=\"description\" content=\"Aligne\u0301 dans le but des E\u0301perviers lors du match amical samedi contre la Co\u0302te d\u2019Ivoire, le gardien de l\u2019ASCK, Wassio ...\" \/>\n<meta name=\"robots\" content=\"index, follow, max-snippet:-1, max-image-preview:large, max-video-preview:-1\" \/>\n<link rel=\"canonical\" href=\"https:\/\/www.africa-press.net\/togo\/sports\/journees-fifa-togo-vs-guinee-equatoriale-wassiou-ouro-gneni-forfait\" \/>\n<meta property=\"og:locale\" content=\"fr_FR\" \/>\n<meta property=\"og:type\" content=\"article\" \/>\n<meta property=\"og:title\" content=\"Journ\u00e9es FIFA-Togo vs Guin\u00e9e \u00c9quatoriale : Wassiou Ouro-Gneni forfait\" \/>\n<meta property=\"og:description\" content=\"Aligne\u0301 dans le but des E\u0301perviers lors du match amical samedi contre la Co\u0302te d\u2019Ivoire, le gardien de l\u2019ASCK, Wassio ...\" \/>\n<meta property=\"og:url\" content=\"https:\/\/www.africa-press.net\/togo\/sports\/journees-fifa-togo-vs-guinee-equatoriale-wassiou-ouro-gneni-forfait\" \/>\n<meta property=\"og:site_name\" content=\"Togo\" \/>\n<meta property=\"article:published_time\" content=\"2022-09-27T18:31:55+00:00\" \/>\n<meta property=\"article:modified_time\" content=\"2022-09-27T18:46:08+00:00\" \/>\n<meta property=\"og:image\" content=\"https:\/\/static.africa-press.net\/togo\/sites\/58\/2022\/09\/postQueueImg_13-633344d6082b9.jpg\" \/>\n\t<meta property=\"og:image:width\" content=\"1280\" \/>\n\t<meta property=\"og:image:height\" content=\"720\" \/>\n\t<meta property=\"og:image:type\" content=\"image\/jpeg\" \/>\n<meta name=\"author\" content=\"cfeditorfr\" \/>\n<meta name=\"twitter:card\" content=\"summary_large_image\" \/>\n<meta name=\"twitter:label1\" content=\"\u00c9crit par\" \/>\n\t<meta name=\"twitter:data1\" content=\"cfeditorfr\" \/>\n\t<meta name=\"twitter:label2\" content=\"Dur\u00e9e de lecture estim\u00e9e\" \/>\n\t<meta name=\"twitter:data2\" content=\"1 minute\" \/>\n<script type=\"application\/ld+json\" class=\"yoast-schema-graph\">{\"@context\":\"https:\/\/schema.org\",\"@graph\":[{\"@type\":\"Article\",\"@id\":\"https:\/\/www.africa-press.net\/togo\/sports\/journees-fifa-togo-vs-guinee-equatoriale-wassiou-ouro-gneni-forfait#article\",\"isPartOf\":{\"@id\":\"https:\/\/www.africa-press.net\/togo\/sports\/journees-fifa-togo-vs-guinee-equatoriale-wassiou-ouro-gneni-forfait\"},\"author\":{\"name\":\"cfeditorfr\",\"@id\":\"https:\/\/www.africa-press.net\/togo\/#\/schema\/person\/2b1cf3cd81a31e3cd26889ca66d677f1\"},\"headline\":\"Journ\u00e9es FIFA-Togo vs Guin\u00e9e \u00c9quatoriale : Wassiou Ouro-Gneni forfait\",\"datePublished\":\"2022-09-27T18:31:55+00:00\",\"dateModified\":\"2022-09-27T18:46:08+00:00\",\"mainEntityOfPage\":{\"@id\":\"https:\/\/www.africa-press.net\/togo\/sports\/journees-fifa-togo-vs-guinee-equatoriale-wassiou-ouro-gneni-forfait\"},\"wordCount\":134,\"commentCount\":0,\"image\":{\"@id\":\"https:\/\/www.africa-press.net\/togo\/sports\/journees-fifa-togo-vs-guinee-equatoriale-wassiou-ouro-gneni-forfait#primaryimage\"},\"thumbnailUrl\":\"https:\/\/static.africa-press.net\/togo\/sites\/58\/2022\/09\/postQueueImg_13-633344d6082b9.jpg\",\"keywords\":[\"Africa Press\",\"Africa Press-Togo\",\"Togo\"],\"articleSection\":[\"Sports\",\"Toutes les actualit\u00e9s\"],\"inLanguage\":\"fr-FR\",\"potentialAction\":[{\"@type\":\"CommentAction\",\"name\":\"Comment\",\"target\":[\"https:\/\/www.africa-press.net\/togo\/sports\/journees-fifa-togo-vs-guinee-equatoriale-wassiou-ouro-gneni-forfait#respond\"]}]},{\"@type\":\"WebPage\",\"@id\":\"https:\/\/www.africa-press.net\/togo\/sports\/journees-fifa-togo-vs-guinee-equatoriale-wassiou-ouro-gneni-forfait\",\"url\":\"https:\/\/www.africa-press.net\/togo\/sports\/journees-fifa-togo-vs-guinee-equatoriale-wassiou-ouro-gneni-forfait\",\"name\":\"Journ\u00e9es FIFA-Togo vs Guin\u00e9e \u00c9quatoriale : Wassiou Ouro-Gneni forfait - Togo\",\"isPartOf\":{\"@id\":\"https:\/\/www.africa-press.net\/togo\/#website\"},\"primaryImageOfPage\":{\"@id\":\"https:\/\/www.africa-press.net\/togo\/sports\/journees-fifa-togo-vs-guinee-equatoriale-wassiou-ouro-gneni-forfait#primaryimage\"},\"image\":{\"@id\":\"https:\/\/www.africa-press.net\/togo\/sports\/journees-fifa-togo-vs-guinee-equatoriale-wassiou-ouro-gneni-forfait#primaryimage\"},\"thumbnailUrl\":\"https:\/\/static.africa-press.net\/togo\/sites\/58\/2022\/09\/postQueueImg_13-633344d6082b9.jpg\",\"datePublished\":\"2022-09-27T18:31:55+00:00\",\"dateModified\":\"2022-09-27T18:46:08+00:00\",\"author\":{\"@id\":\"https:\/\/www.africa-press.net\/togo\/#\/schema\/person\/2b1cf3cd81a31e3cd26889ca66d677f1\"},\"description\":\"Aligne\u0301 dans le but des E\u0301perviers lors du match amical samedi contre la Co\u0302te d\u2019Ivoire, le gardien de l\u2019ASCK, Wassio ...\",\"breadcrumb\":{\"@id\":\"https:\/\/www.africa-press.net\/togo\/sports\/journees-fifa-togo-vs-guinee-equatoriale-wassiou-ouro-gneni-forfait#breadcrumb\"},\"inLanguage\":\"fr-FR\",\"potentialAction\":[{\"@type\":\"ReadAction\",\"target\":[\"https:\/\/www.africa-press.net\/togo\/sports\/journees-fifa-togo-vs-guinee-equatoriale-wassiou-ouro-gneni-forfait\"]}]},{\"@type\":\"ImageObject\",\"inLanguage\":\"fr-FR\",\"@id\":\"https:\/\/www.africa-press.net\/togo\/sports\/journees-fifa-togo-vs-guinee-equatoriale-wassiou-ouro-gneni-forfait#primaryimage\",\"url\":\"https:\/\/static.africa-press.net\/togo\/sites\/58\/2022\/09\/postQueueImg_13-633344d6082b9.jpg\",\"contentUrl\":\"https:\/\/static.africa-press.net\/togo\/sites\/58\/2022\/09\/postQueueImg_13-633344d6082b9.jpg\",\"width\":1280,\"height\":720,\"caption\":\"Journ\u00e9es FIFA-Togo vs Guin\u00e9e \u00c9quatoriale : Wassiou Ouro-Gneni forfait\"},{\"@type\":\"BreadcrumbList\",\"@id\":\"https:\/\/www.africa-press.net\/togo\/sports\/journees-fifa-togo-vs-guinee-equatoriale-wassiou-ouro-gneni-forfait#breadcrumb\",\"itemListElement\":[{\"@type\":\"ListItem\",\"position\":1,\"name\":\"Accueil\",\"item\":\"https:\/\/www.africa-press.net\/togo\/\"},{\"@type\":\"ListItem\",\"position\":2,\"name\":\"Journ\u00e9es FIFA-Togo vs Guin\u00e9e \u00c9quatoriale : Wassiou Ouro-Gneni forfait\"}]},{\"@type\":\"WebSite\",\"@id\":\"https:\/\/www.africa-press.net\/togo\/#website\",\"url\":\"https:\/\/www.africa-press.net\/togo\/\",\"name\":\"Togo\",\"description\":\"Just another Africa News Agency Sites site\",\"potentialAction\":[{\"@type\":\"SearchAction\",\"target\":{\"@type\":\"EntryPoint\",\"urlTemplate\":\"https:\/\/www.africa-press.net\/togo\/?s={search_term_string}\"},\"query-input\":{\"@type\":\"PropertyValueSpecification\",\"valueRequired\":true,\"valueName\":\"search_term_string\"}}],\"inLanguage\":\"fr-FR\"},{\"@type\":\"Person\",\"@id\":\"https:\/\/www.africa-press.net\/togo\/#\/schema\/person\/2b1cf3cd81a31e3cd26889ca66d677f1\",\"name\":\"cfeditorfr\"}]}<\/script>\n<!-- \/ Yoast SEO Premium plugin. -->","yoast_head_json":{"title":"Journ\u00e9es FIFA-Togo vs Guin\u00e9e \u00c9quatoriale : Wassiou Ouro-Gneni forfait - Togo","description":"Aligne\u0301 dans le but des E\u0301perviers lors du match amical samedi contre la Co\u0302te d\u2019Ivoire, le gardien de l\u2019ASCK, Wassio ...","robots":{"index":"index","follow":"follow","max-snippet":"max-snippet:-1","max-image-preview":"max-image-preview:large","max-video-preview":"max-video-preview:-1"},"canonical":"https:\/\/www.africa-press.net\/togo\/sports\/journees-fifa-togo-vs-guinee-equatoriale-wassiou-ouro-gneni-forfait","og_locale":"fr_FR","og_type":"article","og_title":"Journ\u00e9es FIFA-Togo vs Guin\u00e9e \u00c9quatoriale : Wassiou Ouro-Gneni forfait","og_description":"Aligne\u0301 dans le but des E\u0301perviers lors du match amical samedi contre la Co\u0302te d\u2019Ivoire, le gardien de l\u2019ASCK, Wassio ...","og_url":"https:\/\/www.africa-press.net\/togo\/sports\/journees-fifa-togo-vs-guinee-equatoriale-wassiou-ouro-gneni-forfait","og_site_name":"Togo","article_published_time":"2022-09-27T18:31:55+00:00","article_modified_time":"2022-09-27T18:46:08+00:00","og_image":[{"width":1280,"height":720,"url":"https:\/\/static.africa-press.net\/togo\/sites\/58\/2022\/09\/postQueueImg_13-633344d6082b9.jpg","type":"image\/jpeg"}],"author":"cfeditorfr","twitter_card":"summary_large_image","twitter_misc":{"\u00c9crit par":"cfeditorfr","Dur\u00e9e de lecture estim\u00e9e":"1 minute"},"schema":{"@context":"https:\/\/schema.org","@graph":[{"@type":"Article","@id":"https:\/\/www.africa-press.net\/togo\/sports\/journees-fifa-togo-vs-guinee-equatoriale-wassiou-ouro-gneni-forfait#article","isPartOf":{"@id":"https:\/\/www.africa-press.net\/togo\/sports\/journees-fifa-togo-vs-guinee-equatoriale-wassiou-ouro-gneni-forfait"},"author":{"name":"cfeditorfr","@id":"https:\/\/www.africa-press.net\/togo\/#\/schema\/person\/2b1cf3cd81a31e3cd26889ca66d677f1"},"headline":"Journ\u00e9es FIFA-Togo vs Guin\u00e9e \u00c9quatoriale : Wassiou Ouro-Gneni forfait","datePublished":"2022-09-27T18:31:55+00:00","dateModified":"2022-09-27T18:46:08+00:00","mainEntityOfPage":{"@id":"https:\/\/www.africa-press.net\/togo\/sports\/journees-fifa-togo-vs-guinee-equatoriale-wassiou-ouro-gneni-forfait"},"wordCount":134,"commentCount":0,"image":{"@id":"https:\/\/www.africa-press.net\/togo\/sports\/journees-fifa-togo-vs-guinee-equatoriale-wassiou-ouro-gneni-forfait#primaryimage"},"thumbnailUrl":"https:\/\/static.africa-press.net\/togo\/sites\/58\/2022\/09\/postQueueImg_13-633344d6082b9.jpg","keywords":["Africa Press","Africa Press-Togo","Togo"],"articleSection":["Sports","Toutes les actualit\u00e9s"],"inLanguage":"fr-FR","potentialAction":[{"@type":"CommentAction","name":"Comment","target":["https:\/\/www.africa-press.net\/togo\/sports\/journees-fifa-togo-vs-guinee-equatoriale-wassiou-ouro-gneni-forfait#respond"]}]},{"@type":"WebPage","@id":"https:\/\/www.africa-press.net\/togo\/sports\/journees-fifa-togo-vs-guinee-equatoriale-wassiou-ouro-gneni-forfait","url":"https:\/\/www.africa-press.net\/togo\/sports\/journees-fifa-togo-vs-guinee-equatoriale-wassiou-ouro-gneni-forfait","name":"Journ\u00e9es FIFA-Togo vs Guin\u00e9e \u00c9quatoriale : Wassiou Ouro-Gneni forfait - Togo","isPartOf":{"@id":"https:\/\/www.africa-press.net\/togo\/#website"},"primaryImageOfPage":{"@id":"https:\/\/www.africa-press.net\/togo\/sports\/journees-fifa-togo-vs-guinee-equatoriale-wassiou-ouro-gneni-forfait#primaryimage"},"image":{"@id":"https:\/\/www.africa-press.net\/togo\/sports\/journees-fifa-togo-vs-guinee-equatoriale-wassiou-ouro-gneni-forfait#primaryimage"},"thumbnailUrl":"https:\/\/static.africa-press.net\/togo\/sites\/58\/2022\/09\/postQueueImg_13-633344d6082b9.jpg","datePublished":"2022-09-27T18:31:55+00:00","dateModified":"2022-09-27T18:46:08+00:00","author":{"@id":"https:\/\/www.africa-press.net\/togo\/#\/schema\/person\/2b1cf3cd81a31e3cd26889ca66d677f1"},"description":"Aligne\u0301 dans le but des E\u0301perviers lors du match amical samedi contre la Co\u0302te d\u2019Ivoire, le gardien de l\u2019ASCK, Wassio ...","breadcrumb":{"@id":"https:\/\/www.africa-press.net\/togo\/sports\/journees-fifa-togo-vs-guinee-equatoriale-wassiou-ouro-gneni-forfait#breadcrumb"},"inLanguage":"fr-FR","potentialAction":[{"@type":"ReadAction","target":["https:\/\/www.africa-press.net\/togo\/sports\/journees-fifa-togo-vs-guinee-equatoriale-wassiou-ouro-gneni-forfait"]}]},{"@type":"ImageObject","inLanguage":"fr-FR","@id":"https:\/\/www.africa-press.net\/togo\/sports\/journees-fifa-togo-vs-guinee-equatoriale-wassiou-ouro-gneni-forfait#primaryimage","url":"https:\/\/static.africa-press.net\/togo\/sites\/58\/2022\/09\/postQueueImg_13-633344d6082b9.jpg","contentUrl":"https:\/\/static.africa-press.net\/togo\/sites\/58\/2022\/09\/postQueueImg_13-633344d6082b9.jpg","width":1280,"height":720,"caption":"Journ\u00e9es FIFA-Togo vs Guin\u00e9e \u00c9quatoriale : Wassiou Ouro-Gneni forfait"},{"@type":"BreadcrumbList","@id":"https:\/\/www.africa-press.net\/togo\/sports\/journees-fifa-togo-vs-guinee-equatoriale-wassiou-ouro-gneni-forfait#breadcrumb","itemListElement":[{"@type":"ListItem","position":1,"name":"Accueil","item":"https:\/\/www.africa-press.net\/togo\/"},{"@type":"ListItem","position":2,"name":"Journ\u00e9es FIFA-Togo vs Guin\u00e9e \u00c9quatoriale : Wassiou Ouro-Gneni forfait"}]},{"@type":"WebSite","@id":"https:\/\/www.africa-press.net\/togo\/#website","url":"https:\/\/www.africa-press.net\/togo\/","name":"Togo","description":"Just another Africa News Agency Sites site","potentialAction":[{"@type":"SearchAction","target":{"@type":"EntryPoint","urlTemplate":"https:\/\/www.africa-press.net\/togo\/?s={search_term_string}"},"query-input":{"@type":"PropertyValueSpecification","valueRequired":true,"valueName":"search_term_string"}}],"inLanguage":"fr-FR"},{"@type":"Person","@id":"https:\/\/www.africa-press.net\/togo\/#\/schema\/person\/2b1cf3cd81a31e3cd26889ca66d677f1","name":"cfeditorfr"}]}},"_links":{"self":[{"href":"https:\/\/www.africa-press.net\/togo\/wp-json\/wp\/v2\/posts\/11604","targetHints":{"allow":["GET"]}}],"collection":[{"href":"https:\/\/www.africa-press.net\/togo\/wp-json\/wp\/v2\/posts"}],"about":[{"href":"https:\/\/www.africa-press.net\/togo\/wp-json\/wp\/v2\/types\/post"}],"author":[{"embeddable":true,"href":"https:\/\/www.africa-press.net\/togo\/wp-json\/wp\/v2\/users\/82"}],"replies":[{"embeddable":true,"href":"https:\/\/www.africa-press.net\/togo\/wp-json\/wp\/v2\/comments?post=11604"}],"version-history":[{"count":0,"href":"https:\/\/www.africa-press.net\/togo\/wp-json\/wp\/v2\/posts\/11604\/revisions"}],"wp:featuredmedia":[{"embeddable":true,"href":"https:\/\/www.africa-press.net\/togo\/wp-json\/wp\/v2\/media\/11603"}],"wp:attachment":[{"href":"https:\/\/www.africa-press.net\/togo\/wp-json\/wp\/v2\/media?parent=11604"}],"wp:term":[{"taxonomy":"category","embeddable":true,"href":"https:\/\/www.africa-press.net\/togo\/wp-json\/wp\/v2\/categories?post=11604"},{"taxonomy":"post_tag","embeddable":true,"href":"https:\/\/www.africa-press.net\/togo\/wp-json\/wp\/v2\/tags?post=11604"}],"curies":[{"name":"wp","href":"https:\/\/api.w.org\/{rel}","templated":true}]}}