{"id":11610,"date":"2022-09-27T18:32:32","date_gmt":"2022-09-27T18:32:32","guid":{"rendered":"https:\/\/www.africa-press.net\/togo\/politique\/togo-cette-distinction-decernee-a-emmanuel-adebayor-a-bamako"},"modified":"2022-09-27T18:47:08","modified_gmt":"2022-09-27T18:47:08","slug":"togo-cette-distinction-decernee-a-emmanuel-adebayor-a-bamako","status":"publish","type":"post","link":"https:\/\/www.africa-press.net\/togo\/politique\/togo-cette-distinction-decernee-a-emmanuel-adebayor-a-bamako","title":{"rendered":"Togo-Cette distinction d\u00e9cern\u00e9e \u00e0 Emmanuel Adebayor \u00e0 Bamako"},"content":{"rendered":"<p><span style=\"color: #ff6600\"><strong>Africa-Press &#8211; Togo. <\/strong><\/span><b>Emmanuel Sheyi Adebayor, ancien capitaine des E\u0301perviers du Togo, a e\u0301te\u0301 distingue\u0301 au Mali.<\/b><\/p>\n<p>Le \u00ab Ballon de paix \u00bb. C\u2019est la distinction de\u0301cerne\u0301e a\u0300 la star du football togolais a\u0300 Bamako, la capitale du Mali.<\/p>\n<p>C\u2019est une distinction de l\u2019Union nationale des anciens footballeurs maliens (UNAFOM) a\u0300 l\u2019endroit de la star du football togolais, a relaye\u0301 sur Twitter le journaliste Amega Augustin.<\/p>\n<p>Une re\u0301compense pour l\u2019engagement de l\u2019ancien football international togolais \u00ab sur les questions sociales et humanitaires \u00bb, renseigne, pour sa part, le site Foot.tg.<\/p>\n<p><strong>Pour plus d&rsquo;informations et d&rsquo;analyses sur la <a href=\"https:\/\/www.africa-press.net\/togo\">Togo<\/a>, suivez <a href=\"https:\/\/www.africa-press.net\/\">Africa-Press<\/a><\/strong><\/p>\n","protected":false},"excerpt":{"rendered":"<p>Africa-Press &#8211; Togo. Emmanuel Sheyi Adebayor, ancien capitaine des E\u0301perviers du Togo, a e\u0301te\u0301 distingue\u0301 au Mali. Le \u00ab Ballon de paix \u00bb. C\u2019est la distinction de\u0301cerne\u0301e a\u0300 la star du football togolais a\u0300 Bamako, la capitale du Mali. C\u2019est une distinction de l\u2019Union nationale des anciens footballeurs maliens (UNAFOM) a\u0300 l\u2019endroit de la star [&hellip;]<\/p>\n","protected":false},"author":82,"featured_media":11609,"comment_status":"open","ping_status":"closed","sticky":false,"template":"","format":"standard","meta":{"footnotes":""},"categories":[2,10],"tags":[36,49,50],"class_list":["post-11610","post","type-post","status-publish","format-standard","has-post-thumbnail","hentry","category-politique","category-toutes-les-actualites","tag-africa-press","tag-africa-press-togo","tag-togo"],"yoast_head":"<!-- This site is optimized with the Yoast SEO Premium plugin v26.1 (Yoast SEO v27.0) - https:\/\/yoast.com\/product\/yoast-seo-premium-wordpress\/ -->\n<title>Togo-Cette distinction d\u00e9cern\u00e9e \u00e0 Emmanuel Adebayor \u00e0 Bamako - Togo<\/title>\n<meta name=\"description\" content=\"Emmanuel Sheyi Adebayor, ancien capitaine des E\u0301perviers du Togo, a e\u0301te\u0301 distingue\u0301 au Mali. Le \u00ab Ballon de pai ...\" \/>\n<meta name=\"robots\" content=\"index, follow, max-snippet:-1, max-image-preview:large, max-video-preview:-1\" \/>\n<link rel=\"canonical\" href=\"https:\/\/www.africa-press.net\/togo\/politique\/togo-cette-distinction-decernee-a-emmanuel-adebayor-a-bamako\" \/>\n<meta property=\"og:locale\" content=\"fr_FR\" \/>\n<meta property=\"og:type\" content=\"article\" \/>\n<meta property=\"og:title\" content=\"Togo-Cette distinction d\u00e9cern\u00e9e \u00e0 Emmanuel Adebayor \u00e0 Bamako\" \/>\n<meta property=\"og:description\" content=\"Emmanuel Sheyi Adebayor, ancien capitaine des E\u0301perviers du Togo, a e\u0301te\u0301 distingue\u0301 au Mali. Le \u00ab Ballon de pai ...\" \/>\n<meta property=\"og:url\" content=\"https:\/\/www.africa-press.net\/togo\/politique\/togo-cette-distinction-decernee-a-emmanuel-adebayor-a-bamako\" \/>\n<meta property=\"og:site_name\" content=\"Togo\" \/>\n<meta property=\"article:published_time\" content=\"2022-09-27T18:32:32+00:00\" \/>\n<meta property=\"article:modified_time\" content=\"2022-09-27T18:47:08+00:00\" \/>\n<meta property=\"og:image\" content=\"https:\/\/static.africa-press.net\/togo\/sites\/58\/2022\/09\/postQueueImg_15-633345139ff5e.jpg\" \/>\n\t<meta property=\"og:image:width\" content=\"1080\" \/>\n\t<meta property=\"og:image:height\" content=\"720\" \/>\n\t<meta property=\"og:image:type\" content=\"image\/jpeg\" \/>\n<meta name=\"author\" content=\"cfeditorfr\" \/>\n<meta name=\"twitter:card\" content=\"summary_large_image\" \/>\n<meta name=\"twitter:label1\" content=\"\u00c9crit par\" \/>\n\t<meta name=\"twitter:data1\" content=\"cfeditorfr\" \/>\n\t<meta name=\"twitter:label2\" content=\"Dur\u00e9e de lecture estim\u00e9e\" \/>\n\t<meta name=\"twitter:data2\" content=\"1 minute\" \/>\n<script type=\"application\/ld+json\" class=\"yoast-schema-graph\">{\"@context\":\"https:\/\/schema.org\",\"@graph\":[{\"@type\":\"Article\",\"@id\":\"https:\/\/www.africa-press.net\/togo\/politique\/togo-cette-distinction-decernee-a-emmanuel-adebayor-a-bamako#article\",\"isPartOf\":{\"@id\":\"https:\/\/www.africa-press.net\/togo\/politique\/togo-cette-distinction-decernee-a-emmanuel-adebayor-a-bamako\"},\"author\":{\"name\":\"cfeditorfr\",\"@id\":\"https:\/\/www.africa-press.net\/togo\/#\/schema\/person\/2b1cf3cd81a31e3cd26889ca66d677f1\"},\"headline\":\"Togo-Cette distinction d\u00e9cern\u00e9e \u00e0 Emmanuel Adebayor \u00e0 Bamako\",\"datePublished\":\"2022-09-27T18:32:32+00:00\",\"dateModified\":\"2022-09-27T18:47:08+00:00\",\"mainEntityOfPage\":{\"@id\":\"https:\/\/www.africa-press.net\/togo\/politique\/togo-cette-distinction-decernee-a-emmanuel-adebayor-a-bamako\"},\"wordCount\":118,\"commentCount\":0,\"image\":{\"@id\":\"https:\/\/www.africa-press.net\/togo\/politique\/togo-cette-distinction-decernee-a-emmanuel-adebayor-a-bamako#primaryimage\"},\"thumbnailUrl\":\"https:\/\/static.africa-press.net\/togo\/sites\/58\/2022\/09\/postQueueImg_15-633345139ff5e.jpg\",\"keywords\":[\"Africa Press\",\"Africa Press-Togo\",\"Togo\"],\"articleSection\":[\"Politique\",\"Toutes les actualit\u00e9s\"],\"inLanguage\":\"fr-FR\",\"potentialAction\":[{\"@type\":\"CommentAction\",\"name\":\"Comment\",\"target\":[\"https:\/\/www.africa-press.net\/togo\/politique\/togo-cette-distinction-decernee-a-emmanuel-adebayor-a-bamako#respond\"]}]},{\"@type\":\"WebPage\",\"@id\":\"https:\/\/www.africa-press.net\/togo\/politique\/togo-cette-distinction-decernee-a-emmanuel-adebayor-a-bamako\",\"url\":\"https:\/\/www.africa-press.net\/togo\/politique\/togo-cette-distinction-decernee-a-emmanuel-adebayor-a-bamako\",\"name\":\"Togo-Cette distinction d\u00e9cern\u00e9e \u00e0 Emmanuel Adebayor \u00e0 Bamako - Togo\",\"isPartOf\":{\"@id\":\"https:\/\/www.africa-press.net\/togo\/#website\"},\"primaryImageOfPage\":{\"@id\":\"https:\/\/www.africa-press.net\/togo\/politique\/togo-cette-distinction-decernee-a-emmanuel-adebayor-a-bamako#primaryimage\"},\"image\":{\"@id\":\"https:\/\/www.africa-press.net\/togo\/politique\/togo-cette-distinction-decernee-a-emmanuel-adebayor-a-bamako#primaryimage\"},\"thumbnailUrl\":\"https:\/\/static.africa-press.net\/togo\/sites\/58\/2022\/09\/postQueueImg_15-633345139ff5e.jpg\",\"datePublished\":\"2022-09-27T18:32:32+00:00\",\"dateModified\":\"2022-09-27T18:47:08+00:00\",\"author\":{\"@id\":\"https:\/\/www.africa-press.net\/togo\/#\/schema\/person\/2b1cf3cd81a31e3cd26889ca66d677f1\"},\"description\":\"Emmanuel Sheyi Adebayor, ancien capitaine des E\u0301perviers du Togo, a e\u0301te\u0301 distingue\u0301 au Mali. Le \u00ab Ballon de pai ...\",\"breadcrumb\":{\"@id\":\"https:\/\/www.africa-press.net\/togo\/politique\/togo-cette-distinction-decernee-a-emmanuel-adebayor-a-bamako#breadcrumb\"},\"inLanguage\":\"fr-FR\",\"potentialAction\":[{\"@type\":\"ReadAction\",\"target\":[\"https:\/\/www.africa-press.net\/togo\/politique\/togo-cette-distinction-decernee-a-emmanuel-adebayor-a-bamako\"]}]},{\"@type\":\"ImageObject\",\"inLanguage\":\"fr-FR\",\"@id\":\"https:\/\/www.africa-press.net\/togo\/politique\/togo-cette-distinction-decernee-a-emmanuel-adebayor-a-bamako#primaryimage\",\"url\":\"https:\/\/static.africa-press.net\/togo\/sites\/58\/2022\/09\/postQueueImg_15-633345139ff5e.jpg\",\"contentUrl\":\"https:\/\/static.africa-press.net\/togo\/sites\/58\/2022\/09\/postQueueImg_15-633345139ff5e.jpg\",\"width\":1080,\"height\":720,\"caption\":\"Togo-Cette distinction d\u00e9cern\u00e9e \u00e0 Emmanuel Adebayor \u00e0 Bamako\"},{\"@type\":\"BreadcrumbList\",\"@id\":\"https:\/\/www.africa-press.net\/togo\/politique\/togo-cette-distinction-decernee-a-emmanuel-adebayor-a-bamako#breadcrumb\",\"itemListElement\":[{\"@type\":\"ListItem\",\"position\":1,\"name\":\"Accueil\",\"item\":\"https:\/\/www.africa-press.net\/togo\/\"},{\"@type\":\"ListItem\",\"position\":2,\"name\":\"Togo-Cette distinction d\u00e9cern\u00e9e \u00e0 Emmanuel Adebayor \u00e0 Bamako\"}]},{\"@type\":\"WebSite\",\"@id\":\"https:\/\/www.africa-press.net\/togo\/#website\",\"url\":\"https:\/\/www.africa-press.net\/togo\/\",\"name\":\"Togo\",\"description\":\"Just another Africa News Agency Sites site\",\"potentialAction\":[{\"@type\":\"SearchAction\",\"target\":{\"@type\":\"EntryPoint\",\"urlTemplate\":\"https:\/\/www.africa-press.net\/togo\/?s={search_term_string}\"},\"query-input\":{\"@type\":\"PropertyValueSpecification\",\"valueRequired\":true,\"valueName\":\"search_term_string\"}}],\"inLanguage\":\"fr-FR\"},{\"@type\":\"Person\",\"@id\":\"https:\/\/www.africa-press.net\/togo\/#\/schema\/person\/2b1cf3cd81a31e3cd26889ca66d677f1\",\"name\":\"cfeditorfr\"}]}<\/script>\n<!-- \/ Yoast SEO Premium plugin. -->","yoast_head_json":{"title":"Togo-Cette distinction d\u00e9cern\u00e9e \u00e0 Emmanuel Adebayor \u00e0 Bamako - Togo","description":"Emmanuel Sheyi Adebayor, ancien capitaine des E\u0301perviers du Togo, a e\u0301te\u0301 distingue\u0301 au Mali. Le \u00ab Ballon de pai ...","robots":{"index":"index","follow":"follow","max-snippet":"max-snippet:-1","max-image-preview":"max-image-preview:large","max-video-preview":"max-video-preview:-1"},"canonical":"https:\/\/www.africa-press.net\/togo\/politique\/togo-cette-distinction-decernee-a-emmanuel-adebayor-a-bamako","og_locale":"fr_FR","og_type":"article","og_title":"Togo-Cette distinction d\u00e9cern\u00e9e \u00e0 Emmanuel Adebayor \u00e0 Bamako","og_description":"Emmanuel Sheyi Adebayor, ancien capitaine des E\u0301perviers du Togo, a e\u0301te\u0301 distingue\u0301 au Mali. Le \u00ab Ballon de pai ...","og_url":"https:\/\/www.africa-press.net\/togo\/politique\/togo-cette-distinction-decernee-a-emmanuel-adebayor-a-bamako","og_site_name":"Togo","article_published_time":"2022-09-27T18:32:32+00:00","article_modified_time":"2022-09-27T18:47:08+00:00","og_image":[{"width":1080,"height":720,"url":"https:\/\/static.africa-press.net\/togo\/sites\/58\/2022\/09\/postQueueImg_15-633345139ff5e.jpg","type":"image\/jpeg"}],"author":"cfeditorfr","twitter_card":"summary_large_image","twitter_misc":{"\u00c9crit par":"cfeditorfr","Dur\u00e9e de lecture estim\u00e9e":"1 minute"},"schema":{"@context":"https:\/\/schema.org","@graph":[{"@type":"Article","@id":"https:\/\/www.africa-press.net\/togo\/politique\/togo-cette-distinction-decernee-a-emmanuel-adebayor-a-bamako#article","isPartOf":{"@id":"https:\/\/www.africa-press.net\/togo\/politique\/togo-cette-distinction-decernee-a-emmanuel-adebayor-a-bamako"},"author":{"name":"cfeditorfr","@id":"https:\/\/www.africa-press.net\/togo\/#\/schema\/person\/2b1cf3cd81a31e3cd26889ca66d677f1"},"headline":"Togo-Cette distinction d\u00e9cern\u00e9e \u00e0 Emmanuel Adebayor \u00e0 Bamako","datePublished":"2022-09-27T18:32:32+00:00","dateModified":"2022-09-27T18:47:08+00:00","mainEntityOfPage":{"@id":"https:\/\/www.africa-press.net\/togo\/politique\/togo-cette-distinction-decernee-a-emmanuel-adebayor-a-bamako"},"wordCount":118,"commentCount":0,"image":{"@id":"https:\/\/www.africa-press.net\/togo\/politique\/togo-cette-distinction-decernee-a-emmanuel-adebayor-a-bamako#primaryimage"},"thumbnailUrl":"https:\/\/static.africa-press.net\/togo\/sites\/58\/2022\/09\/postQueueImg_15-633345139ff5e.jpg","keywords":["Africa Press","Africa Press-Togo","Togo"],"articleSection":["Politique","Toutes les actualit\u00e9s"],"inLanguage":"fr-FR","potentialAction":[{"@type":"CommentAction","name":"Comment","target":["https:\/\/www.africa-press.net\/togo\/politique\/togo-cette-distinction-decernee-a-emmanuel-adebayor-a-bamako#respond"]}]},{"@type":"WebPage","@id":"https:\/\/www.africa-press.net\/togo\/politique\/togo-cette-distinction-decernee-a-emmanuel-adebayor-a-bamako","url":"https:\/\/www.africa-press.net\/togo\/politique\/togo-cette-distinction-decernee-a-emmanuel-adebayor-a-bamako","name":"Togo-Cette distinction d\u00e9cern\u00e9e \u00e0 Emmanuel Adebayor \u00e0 Bamako - Togo","isPartOf":{"@id":"https:\/\/www.africa-press.net\/togo\/#website"},"primaryImageOfPage":{"@id":"https:\/\/www.africa-press.net\/togo\/politique\/togo-cette-distinction-decernee-a-emmanuel-adebayor-a-bamako#primaryimage"},"image":{"@id":"https:\/\/www.africa-press.net\/togo\/politique\/togo-cette-distinction-decernee-a-emmanuel-adebayor-a-bamako#primaryimage"},"thumbnailUrl":"https:\/\/static.africa-press.net\/togo\/sites\/58\/2022\/09\/postQueueImg_15-633345139ff5e.jpg","datePublished":"2022-09-27T18:32:32+00:00","dateModified":"2022-09-27T18:47:08+00:00","author":{"@id":"https:\/\/www.africa-press.net\/togo\/#\/schema\/person\/2b1cf3cd81a31e3cd26889ca66d677f1"},"description":"Emmanuel Sheyi Adebayor, ancien capitaine des E\u0301perviers du Togo, a e\u0301te\u0301 distingue\u0301 au Mali. Le \u00ab Ballon de pai ...","breadcrumb":{"@id":"https:\/\/www.africa-press.net\/togo\/politique\/togo-cette-distinction-decernee-a-emmanuel-adebayor-a-bamako#breadcrumb"},"inLanguage":"fr-FR","potentialAction":[{"@type":"ReadAction","target":["https:\/\/www.africa-press.net\/togo\/politique\/togo-cette-distinction-decernee-a-emmanuel-adebayor-a-bamako"]}]},{"@type":"ImageObject","inLanguage":"fr-FR","@id":"https:\/\/www.africa-press.net\/togo\/politique\/togo-cette-distinction-decernee-a-emmanuel-adebayor-a-bamako#primaryimage","url":"https:\/\/static.africa-press.net\/togo\/sites\/58\/2022\/09\/postQueueImg_15-633345139ff5e.jpg","contentUrl":"https:\/\/static.africa-press.net\/togo\/sites\/58\/2022\/09\/postQueueImg_15-633345139ff5e.jpg","width":1080,"height":720,"caption":"Togo-Cette distinction d\u00e9cern\u00e9e \u00e0 Emmanuel Adebayor \u00e0 Bamako"},{"@type":"BreadcrumbList","@id":"https:\/\/www.africa-press.net\/togo\/politique\/togo-cette-distinction-decernee-a-emmanuel-adebayor-a-bamako#breadcrumb","itemListElement":[{"@type":"ListItem","position":1,"name":"Accueil","item":"https:\/\/www.africa-press.net\/togo\/"},{"@type":"ListItem","position":2,"name":"Togo-Cette distinction d\u00e9cern\u00e9e \u00e0 Emmanuel Adebayor \u00e0 Bamako"}]},{"@type":"WebSite","@id":"https:\/\/www.africa-press.net\/togo\/#website","url":"https:\/\/www.africa-press.net\/togo\/","name":"Togo","description":"Just another Africa News Agency Sites site","potentialAction":[{"@type":"SearchAction","target":{"@type":"EntryPoint","urlTemplate":"https:\/\/www.africa-press.net\/togo\/?s={search_term_string}"},"query-input":{"@type":"PropertyValueSpecification","valueRequired":true,"valueName":"search_term_string"}}],"inLanguage":"fr-FR"},{"@type":"Person","@id":"https:\/\/www.africa-press.net\/togo\/#\/schema\/person\/2b1cf3cd81a31e3cd26889ca66d677f1","name":"cfeditorfr"}]}},"_links":{"self":[{"href":"https:\/\/www.africa-press.net\/togo\/wp-json\/wp\/v2\/posts\/11610","targetHints":{"allow":["GET"]}}],"collection":[{"href":"https:\/\/www.africa-press.net\/togo\/wp-json\/wp\/v2\/posts"}],"about":[{"href":"https:\/\/www.africa-press.net\/togo\/wp-json\/wp\/v2\/types\/post"}],"author":[{"embeddable":true,"href":"https:\/\/www.africa-press.net\/togo\/wp-json\/wp\/v2\/users\/82"}],"replies":[{"embeddable":true,"href":"https:\/\/www.africa-press.net\/togo\/wp-json\/wp\/v2\/comments?post=11610"}],"version-history":[{"count":0,"href":"https:\/\/www.africa-press.net\/togo\/wp-json\/wp\/v2\/posts\/11610\/revisions"}],"wp:featuredmedia":[{"embeddable":true,"href":"https:\/\/www.africa-press.net\/togo\/wp-json\/wp\/v2\/media\/11609"}],"wp:attachment":[{"href":"https:\/\/www.africa-press.net\/togo\/wp-json\/wp\/v2\/media?parent=11610"}],"wp:term":[{"taxonomy":"category","embeddable":true,"href":"https:\/\/www.africa-press.net\/togo\/wp-json\/wp\/v2\/categories?post=11610"},{"taxonomy":"post_tag","embeddable":true,"href":"https:\/\/www.africa-press.net\/togo\/wp-json\/wp\/v2\/tags?post=11610"}],"curies":[{"name":"wp","href":"https:\/\/api.w.org\/{rel}","templated":true}]}}