{"id":11613,"date":"2022-09-27T18:33:00","date_gmt":"2022-09-27T18:33:00","guid":{"rendered":"https:\/\/www.africa-press.net\/togo\/politique\/togo-enseignants-et-eleves-toujours-en-detention-six-mois-apres-une-greve"},"modified":"2022-09-27T18:47:38","modified_gmt":"2022-09-27T18:47:38","slug":"togo-enseignants-et-eleves-toujours-en-detention-six-mois-apres-une-greve","status":"publish","type":"post","link":"https:\/\/www.africa-press.net\/togo\/toutes-les-actualites\/togo-enseignants-et-eleves-toujours-en-detention-six-mois-apres-une-greve","title":{"rendered":"Togo-Enseignants et \u00e9l\u00e8ves toujours en d\u00e9tention six mois apr\u00e8s une gr\u00e8ve"},"content":{"rendered":"<p><span style=\"color: #ff6600\"><strong>Africa-Press &#8211; Togo. <\/strong><\/span><b>Quatre e\u0301le\u0300ves et trois enseignants togolais sont toujours incarce\u0301re\u0301s a\u0300 la prison de Dapaong, pre\u0300s de six mois apre\u0300s la gre\u0300ve mene\u0301e par leurs enseignants. <\/b><\/p>\n<p>Ombre au tableau de la rentre\u0301e des classes, cette semaine au Togo : quatre e\u0301le\u0300ves, dont une fille, sont toujours incarce\u0301re\u0301s a\u0300 la prison de Dapaong, pre\u0300s de six mois apre\u0300s la gre\u0300ve mene\u0301e par leurs enseignants. Alors que les trois enseignants membres du Syndicat des Enseignants du Togo (SET)sont de\u0301tenus dans la capitale, Lome\u0301, les cinq e\u0301le\u0300ves sont en de\u0301tention a\u0300 Dapaong, dans la re\u0301gion septentrionale des Savanes.<\/p>\n<p>Il est reproche\u0301 aux e\u0301le\u0300ves des \u00ab destructions de biens publics et prive\u0301s \u00bb et des \u00ab troubles a\u0300 l\u2019ordre public \u00bb. Et aux enseignants \u00ab d\u2019avoir incite\u0301 les e\u0301le\u0300ves et autres personnes a\u0300 la re\u0301volte \u00bb.<\/p>\n<p><b>\u00ab Une violation de la liberte\u0301 syndicale \u00bb<\/b><\/p>\n<p>Mai\u0302tre Kpande\u0301-Adzare\u0301 est l\u2019avocat de ces enseignants devant le Comite\u0301 de la liberte\u0301 syndicale de l\u2019Organisation internationale du travail, devant la Cour de justice de la Ce\u0301de\u0301ao et devant les juridictions togolaises. Il de\u0301nonce un harce\u0300lement judiciaire qui va a\u0300 l\u2019encontre du droit de gre\u0300ve.<\/p>\n<p>\u00ab On les a incarce\u0301re\u0301s a\u0300 la prison civile de Lome\u0301 et on leur reproche, de manie\u0300re fallacieuse, l\u2019incitation a\u0300 la re\u0301volte par des signes de ralliement. Le dossier est vide. Et cela fait plus de deux fois que les avocats ont introduit une demande de mise en liberte\u0301 provisoire. La premie\u0300re fois, on leur a dit que les enseignants ne pre\u0301sentaient pas de garanties de repre\u0301sentativite\u0301. Ils ont cherche\u0301 des garanties pour leur repre\u0301sentation. Et cette fois-ci, on dit que le dossier est complexe et que le maintien des enseignants en de\u0301tention est ne\u0301cessaire pour les besoins de la proce\u0301dure. C\u2019est incompre\u0301hensible. C\u2019est grave et c\u2019est une violation de la liberte\u0301 syndicale. Il faut discuter avec les enseignants, trouver des terrains d\u2019entente, et non embrigader les enseignants et les mettre en prison ensemble avec leurs e\u0301le\u0300ves. On n\u2019a jamais re\u0301solu de proble\u0300me. Et je crois que c\u0327a ne fait en re\u0301alite\u0301 qu\u2019exacerber des me\u0301contentements et des frustrations. \u00bb<\/p>\n<p>Il y a deux semaines, le mouvement Martin Luther King, organisation de la socie\u0301te\u0301 civile, lanc\u0327ait un appel au gouvernement a\u0300 l\u2019approche de la rentre\u0301e scolaire, le 26 septembre prochain. La place des trois enseignants du SET ainsi que des cinq e\u0301le\u0300ves n\u2019est pas en prison, dit le mouvement Martin Luther King.<\/p>\n<p><strong>Pour plus d&rsquo;informations et d&rsquo;analyses sur la <a href=\"https:\/\/www.africa-press.net\/togo\">Togo<\/a>, suivez <a href=\"https:\/\/www.africa-press.net\/\">Africa-Press<\/a><\/strong><\/p>\n","protected":false},"excerpt":{"rendered":"<p>Africa-Press &#8211; Togo. Quatre e\u0301le\u0300ves et trois enseignants togolais sont toujours incarce\u0301re\u0301s a\u0300 la prison de Dapaong, pre\u0300s de six mois apre\u0300s la gre\u0300ve mene\u0301e par leurs enseignants. Ombre au tableau de la rentre\u0301e des classes, cette semaine au Togo : quatre e\u0301le\u0300ves, dont une fille, sont toujours incarce\u0301re\u0301s a\u0300 la prison de Dapaong, pre\u0300s [&hellip;]<\/p>\n","protected":false},"author":82,"featured_media":11612,"comment_status":"open","ping_status":"closed","sticky":false,"template":"","format":"standard","meta":{"footnotes":""},"categories":[21,10],"tags":[36,49,50],"class_list":["post-11613","post","type-post","status-publish","format-standard","has-post-thumbnail","hentry","category-communaute","category-toutes-les-actualites","tag-africa-press","tag-africa-press-togo","tag-togo"],"yoast_head":"<!-- This site is optimized with the Yoast SEO Premium plugin v26.1 (Yoast SEO v27.0) - https:\/\/yoast.com\/product\/yoast-seo-premium-wordpress\/ -->\n<title>Togo-Enseignants et \u00e9l\u00e8ves toujours en d\u00e9tention six mois apr\u00e8s une gr\u00e8ve - Togo<\/title>\n<meta name=\"description\" content=\"Quatre e\u0301le\u0300ves et trois enseignants togolais sont toujours incarce\u0301re\u0301s a\u0300 la prison de Dapaong, pre\u0300s de six mois a ...\" \/>\n<meta name=\"robots\" content=\"index, follow, max-snippet:-1, max-image-preview:large, max-video-preview:-1\" \/>\n<link rel=\"canonical\" href=\"https:\/\/www.africa-press.net\/togo\/toutes-les-actualites\/togo-enseignants-et-eleves-toujours-en-detention-six-mois-apres-une-greve\" \/>\n<meta property=\"og:locale\" content=\"fr_FR\" \/>\n<meta property=\"og:type\" content=\"article\" \/>\n<meta property=\"og:title\" content=\"Togo-Enseignants et \u00e9l\u00e8ves toujours en d\u00e9tention six mois apr\u00e8s une gr\u00e8ve\" \/>\n<meta property=\"og:description\" content=\"Quatre e\u0301le\u0300ves et trois enseignants togolais sont toujours incarce\u0301re\u0301s a\u0300 la prison de Dapaong, pre\u0300s de six mois a ...\" \/>\n<meta property=\"og:url\" content=\"https:\/\/www.africa-press.net\/togo\/toutes-les-actualites\/togo-enseignants-et-eleves-toujours-en-detention-six-mois-apres-une-greve\" \/>\n<meta property=\"og:site_name\" content=\"Togo\" \/>\n<meta property=\"article:published_time\" content=\"2022-09-27T18:33:00+00:00\" \/>\n<meta property=\"article:modified_time\" content=\"2022-09-27T18:47:38+00:00\" \/>\n<meta property=\"og:image\" content=\"https:\/\/static.africa-press.net\/togo\/sites\/58\/2022\/09\/postQueueImg_16-63334531a2887.jpg\" \/>\n\t<meta property=\"og:image:width\" content=\"1200\" \/>\n\t<meta property=\"og:image:height\" content=\"800\" \/>\n\t<meta property=\"og:image:type\" content=\"image\/jpeg\" \/>\n<meta name=\"author\" content=\"cfeditorfr\" \/>\n<meta name=\"twitter:card\" content=\"summary_large_image\" \/>\n<meta name=\"twitter:label1\" content=\"\u00c9crit par\" \/>\n\t<meta name=\"twitter:data1\" content=\"cfeditorfr\" \/>\n\t<meta name=\"twitter:label2\" content=\"Dur\u00e9e de lecture estim\u00e9e\" \/>\n\t<meta name=\"twitter:data2\" content=\"3 minutes\" \/>\n<script type=\"application\/ld+json\" class=\"yoast-schema-graph\">{\"@context\":\"https:\/\/schema.org\",\"@graph\":[{\"@type\":\"Article\",\"@id\":\"https:\/\/www.africa-press.net\/togo\/toutes-les-actualites\/togo-enseignants-et-eleves-toujours-en-detention-six-mois-apres-une-greve#article\",\"isPartOf\":{\"@id\":\"https:\/\/www.africa-press.net\/togo\/toutes-les-actualites\/togo-enseignants-et-eleves-toujours-en-detention-six-mois-apres-une-greve\"},\"author\":{\"name\":\"cfeditorfr\",\"@id\":\"https:\/\/www.africa-press.net\/togo\/#\/schema\/person\/2b1cf3cd81a31e3cd26889ca66d677f1\"},\"headline\":\"Togo-Enseignants et \u00e9l\u00e8ves toujours en d\u00e9tention six mois apr\u00e8s une gr\u00e8ve\",\"datePublished\":\"2022-09-27T18:33:00+00:00\",\"dateModified\":\"2022-09-27T18:47:38+00:00\",\"mainEntityOfPage\":{\"@id\":\"https:\/\/www.africa-press.net\/togo\/toutes-les-actualites\/togo-enseignants-et-eleves-toujours-en-detention-six-mois-apres-une-greve\"},\"wordCount\":487,\"commentCount\":0,\"image\":{\"@id\":\"https:\/\/www.africa-press.net\/togo\/toutes-les-actualites\/togo-enseignants-et-eleves-toujours-en-detention-six-mois-apres-une-greve#primaryimage\"},\"thumbnailUrl\":\"https:\/\/static.africa-press.net\/togo\/sites\/58\/2022\/09\/postQueueImg_16-63334531a2887.jpg\",\"keywords\":[\"Africa Press\",\"Africa Press-Togo\",\"Togo\"],\"articleSection\":[\"Communaut\u00e9\",\"Toutes les actualit\u00e9s\"],\"inLanguage\":\"fr-FR\",\"potentialAction\":[{\"@type\":\"CommentAction\",\"name\":\"Comment\",\"target\":[\"https:\/\/www.africa-press.net\/togo\/toutes-les-actualites\/togo-enseignants-et-eleves-toujours-en-detention-six-mois-apres-une-greve#respond\"]}]},{\"@type\":\"WebPage\",\"@id\":\"https:\/\/www.africa-press.net\/togo\/toutes-les-actualites\/togo-enseignants-et-eleves-toujours-en-detention-six-mois-apres-une-greve\",\"url\":\"https:\/\/www.africa-press.net\/togo\/toutes-les-actualites\/togo-enseignants-et-eleves-toujours-en-detention-six-mois-apres-une-greve\",\"name\":\"Togo-Enseignants et \u00e9l\u00e8ves toujours en d\u00e9tention six mois apr\u00e8s une gr\u00e8ve - Togo\",\"isPartOf\":{\"@id\":\"https:\/\/www.africa-press.net\/togo\/#website\"},\"primaryImageOfPage\":{\"@id\":\"https:\/\/www.africa-press.net\/togo\/toutes-les-actualites\/togo-enseignants-et-eleves-toujours-en-detention-six-mois-apres-une-greve#primaryimage\"},\"image\":{\"@id\":\"https:\/\/www.africa-press.net\/togo\/toutes-les-actualites\/togo-enseignants-et-eleves-toujours-en-detention-six-mois-apres-une-greve#primaryimage\"},\"thumbnailUrl\":\"https:\/\/static.africa-press.net\/togo\/sites\/58\/2022\/09\/postQueueImg_16-63334531a2887.jpg\",\"datePublished\":\"2022-09-27T18:33:00+00:00\",\"dateModified\":\"2022-09-27T18:47:38+00:00\",\"author\":{\"@id\":\"https:\/\/www.africa-press.net\/togo\/#\/schema\/person\/2b1cf3cd81a31e3cd26889ca66d677f1\"},\"description\":\"Quatre e\u0301le\u0300ves et trois enseignants togolais sont toujours incarce\u0301re\u0301s a\u0300 la prison de Dapaong, pre\u0300s de six mois a ...\",\"breadcrumb\":{\"@id\":\"https:\/\/www.africa-press.net\/togo\/toutes-les-actualites\/togo-enseignants-et-eleves-toujours-en-detention-six-mois-apres-une-greve#breadcrumb\"},\"inLanguage\":\"fr-FR\",\"potentialAction\":[{\"@type\":\"ReadAction\",\"target\":[\"https:\/\/www.africa-press.net\/togo\/toutes-les-actualites\/togo-enseignants-et-eleves-toujours-en-detention-six-mois-apres-une-greve\"]}]},{\"@type\":\"ImageObject\",\"inLanguage\":\"fr-FR\",\"@id\":\"https:\/\/www.africa-press.net\/togo\/toutes-les-actualites\/togo-enseignants-et-eleves-toujours-en-detention-six-mois-apres-une-greve#primaryimage\",\"url\":\"https:\/\/static.africa-press.net\/togo\/sites\/58\/2022\/09\/postQueueImg_16-63334531a2887.jpg\",\"contentUrl\":\"https:\/\/static.africa-press.net\/togo\/sites\/58\/2022\/09\/postQueueImg_16-63334531a2887.jpg\",\"width\":1200,\"height\":800,\"caption\":\"Togo-Enseignants et \u00e9l\u00e8ves toujours en d\u00e9tention six mois apr\u00e8s une gr\u00e8ve\"},{\"@type\":\"BreadcrumbList\",\"@id\":\"https:\/\/www.africa-press.net\/togo\/toutes-les-actualites\/togo-enseignants-et-eleves-toujours-en-detention-six-mois-apres-une-greve#breadcrumb\",\"itemListElement\":[{\"@type\":\"ListItem\",\"position\":1,\"name\":\"Accueil\",\"item\":\"https:\/\/www.africa-press.net\/togo\/\"},{\"@type\":\"ListItem\",\"position\":2,\"name\":\"Togo-Enseignants et \u00e9l\u00e8ves toujours en d\u00e9tention six mois apr\u00e8s une gr\u00e8ve\"}]},{\"@type\":\"WebSite\",\"@id\":\"https:\/\/www.africa-press.net\/togo\/#website\",\"url\":\"https:\/\/www.africa-press.net\/togo\/\",\"name\":\"Togo\",\"description\":\"Just another Africa News Agency Sites site\",\"potentialAction\":[{\"@type\":\"SearchAction\",\"target\":{\"@type\":\"EntryPoint\",\"urlTemplate\":\"https:\/\/www.africa-press.net\/togo\/?s={search_term_string}\"},\"query-input\":{\"@type\":\"PropertyValueSpecification\",\"valueRequired\":true,\"valueName\":\"search_term_string\"}}],\"inLanguage\":\"fr-FR\"},{\"@type\":\"Person\",\"@id\":\"https:\/\/www.africa-press.net\/togo\/#\/schema\/person\/2b1cf3cd81a31e3cd26889ca66d677f1\",\"name\":\"cfeditorfr\"}]}<\/script>\n<!-- \/ Yoast SEO Premium plugin. -->","yoast_head_json":{"title":"Togo-Enseignants et \u00e9l\u00e8ves toujours en d\u00e9tention six mois apr\u00e8s une gr\u00e8ve - Togo","description":"Quatre e\u0301le\u0300ves et trois enseignants togolais sont toujours incarce\u0301re\u0301s a\u0300 la prison de Dapaong, pre\u0300s de six mois a ...","robots":{"index":"index","follow":"follow","max-snippet":"max-snippet:-1","max-image-preview":"max-image-preview:large","max-video-preview":"max-video-preview:-1"},"canonical":"https:\/\/www.africa-press.net\/togo\/toutes-les-actualites\/togo-enseignants-et-eleves-toujours-en-detention-six-mois-apres-une-greve","og_locale":"fr_FR","og_type":"article","og_title":"Togo-Enseignants et \u00e9l\u00e8ves toujours en d\u00e9tention six mois apr\u00e8s une gr\u00e8ve","og_description":"Quatre e\u0301le\u0300ves et trois enseignants togolais sont toujours incarce\u0301re\u0301s a\u0300 la prison de Dapaong, pre\u0300s de six mois a ...","og_url":"https:\/\/www.africa-press.net\/togo\/toutes-les-actualites\/togo-enseignants-et-eleves-toujours-en-detention-six-mois-apres-une-greve","og_site_name":"Togo","article_published_time":"2022-09-27T18:33:00+00:00","article_modified_time":"2022-09-27T18:47:38+00:00","og_image":[{"width":1200,"height":800,"url":"https:\/\/static.africa-press.net\/togo\/sites\/58\/2022\/09\/postQueueImg_16-63334531a2887.jpg","type":"image\/jpeg"}],"author":"cfeditorfr","twitter_card":"summary_large_image","twitter_misc":{"\u00c9crit par":"cfeditorfr","Dur\u00e9e de lecture estim\u00e9e":"3 minutes"},"schema":{"@context":"https:\/\/schema.org","@graph":[{"@type":"Article","@id":"https:\/\/www.africa-press.net\/togo\/toutes-les-actualites\/togo-enseignants-et-eleves-toujours-en-detention-six-mois-apres-une-greve#article","isPartOf":{"@id":"https:\/\/www.africa-press.net\/togo\/toutes-les-actualites\/togo-enseignants-et-eleves-toujours-en-detention-six-mois-apres-une-greve"},"author":{"name":"cfeditorfr","@id":"https:\/\/www.africa-press.net\/togo\/#\/schema\/person\/2b1cf3cd81a31e3cd26889ca66d677f1"},"headline":"Togo-Enseignants et \u00e9l\u00e8ves toujours en d\u00e9tention six mois apr\u00e8s une gr\u00e8ve","datePublished":"2022-09-27T18:33:00+00:00","dateModified":"2022-09-27T18:47:38+00:00","mainEntityOfPage":{"@id":"https:\/\/www.africa-press.net\/togo\/toutes-les-actualites\/togo-enseignants-et-eleves-toujours-en-detention-six-mois-apres-une-greve"},"wordCount":487,"commentCount":0,"image":{"@id":"https:\/\/www.africa-press.net\/togo\/toutes-les-actualites\/togo-enseignants-et-eleves-toujours-en-detention-six-mois-apres-une-greve#primaryimage"},"thumbnailUrl":"https:\/\/static.africa-press.net\/togo\/sites\/58\/2022\/09\/postQueueImg_16-63334531a2887.jpg","keywords":["Africa Press","Africa Press-Togo","Togo"],"articleSection":["Communaut\u00e9","Toutes les actualit\u00e9s"],"inLanguage":"fr-FR","potentialAction":[{"@type":"CommentAction","name":"Comment","target":["https:\/\/www.africa-press.net\/togo\/toutes-les-actualites\/togo-enseignants-et-eleves-toujours-en-detention-six-mois-apres-une-greve#respond"]}]},{"@type":"WebPage","@id":"https:\/\/www.africa-press.net\/togo\/toutes-les-actualites\/togo-enseignants-et-eleves-toujours-en-detention-six-mois-apres-une-greve","url":"https:\/\/www.africa-press.net\/togo\/toutes-les-actualites\/togo-enseignants-et-eleves-toujours-en-detention-six-mois-apres-une-greve","name":"Togo-Enseignants et \u00e9l\u00e8ves toujours en d\u00e9tention six mois apr\u00e8s une gr\u00e8ve - Togo","isPartOf":{"@id":"https:\/\/www.africa-press.net\/togo\/#website"},"primaryImageOfPage":{"@id":"https:\/\/www.africa-press.net\/togo\/toutes-les-actualites\/togo-enseignants-et-eleves-toujours-en-detention-six-mois-apres-une-greve#primaryimage"},"image":{"@id":"https:\/\/www.africa-press.net\/togo\/toutes-les-actualites\/togo-enseignants-et-eleves-toujours-en-detention-six-mois-apres-une-greve#primaryimage"},"thumbnailUrl":"https:\/\/static.africa-press.net\/togo\/sites\/58\/2022\/09\/postQueueImg_16-63334531a2887.jpg","datePublished":"2022-09-27T18:33:00+00:00","dateModified":"2022-09-27T18:47:38+00:00","author":{"@id":"https:\/\/www.africa-press.net\/togo\/#\/schema\/person\/2b1cf3cd81a31e3cd26889ca66d677f1"},"description":"Quatre e\u0301le\u0300ves et trois enseignants togolais sont toujours incarce\u0301re\u0301s a\u0300 la prison de Dapaong, pre\u0300s de six mois a ...","breadcrumb":{"@id":"https:\/\/www.africa-press.net\/togo\/toutes-les-actualites\/togo-enseignants-et-eleves-toujours-en-detention-six-mois-apres-une-greve#breadcrumb"},"inLanguage":"fr-FR","potentialAction":[{"@type":"ReadAction","target":["https:\/\/www.africa-press.net\/togo\/toutes-les-actualites\/togo-enseignants-et-eleves-toujours-en-detention-six-mois-apres-une-greve"]}]},{"@type":"ImageObject","inLanguage":"fr-FR","@id":"https:\/\/www.africa-press.net\/togo\/toutes-les-actualites\/togo-enseignants-et-eleves-toujours-en-detention-six-mois-apres-une-greve#primaryimage","url":"https:\/\/static.africa-press.net\/togo\/sites\/58\/2022\/09\/postQueueImg_16-63334531a2887.jpg","contentUrl":"https:\/\/static.africa-press.net\/togo\/sites\/58\/2022\/09\/postQueueImg_16-63334531a2887.jpg","width":1200,"height":800,"caption":"Togo-Enseignants et \u00e9l\u00e8ves toujours en d\u00e9tention six mois apr\u00e8s une gr\u00e8ve"},{"@type":"BreadcrumbList","@id":"https:\/\/www.africa-press.net\/togo\/toutes-les-actualites\/togo-enseignants-et-eleves-toujours-en-detention-six-mois-apres-une-greve#breadcrumb","itemListElement":[{"@type":"ListItem","position":1,"name":"Accueil","item":"https:\/\/www.africa-press.net\/togo\/"},{"@type":"ListItem","position":2,"name":"Togo-Enseignants et \u00e9l\u00e8ves toujours en d\u00e9tention six mois apr\u00e8s une gr\u00e8ve"}]},{"@type":"WebSite","@id":"https:\/\/www.africa-press.net\/togo\/#website","url":"https:\/\/www.africa-press.net\/togo\/","name":"Togo","description":"Just another Africa News Agency Sites site","potentialAction":[{"@type":"SearchAction","target":{"@type":"EntryPoint","urlTemplate":"https:\/\/www.africa-press.net\/togo\/?s={search_term_string}"},"query-input":{"@type":"PropertyValueSpecification","valueRequired":true,"valueName":"search_term_string"}}],"inLanguage":"fr-FR"},{"@type":"Person","@id":"https:\/\/www.africa-press.net\/togo\/#\/schema\/person\/2b1cf3cd81a31e3cd26889ca66d677f1","name":"cfeditorfr"}]}},"_links":{"self":[{"href":"https:\/\/www.africa-press.net\/togo\/wp-json\/wp\/v2\/posts\/11613","targetHints":{"allow":["GET"]}}],"collection":[{"href":"https:\/\/www.africa-press.net\/togo\/wp-json\/wp\/v2\/posts"}],"about":[{"href":"https:\/\/www.africa-press.net\/togo\/wp-json\/wp\/v2\/types\/post"}],"author":[{"embeddable":true,"href":"https:\/\/www.africa-press.net\/togo\/wp-json\/wp\/v2\/users\/82"}],"replies":[{"embeddable":true,"href":"https:\/\/www.africa-press.net\/togo\/wp-json\/wp\/v2\/comments?post=11613"}],"version-history":[{"count":0,"href":"https:\/\/www.africa-press.net\/togo\/wp-json\/wp\/v2\/posts\/11613\/revisions"}],"wp:featuredmedia":[{"embeddable":true,"href":"https:\/\/www.africa-press.net\/togo\/wp-json\/wp\/v2\/media\/11612"}],"wp:attachment":[{"href":"https:\/\/www.africa-press.net\/togo\/wp-json\/wp\/v2\/media?parent=11613"}],"wp:term":[{"taxonomy":"category","embeddable":true,"href":"https:\/\/www.africa-press.net\/togo\/wp-json\/wp\/v2\/categories?post=11613"},{"taxonomy":"post_tag","embeddable":true,"href":"https:\/\/www.africa-press.net\/togo\/wp-json\/wp\/v2\/tags?post=11613"}],"curies":[{"name":"wp","href":"https:\/\/api.w.org\/{rel}","templated":true}]}}