{"id":11634,"date":"2022-09-28T17:37:35","date_gmt":"2022-09-28T17:37:35","guid":{"rendered":"https:\/\/www.africa-press.net\/togo\/politique\/elim-can-u23-le-togo-au-2e-tour"},"modified":"2022-09-28T17:47:42","modified_gmt":"2022-09-28T17:47:42","slug":"elim-can-u23-le-togo-au-2e-tour","status":"publish","type":"post","link":"https:\/\/www.africa-press.net\/togo\/sports\/elim-can-u23-le-togo-au-2e-tour","title":{"rendered":"Elim CAN U23: Le Togo au 2\u00e8 tour"},"content":{"rendered":"<p><span style=\"color: #ff6600\"><strong>Africa-Press &#8211; Togo. <\/strong><\/span><b>Les Eperviers espoirs se sont qualifie\u0301s ce mardi 27 septembre pour la deuxie\u0300me e\u0301tape de la course qualificative pour la phase finale de la prochaine Coupe d\u2019Afrique des nations (CAN) de leur cate\u0301gorie pre\u0301vue au Maroc en 2023.<\/b><\/p>\n<p>Le Togo a e\u0301te\u0301 battu au match aller a\u0300 Nouakchott par les Mourabitounes le week-end dernier sur le score de 1-0. Une rencontre comptant pour le tour pre\u0301liminaire.<\/p>\n<p>A Lome\u0301, au stade de Ke\u0301gue\u0301, devant leurs supporters, les jeunes togolais sont parvenus a\u0300 gagner leurs adversaires 2-0 et ont obtenu ainsi le ticket pour le tour suivant des e\u0301liminatoires. Une bonne nouvelle pour ces Eperviers espoirs.<\/p>\n<p><strong>Pour plus d&rsquo;informations et d&rsquo;analyses sur la <a href=\"https:\/\/www.africa-press.net\/togo\">Togo<\/a>, suivez <a href=\"https:\/\/www.africa-press.net\/\">Africa-Press<\/a><\/strong><\/p>\n","protected":false},"excerpt":{"rendered":"<p>Africa-Press &#8211; Togo. Les Eperviers espoirs se sont qualifie\u0301s ce mardi 27 septembre pour la deuxie\u0300me e\u0301tape de la course qualificative pour la phase finale de la prochaine Coupe d\u2019Afrique des nations (CAN) de leur cate\u0301gorie pre\u0301vue au Maroc en 2023. Le Togo a e\u0301te\u0301 battu au match aller a\u0300 Nouakchott par les Mourabitounes le [&hellip;]<\/p>\n","protected":false},"author":82,"featured_media":11633,"comment_status":"open","ping_status":"closed","sticky":false,"template":"","format":"standard","meta":{"footnotes":""},"categories":[6,10],"tags":[36,49,50],"class_list":["post-11634","post","type-post","status-publish","format-standard","has-post-thumbnail","hentry","category-sports","category-toutes-les-actualites","tag-africa-press","tag-africa-press-togo","tag-togo"],"yoast_head":"<!-- This site is optimized with the Yoast SEO Premium plugin v26.1 (Yoast SEO v27.0) - https:\/\/yoast.com\/product\/yoast-seo-premium-wordpress\/ -->\n<title>Elim CAN U23: Le Togo au 2\u00e8 tour - Togo<\/title>\n<meta name=\"description\" content=\"Les Eperviers espoirs se sont qualifie\u0301s ce mardi 27 septembre pour la deuxie\u0300me e\u0301tape de la course qualificative po ...\" \/>\n<meta name=\"robots\" content=\"index, follow, max-snippet:-1, max-image-preview:large, max-video-preview:-1\" \/>\n<link rel=\"canonical\" href=\"https:\/\/www.africa-press.net\/togo\/sports\/elim-can-u23-le-togo-au-2e-tour\" \/>\n<meta property=\"og:locale\" content=\"fr_FR\" \/>\n<meta property=\"og:type\" content=\"article\" \/>\n<meta property=\"og:title\" content=\"Elim CAN U23: Le Togo au 2\u00e8 tour\" \/>\n<meta property=\"og:description\" content=\"Les Eperviers espoirs se sont qualifie\u0301s ce mardi 27 septembre pour la deuxie\u0300me e\u0301tape de la course qualificative po ...\" \/>\n<meta property=\"og:url\" content=\"https:\/\/www.africa-press.net\/togo\/sports\/elim-can-u23-le-togo-au-2e-tour\" \/>\n<meta property=\"og:site_name\" content=\"Togo\" \/>\n<meta property=\"article:published_time\" content=\"2022-09-28T17:37:35+00:00\" \/>\n<meta property=\"article:modified_time\" content=\"2022-09-28T17:47:42+00:00\" \/>\n<meta property=\"og:image\" content=\"https:\/\/static.africa-press.net\/togo\/sites\/58\/2022\/09\/postQueueImg_2-6334887361dfb.jpg\" \/>\n\t<meta property=\"og:image:width\" content=\"1280\" \/>\n\t<meta property=\"og:image:height\" content=\"800\" \/>\n\t<meta property=\"og:image:type\" content=\"image\/jpeg\" \/>\n<meta name=\"author\" content=\"cfeditorfr\" \/>\n<meta name=\"twitter:card\" content=\"summary_large_image\" \/>\n<meta name=\"twitter:label1\" content=\"\u00c9crit par\" \/>\n\t<meta name=\"twitter:data1\" content=\"cfeditorfr\" \/>\n\t<meta name=\"twitter:label2\" content=\"Dur\u00e9e de lecture estim\u00e9e\" \/>\n\t<meta name=\"twitter:data2\" content=\"1 minute\" \/>\n<script type=\"application\/ld+json\" class=\"yoast-schema-graph\">{\"@context\":\"https:\/\/schema.org\",\"@graph\":[{\"@type\":\"Article\",\"@id\":\"https:\/\/www.africa-press.net\/togo\/sports\/elim-can-u23-le-togo-au-2e-tour#article\",\"isPartOf\":{\"@id\":\"https:\/\/www.africa-press.net\/togo\/sports\/elim-can-u23-le-togo-au-2e-tour\"},\"author\":{\"name\":\"cfeditorfr\",\"@id\":\"https:\/\/www.africa-press.net\/togo\/#\/schema\/person\/2b1cf3cd81a31e3cd26889ca66d677f1\"},\"headline\":\"Elim CAN U23: Le Togo au 2\u00e8 tour\",\"datePublished\":\"2022-09-28T17:37:35+00:00\",\"dateModified\":\"2022-09-28T17:47:42+00:00\",\"mainEntityOfPage\":{\"@id\":\"https:\/\/www.africa-press.net\/togo\/sports\/elim-can-u23-le-togo-au-2e-tour\"},\"wordCount\":134,\"commentCount\":0,\"image\":{\"@id\":\"https:\/\/www.africa-press.net\/togo\/sports\/elim-can-u23-le-togo-au-2e-tour#primaryimage\"},\"thumbnailUrl\":\"https:\/\/static.africa-press.net\/togo\/sites\/58\/2022\/09\/postQueueImg_2-6334887361dfb.jpg\",\"keywords\":[\"Africa Press\",\"Africa Press-Togo\",\"Togo\"],\"articleSection\":[\"Sports\",\"Toutes les actualit\u00e9s\"],\"inLanguage\":\"fr-FR\",\"potentialAction\":[{\"@type\":\"CommentAction\",\"name\":\"Comment\",\"target\":[\"https:\/\/www.africa-press.net\/togo\/sports\/elim-can-u23-le-togo-au-2e-tour#respond\"]}]},{\"@type\":\"WebPage\",\"@id\":\"https:\/\/www.africa-press.net\/togo\/sports\/elim-can-u23-le-togo-au-2e-tour\",\"url\":\"https:\/\/www.africa-press.net\/togo\/sports\/elim-can-u23-le-togo-au-2e-tour\",\"name\":\"Elim CAN U23: Le Togo au 2\u00e8 tour - Togo\",\"isPartOf\":{\"@id\":\"https:\/\/www.africa-press.net\/togo\/#website\"},\"primaryImageOfPage\":{\"@id\":\"https:\/\/www.africa-press.net\/togo\/sports\/elim-can-u23-le-togo-au-2e-tour#primaryimage\"},\"image\":{\"@id\":\"https:\/\/www.africa-press.net\/togo\/sports\/elim-can-u23-le-togo-au-2e-tour#primaryimage\"},\"thumbnailUrl\":\"https:\/\/static.africa-press.net\/togo\/sites\/58\/2022\/09\/postQueueImg_2-6334887361dfb.jpg\",\"datePublished\":\"2022-09-28T17:37:35+00:00\",\"dateModified\":\"2022-09-28T17:47:42+00:00\",\"author\":{\"@id\":\"https:\/\/www.africa-press.net\/togo\/#\/schema\/person\/2b1cf3cd81a31e3cd26889ca66d677f1\"},\"description\":\"Les Eperviers espoirs se sont qualifie\u0301s ce mardi 27 septembre pour la deuxie\u0300me e\u0301tape de la course qualificative po ...\",\"breadcrumb\":{\"@id\":\"https:\/\/www.africa-press.net\/togo\/sports\/elim-can-u23-le-togo-au-2e-tour#breadcrumb\"},\"inLanguage\":\"fr-FR\",\"potentialAction\":[{\"@type\":\"ReadAction\",\"target\":[\"https:\/\/www.africa-press.net\/togo\/sports\/elim-can-u23-le-togo-au-2e-tour\"]}]},{\"@type\":\"ImageObject\",\"inLanguage\":\"fr-FR\",\"@id\":\"https:\/\/www.africa-press.net\/togo\/sports\/elim-can-u23-le-togo-au-2e-tour#primaryimage\",\"url\":\"https:\/\/static.africa-press.net\/togo\/sites\/58\/2022\/09\/postQueueImg_2-6334887361dfb.jpg\",\"contentUrl\":\"https:\/\/static.africa-press.net\/togo\/sites\/58\/2022\/09\/postQueueImg_2-6334887361dfb.jpg\",\"width\":1280,\"height\":800,\"caption\":\"Elim CAN U23: Le Togo au 2\u00e8 tour\"},{\"@type\":\"BreadcrumbList\",\"@id\":\"https:\/\/www.africa-press.net\/togo\/sports\/elim-can-u23-le-togo-au-2e-tour#breadcrumb\",\"itemListElement\":[{\"@type\":\"ListItem\",\"position\":1,\"name\":\"Accueil\",\"item\":\"https:\/\/www.africa-press.net\/togo\/\"},{\"@type\":\"ListItem\",\"position\":2,\"name\":\"Elim CAN U23: Le Togo au 2\u00e8 tour\"}]},{\"@type\":\"WebSite\",\"@id\":\"https:\/\/www.africa-press.net\/togo\/#website\",\"url\":\"https:\/\/www.africa-press.net\/togo\/\",\"name\":\"Togo\",\"description\":\"Just another Africa News Agency Sites site\",\"potentialAction\":[{\"@type\":\"SearchAction\",\"target\":{\"@type\":\"EntryPoint\",\"urlTemplate\":\"https:\/\/www.africa-press.net\/togo\/?s={search_term_string}\"},\"query-input\":{\"@type\":\"PropertyValueSpecification\",\"valueRequired\":true,\"valueName\":\"search_term_string\"}}],\"inLanguage\":\"fr-FR\"},{\"@type\":\"Person\",\"@id\":\"https:\/\/www.africa-press.net\/togo\/#\/schema\/person\/2b1cf3cd81a31e3cd26889ca66d677f1\",\"name\":\"cfeditorfr\"}]}<\/script>\n<!-- \/ Yoast SEO Premium plugin. -->","yoast_head_json":{"title":"Elim CAN U23: Le Togo au 2\u00e8 tour - Togo","description":"Les Eperviers espoirs se sont qualifie\u0301s ce mardi 27 septembre pour la deuxie\u0300me e\u0301tape de la course qualificative po ...","robots":{"index":"index","follow":"follow","max-snippet":"max-snippet:-1","max-image-preview":"max-image-preview:large","max-video-preview":"max-video-preview:-1"},"canonical":"https:\/\/www.africa-press.net\/togo\/sports\/elim-can-u23-le-togo-au-2e-tour","og_locale":"fr_FR","og_type":"article","og_title":"Elim CAN U23: Le Togo au 2\u00e8 tour","og_description":"Les Eperviers espoirs se sont qualifie\u0301s ce mardi 27 septembre pour la deuxie\u0300me e\u0301tape de la course qualificative po ...","og_url":"https:\/\/www.africa-press.net\/togo\/sports\/elim-can-u23-le-togo-au-2e-tour","og_site_name":"Togo","article_published_time":"2022-09-28T17:37:35+00:00","article_modified_time":"2022-09-28T17:47:42+00:00","og_image":[{"width":1280,"height":800,"url":"https:\/\/static.africa-press.net\/togo\/sites\/58\/2022\/09\/postQueueImg_2-6334887361dfb.jpg","type":"image\/jpeg"}],"author":"cfeditorfr","twitter_card":"summary_large_image","twitter_misc":{"\u00c9crit par":"cfeditorfr","Dur\u00e9e de lecture estim\u00e9e":"1 minute"},"schema":{"@context":"https:\/\/schema.org","@graph":[{"@type":"Article","@id":"https:\/\/www.africa-press.net\/togo\/sports\/elim-can-u23-le-togo-au-2e-tour#article","isPartOf":{"@id":"https:\/\/www.africa-press.net\/togo\/sports\/elim-can-u23-le-togo-au-2e-tour"},"author":{"name":"cfeditorfr","@id":"https:\/\/www.africa-press.net\/togo\/#\/schema\/person\/2b1cf3cd81a31e3cd26889ca66d677f1"},"headline":"Elim CAN U23: Le Togo au 2\u00e8 tour","datePublished":"2022-09-28T17:37:35+00:00","dateModified":"2022-09-28T17:47:42+00:00","mainEntityOfPage":{"@id":"https:\/\/www.africa-press.net\/togo\/sports\/elim-can-u23-le-togo-au-2e-tour"},"wordCount":134,"commentCount":0,"image":{"@id":"https:\/\/www.africa-press.net\/togo\/sports\/elim-can-u23-le-togo-au-2e-tour#primaryimage"},"thumbnailUrl":"https:\/\/static.africa-press.net\/togo\/sites\/58\/2022\/09\/postQueueImg_2-6334887361dfb.jpg","keywords":["Africa Press","Africa Press-Togo","Togo"],"articleSection":["Sports","Toutes les actualit\u00e9s"],"inLanguage":"fr-FR","potentialAction":[{"@type":"CommentAction","name":"Comment","target":["https:\/\/www.africa-press.net\/togo\/sports\/elim-can-u23-le-togo-au-2e-tour#respond"]}]},{"@type":"WebPage","@id":"https:\/\/www.africa-press.net\/togo\/sports\/elim-can-u23-le-togo-au-2e-tour","url":"https:\/\/www.africa-press.net\/togo\/sports\/elim-can-u23-le-togo-au-2e-tour","name":"Elim CAN U23: Le Togo au 2\u00e8 tour - Togo","isPartOf":{"@id":"https:\/\/www.africa-press.net\/togo\/#website"},"primaryImageOfPage":{"@id":"https:\/\/www.africa-press.net\/togo\/sports\/elim-can-u23-le-togo-au-2e-tour#primaryimage"},"image":{"@id":"https:\/\/www.africa-press.net\/togo\/sports\/elim-can-u23-le-togo-au-2e-tour#primaryimage"},"thumbnailUrl":"https:\/\/static.africa-press.net\/togo\/sites\/58\/2022\/09\/postQueueImg_2-6334887361dfb.jpg","datePublished":"2022-09-28T17:37:35+00:00","dateModified":"2022-09-28T17:47:42+00:00","author":{"@id":"https:\/\/www.africa-press.net\/togo\/#\/schema\/person\/2b1cf3cd81a31e3cd26889ca66d677f1"},"description":"Les Eperviers espoirs se sont qualifie\u0301s ce mardi 27 septembre pour la deuxie\u0300me e\u0301tape de la course qualificative po ...","breadcrumb":{"@id":"https:\/\/www.africa-press.net\/togo\/sports\/elim-can-u23-le-togo-au-2e-tour#breadcrumb"},"inLanguage":"fr-FR","potentialAction":[{"@type":"ReadAction","target":["https:\/\/www.africa-press.net\/togo\/sports\/elim-can-u23-le-togo-au-2e-tour"]}]},{"@type":"ImageObject","inLanguage":"fr-FR","@id":"https:\/\/www.africa-press.net\/togo\/sports\/elim-can-u23-le-togo-au-2e-tour#primaryimage","url":"https:\/\/static.africa-press.net\/togo\/sites\/58\/2022\/09\/postQueueImg_2-6334887361dfb.jpg","contentUrl":"https:\/\/static.africa-press.net\/togo\/sites\/58\/2022\/09\/postQueueImg_2-6334887361dfb.jpg","width":1280,"height":800,"caption":"Elim CAN U23: Le Togo au 2\u00e8 tour"},{"@type":"BreadcrumbList","@id":"https:\/\/www.africa-press.net\/togo\/sports\/elim-can-u23-le-togo-au-2e-tour#breadcrumb","itemListElement":[{"@type":"ListItem","position":1,"name":"Accueil","item":"https:\/\/www.africa-press.net\/togo\/"},{"@type":"ListItem","position":2,"name":"Elim CAN U23: Le Togo au 2\u00e8 tour"}]},{"@type":"WebSite","@id":"https:\/\/www.africa-press.net\/togo\/#website","url":"https:\/\/www.africa-press.net\/togo\/","name":"Togo","description":"Just another Africa News Agency Sites site","potentialAction":[{"@type":"SearchAction","target":{"@type":"EntryPoint","urlTemplate":"https:\/\/www.africa-press.net\/togo\/?s={search_term_string}"},"query-input":{"@type":"PropertyValueSpecification","valueRequired":true,"valueName":"search_term_string"}}],"inLanguage":"fr-FR"},{"@type":"Person","@id":"https:\/\/www.africa-press.net\/togo\/#\/schema\/person\/2b1cf3cd81a31e3cd26889ca66d677f1","name":"cfeditorfr"}]}},"_links":{"self":[{"href":"https:\/\/www.africa-press.net\/togo\/wp-json\/wp\/v2\/posts\/11634","targetHints":{"allow":["GET"]}}],"collection":[{"href":"https:\/\/www.africa-press.net\/togo\/wp-json\/wp\/v2\/posts"}],"about":[{"href":"https:\/\/www.africa-press.net\/togo\/wp-json\/wp\/v2\/types\/post"}],"author":[{"embeddable":true,"href":"https:\/\/www.africa-press.net\/togo\/wp-json\/wp\/v2\/users\/82"}],"replies":[{"embeddable":true,"href":"https:\/\/www.africa-press.net\/togo\/wp-json\/wp\/v2\/comments?post=11634"}],"version-history":[{"count":0,"href":"https:\/\/www.africa-press.net\/togo\/wp-json\/wp\/v2\/posts\/11634\/revisions"}],"wp:featuredmedia":[{"embeddable":true,"href":"https:\/\/www.africa-press.net\/togo\/wp-json\/wp\/v2\/media\/11633"}],"wp:attachment":[{"href":"https:\/\/www.africa-press.net\/togo\/wp-json\/wp\/v2\/media?parent=11634"}],"wp:term":[{"taxonomy":"category","embeddable":true,"href":"https:\/\/www.africa-press.net\/togo\/wp-json\/wp\/v2\/categories?post=11634"},{"taxonomy":"post_tag","embeddable":true,"href":"https:\/\/www.africa-press.net\/togo\/wp-json\/wp\/v2\/tags?post=11634"}],"curies":[{"name":"wp","href":"https:\/\/api.w.org\/{rel}","templated":true}]}}