{"id":11642,"date":"2022-09-28T17:38:36","date_gmt":"2022-09-28T17:38:36","guid":{"rendered":"https:\/\/www.africa-press.net\/togo\/politique\/concretiser-lexcellent-discours-du-ministre-togolais"},"modified":"2022-09-28T17:50:35","modified_gmt":"2022-09-28T17:50:35","slug":"concretiser-lexcellent-discours-du-ministre-togolais","status":"publish","type":"post","link":"https:\/\/www.africa-press.net\/togo\/politique\/concretiser-lexcellent-discours-du-ministre-togolais","title":{"rendered":"CONCR\u00c9TISER L\u2019EXCELLENT DISCOURS DU MINISTRE TOGOLAIS"},"content":{"rendered":"<p><span style=\"color: #ff6600\"><strong>Africa-Press &#8211; Togo. <\/strong><\/span><b>CONCRE\u0301TISER L\u2019EXCELLENT DISCOURS DU MINISTRE TOGOLAIS<\/b><\/p>\n<p>La finalite\u0301 de la de\u0301claration du Ministre Robert Dussey a\u0300 la 77e\u0300me AG des Nations Unies est certainement de propulser le pouvoir de Lome\u0301 sur le devant de la sce\u0300ne internationale; un re\u0301gime tre\u0300s impopulaire a\u0300 l\u2019inte\u0301rieur.<\/p>\n<p>Ce deuxie\u0300me parame\u0300tre aurait d\u2019ailleurs rendu l\u2019allocution inaudible aupre\u0300s de la jeunesse africaine.<\/p>\n<p>Au-dela\u0300 de ce constat, la voix que porte le Ministre des Affaires E\u0301trange\u0300res est clairement celle d\u2019une Afrique qui veut compter, e\u0302tre respecte\u0301e, se de\u0301velopper, se prendre en charge et faire des e\u0301changes avantageux avec le reste du monde.<\/p>\n<p>En bon Togolais, il a fait passer sa communication de manie\u0300re me\u0301thodique, adroite, pose\u0301e et ferme; le fond et la forme sont e\u0301quilibre\u0301s.<\/p>\n<p>Le peuple africain dans son ensemble et les panafricanistes se\u0301rieux spe\u0301cialement oublieront l\u2019appartenance politique de l\u2019homme et s\u2019approprieront le message.<\/p>\n<p>Dans un monde en plein doute sur l\u2019orientation a\u0300 donner aux relations internationales, ils doivent sauter sur l\u2019occasion et motiver l\u2019Afrique et le reste de la plane\u0300te a\u0300 concre\u0301tiser ce discours.<\/p>\n<p>Les pistes d\u2019action seraient notamment la convocation d\u2019une rencontre de ve\u0301rite\u0301 et de mutation sur le partenariat Afrique-Monde.<\/p>\n<p>Il faudrait ne\u0301cessairement la travailler en amont et la porter par des mouvements citoyens alternatifs qui tre\u0300s organise\u0301s, coinceront naturellement les officiels africains a\u0300 adopter une feuille de route claire. Ils seront par ailleurs les gardiens de sa mise en \u0153uvre.<\/p>\n<p>Ce travail devra e\u0302tre couple\u0301 avec le balayage propre des contradictions internes qui font que l\u2019Afrique stage jusqu\u2019a\u0300 pre\u0301sent.<\/p>\n<p><strong>Pour plus d&rsquo;informations et d&rsquo;analyses sur la <a href=\"https:\/\/www.africa-press.net\/togo\">Togo<\/a>, suivez <a href=\"https:\/\/www.africa-press.net\/\">Africa-Press<\/a><\/strong><\/p>\n","protected":false},"excerpt":{"rendered":"<p>Africa-Press &#8211; Togo. CONCRE\u0301TISER L\u2019EXCELLENT DISCOURS DU MINISTRE TOGOLAIS La finalite\u0301 de la de\u0301claration du Ministre Robert Dussey a\u0300 la 77e\u0300me AG des Nations Unies est certainement de propulser le pouvoir de Lome\u0301 sur le devant de la sce\u0300ne internationale; un re\u0301gime tre\u0300s impopulaire a\u0300 l\u2019inte\u0301rieur. Ce deuxie\u0300me parame\u0300tre aurait d\u2019ailleurs rendu l\u2019allocution inaudible aupre\u0300s [&hellip;]<\/p>\n","protected":false},"author":82,"featured_media":11641,"comment_status":"open","ping_status":"closed","sticky":false,"template":"","format":"standard","meta":{"footnotes":""},"categories":[2,10],"tags":[36,49,50],"class_list":["post-11642","post","type-post","status-publish","format-standard","has-post-thumbnail","hentry","category-politique","category-toutes-les-actualites","tag-africa-press","tag-africa-press-togo","tag-togo"],"yoast_head":"<!-- This site is optimized with the Yoast SEO Premium plugin v26.1 (Yoast SEO v27.0) - https:\/\/yoast.com\/product\/yoast-seo-premium-wordpress\/ -->\n<title>CONCR\u00c9TISER L\u2019EXCELLENT DISCOURS DU MINISTRE TOGOLAIS - Togo<\/title>\n<meta name=\"description\" content=\"CONCRE\u0301TISER L\u2019EXCELLENT DISCOURS DU MINISTRE TOGOLAIS La finalite\u0301 de la de\u0301claration du Ministre Robert Dussey ...\" \/>\n<meta name=\"robots\" content=\"index, follow, max-snippet:-1, max-image-preview:large, max-video-preview:-1\" \/>\n<link rel=\"canonical\" href=\"https:\/\/www.africa-press.net\/togo\/politique\/concretiser-lexcellent-discours-du-ministre-togolais\" \/>\n<meta property=\"og:locale\" content=\"fr_FR\" \/>\n<meta property=\"og:type\" content=\"article\" \/>\n<meta property=\"og:title\" content=\"CONCR\u00c9TISER L\u2019EXCELLENT DISCOURS DU MINISTRE TOGOLAIS\" \/>\n<meta property=\"og:description\" content=\"CONCRE\u0301TISER L\u2019EXCELLENT DISCOURS DU MINISTRE TOGOLAIS La finalite\u0301 de la de\u0301claration du Ministre Robert Dussey ...\" \/>\n<meta property=\"og:url\" content=\"https:\/\/www.africa-press.net\/togo\/politique\/concretiser-lexcellent-discours-du-ministre-togolais\" \/>\n<meta property=\"og:site_name\" content=\"Togo\" \/>\n<meta property=\"article:published_time\" content=\"2022-09-28T17:38:36+00:00\" \/>\n<meta property=\"article:modified_time\" content=\"2022-09-28T17:50:35+00:00\" \/>\n<meta property=\"og:image\" content=\"https:\/\/static.africa-press.net\/togo\/sites\/58\/2022\/09\/postQueueImg_5-633489407bea8.jpg\" \/>\n\t<meta property=\"og:image:width\" content=\"1298\" \/>\n\t<meta property=\"og:image:height\" content=\"800\" \/>\n\t<meta property=\"og:image:type\" content=\"image\/jpeg\" \/>\n<meta name=\"author\" content=\"cfeditorfr\" \/>\n<meta name=\"twitter:card\" content=\"summary_large_image\" \/>\n<meta name=\"twitter:label1\" content=\"\u00c9crit par\" \/>\n\t<meta name=\"twitter:data1\" content=\"cfeditorfr\" \/>\n\t<meta name=\"twitter:label2\" content=\"Dur\u00e9e de lecture estim\u00e9e\" \/>\n\t<meta name=\"twitter:data2\" content=\"2 minutes\" \/>\n<script type=\"application\/ld+json\" class=\"yoast-schema-graph\">{\"@context\":\"https:\/\/schema.org\",\"@graph\":[{\"@type\":\"Article\",\"@id\":\"https:\/\/www.africa-press.net\/togo\/politique\/concretiser-lexcellent-discours-du-ministre-togolais#article\",\"isPartOf\":{\"@id\":\"https:\/\/www.africa-press.net\/togo\/politique\/concretiser-lexcellent-discours-du-ministre-togolais\"},\"author\":{\"name\":\"cfeditorfr\",\"@id\":\"https:\/\/www.africa-press.net\/togo\/#\/schema\/person\/2b1cf3cd81a31e3cd26889ca66d677f1\"},\"headline\":\"CONCR\u00c9TISER L\u2019EXCELLENT DISCOURS DU MINISTRE TOGOLAIS\",\"datePublished\":\"2022-09-28T17:38:36+00:00\",\"dateModified\":\"2022-09-28T17:50:35+00:00\",\"mainEntityOfPage\":{\"@id\":\"https:\/\/www.africa-press.net\/togo\/politique\/concretiser-lexcellent-discours-du-ministre-togolais\"},\"wordCount\":316,\"commentCount\":0,\"image\":{\"@id\":\"https:\/\/www.africa-press.net\/togo\/politique\/concretiser-lexcellent-discours-du-ministre-togolais#primaryimage\"},\"thumbnailUrl\":\"https:\/\/static.africa-press.net\/togo\/sites\/58\/2022\/09\/postQueueImg_5-633489407bea8.jpg\",\"keywords\":[\"Africa Press\",\"Africa Press-Togo\",\"Togo\"],\"articleSection\":[\"Politique\",\"Toutes les actualit\u00e9s\"],\"inLanguage\":\"fr-FR\",\"potentialAction\":[{\"@type\":\"CommentAction\",\"name\":\"Comment\",\"target\":[\"https:\/\/www.africa-press.net\/togo\/politique\/concretiser-lexcellent-discours-du-ministre-togolais#respond\"]}]},{\"@type\":\"WebPage\",\"@id\":\"https:\/\/www.africa-press.net\/togo\/politique\/concretiser-lexcellent-discours-du-ministre-togolais\",\"url\":\"https:\/\/www.africa-press.net\/togo\/politique\/concretiser-lexcellent-discours-du-ministre-togolais\",\"name\":\"CONCR\u00c9TISER L\u2019EXCELLENT DISCOURS DU MINISTRE TOGOLAIS - Togo\",\"isPartOf\":{\"@id\":\"https:\/\/www.africa-press.net\/togo\/#website\"},\"primaryImageOfPage\":{\"@id\":\"https:\/\/www.africa-press.net\/togo\/politique\/concretiser-lexcellent-discours-du-ministre-togolais#primaryimage\"},\"image\":{\"@id\":\"https:\/\/www.africa-press.net\/togo\/politique\/concretiser-lexcellent-discours-du-ministre-togolais#primaryimage\"},\"thumbnailUrl\":\"https:\/\/static.africa-press.net\/togo\/sites\/58\/2022\/09\/postQueueImg_5-633489407bea8.jpg\",\"datePublished\":\"2022-09-28T17:38:36+00:00\",\"dateModified\":\"2022-09-28T17:50:35+00:00\",\"author\":{\"@id\":\"https:\/\/www.africa-press.net\/togo\/#\/schema\/person\/2b1cf3cd81a31e3cd26889ca66d677f1\"},\"description\":\"CONCRE\u0301TISER L\u2019EXCELLENT DISCOURS DU MINISTRE TOGOLAIS La finalite\u0301 de la de\u0301claration du Ministre Robert Dussey ...\",\"breadcrumb\":{\"@id\":\"https:\/\/www.africa-press.net\/togo\/politique\/concretiser-lexcellent-discours-du-ministre-togolais#breadcrumb\"},\"inLanguage\":\"fr-FR\",\"potentialAction\":[{\"@type\":\"ReadAction\",\"target\":[\"https:\/\/www.africa-press.net\/togo\/politique\/concretiser-lexcellent-discours-du-ministre-togolais\"]}]},{\"@type\":\"ImageObject\",\"inLanguage\":\"fr-FR\",\"@id\":\"https:\/\/www.africa-press.net\/togo\/politique\/concretiser-lexcellent-discours-du-ministre-togolais#primaryimage\",\"url\":\"https:\/\/static.africa-press.net\/togo\/sites\/58\/2022\/09\/postQueueImg_5-633489407bea8.jpg\",\"contentUrl\":\"https:\/\/static.africa-press.net\/togo\/sites\/58\/2022\/09\/postQueueImg_5-633489407bea8.jpg\",\"width\":1298,\"height\":800,\"caption\":\"CONCR\u00c9TISER L\u2019EXCELLENT DISCOURS DU MINISTRE TOGOLAIS\"},{\"@type\":\"BreadcrumbList\",\"@id\":\"https:\/\/www.africa-press.net\/togo\/politique\/concretiser-lexcellent-discours-du-ministre-togolais#breadcrumb\",\"itemListElement\":[{\"@type\":\"ListItem\",\"position\":1,\"name\":\"Accueil\",\"item\":\"https:\/\/www.africa-press.net\/togo\/\"},{\"@type\":\"ListItem\",\"position\":2,\"name\":\"CONCR\u00c9TISER L\u2019EXCELLENT DISCOURS DU MINISTRE TOGOLAIS\"}]},{\"@type\":\"WebSite\",\"@id\":\"https:\/\/www.africa-press.net\/togo\/#website\",\"url\":\"https:\/\/www.africa-press.net\/togo\/\",\"name\":\"Togo\",\"description\":\"Just another Africa News Agency Sites site\",\"potentialAction\":[{\"@type\":\"SearchAction\",\"target\":{\"@type\":\"EntryPoint\",\"urlTemplate\":\"https:\/\/www.africa-press.net\/togo\/?s={search_term_string}\"},\"query-input\":{\"@type\":\"PropertyValueSpecification\",\"valueRequired\":true,\"valueName\":\"search_term_string\"}}],\"inLanguage\":\"fr-FR\"},{\"@type\":\"Person\",\"@id\":\"https:\/\/www.africa-press.net\/togo\/#\/schema\/person\/2b1cf3cd81a31e3cd26889ca66d677f1\",\"name\":\"cfeditorfr\"}]}<\/script>\n<!-- \/ Yoast SEO Premium plugin. -->","yoast_head_json":{"title":"CONCR\u00c9TISER L\u2019EXCELLENT DISCOURS DU MINISTRE TOGOLAIS - Togo","description":"CONCRE\u0301TISER L\u2019EXCELLENT DISCOURS DU MINISTRE TOGOLAIS La finalite\u0301 de la de\u0301claration du Ministre Robert Dussey ...","robots":{"index":"index","follow":"follow","max-snippet":"max-snippet:-1","max-image-preview":"max-image-preview:large","max-video-preview":"max-video-preview:-1"},"canonical":"https:\/\/www.africa-press.net\/togo\/politique\/concretiser-lexcellent-discours-du-ministre-togolais","og_locale":"fr_FR","og_type":"article","og_title":"CONCR\u00c9TISER L\u2019EXCELLENT DISCOURS DU MINISTRE TOGOLAIS","og_description":"CONCRE\u0301TISER L\u2019EXCELLENT DISCOURS DU MINISTRE TOGOLAIS La finalite\u0301 de la de\u0301claration du Ministre Robert Dussey ...","og_url":"https:\/\/www.africa-press.net\/togo\/politique\/concretiser-lexcellent-discours-du-ministre-togolais","og_site_name":"Togo","article_published_time":"2022-09-28T17:38:36+00:00","article_modified_time":"2022-09-28T17:50:35+00:00","og_image":[{"width":1298,"height":800,"url":"https:\/\/static.africa-press.net\/togo\/sites\/58\/2022\/09\/postQueueImg_5-633489407bea8.jpg","type":"image\/jpeg"}],"author":"cfeditorfr","twitter_card":"summary_large_image","twitter_misc":{"\u00c9crit par":"cfeditorfr","Dur\u00e9e de lecture estim\u00e9e":"2 minutes"},"schema":{"@context":"https:\/\/schema.org","@graph":[{"@type":"Article","@id":"https:\/\/www.africa-press.net\/togo\/politique\/concretiser-lexcellent-discours-du-ministre-togolais#article","isPartOf":{"@id":"https:\/\/www.africa-press.net\/togo\/politique\/concretiser-lexcellent-discours-du-ministre-togolais"},"author":{"name":"cfeditorfr","@id":"https:\/\/www.africa-press.net\/togo\/#\/schema\/person\/2b1cf3cd81a31e3cd26889ca66d677f1"},"headline":"CONCR\u00c9TISER L\u2019EXCELLENT DISCOURS DU MINISTRE TOGOLAIS","datePublished":"2022-09-28T17:38:36+00:00","dateModified":"2022-09-28T17:50:35+00:00","mainEntityOfPage":{"@id":"https:\/\/www.africa-press.net\/togo\/politique\/concretiser-lexcellent-discours-du-ministre-togolais"},"wordCount":316,"commentCount":0,"image":{"@id":"https:\/\/www.africa-press.net\/togo\/politique\/concretiser-lexcellent-discours-du-ministre-togolais#primaryimage"},"thumbnailUrl":"https:\/\/static.africa-press.net\/togo\/sites\/58\/2022\/09\/postQueueImg_5-633489407bea8.jpg","keywords":["Africa Press","Africa Press-Togo","Togo"],"articleSection":["Politique","Toutes les actualit\u00e9s"],"inLanguage":"fr-FR","potentialAction":[{"@type":"CommentAction","name":"Comment","target":["https:\/\/www.africa-press.net\/togo\/politique\/concretiser-lexcellent-discours-du-ministre-togolais#respond"]}]},{"@type":"WebPage","@id":"https:\/\/www.africa-press.net\/togo\/politique\/concretiser-lexcellent-discours-du-ministre-togolais","url":"https:\/\/www.africa-press.net\/togo\/politique\/concretiser-lexcellent-discours-du-ministre-togolais","name":"CONCR\u00c9TISER L\u2019EXCELLENT DISCOURS DU MINISTRE TOGOLAIS - Togo","isPartOf":{"@id":"https:\/\/www.africa-press.net\/togo\/#website"},"primaryImageOfPage":{"@id":"https:\/\/www.africa-press.net\/togo\/politique\/concretiser-lexcellent-discours-du-ministre-togolais#primaryimage"},"image":{"@id":"https:\/\/www.africa-press.net\/togo\/politique\/concretiser-lexcellent-discours-du-ministre-togolais#primaryimage"},"thumbnailUrl":"https:\/\/static.africa-press.net\/togo\/sites\/58\/2022\/09\/postQueueImg_5-633489407bea8.jpg","datePublished":"2022-09-28T17:38:36+00:00","dateModified":"2022-09-28T17:50:35+00:00","author":{"@id":"https:\/\/www.africa-press.net\/togo\/#\/schema\/person\/2b1cf3cd81a31e3cd26889ca66d677f1"},"description":"CONCRE\u0301TISER L\u2019EXCELLENT DISCOURS DU MINISTRE TOGOLAIS La finalite\u0301 de la de\u0301claration du Ministre Robert Dussey ...","breadcrumb":{"@id":"https:\/\/www.africa-press.net\/togo\/politique\/concretiser-lexcellent-discours-du-ministre-togolais#breadcrumb"},"inLanguage":"fr-FR","potentialAction":[{"@type":"ReadAction","target":["https:\/\/www.africa-press.net\/togo\/politique\/concretiser-lexcellent-discours-du-ministre-togolais"]}]},{"@type":"ImageObject","inLanguage":"fr-FR","@id":"https:\/\/www.africa-press.net\/togo\/politique\/concretiser-lexcellent-discours-du-ministre-togolais#primaryimage","url":"https:\/\/static.africa-press.net\/togo\/sites\/58\/2022\/09\/postQueueImg_5-633489407bea8.jpg","contentUrl":"https:\/\/static.africa-press.net\/togo\/sites\/58\/2022\/09\/postQueueImg_5-633489407bea8.jpg","width":1298,"height":800,"caption":"CONCR\u00c9TISER L\u2019EXCELLENT DISCOURS DU MINISTRE TOGOLAIS"},{"@type":"BreadcrumbList","@id":"https:\/\/www.africa-press.net\/togo\/politique\/concretiser-lexcellent-discours-du-ministre-togolais#breadcrumb","itemListElement":[{"@type":"ListItem","position":1,"name":"Accueil","item":"https:\/\/www.africa-press.net\/togo\/"},{"@type":"ListItem","position":2,"name":"CONCR\u00c9TISER L\u2019EXCELLENT DISCOURS DU MINISTRE TOGOLAIS"}]},{"@type":"WebSite","@id":"https:\/\/www.africa-press.net\/togo\/#website","url":"https:\/\/www.africa-press.net\/togo\/","name":"Togo","description":"Just another Africa News Agency Sites site","potentialAction":[{"@type":"SearchAction","target":{"@type":"EntryPoint","urlTemplate":"https:\/\/www.africa-press.net\/togo\/?s={search_term_string}"},"query-input":{"@type":"PropertyValueSpecification","valueRequired":true,"valueName":"search_term_string"}}],"inLanguage":"fr-FR"},{"@type":"Person","@id":"https:\/\/www.africa-press.net\/togo\/#\/schema\/person\/2b1cf3cd81a31e3cd26889ca66d677f1","name":"cfeditorfr"}]}},"_links":{"self":[{"href":"https:\/\/www.africa-press.net\/togo\/wp-json\/wp\/v2\/posts\/11642","targetHints":{"allow":["GET"]}}],"collection":[{"href":"https:\/\/www.africa-press.net\/togo\/wp-json\/wp\/v2\/posts"}],"about":[{"href":"https:\/\/www.africa-press.net\/togo\/wp-json\/wp\/v2\/types\/post"}],"author":[{"embeddable":true,"href":"https:\/\/www.africa-press.net\/togo\/wp-json\/wp\/v2\/users\/82"}],"replies":[{"embeddable":true,"href":"https:\/\/www.africa-press.net\/togo\/wp-json\/wp\/v2\/comments?post=11642"}],"version-history":[{"count":0,"href":"https:\/\/www.africa-press.net\/togo\/wp-json\/wp\/v2\/posts\/11642\/revisions"}],"wp:featuredmedia":[{"embeddable":true,"href":"https:\/\/www.africa-press.net\/togo\/wp-json\/wp\/v2\/media\/11641"}],"wp:attachment":[{"href":"https:\/\/www.africa-press.net\/togo\/wp-json\/wp\/v2\/media?parent=11642"}],"wp:term":[{"taxonomy":"category","embeddable":true,"href":"https:\/\/www.africa-press.net\/togo\/wp-json\/wp\/v2\/categories?post=11642"},{"taxonomy":"post_tag","embeddable":true,"href":"https:\/\/www.africa-press.net\/togo\/wp-json\/wp\/v2\/tags?post=11642"}],"curies":[{"name":"wp","href":"https:\/\/api.w.org\/{rel}","templated":true}]}}