{"id":11645,"date":"2022-09-28T17:38:48","date_gmt":"2022-09-28T17:38:48","guid":{"rendered":"https:\/\/www.africa-press.net\/togo\/politique\/togo-rentree-scolaire-2022-2023-les-fdr-demandent-la-liberation-des-eleves-et-enseignants-emprisonnes"},"modified":"2022-09-28T17:51:21","modified_gmt":"2022-09-28T17:51:21","slug":"togo-rentree-scolaire-2022-2023-les-fdr-demandent-la-liberation-des-eleves-et-enseignants-emprisonnes","status":"publish","type":"post","link":"https:\/\/www.africa-press.net\/togo\/toutes-les-actualites\/togo-rentree-scolaire-2022-2023-les-fdr-demandent-la-liberation-des-eleves-et-enseignants-emprisonnes","title":{"rendered":"Togo \u2013 Rentr\u00e9e scolaire 2022-2023 : Les FDR demandent la lib\u00e9ration des \u00e9l\u00e8ves et enseignants emprisonn\u00e9s"},"content":{"rendered":"<p><span style=\"color: #ff6600\"><strong>Africa-Press &#8211; Togo. <\/strong><\/span><b>Par communique\u0301 rendu public le lundi 26 septembre 2022, date marquant le de\u0301but de la nouvelle anne\u0301e acade\u0301mique 2022-2023 au Togo, les Forces De\u0301mocratiques pour la Re\u0301publique (F.D.R) ont exige\u0301 des gouvernants, la libe\u0301ration des e\u0301le\u0300ves et enseignants en de\u0301tention. Le pouvoir public est par ailleurs convie\u0301 a\u0300 prendre des mesures urgentes et plus efficaces en faveur des parents d\u2019e\u0301le\u0300ves. <\/b><\/p>\n<p>Lire le communique\u0301<\/p>\n<p><b>COMMUNIQUE (relatif a\u0300 la rentre\u0301e scolaire 2022 \u2013 2023)<\/b><\/p>\n<p>Ce lundi 26 Septembre 2022 est le jour de la rentre\u0301e des classes sur toute l\u2019e\u0301tendue du territoire national pour le compte de l\u2019anne\u0301e acade\u0301mique 2022-2023.<\/p>\n<p>Le parti Forces De\u0301mocratiques pour la Re\u0301publique (F.D.R) souhaite aux enseignants et aux e\u0301le\u0300ves une anne\u0301e scolaire apaise\u0301e, de\u0301barrasse\u0301e des soubresauts et des perturbations des anne\u0301es passe\u0301es.<\/p>\n<p>Il rappelle que ces perturbations engendre\u0301es par des revendications le\u0301gitimes des enseignants sont les conse\u0301quences du non-respect par le gouvernement des conclusions issues des discussions dans le cadre du dialogue social.<\/p>\n<p>Le parti F.D.R fait observer au gouvernement que l\u2019avenir d\u2019une Nation de\u0301pend de la qualite\u0301 de l\u2019enseignement dispense\u0301 aux apprenants et dans ce processus les enseignants constituent le pivot central a\u0300 qui une attention particulie\u0300re doit e\u0302tre accorde\u0301e afin de prendre en compte les revendications le\u0301gitimes qu\u2019ils soule\u0300vent pour de meilleures conditions de travail.<\/p>\n<p>Le parti souligne que plus les enseignants sont anciens et expe\u0301rimente\u0301s, plus leur enseignement a de la qualite\u0301. Il est donc superflu et saugrenu de licencier, de remettre a\u0300 la disposition de la fonction publique ou mettre en prison pour des faits de gre\u0300ve, ceux qui ont acquis une expe\u0301rience ave\u0301re\u0301e pour les faire remplacer par des premiers venus.<\/p>\n<p>Le parti F.D.R demande donc avec insistance au gouvernement de reprendre les enseignants licencie\u0301s, de ramener ceux d\u2019entre eux qui sont remis a\u0300 la disposition de la fonction publique et de faire libe\u0301rer ceux qui sont en prison.<\/p>\n<p>Il lui demande e\u0301galement de faire libe\u0301rer les e\u0301le\u0300ves qui sont en de\u0301tention depuis des mois afin qu\u2019ils reprennent les cours cette anne\u0301e avec leurs camarades.<\/p>\n<p>Le parti FDR fait observer en outre au gouvernement qu\u2019en cette pe\u0301riode marque\u0301e par le phe\u0301nome\u0300ne de la vie che\u0300re, les prix des fournitures scolaires sont devenus inaccessibles a\u0300 beaucoup de parents d\u2019e\u0301le\u0300ves. Il le convie donc a\u0300 prendre des mesures urgentes et plus vigoureuses que celles qu\u2019il pre\u0301conise pour aider les parents d\u2019e\u0301le\u0300ves de tous les secteurs de l\u2019e\u0301ducation a\u0300 acheter les fournitures pour leurs enfants.<\/p>\n<p>Le parti FDR tient a\u0300 fe\u0301liciter les parents d\u2019e\u0301le\u0300ves pour les efforts louables et soutenus qu\u2019ils de\u0301ploient chaque anne\u0301e pour assurer une bonne rentre\u0301e des classes a\u0300 leurs proge\u0301nitures.<\/p>\n<p>Le parti F.D.R encourage et fe\u0301licite le corps enseignant pour le sens e\u0301leve\u0301 du sacrifice qu\u2019il continue de consentir pour porter haut le flambeau du syste\u0300me e\u0301ducatif de notre pays malgre\u0301 ses carences.<\/p>\n<p>Le parti F.D.R souhaite bonne rentre\u0301e a\u0300 tous avec le v\u0153u ardent que l\u2019anne\u0301e soit couronne\u0301e de succe\u0300s pour tous.<\/p>\n<p><strong>Pour plus d&rsquo;informations et d&rsquo;analyses sur la <a href=\"https:\/\/www.africa-press.net\/togo\">Togo<\/a>, suivez <a href=\"https:\/\/www.africa-press.net\/\">Africa-Press<\/a><\/strong><\/p>\n","protected":false},"excerpt":{"rendered":"<p>Africa-Press &#8211; Togo. Par communique\u0301 rendu public le lundi 26 septembre 2022, date marquant le de\u0301but de la nouvelle anne\u0301e acade\u0301mique 2022-2023 au Togo, les Forces De\u0301mocratiques pour la Re\u0301publique (F.D.R) ont exige\u0301 des gouvernants, la libe\u0301ration des e\u0301le\u0300ves et enseignants en de\u0301tention. Le pouvoir public est par ailleurs convie\u0301 a\u0300 prendre des mesures urgentes [&hellip;]<\/p>\n","protected":false},"author":82,"featured_media":11644,"comment_status":"open","ping_status":"closed","sticky":false,"template":"","format":"standard","meta":{"footnotes":""},"categories":[21,10],"tags":[36,49,50],"class_list":["post-11645","post","type-post","status-publish","format-standard","has-post-thumbnail","hentry","category-communaute","category-toutes-les-actualites","tag-africa-press","tag-africa-press-togo","tag-togo"],"yoast_head":"<!-- This site is optimized with the Yoast SEO Premium plugin v26.1 (Yoast SEO v27.0) - https:\/\/yoast.com\/product\/yoast-seo-premium-wordpress\/ -->\n<title>Togo \u2013 Rentr\u00e9e scolaire 2022-2023 : Les FDR demandent la lib\u00e9ration des \u00e9l\u00e8ves et enseignants emprisonn\u00e9s - Togo<\/title>\n<meta name=\"description\" content=\"Par communique\u0301 rendu public le lundi 26 septembre 2022, date marquant le de\u0301but de la nouvelle anne\u0301e acade\u0301mique 20 ...\" \/>\n<meta name=\"robots\" content=\"index, follow, max-snippet:-1, max-image-preview:large, max-video-preview:-1\" \/>\n<link rel=\"canonical\" href=\"https:\/\/www.africa-press.net\/togo\/toutes-les-actualites\/togo-rentree-scolaire-2022-2023-les-fdr-demandent-la-liberation-des-eleves-et-enseignants-emprisonnes\" \/>\n<meta property=\"og:locale\" content=\"fr_FR\" \/>\n<meta property=\"og:type\" content=\"article\" \/>\n<meta property=\"og:title\" content=\"Togo \u2013 Rentr\u00e9e scolaire 2022-2023 : Les FDR demandent la lib\u00e9ration des \u00e9l\u00e8ves et enseignants emprisonn\u00e9s\" \/>\n<meta property=\"og:description\" content=\"Par communique\u0301 rendu public le lundi 26 septembre 2022, date marquant le de\u0301but de la nouvelle anne\u0301e acade\u0301mique 20 ...\" \/>\n<meta property=\"og:url\" content=\"https:\/\/www.africa-press.net\/togo\/toutes-les-actualites\/togo-rentree-scolaire-2022-2023-les-fdr-demandent-la-liberation-des-eleves-et-enseignants-emprisonnes\" \/>\n<meta property=\"og:site_name\" content=\"Togo\" \/>\n<meta property=\"article:published_time\" content=\"2022-09-28T17:38:48+00:00\" \/>\n<meta property=\"article:modified_time\" content=\"2022-09-28T17:51:21+00:00\" \/>\n<meta property=\"og:image\" content=\"https:\/\/static.africa-press.net\/togo\/sites\/58\/2022\/09\/postQueueImg_6-633489711426f.jpg\" \/>\n\t<meta property=\"og:image:width\" content=\"1280\" \/>\n\t<meta property=\"og:image:height\" content=\"800\" \/>\n\t<meta property=\"og:image:type\" content=\"image\/jpeg\" \/>\n<meta name=\"author\" content=\"cfeditorfr\" \/>\n<meta name=\"twitter:card\" content=\"summary_large_image\" \/>\n<meta name=\"twitter:label1\" content=\"\u00c9crit par\" \/>\n\t<meta name=\"twitter:data1\" content=\"cfeditorfr\" \/>\n\t<meta name=\"twitter:label2\" content=\"Dur\u00e9e de lecture estim\u00e9e\" \/>\n\t<meta name=\"twitter:data2\" content=\"3 minutes\" \/>\n<script type=\"application\/ld+json\" class=\"yoast-schema-graph\">{\"@context\":\"https:\/\/schema.org\",\"@graph\":[{\"@type\":\"Article\",\"@id\":\"https:\/\/www.africa-press.net\/togo\/toutes-les-actualites\/togo-rentree-scolaire-2022-2023-les-fdr-demandent-la-liberation-des-eleves-et-enseignants-emprisonnes#article\",\"isPartOf\":{\"@id\":\"https:\/\/www.africa-press.net\/togo\/toutes-les-actualites\/togo-rentree-scolaire-2022-2023-les-fdr-demandent-la-liberation-des-eleves-et-enseignants-emprisonnes\"},\"author\":{\"name\":\"cfeditorfr\",\"@id\":\"https:\/\/www.africa-press.net\/togo\/#\/schema\/person\/2b1cf3cd81a31e3cd26889ca66d677f1\"},\"headline\":\"Togo \u2013 Rentr\u00e9e scolaire 2022-2023 : Les FDR demandent la lib\u00e9ration des \u00e9l\u00e8ves et enseignants emprisonn\u00e9s\",\"datePublished\":\"2022-09-28T17:38:48+00:00\",\"dateModified\":\"2022-09-28T17:51:21+00:00\",\"mainEntityOfPage\":{\"@id\":\"https:\/\/www.africa-press.net\/togo\/toutes-les-actualites\/togo-rentree-scolaire-2022-2023-les-fdr-demandent-la-liberation-des-eleves-et-enseignants-emprisonnes\"},\"wordCount\":614,\"commentCount\":0,\"image\":{\"@id\":\"https:\/\/www.africa-press.net\/togo\/toutes-les-actualites\/togo-rentree-scolaire-2022-2023-les-fdr-demandent-la-liberation-des-eleves-et-enseignants-emprisonnes#primaryimage\"},\"thumbnailUrl\":\"https:\/\/static.africa-press.net\/togo\/sites\/58\/2022\/09\/postQueueImg_6-633489711426f.jpg\",\"keywords\":[\"Africa Press\",\"Africa Press-Togo\",\"Togo\"],\"articleSection\":[\"Communaut\u00e9\",\"Toutes les actualit\u00e9s\"],\"inLanguage\":\"fr-FR\",\"potentialAction\":[{\"@type\":\"CommentAction\",\"name\":\"Comment\",\"target\":[\"https:\/\/www.africa-press.net\/togo\/toutes-les-actualites\/togo-rentree-scolaire-2022-2023-les-fdr-demandent-la-liberation-des-eleves-et-enseignants-emprisonnes#respond\"]}]},{\"@type\":\"WebPage\",\"@id\":\"https:\/\/www.africa-press.net\/togo\/toutes-les-actualites\/togo-rentree-scolaire-2022-2023-les-fdr-demandent-la-liberation-des-eleves-et-enseignants-emprisonnes\",\"url\":\"https:\/\/www.africa-press.net\/togo\/toutes-les-actualites\/togo-rentree-scolaire-2022-2023-les-fdr-demandent-la-liberation-des-eleves-et-enseignants-emprisonnes\",\"name\":\"Togo \u2013 Rentr\u00e9e scolaire 2022-2023 : Les FDR demandent la lib\u00e9ration des \u00e9l\u00e8ves et enseignants emprisonn\u00e9s - Togo\",\"isPartOf\":{\"@id\":\"https:\/\/www.africa-press.net\/togo\/#website\"},\"primaryImageOfPage\":{\"@id\":\"https:\/\/www.africa-press.net\/togo\/toutes-les-actualites\/togo-rentree-scolaire-2022-2023-les-fdr-demandent-la-liberation-des-eleves-et-enseignants-emprisonnes#primaryimage\"},\"image\":{\"@id\":\"https:\/\/www.africa-press.net\/togo\/toutes-les-actualites\/togo-rentree-scolaire-2022-2023-les-fdr-demandent-la-liberation-des-eleves-et-enseignants-emprisonnes#primaryimage\"},\"thumbnailUrl\":\"https:\/\/static.africa-press.net\/togo\/sites\/58\/2022\/09\/postQueueImg_6-633489711426f.jpg\",\"datePublished\":\"2022-09-28T17:38:48+00:00\",\"dateModified\":\"2022-09-28T17:51:21+00:00\",\"author\":{\"@id\":\"https:\/\/www.africa-press.net\/togo\/#\/schema\/person\/2b1cf3cd81a31e3cd26889ca66d677f1\"},\"description\":\"Par communique\u0301 rendu public le lundi 26 septembre 2022, date marquant le de\u0301but de la nouvelle anne\u0301e acade\u0301mique 20 ...\",\"breadcrumb\":{\"@id\":\"https:\/\/www.africa-press.net\/togo\/toutes-les-actualites\/togo-rentree-scolaire-2022-2023-les-fdr-demandent-la-liberation-des-eleves-et-enseignants-emprisonnes#breadcrumb\"},\"inLanguage\":\"fr-FR\",\"potentialAction\":[{\"@type\":\"ReadAction\",\"target\":[\"https:\/\/www.africa-press.net\/togo\/toutes-les-actualites\/togo-rentree-scolaire-2022-2023-les-fdr-demandent-la-liberation-des-eleves-et-enseignants-emprisonnes\"]}]},{\"@type\":\"ImageObject\",\"inLanguage\":\"fr-FR\",\"@id\":\"https:\/\/www.africa-press.net\/togo\/toutes-les-actualites\/togo-rentree-scolaire-2022-2023-les-fdr-demandent-la-liberation-des-eleves-et-enseignants-emprisonnes#primaryimage\",\"url\":\"https:\/\/static.africa-press.net\/togo\/sites\/58\/2022\/09\/postQueueImg_6-633489711426f.jpg\",\"contentUrl\":\"https:\/\/static.africa-press.net\/togo\/sites\/58\/2022\/09\/postQueueImg_6-633489711426f.jpg\",\"width\":1280,\"height\":800,\"caption\":\"Togo \u2013 Rentr\u00e9e scolaire 2022-2023 : Les FDR demandent la lib\u00e9ration des \u00e9l\u00e8ves et enseignants emprisonn\u00e9s\"},{\"@type\":\"BreadcrumbList\",\"@id\":\"https:\/\/www.africa-press.net\/togo\/toutes-les-actualites\/togo-rentree-scolaire-2022-2023-les-fdr-demandent-la-liberation-des-eleves-et-enseignants-emprisonnes#breadcrumb\",\"itemListElement\":[{\"@type\":\"ListItem\",\"position\":1,\"name\":\"Accueil\",\"item\":\"https:\/\/www.africa-press.net\/togo\/\"},{\"@type\":\"ListItem\",\"position\":2,\"name\":\"Togo \u2013 Rentr\u00e9e scolaire 2022-2023 : Les FDR demandent la lib\u00e9ration des \u00e9l\u00e8ves et enseignants emprisonn\u00e9s\"}]},{\"@type\":\"WebSite\",\"@id\":\"https:\/\/www.africa-press.net\/togo\/#website\",\"url\":\"https:\/\/www.africa-press.net\/togo\/\",\"name\":\"Togo\",\"description\":\"Just another Africa News Agency Sites site\",\"potentialAction\":[{\"@type\":\"SearchAction\",\"target\":{\"@type\":\"EntryPoint\",\"urlTemplate\":\"https:\/\/www.africa-press.net\/togo\/?s={search_term_string}\"},\"query-input\":{\"@type\":\"PropertyValueSpecification\",\"valueRequired\":true,\"valueName\":\"search_term_string\"}}],\"inLanguage\":\"fr-FR\"},{\"@type\":\"Person\",\"@id\":\"https:\/\/www.africa-press.net\/togo\/#\/schema\/person\/2b1cf3cd81a31e3cd26889ca66d677f1\",\"name\":\"cfeditorfr\"}]}<\/script>\n<!-- \/ Yoast SEO Premium plugin. -->","yoast_head_json":{"title":"Togo \u2013 Rentr\u00e9e scolaire 2022-2023 : Les FDR demandent la lib\u00e9ration des \u00e9l\u00e8ves et enseignants emprisonn\u00e9s - Togo","description":"Par communique\u0301 rendu public le lundi 26 septembre 2022, date marquant le de\u0301but de la nouvelle anne\u0301e acade\u0301mique 20 ...","robots":{"index":"index","follow":"follow","max-snippet":"max-snippet:-1","max-image-preview":"max-image-preview:large","max-video-preview":"max-video-preview:-1"},"canonical":"https:\/\/www.africa-press.net\/togo\/toutes-les-actualites\/togo-rentree-scolaire-2022-2023-les-fdr-demandent-la-liberation-des-eleves-et-enseignants-emprisonnes","og_locale":"fr_FR","og_type":"article","og_title":"Togo \u2013 Rentr\u00e9e scolaire 2022-2023 : Les FDR demandent la lib\u00e9ration des \u00e9l\u00e8ves et enseignants emprisonn\u00e9s","og_description":"Par communique\u0301 rendu public le lundi 26 septembre 2022, date marquant le de\u0301but de la nouvelle anne\u0301e acade\u0301mique 20 ...","og_url":"https:\/\/www.africa-press.net\/togo\/toutes-les-actualites\/togo-rentree-scolaire-2022-2023-les-fdr-demandent-la-liberation-des-eleves-et-enseignants-emprisonnes","og_site_name":"Togo","article_published_time":"2022-09-28T17:38:48+00:00","article_modified_time":"2022-09-28T17:51:21+00:00","og_image":[{"width":1280,"height":800,"url":"https:\/\/static.africa-press.net\/togo\/sites\/58\/2022\/09\/postQueueImg_6-633489711426f.jpg","type":"image\/jpeg"}],"author":"cfeditorfr","twitter_card":"summary_large_image","twitter_misc":{"\u00c9crit par":"cfeditorfr","Dur\u00e9e de lecture estim\u00e9e":"3 minutes"},"schema":{"@context":"https:\/\/schema.org","@graph":[{"@type":"Article","@id":"https:\/\/www.africa-press.net\/togo\/toutes-les-actualites\/togo-rentree-scolaire-2022-2023-les-fdr-demandent-la-liberation-des-eleves-et-enseignants-emprisonnes#article","isPartOf":{"@id":"https:\/\/www.africa-press.net\/togo\/toutes-les-actualites\/togo-rentree-scolaire-2022-2023-les-fdr-demandent-la-liberation-des-eleves-et-enseignants-emprisonnes"},"author":{"name":"cfeditorfr","@id":"https:\/\/www.africa-press.net\/togo\/#\/schema\/person\/2b1cf3cd81a31e3cd26889ca66d677f1"},"headline":"Togo \u2013 Rentr\u00e9e scolaire 2022-2023 : Les FDR demandent la lib\u00e9ration des \u00e9l\u00e8ves et enseignants emprisonn\u00e9s","datePublished":"2022-09-28T17:38:48+00:00","dateModified":"2022-09-28T17:51:21+00:00","mainEntityOfPage":{"@id":"https:\/\/www.africa-press.net\/togo\/toutes-les-actualites\/togo-rentree-scolaire-2022-2023-les-fdr-demandent-la-liberation-des-eleves-et-enseignants-emprisonnes"},"wordCount":614,"commentCount":0,"image":{"@id":"https:\/\/www.africa-press.net\/togo\/toutes-les-actualites\/togo-rentree-scolaire-2022-2023-les-fdr-demandent-la-liberation-des-eleves-et-enseignants-emprisonnes#primaryimage"},"thumbnailUrl":"https:\/\/static.africa-press.net\/togo\/sites\/58\/2022\/09\/postQueueImg_6-633489711426f.jpg","keywords":["Africa Press","Africa Press-Togo","Togo"],"articleSection":["Communaut\u00e9","Toutes les actualit\u00e9s"],"inLanguage":"fr-FR","potentialAction":[{"@type":"CommentAction","name":"Comment","target":["https:\/\/www.africa-press.net\/togo\/toutes-les-actualites\/togo-rentree-scolaire-2022-2023-les-fdr-demandent-la-liberation-des-eleves-et-enseignants-emprisonnes#respond"]}]},{"@type":"WebPage","@id":"https:\/\/www.africa-press.net\/togo\/toutes-les-actualites\/togo-rentree-scolaire-2022-2023-les-fdr-demandent-la-liberation-des-eleves-et-enseignants-emprisonnes","url":"https:\/\/www.africa-press.net\/togo\/toutes-les-actualites\/togo-rentree-scolaire-2022-2023-les-fdr-demandent-la-liberation-des-eleves-et-enseignants-emprisonnes","name":"Togo \u2013 Rentr\u00e9e scolaire 2022-2023 : Les FDR demandent la lib\u00e9ration des \u00e9l\u00e8ves et enseignants emprisonn\u00e9s - Togo","isPartOf":{"@id":"https:\/\/www.africa-press.net\/togo\/#website"},"primaryImageOfPage":{"@id":"https:\/\/www.africa-press.net\/togo\/toutes-les-actualites\/togo-rentree-scolaire-2022-2023-les-fdr-demandent-la-liberation-des-eleves-et-enseignants-emprisonnes#primaryimage"},"image":{"@id":"https:\/\/www.africa-press.net\/togo\/toutes-les-actualites\/togo-rentree-scolaire-2022-2023-les-fdr-demandent-la-liberation-des-eleves-et-enseignants-emprisonnes#primaryimage"},"thumbnailUrl":"https:\/\/static.africa-press.net\/togo\/sites\/58\/2022\/09\/postQueueImg_6-633489711426f.jpg","datePublished":"2022-09-28T17:38:48+00:00","dateModified":"2022-09-28T17:51:21+00:00","author":{"@id":"https:\/\/www.africa-press.net\/togo\/#\/schema\/person\/2b1cf3cd81a31e3cd26889ca66d677f1"},"description":"Par communique\u0301 rendu public le lundi 26 septembre 2022, date marquant le de\u0301but de la nouvelle anne\u0301e acade\u0301mique 20 ...","breadcrumb":{"@id":"https:\/\/www.africa-press.net\/togo\/toutes-les-actualites\/togo-rentree-scolaire-2022-2023-les-fdr-demandent-la-liberation-des-eleves-et-enseignants-emprisonnes#breadcrumb"},"inLanguage":"fr-FR","potentialAction":[{"@type":"ReadAction","target":["https:\/\/www.africa-press.net\/togo\/toutes-les-actualites\/togo-rentree-scolaire-2022-2023-les-fdr-demandent-la-liberation-des-eleves-et-enseignants-emprisonnes"]}]},{"@type":"ImageObject","inLanguage":"fr-FR","@id":"https:\/\/www.africa-press.net\/togo\/toutes-les-actualites\/togo-rentree-scolaire-2022-2023-les-fdr-demandent-la-liberation-des-eleves-et-enseignants-emprisonnes#primaryimage","url":"https:\/\/static.africa-press.net\/togo\/sites\/58\/2022\/09\/postQueueImg_6-633489711426f.jpg","contentUrl":"https:\/\/static.africa-press.net\/togo\/sites\/58\/2022\/09\/postQueueImg_6-633489711426f.jpg","width":1280,"height":800,"caption":"Togo \u2013 Rentr\u00e9e scolaire 2022-2023 : Les FDR demandent la lib\u00e9ration des \u00e9l\u00e8ves et enseignants emprisonn\u00e9s"},{"@type":"BreadcrumbList","@id":"https:\/\/www.africa-press.net\/togo\/toutes-les-actualites\/togo-rentree-scolaire-2022-2023-les-fdr-demandent-la-liberation-des-eleves-et-enseignants-emprisonnes#breadcrumb","itemListElement":[{"@type":"ListItem","position":1,"name":"Accueil","item":"https:\/\/www.africa-press.net\/togo\/"},{"@type":"ListItem","position":2,"name":"Togo \u2013 Rentr\u00e9e scolaire 2022-2023 : Les FDR demandent la lib\u00e9ration des \u00e9l\u00e8ves et enseignants emprisonn\u00e9s"}]},{"@type":"WebSite","@id":"https:\/\/www.africa-press.net\/togo\/#website","url":"https:\/\/www.africa-press.net\/togo\/","name":"Togo","description":"Just another Africa News Agency Sites site","potentialAction":[{"@type":"SearchAction","target":{"@type":"EntryPoint","urlTemplate":"https:\/\/www.africa-press.net\/togo\/?s={search_term_string}"},"query-input":{"@type":"PropertyValueSpecification","valueRequired":true,"valueName":"search_term_string"}}],"inLanguage":"fr-FR"},{"@type":"Person","@id":"https:\/\/www.africa-press.net\/togo\/#\/schema\/person\/2b1cf3cd81a31e3cd26889ca66d677f1","name":"cfeditorfr"}]}},"_links":{"self":[{"href":"https:\/\/www.africa-press.net\/togo\/wp-json\/wp\/v2\/posts\/11645","targetHints":{"allow":["GET"]}}],"collection":[{"href":"https:\/\/www.africa-press.net\/togo\/wp-json\/wp\/v2\/posts"}],"about":[{"href":"https:\/\/www.africa-press.net\/togo\/wp-json\/wp\/v2\/types\/post"}],"author":[{"embeddable":true,"href":"https:\/\/www.africa-press.net\/togo\/wp-json\/wp\/v2\/users\/82"}],"replies":[{"embeddable":true,"href":"https:\/\/www.africa-press.net\/togo\/wp-json\/wp\/v2\/comments?post=11645"}],"version-history":[{"count":0,"href":"https:\/\/www.africa-press.net\/togo\/wp-json\/wp\/v2\/posts\/11645\/revisions"}],"wp:featuredmedia":[{"embeddable":true,"href":"https:\/\/www.africa-press.net\/togo\/wp-json\/wp\/v2\/media\/11644"}],"wp:attachment":[{"href":"https:\/\/www.africa-press.net\/togo\/wp-json\/wp\/v2\/media?parent=11645"}],"wp:term":[{"taxonomy":"category","embeddable":true,"href":"https:\/\/www.africa-press.net\/togo\/wp-json\/wp\/v2\/categories?post=11645"},{"taxonomy":"post_tag","embeddable":true,"href":"https:\/\/www.africa-press.net\/togo\/wp-json\/wp\/v2\/tags?post=11645"}],"curies":[{"name":"wp","href":"https:\/\/api.w.org\/{rel}","templated":true}]}}