{"id":11663,"date":"2022-09-28T17:41:58","date_gmt":"2022-09-28T17:41:58","guid":{"rendered":"https:\/\/www.africa-press.net\/togo\/politique\/que-vise-alors-le-maintien-de-ces-eleves-en-prison"},"modified":"2022-09-28T17:55:35","modified_gmt":"2022-09-28T17:55:35","slug":"que-vise-alors-le-maintien-de-ces-eleves-en-prison","status":"publish","type":"post","link":"https:\/\/www.africa-press.net\/togo\/toutes-les-actualites\/que-vise-alors-le-maintien-de-ces-eleves-en-prison","title":{"rendered":"Que vise alors le maintien de ces \u00e9l\u00e8ves en prison ?"},"content":{"rendered":"<p><span style=\"color: #ff6600\"><strong>Africa-Press &#8211; Togo. <\/strong><\/span><b>QUEL EST LE MALHEUR A\u0300 E\u0302TRE E\u0301LE\u0300VE AU TOGO ?<\/b><\/p>\n<p>Quand je vois les e\u0301le\u0300ves dans leur tenu scolaire, je me pose d\u2019e\u0301normes questions .<\/p>\n<p>Que disent les textes togolais sur la protection des enfants ?<\/p>\n<p>Que nous dit l\u2019e\u0301thique, la morale sur l\u2019e\u0301ducation des enfants ?<\/p>\n<p>Il y avait eu gre\u0300ve des enseignants. Et dans la re\u0301gion des savanes , les enfants e\u0301taient sortis pour re\u0301clamer leurs enseignants.<\/p>\n<p>Lors de ce mouvement d\u2019e\u0301le\u0300ves, deux enfants furent abattus , il s\u2019agit de Anselme Sinandare\u0301 et Douti Sinanlengue\u0301 .<\/p>\n<p>Pour la mort de ces e\u0301le\u0300ves , l\u2019opinion a accuse\u0301 les militaires.<\/p>\n<p>Tout le monde a de\u0301plore\u0301 les bavures militaires .<\/p>\n<p>Dans l\u2019opinion c\u2019est le ze\u0300le du soldat qui a o\u0302te\u0301 la vie de ces petits anges innocents.<\/p>\n<p>Cette anne\u0301e , les enseignants a\u0300 travers SET ( Syndicat des Enseignants du Togo ) ont lance\u0301 un mouvement de gre\u0300ve pour l\u2019ame\u0301lioration de leur condition du travail.<\/p>\n<p>Les e\u0301le\u0300ves e\u0301taient encore sortis pour re\u0301clamer leurs enseignants.<\/p>\n<p>Et dans la me\u0302me re\u0301gion des savanes ou\u0300 les e\u0301le\u0300ves e\u0301taient sortis, il y avait eu l\u2019arrestation de certains parmi eux.<\/p>\n<p>A\u0300 l\u2019approche des examens de fin d\u2019anne\u0301e , on en a libe\u0301re\u0301 certains .<\/p>\n<p>Mais cinq autres enfants de Dapaong dont quatre en classe de terminale et un en troisie\u0300me sont maintenus en prison. Ils n\u2019ont pas pu passer leur examen de fin d\u2019anne\u0301e .<\/p>\n<p>Ces e\u0301le\u0300ves e\u0301taient arre\u0302te\u0301s depuis Avril 2022 .<\/p>\n<p>Pour nous , c\u2019est de\u0301ja\u0300 tre\u0300s grave et inhumain d\u2019empe\u0302cher ces jeunes d\u2019aller a\u0300 leurs examens .<\/p>\n<p>Mais , nous pensons qu\u2019ils vont les libe\u0301rer au moins pour qu\u2019ils puissent recommencer l\u2019e\u0301cole a\u0300 la rentre\u0301e 2022-2023.<\/p>\n<p>Mais a\u0300 notre grand e\u0301tonnement , le 26 Septembre 2022 , tous les e\u0301le\u0300ves du Togo ont de\u0301bute\u0301 leur rentre\u0301e. Mais les cinq e\u0301le\u0300ves , enfants de Dapaong, sont maintenus en prison.<\/p>\n<p>C\u2019est encore une bavure militaire qui s\u2019en prend a\u0300 la vie des e\u0301le\u0300ves ?<\/p>\n<p>C\u2019est une de\u0301cision venant des dirigeants togolais de maintenir ces e\u0301le\u0300ves en prison.<\/p>\n<p>Que vise alors le maintien de ces e\u0301le\u0300ves en prison ?<\/p>\n<p>L\u2019arrestation et le maintien de ces cinq e\u0301le\u0300ves en prison jusqu\u2019a\u0300 maintenant visent un objectif purement politique .<\/p>\n<p>Ils ont de\u0301cide\u0301 ainsi , c\u2019est parce qu\u2019ils veulent se servir de ces e\u0301le\u0300ves pour donner des lec\u0327ons de dissuasion .<\/p>\n<p>Pour eux , en maintenant en prison ces cinq e\u0301le\u0300ves , plus jamais d\u2019autres ne vont plus vouloir sortir pour re\u0301clamer leurs enseignants lors d\u2019un mouvement de gre\u0300ve.<\/p>\n<p>Eux , leurs enfants , petit(e)s fils , filles ont de\u0301bute\u0301 la rentre\u0301e ce lundi.<\/p>\n<p>Ils ont rec\u0327u les \u201c au revoir , bonsoir \u201d de leurs enfants.<\/p>\n<p>Mais ils ont pu avoir le courage de priver les parents de ces e\u0301le\u0300ves de Dapaong d\u2019e\u0301couter ces mots dans la bouche de leurs enfants.<\/p>\n<p>L\u2019humain a de\u0301serte\u0301 certaines personnes dans ce pays.<\/p>\n<p>Nous ne savons pas quels mots ou adjectifs pouvons-nous qualifier de ceux qui ont eu le courage de laisser ces cinq enfants en prison jusqu\u2019a\u0300 ce moment.<\/p>\n<p>E\u0302tre e\u0301le\u0300ve au #Togo est-il un crime ?<\/p>\n<p>Si ce ne sont pas les bastonnades , les tueries des soldats sur des e\u0301le\u0300ves .<\/p>\n<p>C\u2019est leur arrestation et maintien en prison comme une arme politique de dissuasion.<\/p>\n<p>Comme les gens utilisent le viol comme une arme politique pour de\u0301stabiliser psychologiquement l\u2019adversaire .<\/p>\n<p>L\u2019histoire de la violence sur les enfants et surtout le maintien en prison des cinq e\u0301le\u0300ves de Dapaong ; montre qu\u2019au Togo aussi la violence sur les e\u0301le\u0300ves est une arme politique pour renforcer la peur et cre\u0301er la dissuasion d\u2019engagement pour les droits socio-politico-e\u0301conomiques .<\/p>\n<p>Dans un pays ou\u0300 de telles choses se de\u0301roulent dans l\u2019indiffe\u0301rence totale des habitants , le malheur collectif s\u2019annonce e\u0301minemment .<\/p>\n<p>Dans un pays ou\u0300 les dirigeants deviennent insensibles a\u0300 l\u2019e\u0302tre humain et se permettent tout . C\u2019est l\u2019orage annonc\u0327ant la fin du syste\u0300me oppressif.<\/p>\n<p>Chaque peuple quelque soit la machine , le syste\u0300me de l\u2019oppression a un seuil de tole\u0301rable.<\/p>\n<p>Au dela\u0300 de ce seuil , c\u2019est l\u2019explosion sociale pour la libe\u0301ration imme\u0301diate.<\/p>\n<p>Tant qu\u2019un effort ne se fait pas pour cre\u0301er des cadres, structures et institutions qui vont permettre a\u0300 l\u2019Homme de jouir de ses droits socio-politico-e\u0301conomiques.<\/p>\n<p>Ni les arrestations<\/p>\n<p>Ni les tueries<\/p>\n<p>Ni les maintiens en prison<\/p>\n<p>Ni les bastonnades<\/p>\n<p>Ni les licenciements<\/p>\n<p>Ne peuvent empe\u0302cher , dissuader les Hommes a\u0300 se lever et agir pour leur dignite\u0301 , liberte\u0301 , se\u0301curite\u0301 , prospe\u0301rite\u0301.<\/p>\n<p>Tous les actes visant a\u0300 cre\u0301er la peur , l\u2019illusion qu\u2019on est invincible ; ne va que renforcer la frustration en de\u0301faveur de l\u2019oppresseur.<\/p>\n<p>Et il ne suffira qu\u2019une chose simple pour qu\u2019un peuple craintif , effe\u0301mine\u0301 devient un guerrier impitoyable , gagnant qui va vaincre la machine oppressive pour sa LIBERTE\u0301, DIGNITE\u0301 , SE\u0301CURITE\u0301 .<\/p>\n<p>Les signes parlent !<\/p>\n<p>Le changement est ine\u0301luctable dans ce pays !<\/p>\n<p>Nous sommes une ge\u0301ne\u0301ration de re\u0301sultats positifs .<\/p>\n<p>La victoire est la no\u0302tre maintenant.<\/p>\n<p>fovi katakou ( b-a-b-a , RAL)<\/p>\n<p>Nature-Homme-Societe<\/p>\n<p><strong>Pour plus d&rsquo;informations et d&rsquo;analyses sur la <a href=\"https:\/\/www.africa-press.net\/togo\">Togo<\/a>, suivez <a href=\"https:\/\/www.africa-press.net\/\">Africa-Press<\/a><\/strong><\/p>\n","protected":false},"excerpt":{"rendered":"<p>Africa-Press &#8211; Togo. QUEL EST LE MALHEUR A\u0300 E\u0302TRE E\u0301LE\u0300VE AU TOGO ? Quand je vois les e\u0301le\u0300ves dans leur tenu scolaire, je me pose d\u2019e\u0301normes questions . Que disent les textes togolais sur la protection des enfants ? Que nous dit l\u2019e\u0301thique, la morale sur l\u2019e\u0301ducation des enfants ? Il y avait eu gre\u0300ve [&hellip;]<\/p>\n","protected":false},"author":82,"featured_media":11662,"comment_status":"open","ping_status":"closed","sticky":false,"template":"","format":"standard","meta":{"footnotes":""},"categories":[21,10],"tags":[36,49,50],"class_list":["post-11663","post","type-post","status-publish","format-standard","has-post-thumbnail","hentry","category-communaute","category-toutes-les-actualites","tag-africa-press","tag-africa-press-togo","tag-togo"],"yoast_head":"<!-- This site is optimized with the Yoast SEO Premium plugin v26.1 (Yoast SEO v27.0) - https:\/\/yoast.com\/product\/yoast-seo-premium-wordpress\/ -->\n<title>Que vise alors le maintien de ces \u00e9l\u00e8ves en prison ? - Togo<\/title>\n<meta name=\"description\" content=\"QUEL EST LE MALHEUR A\u0300 E\u0302TRE E\u0301LE\u0300VE AU TOGO ? Quand je vois les e\u0301le\u0300ves dans leur tenu scolaire, je me pose d\u2019 ...\" \/>\n<meta name=\"robots\" content=\"index, follow, max-snippet:-1, max-image-preview:large, max-video-preview:-1\" \/>\n<link rel=\"canonical\" href=\"https:\/\/www.africa-press.net\/togo\/toutes-les-actualites\/que-vise-alors-le-maintien-de-ces-eleves-en-prison\" \/>\n<meta property=\"og:locale\" content=\"fr_FR\" \/>\n<meta property=\"og:type\" content=\"article\" \/>\n<meta property=\"og:title\" content=\"Que vise alors le maintien de ces \u00e9l\u00e8ves en prison ?\" \/>\n<meta property=\"og:description\" content=\"QUEL EST LE MALHEUR A\u0300 E\u0302TRE E\u0301LE\u0300VE AU TOGO ? Quand je vois les e\u0301le\u0300ves dans leur tenu scolaire, je me pose d\u2019 ...\" \/>\n<meta property=\"og:url\" content=\"https:\/\/www.africa-press.net\/togo\/toutes-les-actualites\/que-vise-alors-le-maintien-de-ces-eleves-en-prison\" \/>\n<meta property=\"og:site_name\" content=\"Togo\" \/>\n<meta property=\"article:published_time\" content=\"2022-09-28T17:41:58+00:00\" \/>\n<meta property=\"article:modified_time\" content=\"2022-09-28T17:55:35+00:00\" \/>\n<meta property=\"og:image\" content=\"https:\/\/static.africa-press.net\/togo\/sites\/58\/2022\/09\/postQueueImg_12-63348a7f3ef2e.jpg\" \/>\n\t<meta property=\"og:image:width\" content=\"1024\" \/>\n\t<meta property=\"og:image:height\" content=\"683\" \/>\n\t<meta property=\"og:image:type\" content=\"image\/jpeg\" \/>\n<meta name=\"author\" content=\"cfeditorfr\" \/>\n<meta name=\"twitter:card\" content=\"summary_large_image\" \/>\n<meta name=\"twitter:label1\" content=\"\u00c9crit par\" \/>\n\t<meta name=\"twitter:data1\" content=\"cfeditorfr\" \/>\n\t<meta name=\"twitter:label2\" content=\"Dur\u00e9e de lecture estim\u00e9e\" \/>\n\t<meta name=\"twitter:data2\" content=\"4 minutes\" \/>\n<script type=\"application\/ld+json\" class=\"yoast-schema-graph\">{\"@context\":\"https:\/\/schema.org\",\"@graph\":[{\"@type\":\"Article\",\"@id\":\"https:\/\/www.africa-press.net\/togo\/toutes-les-actualites\/que-vise-alors-le-maintien-de-ces-eleves-en-prison#article\",\"isPartOf\":{\"@id\":\"https:\/\/www.africa-press.net\/togo\/toutes-les-actualites\/que-vise-alors-le-maintien-de-ces-eleves-en-prison\"},\"author\":{\"name\":\"cfeditorfr\",\"@id\":\"https:\/\/www.africa-press.net\/togo\/#\/schema\/person\/2b1cf3cd81a31e3cd26889ca66d677f1\"},\"headline\":\"Que vise alors le maintien de ces \u00e9l\u00e8ves en prison ?\",\"datePublished\":\"2022-09-28T17:41:58+00:00\",\"dateModified\":\"2022-09-28T17:55:35+00:00\",\"mainEntityOfPage\":{\"@id\":\"https:\/\/www.africa-press.net\/togo\/toutes-les-actualites\/que-vise-alors-le-maintien-de-ces-eleves-en-prison\"},\"wordCount\":951,\"commentCount\":0,\"image\":{\"@id\":\"https:\/\/www.africa-press.net\/togo\/toutes-les-actualites\/que-vise-alors-le-maintien-de-ces-eleves-en-prison#primaryimage\"},\"thumbnailUrl\":\"https:\/\/static.africa-press.net\/togo\/sites\/58\/2022\/09\/postQueueImg_12-63348a7f3ef2e.jpg\",\"keywords\":[\"Africa Press\",\"Africa Press-Togo\",\"Togo\"],\"articleSection\":[\"Communaut\u00e9\",\"Toutes les actualit\u00e9s\"],\"inLanguage\":\"fr-FR\",\"potentialAction\":[{\"@type\":\"CommentAction\",\"name\":\"Comment\",\"target\":[\"https:\/\/www.africa-press.net\/togo\/toutes-les-actualites\/que-vise-alors-le-maintien-de-ces-eleves-en-prison#respond\"]}]},{\"@type\":\"WebPage\",\"@id\":\"https:\/\/www.africa-press.net\/togo\/toutes-les-actualites\/que-vise-alors-le-maintien-de-ces-eleves-en-prison\",\"url\":\"https:\/\/www.africa-press.net\/togo\/toutes-les-actualites\/que-vise-alors-le-maintien-de-ces-eleves-en-prison\",\"name\":\"Que vise alors le maintien de ces \u00e9l\u00e8ves en prison ? - Togo\",\"isPartOf\":{\"@id\":\"https:\/\/www.africa-press.net\/togo\/#website\"},\"primaryImageOfPage\":{\"@id\":\"https:\/\/www.africa-press.net\/togo\/toutes-les-actualites\/que-vise-alors-le-maintien-de-ces-eleves-en-prison#primaryimage\"},\"image\":{\"@id\":\"https:\/\/www.africa-press.net\/togo\/toutes-les-actualites\/que-vise-alors-le-maintien-de-ces-eleves-en-prison#primaryimage\"},\"thumbnailUrl\":\"https:\/\/static.africa-press.net\/togo\/sites\/58\/2022\/09\/postQueueImg_12-63348a7f3ef2e.jpg\",\"datePublished\":\"2022-09-28T17:41:58+00:00\",\"dateModified\":\"2022-09-28T17:55:35+00:00\",\"author\":{\"@id\":\"https:\/\/www.africa-press.net\/togo\/#\/schema\/person\/2b1cf3cd81a31e3cd26889ca66d677f1\"},\"description\":\"QUEL EST LE MALHEUR A\u0300 E\u0302TRE E\u0301LE\u0300VE AU TOGO ? Quand je vois les e\u0301le\u0300ves dans leur tenu scolaire, je me pose d\u2019 ...\",\"breadcrumb\":{\"@id\":\"https:\/\/www.africa-press.net\/togo\/toutes-les-actualites\/que-vise-alors-le-maintien-de-ces-eleves-en-prison#breadcrumb\"},\"inLanguage\":\"fr-FR\",\"potentialAction\":[{\"@type\":\"ReadAction\",\"target\":[\"https:\/\/www.africa-press.net\/togo\/toutes-les-actualites\/que-vise-alors-le-maintien-de-ces-eleves-en-prison\"]}]},{\"@type\":\"ImageObject\",\"inLanguage\":\"fr-FR\",\"@id\":\"https:\/\/www.africa-press.net\/togo\/toutes-les-actualites\/que-vise-alors-le-maintien-de-ces-eleves-en-prison#primaryimage\",\"url\":\"https:\/\/static.africa-press.net\/togo\/sites\/58\/2022\/09\/postQueueImg_12-63348a7f3ef2e.jpg\",\"contentUrl\":\"https:\/\/static.africa-press.net\/togo\/sites\/58\/2022\/09\/postQueueImg_12-63348a7f3ef2e.jpg\",\"width\":1024,\"height\":683,\"caption\":\"Que vise alors le maintien de ces \u00e9l\u00e8ves en prison ?\"},{\"@type\":\"BreadcrumbList\",\"@id\":\"https:\/\/www.africa-press.net\/togo\/toutes-les-actualites\/que-vise-alors-le-maintien-de-ces-eleves-en-prison#breadcrumb\",\"itemListElement\":[{\"@type\":\"ListItem\",\"position\":1,\"name\":\"Accueil\",\"item\":\"https:\/\/www.africa-press.net\/togo\/\"},{\"@type\":\"ListItem\",\"position\":2,\"name\":\"Que vise alors le maintien de ces \u00e9l\u00e8ves en prison ?\"}]},{\"@type\":\"WebSite\",\"@id\":\"https:\/\/www.africa-press.net\/togo\/#website\",\"url\":\"https:\/\/www.africa-press.net\/togo\/\",\"name\":\"Togo\",\"description\":\"Just another Africa News Agency Sites site\",\"potentialAction\":[{\"@type\":\"SearchAction\",\"target\":{\"@type\":\"EntryPoint\",\"urlTemplate\":\"https:\/\/www.africa-press.net\/togo\/?s={search_term_string}\"},\"query-input\":{\"@type\":\"PropertyValueSpecification\",\"valueRequired\":true,\"valueName\":\"search_term_string\"}}],\"inLanguage\":\"fr-FR\"},{\"@type\":\"Person\",\"@id\":\"https:\/\/www.africa-press.net\/togo\/#\/schema\/person\/2b1cf3cd81a31e3cd26889ca66d677f1\",\"name\":\"cfeditorfr\"}]}<\/script>\n<!-- \/ Yoast SEO Premium plugin. -->","yoast_head_json":{"title":"Que vise alors le maintien de ces \u00e9l\u00e8ves en prison ? - Togo","description":"QUEL EST LE MALHEUR A\u0300 E\u0302TRE E\u0301LE\u0300VE AU TOGO ? Quand je vois les e\u0301le\u0300ves dans leur tenu scolaire, je me pose d\u2019 ...","robots":{"index":"index","follow":"follow","max-snippet":"max-snippet:-1","max-image-preview":"max-image-preview:large","max-video-preview":"max-video-preview:-1"},"canonical":"https:\/\/www.africa-press.net\/togo\/toutes-les-actualites\/que-vise-alors-le-maintien-de-ces-eleves-en-prison","og_locale":"fr_FR","og_type":"article","og_title":"Que vise alors le maintien de ces \u00e9l\u00e8ves en prison ?","og_description":"QUEL EST LE MALHEUR A\u0300 E\u0302TRE E\u0301LE\u0300VE AU TOGO ? Quand je vois les e\u0301le\u0300ves dans leur tenu scolaire, je me pose d\u2019 ...","og_url":"https:\/\/www.africa-press.net\/togo\/toutes-les-actualites\/que-vise-alors-le-maintien-de-ces-eleves-en-prison","og_site_name":"Togo","article_published_time":"2022-09-28T17:41:58+00:00","article_modified_time":"2022-09-28T17:55:35+00:00","og_image":[{"width":1024,"height":683,"url":"https:\/\/static.africa-press.net\/togo\/sites\/58\/2022\/09\/postQueueImg_12-63348a7f3ef2e.jpg","type":"image\/jpeg"}],"author":"cfeditorfr","twitter_card":"summary_large_image","twitter_misc":{"\u00c9crit par":"cfeditorfr","Dur\u00e9e de lecture estim\u00e9e":"4 minutes"},"schema":{"@context":"https:\/\/schema.org","@graph":[{"@type":"Article","@id":"https:\/\/www.africa-press.net\/togo\/toutes-les-actualites\/que-vise-alors-le-maintien-de-ces-eleves-en-prison#article","isPartOf":{"@id":"https:\/\/www.africa-press.net\/togo\/toutes-les-actualites\/que-vise-alors-le-maintien-de-ces-eleves-en-prison"},"author":{"name":"cfeditorfr","@id":"https:\/\/www.africa-press.net\/togo\/#\/schema\/person\/2b1cf3cd81a31e3cd26889ca66d677f1"},"headline":"Que vise alors le maintien de ces \u00e9l\u00e8ves en prison ?","datePublished":"2022-09-28T17:41:58+00:00","dateModified":"2022-09-28T17:55:35+00:00","mainEntityOfPage":{"@id":"https:\/\/www.africa-press.net\/togo\/toutes-les-actualites\/que-vise-alors-le-maintien-de-ces-eleves-en-prison"},"wordCount":951,"commentCount":0,"image":{"@id":"https:\/\/www.africa-press.net\/togo\/toutes-les-actualites\/que-vise-alors-le-maintien-de-ces-eleves-en-prison#primaryimage"},"thumbnailUrl":"https:\/\/static.africa-press.net\/togo\/sites\/58\/2022\/09\/postQueueImg_12-63348a7f3ef2e.jpg","keywords":["Africa Press","Africa Press-Togo","Togo"],"articleSection":["Communaut\u00e9","Toutes les actualit\u00e9s"],"inLanguage":"fr-FR","potentialAction":[{"@type":"CommentAction","name":"Comment","target":["https:\/\/www.africa-press.net\/togo\/toutes-les-actualites\/que-vise-alors-le-maintien-de-ces-eleves-en-prison#respond"]}]},{"@type":"WebPage","@id":"https:\/\/www.africa-press.net\/togo\/toutes-les-actualites\/que-vise-alors-le-maintien-de-ces-eleves-en-prison","url":"https:\/\/www.africa-press.net\/togo\/toutes-les-actualites\/que-vise-alors-le-maintien-de-ces-eleves-en-prison","name":"Que vise alors le maintien de ces \u00e9l\u00e8ves en prison ? - Togo","isPartOf":{"@id":"https:\/\/www.africa-press.net\/togo\/#website"},"primaryImageOfPage":{"@id":"https:\/\/www.africa-press.net\/togo\/toutes-les-actualites\/que-vise-alors-le-maintien-de-ces-eleves-en-prison#primaryimage"},"image":{"@id":"https:\/\/www.africa-press.net\/togo\/toutes-les-actualites\/que-vise-alors-le-maintien-de-ces-eleves-en-prison#primaryimage"},"thumbnailUrl":"https:\/\/static.africa-press.net\/togo\/sites\/58\/2022\/09\/postQueueImg_12-63348a7f3ef2e.jpg","datePublished":"2022-09-28T17:41:58+00:00","dateModified":"2022-09-28T17:55:35+00:00","author":{"@id":"https:\/\/www.africa-press.net\/togo\/#\/schema\/person\/2b1cf3cd81a31e3cd26889ca66d677f1"},"description":"QUEL EST LE MALHEUR A\u0300 E\u0302TRE E\u0301LE\u0300VE AU TOGO ? Quand je vois les e\u0301le\u0300ves dans leur tenu scolaire, je me pose d\u2019 ...","breadcrumb":{"@id":"https:\/\/www.africa-press.net\/togo\/toutes-les-actualites\/que-vise-alors-le-maintien-de-ces-eleves-en-prison#breadcrumb"},"inLanguage":"fr-FR","potentialAction":[{"@type":"ReadAction","target":["https:\/\/www.africa-press.net\/togo\/toutes-les-actualites\/que-vise-alors-le-maintien-de-ces-eleves-en-prison"]}]},{"@type":"ImageObject","inLanguage":"fr-FR","@id":"https:\/\/www.africa-press.net\/togo\/toutes-les-actualites\/que-vise-alors-le-maintien-de-ces-eleves-en-prison#primaryimage","url":"https:\/\/static.africa-press.net\/togo\/sites\/58\/2022\/09\/postQueueImg_12-63348a7f3ef2e.jpg","contentUrl":"https:\/\/static.africa-press.net\/togo\/sites\/58\/2022\/09\/postQueueImg_12-63348a7f3ef2e.jpg","width":1024,"height":683,"caption":"Que vise alors le maintien de ces \u00e9l\u00e8ves en prison ?"},{"@type":"BreadcrumbList","@id":"https:\/\/www.africa-press.net\/togo\/toutes-les-actualites\/que-vise-alors-le-maintien-de-ces-eleves-en-prison#breadcrumb","itemListElement":[{"@type":"ListItem","position":1,"name":"Accueil","item":"https:\/\/www.africa-press.net\/togo\/"},{"@type":"ListItem","position":2,"name":"Que vise alors le maintien de ces \u00e9l\u00e8ves en prison ?"}]},{"@type":"WebSite","@id":"https:\/\/www.africa-press.net\/togo\/#website","url":"https:\/\/www.africa-press.net\/togo\/","name":"Togo","description":"Just another Africa News Agency Sites site","potentialAction":[{"@type":"SearchAction","target":{"@type":"EntryPoint","urlTemplate":"https:\/\/www.africa-press.net\/togo\/?s={search_term_string}"},"query-input":{"@type":"PropertyValueSpecification","valueRequired":true,"valueName":"search_term_string"}}],"inLanguage":"fr-FR"},{"@type":"Person","@id":"https:\/\/www.africa-press.net\/togo\/#\/schema\/person\/2b1cf3cd81a31e3cd26889ca66d677f1","name":"cfeditorfr"}]}},"_links":{"self":[{"href":"https:\/\/www.africa-press.net\/togo\/wp-json\/wp\/v2\/posts\/11663","targetHints":{"allow":["GET"]}}],"collection":[{"href":"https:\/\/www.africa-press.net\/togo\/wp-json\/wp\/v2\/posts"}],"about":[{"href":"https:\/\/www.africa-press.net\/togo\/wp-json\/wp\/v2\/types\/post"}],"author":[{"embeddable":true,"href":"https:\/\/www.africa-press.net\/togo\/wp-json\/wp\/v2\/users\/82"}],"replies":[{"embeddable":true,"href":"https:\/\/www.africa-press.net\/togo\/wp-json\/wp\/v2\/comments?post=11663"}],"version-history":[{"count":0,"href":"https:\/\/www.africa-press.net\/togo\/wp-json\/wp\/v2\/posts\/11663\/revisions"}],"wp:featuredmedia":[{"embeddable":true,"href":"https:\/\/www.africa-press.net\/togo\/wp-json\/wp\/v2\/media\/11662"}],"wp:attachment":[{"href":"https:\/\/www.africa-press.net\/togo\/wp-json\/wp\/v2\/media?parent=11663"}],"wp:term":[{"taxonomy":"category","embeddable":true,"href":"https:\/\/www.africa-press.net\/togo\/wp-json\/wp\/v2\/categories?post=11663"},{"taxonomy":"post_tag","embeddable":true,"href":"https:\/\/www.africa-press.net\/togo\/wp-json\/wp\/v2\/tags?post=11663"}],"curies":[{"name":"wp","href":"https:\/\/api.w.org\/{rel}","templated":true}]}}