{"id":11687,"date":"2022-09-29T19:04:26","date_gmt":"2022-09-29T19:04:26","guid":{"rendered":"https:\/\/www.africa-press.net\/togo\/politique\/togo-assemblee-nationale-cest-quoi-leur-projet"},"modified":"2022-09-29T19:14:07","modified_gmt":"2022-09-29T19:14:07","slug":"togo-assemblee-nationale-cest-quoi-leur-projet","status":"publish","type":"post","link":"https:\/\/www.africa-press.net\/togo\/politique\/togo-assemblee-nationale-cest-quoi-leur-projet","title":{"rendered":"Togo- Assembl\u00e9e nationale: C\u2019est quoi leur projet ?"},"content":{"rendered":"<p><span style=\"color: #ff6600\"><strong>Africa-Press &#8211; Togo. <\/strong><\/span><b>Apre\u0300s quelques semaines de repos, les de\u0301pute\u0301s \u00ab nomme\u0301s \u00bbse sont retrouve\u0301 mardi a\u0300 Kara pour l\u2019ouverture de leur deuxie\u0300me session ordinaire de l\u2019anne\u0301e 2022. Une session qui a mobilise\u0301 presque tout l\u2019attirail pouvoir au grand nord.<\/b><\/p>\n<p>Malgre\u0301 ces moments difficiles exacerbe\u0301s par le phe\u0301nome\u0300ne de la vie che\u0300re, le parlement ne s\u2019est gue\u0300re ge\u0302ne\u0301 de de\u0301localiser cette session au septentrion avec la pre\u0301sence du conglome\u0301rat. Dieu seul sait combien cette vadrouille a cou\u0302te\u0301 au contribuable togolais dans le contexte actuel de crise e\u0301conomique aigue\u0308. Bon, les populations sont d\u2019ailleurs habitue\u0301es !<\/p>\n<p>Les Togolais se demandent chaque fois ce que ces sessions apportent de concret dans leur quotidien si ce ne sont que des causeries entre amis. Dans le communique\u0301 pondu par l\u2019Assemble\u0301e il y a une partie qui a retenu notre attention. \u00ab Et comme le re\u0300glement inte\u0301rieur de l\u2019Assemble\u0301e nationale le stipule, la se\u0301ance est ouverte au public. Ce qui a permis aux groupes de femmes et d\u2019e\u0301tudiants de la re\u0301gion de la Kara de de\u0301couvrir la pratique parlementaire et le travail du de\u0301pute\u0301 en se\u0301ance ple\u0301nie\u0300re \u00bb. Encore qu\u2019on nous dise si les \u00ab de\u0301pite\u0301s \u00bb travaillent re\u0301ellement.<\/p>\n<p>C\u2019est bien que des femmes et des e\u0301tudiants aient pu assister a\u0300 cette session et aient de\u0301couvert la pratique parlementaire et le travail du de\u0301pute\u0301. Mais, la de\u0301couverte du travail du de\u0301pute\u0301 est-elle seulement re\u0301serve\u0301e aux femmes et aux e\u0301tudiants ? Les de\u0301pute\u0301s ne repre\u0301sentent-ils pas toute la population togolaise? Il est donc important que les populations sachent au moins ce qui se dit et se fait en leur nom. Le parlement n\u2019est quand me\u0302me une secte qui n\u2019est ouverte qu\u2019a\u0300 leurs membres. D\u2019ou\u0300 l\u2019importance de la retransmission des se\u0301ances et de\u0301bats sur la te\u0301le\u0301vision \u00ab gnassionale \u00bb.<\/p>\n<p>Mais au Togo, il semble que nos \u00ab de\u0301pite\u0301s \u00bb sont allergiques a\u0300 la retransmission des de\u0301bats. Selon certaines sources, la \u00ab Te\u0301Ve\u0301Te\u0301 \u00bb s\u2019est dit pre\u0302te couvrir et retransmettre les se\u0301ances a\u0300 l\u2019he\u0301micycle, mais elle s\u2019est vu oppose\u0301e un refus net. Conse\u0301quence ? Ils votent des lois qu\u2019eux seuls comprennent. Les de\u0301pute\u0301s \u00ab nomme\u0301s \u00bb ont-ils peur que leurs tares et lacunes soient e\u0301tale\u0301es a\u0300 la face du monde ? C\u2019est quoi leur projet au juste ?<\/p>\n<p><strong>Pour plus d&rsquo;informations et d&rsquo;analyses sur la <a href=\"https:\/\/www.africa-press.net\/togo\">Togo<\/a>, suivez <a href=\"https:\/\/www.africa-press.net\/\">Africa-Press<\/a><\/strong><\/p>\n","protected":false},"excerpt":{"rendered":"<p>Africa-Press &#8211; Togo. Apre\u0300s quelques semaines de repos, les de\u0301pute\u0301s \u00ab nomme\u0301s \u00bbse sont retrouve\u0301 mardi a\u0300 Kara pour l\u2019ouverture de leur deuxie\u0300me session ordinaire de l\u2019anne\u0301e 2022. Une session qui a mobilise\u0301 presque tout l\u2019attirail pouvoir au grand nord. Malgre\u0301 ces moments difficiles exacerbe\u0301s par le phe\u0301nome\u0300ne de la vie che\u0300re, le parlement ne [&hellip;]<\/p>\n","protected":false},"author":82,"featured_media":11686,"comment_status":"open","ping_status":"closed","sticky":false,"template":"","format":"standard","meta":{"footnotes":""},"categories":[2,10],"tags":[36,49,50],"class_list":["post-11687","post","type-post","status-publish","format-standard","has-post-thumbnail","hentry","category-politique","category-toutes-les-actualites","tag-africa-press","tag-africa-press-togo","tag-togo"],"yoast_head":"<!-- This site is optimized with the Yoast SEO Premium plugin v26.1 (Yoast SEO v27.0) - https:\/\/yoast.com\/product\/yoast-seo-premium-wordpress\/ -->\n<title>Togo- Assembl\u00e9e nationale: C\u2019est quoi leur projet ? - Togo<\/title>\n<meta name=\"description\" content=\"Apre\u0300s quelques semaines de repos, les de\u0301pute\u0301s \u00ab nomme\u0301s \u00bbse sont retrouve\u0301 mardi a\u0300 Kara pour l\u2019ouverture de leur ...\" \/>\n<meta name=\"robots\" content=\"index, follow, max-snippet:-1, max-image-preview:large, max-video-preview:-1\" \/>\n<link rel=\"canonical\" href=\"https:\/\/www.africa-press.net\/togo\/politique\/togo-assemblee-nationale-cest-quoi-leur-projet\" \/>\n<meta property=\"og:locale\" content=\"fr_FR\" \/>\n<meta property=\"og:type\" content=\"article\" \/>\n<meta property=\"og:title\" content=\"Togo- Assembl\u00e9e nationale: C\u2019est quoi leur projet ?\" \/>\n<meta property=\"og:description\" content=\"Apre\u0300s quelques semaines de repos, les de\u0301pute\u0301s \u00ab nomme\u0301s \u00bbse sont retrouve\u0301 mardi a\u0300 Kara pour l\u2019ouverture de leur ...\" \/>\n<meta property=\"og:url\" content=\"https:\/\/www.africa-press.net\/togo\/politique\/togo-assemblee-nationale-cest-quoi-leur-projet\" \/>\n<meta property=\"og:site_name\" content=\"Togo\" \/>\n<meta property=\"article:published_time\" content=\"2022-09-29T19:04:26+00:00\" \/>\n<meta property=\"article:modified_time\" content=\"2022-09-29T19:14:07+00:00\" \/>\n<meta property=\"og:image\" content=\"https:\/\/static.africa-press.net\/togo\/sites\/58\/2022\/09\/postQueueImg_3-6335ee535029a.jpg\" \/>\n\t<meta property=\"og:image:width\" content=\"1280\" \/>\n\t<meta property=\"og:image:height\" content=\"796\" \/>\n\t<meta property=\"og:image:type\" content=\"image\/jpeg\" \/>\n<meta name=\"author\" content=\"cfeditorfr\" \/>\n<meta name=\"twitter:card\" content=\"summary_large_image\" \/>\n<meta name=\"twitter:label1\" content=\"\u00c9crit par\" \/>\n\t<meta name=\"twitter:data1\" content=\"cfeditorfr\" \/>\n\t<meta name=\"twitter:label2\" content=\"Dur\u00e9e de lecture estim\u00e9e\" \/>\n\t<meta name=\"twitter:data2\" content=\"2 minutes\" \/>\n<script type=\"application\/ld+json\" class=\"yoast-schema-graph\">{\"@context\":\"https:\/\/schema.org\",\"@graph\":[{\"@type\":\"Article\",\"@id\":\"https:\/\/www.africa-press.net\/togo\/politique\/togo-assemblee-nationale-cest-quoi-leur-projet#article\",\"isPartOf\":{\"@id\":\"https:\/\/www.africa-press.net\/togo\/politique\/togo-assemblee-nationale-cest-quoi-leur-projet\"},\"author\":{\"name\":\"cfeditorfr\",\"@id\":\"https:\/\/www.africa-press.net\/togo\/#\/schema\/person\/2b1cf3cd81a31e3cd26889ca66d677f1\"},\"headline\":\"Togo- Assembl\u00e9e nationale: C\u2019est quoi leur projet ?\",\"datePublished\":\"2022-09-29T19:04:26+00:00\",\"dateModified\":\"2022-09-29T19:14:07+00:00\",\"mainEntityOfPage\":{\"@id\":\"https:\/\/www.africa-press.net\/togo\/politique\/togo-assemblee-nationale-cest-quoi-leur-projet\"},\"wordCount\":456,\"commentCount\":0,\"image\":{\"@id\":\"https:\/\/www.africa-press.net\/togo\/politique\/togo-assemblee-nationale-cest-quoi-leur-projet#primaryimage\"},\"thumbnailUrl\":\"https:\/\/static.africa-press.net\/togo\/sites\/58\/2022\/09\/postQueueImg_3-6335ee535029a.jpg\",\"keywords\":[\"Africa Press\",\"Africa Press-Togo\",\"Togo\"],\"articleSection\":[\"Politique\",\"Toutes les actualit\u00e9s\"],\"inLanguage\":\"fr-FR\",\"potentialAction\":[{\"@type\":\"CommentAction\",\"name\":\"Comment\",\"target\":[\"https:\/\/www.africa-press.net\/togo\/politique\/togo-assemblee-nationale-cest-quoi-leur-projet#respond\"]}]},{\"@type\":\"WebPage\",\"@id\":\"https:\/\/www.africa-press.net\/togo\/politique\/togo-assemblee-nationale-cest-quoi-leur-projet\",\"url\":\"https:\/\/www.africa-press.net\/togo\/politique\/togo-assemblee-nationale-cest-quoi-leur-projet\",\"name\":\"Togo- Assembl\u00e9e nationale: C\u2019est quoi leur projet ? - Togo\",\"isPartOf\":{\"@id\":\"https:\/\/www.africa-press.net\/togo\/#website\"},\"primaryImageOfPage\":{\"@id\":\"https:\/\/www.africa-press.net\/togo\/politique\/togo-assemblee-nationale-cest-quoi-leur-projet#primaryimage\"},\"image\":{\"@id\":\"https:\/\/www.africa-press.net\/togo\/politique\/togo-assemblee-nationale-cest-quoi-leur-projet#primaryimage\"},\"thumbnailUrl\":\"https:\/\/static.africa-press.net\/togo\/sites\/58\/2022\/09\/postQueueImg_3-6335ee535029a.jpg\",\"datePublished\":\"2022-09-29T19:04:26+00:00\",\"dateModified\":\"2022-09-29T19:14:07+00:00\",\"author\":{\"@id\":\"https:\/\/www.africa-press.net\/togo\/#\/schema\/person\/2b1cf3cd81a31e3cd26889ca66d677f1\"},\"description\":\"Apre\u0300s quelques semaines de repos, les de\u0301pute\u0301s \u00ab nomme\u0301s \u00bbse sont retrouve\u0301 mardi a\u0300 Kara pour l\u2019ouverture de leur ...\",\"breadcrumb\":{\"@id\":\"https:\/\/www.africa-press.net\/togo\/politique\/togo-assemblee-nationale-cest-quoi-leur-projet#breadcrumb\"},\"inLanguage\":\"fr-FR\",\"potentialAction\":[{\"@type\":\"ReadAction\",\"target\":[\"https:\/\/www.africa-press.net\/togo\/politique\/togo-assemblee-nationale-cest-quoi-leur-projet\"]}]},{\"@type\":\"ImageObject\",\"inLanguage\":\"fr-FR\",\"@id\":\"https:\/\/www.africa-press.net\/togo\/politique\/togo-assemblee-nationale-cest-quoi-leur-projet#primaryimage\",\"url\":\"https:\/\/static.africa-press.net\/togo\/sites\/58\/2022\/09\/postQueueImg_3-6335ee535029a.jpg\",\"contentUrl\":\"https:\/\/static.africa-press.net\/togo\/sites\/58\/2022\/09\/postQueueImg_3-6335ee535029a.jpg\",\"width\":1280,\"height\":796,\"caption\":\"Togo- Assembl\u00e9e nationale: C\u2019est quoi leur projet ?\"},{\"@type\":\"BreadcrumbList\",\"@id\":\"https:\/\/www.africa-press.net\/togo\/politique\/togo-assemblee-nationale-cest-quoi-leur-projet#breadcrumb\",\"itemListElement\":[{\"@type\":\"ListItem\",\"position\":1,\"name\":\"Accueil\",\"item\":\"https:\/\/www.africa-press.net\/togo\/\"},{\"@type\":\"ListItem\",\"position\":2,\"name\":\"Togo- Assembl\u00e9e nationale: C\u2019est quoi leur projet ?\"}]},{\"@type\":\"WebSite\",\"@id\":\"https:\/\/www.africa-press.net\/togo\/#website\",\"url\":\"https:\/\/www.africa-press.net\/togo\/\",\"name\":\"Togo\",\"description\":\"Just another Africa News Agency Sites site\",\"potentialAction\":[{\"@type\":\"SearchAction\",\"target\":{\"@type\":\"EntryPoint\",\"urlTemplate\":\"https:\/\/www.africa-press.net\/togo\/?s={search_term_string}\"},\"query-input\":{\"@type\":\"PropertyValueSpecification\",\"valueRequired\":true,\"valueName\":\"search_term_string\"}}],\"inLanguage\":\"fr-FR\"},{\"@type\":\"Person\",\"@id\":\"https:\/\/www.africa-press.net\/togo\/#\/schema\/person\/2b1cf3cd81a31e3cd26889ca66d677f1\",\"name\":\"cfeditorfr\"}]}<\/script>\n<!-- \/ Yoast SEO Premium plugin. -->","yoast_head_json":{"title":"Togo- Assembl\u00e9e nationale: C\u2019est quoi leur projet ? - Togo","description":"Apre\u0300s quelques semaines de repos, les de\u0301pute\u0301s \u00ab nomme\u0301s \u00bbse sont retrouve\u0301 mardi a\u0300 Kara pour l\u2019ouverture de leur ...","robots":{"index":"index","follow":"follow","max-snippet":"max-snippet:-1","max-image-preview":"max-image-preview:large","max-video-preview":"max-video-preview:-1"},"canonical":"https:\/\/www.africa-press.net\/togo\/politique\/togo-assemblee-nationale-cest-quoi-leur-projet","og_locale":"fr_FR","og_type":"article","og_title":"Togo- Assembl\u00e9e nationale: C\u2019est quoi leur projet ?","og_description":"Apre\u0300s quelques semaines de repos, les de\u0301pute\u0301s \u00ab nomme\u0301s \u00bbse sont retrouve\u0301 mardi a\u0300 Kara pour l\u2019ouverture de leur ...","og_url":"https:\/\/www.africa-press.net\/togo\/politique\/togo-assemblee-nationale-cest-quoi-leur-projet","og_site_name":"Togo","article_published_time":"2022-09-29T19:04:26+00:00","article_modified_time":"2022-09-29T19:14:07+00:00","og_image":[{"width":1280,"height":796,"url":"https:\/\/static.africa-press.net\/togo\/sites\/58\/2022\/09\/postQueueImg_3-6335ee535029a.jpg","type":"image\/jpeg"}],"author":"cfeditorfr","twitter_card":"summary_large_image","twitter_misc":{"\u00c9crit par":"cfeditorfr","Dur\u00e9e de lecture estim\u00e9e":"2 minutes"},"schema":{"@context":"https:\/\/schema.org","@graph":[{"@type":"Article","@id":"https:\/\/www.africa-press.net\/togo\/politique\/togo-assemblee-nationale-cest-quoi-leur-projet#article","isPartOf":{"@id":"https:\/\/www.africa-press.net\/togo\/politique\/togo-assemblee-nationale-cest-quoi-leur-projet"},"author":{"name":"cfeditorfr","@id":"https:\/\/www.africa-press.net\/togo\/#\/schema\/person\/2b1cf3cd81a31e3cd26889ca66d677f1"},"headline":"Togo- Assembl\u00e9e nationale: C\u2019est quoi leur projet ?","datePublished":"2022-09-29T19:04:26+00:00","dateModified":"2022-09-29T19:14:07+00:00","mainEntityOfPage":{"@id":"https:\/\/www.africa-press.net\/togo\/politique\/togo-assemblee-nationale-cest-quoi-leur-projet"},"wordCount":456,"commentCount":0,"image":{"@id":"https:\/\/www.africa-press.net\/togo\/politique\/togo-assemblee-nationale-cest-quoi-leur-projet#primaryimage"},"thumbnailUrl":"https:\/\/static.africa-press.net\/togo\/sites\/58\/2022\/09\/postQueueImg_3-6335ee535029a.jpg","keywords":["Africa Press","Africa Press-Togo","Togo"],"articleSection":["Politique","Toutes les actualit\u00e9s"],"inLanguage":"fr-FR","potentialAction":[{"@type":"CommentAction","name":"Comment","target":["https:\/\/www.africa-press.net\/togo\/politique\/togo-assemblee-nationale-cest-quoi-leur-projet#respond"]}]},{"@type":"WebPage","@id":"https:\/\/www.africa-press.net\/togo\/politique\/togo-assemblee-nationale-cest-quoi-leur-projet","url":"https:\/\/www.africa-press.net\/togo\/politique\/togo-assemblee-nationale-cest-quoi-leur-projet","name":"Togo- Assembl\u00e9e nationale: C\u2019est quoi leur projet ? - Togo","isPartOf":{"@id":"https:\/\/www.africa-press.net\/togo\/#website"},"primaryImageOfPage":{"@id":"https:\/\/www.africa-press.net\/togo\/politique\/togo-assemblee-nationale-cest-quoi-leur-projet#primaryimage"},"image":{"@id":"https:\/\/www.africa-press.net\/togo\/politique\/togo-assemblee-nationale-cest-quoi-leur-projet#primaryimage"},"thumbnailUrl":"https:\/\/static.africa-press.net\/togo\/sites\/58\/2022\/09\/postQueueImg_3-6335ee535029a.jpg","datePublished":"2022-09-29T19:04:26+00:00","dateModified":"2022-09-29T19:14:07+00:00","author":{"@id":"https:\/\/www.africa-press.net\/togo\/#\/schema\/person\/2b1cf3cd81a31e3cd26889ca66d677f1"},"description":"Apre\u0300s quelques semaines de repos, les de\u0301pute\u0301s \u00ab nomme\u0301s \u00bbse sont retrouve\u0301 mardi a\u0300 Kara pour l\u2019ouverture de leur ...","breadcrumb":{"@id":"https:\/\/www.africa-press.net\/togo\/politique\/togo-assemblee-nationale-cest-quoi-leur-projet#breadcrumb"},"inLanguage":"fr-FR","potentialAction":[{"@type":"ReadAction","target":["https:\/\/www.africa-press.net\/togo\/politique\/togo-assemblee-nationale-cest-quoi-leur-projet"]}]},{"@type":"ImageObject","inLanguage":"fr-FR","@id":"https:\/\/www.africa-press.net\/togo\/politique\/togo-assemblee-nationale-cest-quoi-leur-projet#primaryimage","url":"https:\/\/static.africa-press.net\/togo\/sites\/58\/2022\/09\/postQueueImg_3-6335ee535029a.jpg","contentUrl":"https:\/\/static.africa-press.net\/togo\/sites\/58\/2022\/09\/postQueueImg_3-6335ee535029a.jpg","width":1280,"height":796,"caption":"Togo- Assembl\u00e9e nationale: C\u2019est quoi leur projet ?"},{"@type":"BreadcrumbList","@id":"https:\/\/www.africa-press.net\/togo\/politique\/togo-assemblee-nationale-cest-quoi-leur-projet#breadcrumb","itemListElement":[{"@type":"ListItem","position":1,"name":"Accueil","item":"https:\/\/www.africa-press.net\/togo\/"},{"@type":"ListItem","position":2,"name":"Togo- Assembl\u00e9e nationale: C\u2019est quoi leur projet ?"}]},{"@type":"WebSite","@id":"https:\/\/www.africa-press.net\/togo\/#website","url":"https:\/\/www.africa-press.net\/togo\/","name":"Togo","description":"Just another Africa News Agency Sites site","potentialAction":[{"@type":"SearchAction","target":{"@type":"EntryPoint","urlTemplate":"https:\/\/www.africa-press.net\/togo\/?s={search_term_string}"},"query-input":{"@type":"PropertyValueSpecification","valueRequired":true,"valueName":"search_term_string"}}],"inLanguage":"fr-FR"},{"@type":"Person","@id":"https:\/\/www.africa-press.net\/togo\/#\/schema\/person\/2b1cf3cd81a31e3cd26889ca66d677f1","name":"cfeditorfr"}]}},"_links":{"self":[{"href":"https:\/\/www.africa-press.net\/togo\/wp-json\/wp\/v2\/posts\/11687","targetHints":{"allow":["GET"]}}],"collection":[{"href":"https:\/\/www.africa-press.net\/togo\/wp-json\/wp\/v2\/posts"}],"about":[{"href":"https:\/\/www.africa-press.net\/togo\/wp-json\/wp\/v2\/types\/post"}],"author":[{"embeddable":true,"href":"https:\/\/www.africa-press.net\/togo\/wp-json\/wp\/v2\/users\/82"}],"replies":[{"embeddable":true,"href":"https:\/\/www.africa-press.net\/togo\/wp-json\/wp\/v2\/comments?post=11687"}],"version-history":[{"count":0,"href":"https:\/\/www.africa-press.net\/togo\/wp-json\/wp\/v2\/posts\/11687\/revisions"}],"wp:featuredmedia":[{"embeddable":true,"href":"https:\/\/www.africa-press.net\/togo\/wp-json\/wp\/v2\/media\/11686"}],"wp:attachment":[{"href":"https:\/\/www.africa-press.net\/togo\/wp-json\/wp\/v2\/media?parent=11687"}],"wp:term":[{"taxonomy":"category","embeddable":true,"href":"https:\/\/www.africa-press.net\/togo\/wp-json\/wp\/v2\/categories?post=11687"},{"taxonomy":"post_tag","embeddable":true,"href":"https:\/\/www.africa-press.net\/togo\/wp-json\/wp\/v2\/tags?post=11687"}],"curies":[{"name":"wp","href":"https:\/\/api.w.org\/{rel}","templated":true}]}}