{"id":11690,"date":"2022-09-29T19:04:39","date_gmt":"2022-09-29T19:04:39","guid":{"rendered":"https:\/\/www.africa-press.net\/togo\/politique\/caf-ligue-des-champions-le-togolais-aklesso-gnama-au-sifflet"},"modified":"2022-09-29T19:15:02","modified_gmt":"2022-09-29T19:15:02","slug":"caf-ligue-des-champions-le-togolais-aklesso-gnama-au-sifflet","status":"publish","type":"post","link":"https:\/\/www.africa-press.net\/togo\/sports\/caf-ligue-des-champions-le-togolais-aklesso-gnama-au-sifflet","title":{"rendered":"CAF Ligue des champions : le Togolais Aklesso Gnama au sifflet"},"content":{"rendered":"<p><span style=\"color: #ff6600\"><strong>Africa-Press &#8211; Togo. <\/strong><\/span><b>Dans le cadre des e\u0301liminatoires de la Ligue des champions de la CAF la semaine prochaine, un arbitre togolais a e\u0301te\u0301 de\u0301signe\u0301 par l\u2019organisation fai\u0302tie\u0300re du football africain pour le match entre l\u2019ASN Nigelec et le Raja Casablanca.<\/b><\/p>\n<p>Le samedi 8 octobre 2022, l\u2019ASN Nigelec, club champion en titre du Niger accueillera le champion du Maroc, le Raja Casablanca au Stade Ge\u0301ne\u0301ral Seyni Kountche de Niamey. Pour cette double confrontation, Aklesso Gnama sera au sifflet.<\/p>\n<p>L\u2019arbitre togolais sera seconde\u0301 dans sa ta\u0302che par trois de ses compatriotes : Komlan Domenyo Adiwotso est le premier assistant et Abdou Kpelafia le second.<\/p>\n<p>Le 4e\u0300me arbitre est Komlanvi Aklassou, tandis que le ro\u0302le de commissaire de match a e\u0301te\u0301 confie\u0301 au Burkinabe\u0301 David Koudougou Yameogo.<\/p>\n<p>Au premier tour, l\u2019ASN Nigelec a e\u0301limine\u0301 l\u2019AS Soar de Guine\u0301e Conakry. Le Raja Casablanca a e\u0301te\u0301 exempte\u0301 du premier tour, tout comme le TP Mazembe, Al Ahly, le Wydad Casablanca, les Mamelodi Sundowns et l\u2019Espe\u0301rance de Tunis.<\/p>\n<p>Le match aller de\u0301butera a\u0300 16h30 GMT le samedi 8 octobre 2022.<\/p>\n<p><strong>Pour plus d&rsquo;informations et d&rsquo;analyses sur la <a href=\"https:\/\/www.africa-press.net\/togo\">Togo<\/a>, suivez <a href=\"https:\/\/www.africa-press.net\/\">Africa-Press<\/a><\/strong><\/p>\n","protected":false},"excerpt":{"rendered":"<p>Africa-Press &#8211; Togo. Dans le cadre des e\u0301liminatoires de la Ligue des champions de la CAF la semaine prochaine, un arbitre togolais a e\u0301te\u0301 de\u0301signe\u0301 par l\u2019organisation fai\u0302tie\u0300re du football africain pour le match entre l\u2019ASN Nigelec et le Raja Casablanca. Le samedi 8 octobre 2022, l\u2019ASN Nigelec, club champion en titre du Niger accueillera [&hellip;]<\/p>\n","protected":false},"author":82,"featured_media":11689,"comment_status":"open","ping_status":"closed","sticky":false,"template":"","format":"standard","meta":{"footnotes":""},"categories":[6,10],"tags":[36,49,50],"class_list":["post-11690","post","type-post","status-publish","format-standard","has-post-thumbnail","hentry","category-sports","category-toutes-les-actualites","tag-africa-press","tag-africa-press-togo","tag-togo"],"yoast_head":"<!-- This site is optimized with the Yoast SEO Premium plugin v26.1 (Yoast SEO v27.0) - https:\/\/yoast.com\/product\/yoast-seo-premium-wordpress\/ -->\n<title>CAF Ligue des champions : le Togolais Aklesso Gnama au sifflet - Togo<\/title>\n<meta name=\"description\" content=\"Dans le cadre des e\u0301liminatoires de la Ligue des champions de la CAF la semaine prochaine, un arbitre togolais a e\u0301te ...\" \/>\n<meta name=\"robots\" content=\"index, follow, max-snippet:-1, max-image-preview:large, max-video-preview:-1\" \/>\n<link rel=\"canonical\" href=\"https:\/\/www.africa-press.net\/togo\/sports\/caf-ligue-des-champions-le-togolais-aklesso-gnama-au-sifflet\" \/>\n<meta property=\"og:locale\" content=\"fr_FR\" \/>\n<meta property=\"og:type\" content=\"article\" \/>\n<meta property=\"og:title\" content=\"CAF Ligue des champions : le Togolais Aklesso Gnama au sifflet\" \/>\n<meta property=\"og:description\" content=\"Dans le cadre des e\u0301liminatoires de la Ligue des champions de la CAF la semaine prochaine, un arbitre togolais a e\u0301te ...\" \/>\n<meta property=\"og:url\" content=\"https:\/\/www.africa-press.net\/togo\/sports\/caf-ligue-des-champions-le-togolais-aklesso-gnama-au-sifflet\" \/>\n<meta property=\"og:site_name\" content=\"Togo\" \/>\n<meta property=\"article:published_time\" content=\"2022-09-29T19:04:39+00:00\" \/>\n<meta property=\"article:modified_time\" content=\"2022-09-29T19:15:02+00:00\" \/>\n<meta property=\"og:image\" content=\"https:\/\/static.africa-press.net\/togo\/sites\/58\/2022\/09\/postQueueImg_4-6335ee856032f.jpg\" \/>\n\t<meta property=\"og:image:width\" content=\"720\" \/>\n\t<meta property=\"og:image:height\" content=\"472\" \/>\n\t<meta property=\"og:image:type\" content=\"image\/jpeg\" \/>\n<meta name=\"author\" content=\"cfeditorfr\" \/>\n<meta name=\"twitter:card\" content=\"summary_large_image\" \/>\n<meta name=\"twitter:label1\" content=\"\u00c9crit par\" \/>\n\t<meta name=\"twitter:data1\" content=\"cfeditorfr\" \/>\n\t<meta name=\"twitter:label2\" content=\"Dur\u00e9e de lecture estim\u00e9e\" \/>\n\t<meta name=\"twitter:data2\" content=\"1 minute\" \/>\n<script type=\"application\/ld+json\" class=\"yoast-schema-graph\">{\"@context\":\"https:\/\/schema.org\",\"@graph\":[{\"@type\":\"Article\",\"@id\":\"https:\/\/www.africa-press.net\/togo\/sports\/caf-ligue-des-champions-le-togolais-aklesso-gnama-au-sifflet#article\",\"isPartOf\":{\"@id\":\"https:\/\/www.africa-press.net\/togo\/sports\/caf-ligue-des-champions-le-togolais-aklesso-gnama-au-sifflet\"},\"author\":{\"name\":\"cfeditorfr\",\"@id\":\"https:\/\/www.africa-press.net\/togo\/#\/schema\/person\/2b1cf3cd81a31e3cd26889ca66d677f1\"},\"headline\":\"CAF Ligue des champions : le Togolais Aklesso Gnama au sifflet\",\"datePublished\":\"2022-09-29T19:04:39+00:00\",\"dateModified\":\"2022-09-29T19:15:02+00:00\",\"mainEntityOfPage\":{\"@id\":\"https:\/\/www.africa-press.net\/togo\/sports\/caf-ligue-des-champions-le-togolais-aklesso-gnama-au-sifflet\"},\"wordCount\":215,\"commentCount\":0,\"image\":{\"@id\":\"https:\/\/www.africa-press.net\/togo\/sports\/caf-ligue-des-champions-le-togolais-aklesso-gnama-au-sifflet#primaryimage\"},\"thumbnailUrl\":\"https:\/\/static.africa-press.net\/togo\/sites\/58\/2022\/09\/postQueueImg_4-6335ee856032f.jpg\",\"keywords\":[\"Africa Press\",\"Africa Press-Togo\",\"Togo\"],\"articleSection\":[\"Sports\",\"Toutes les actualit\u00e9s\"],\"inLanguage\":\"fr-FR\",\"potentialAction\":[{\"@type\":\"CommentAction\",\"name\":\"Comment\",\"target\":[\"https:\/\/www.africa-press.net\/togo\/sports\/caf-ligue-des-champions-le-togolais-aklesso-gnama-au-sifflet#respond\"]}]},{\"@type\":\"WebPage\",\"@id\":\"https:\/\/www.africa-press.net\/togo\/sports\/caf-ligue-des-champions-le-togolais-aklesso-gnama-au-sifflet\",\"url\":\"https:\/\/www.africa-press.net\/togo\/sports\/caf-ligue-des-champions-le-togolais-aklesso-gnama-au-sifflet\",\"name\":\"CAF Ligue des champions : le Togolais Aklesso Gnama au sifflet - Togo\",\"isPartOf\":{\"@id\":\"https:\/\/www.africa-press.net\/togo\/#website\"},\"primaryImageOfPage\":{\"@id\":\"https:\/\/www.africa-press.net\/togo\/sports\/caf-ligue-des-champions-le-togolais-aklesso-gnama-au-sifflet#primaryimage\"},\"image\":{\"@id\":\"https:\/\/www.africa-press.net\/togo\/sports\/caf-ligue-des-champions-le-togolais-aklesso-gnama-au-sifflet#primaryimage\"},\"thumbnailUrl\":\"https:\/\/static.africa-press.net\/togo\/sites\/58\/2022\/09\/postQueueImg_4-6335ee856032f.jpg\",\"datePublished\":\"2022-09-29T19:04:39+00:00\",\"dateModified\":\"2022-09-29T19:15:02+00:00\",\"author\":{\"@id\":\"https:\/\/www.africa-press.net\/togo\/#\/schema\/person\/2b1cf3cd81a31e3cd26889ca66d677f1\"},\"description\":\"Dans le cadre des e\u0301liminatoires de la Ligue des champions de la CAF la semaine prochaine, un arbitre togolais a e\u0301te ...\",\"breadcrumb\":{\"@id\":\"https:\/\/www.africa-press.net\/togo\/sports\/caf-ligue-des-champions-le-togolais-aklesso-gnama-au-sifflet#breadcrumb\"},\"inLanguage\":\"fr-FR\",\"potentialAction\":[{\"@type\":\"ReadAction\",\"target\":[\"https:\/\/www.africa-press.net\/togo\/sports\/caf-ligue-des-champions-le-togolais-aklesso-gnama-au-sifflet\"]}]},{\"@type\":\"ImageObject\",\"inLanguage\":\"fr-FR\",\"@id\":\"https:\/\/www.africa-press.net\/togo\/sports\/caf-ligue-des-champions-le-togolais-aklesso-gnama-au-sifflet#primaryimage\",\"url\":\"https:\/\/static.africa-press.net\/togo\/sites\/58\/2022\/09\/postQueueImg_4-6335ee856032f.jpg\",\"contentUrl\":\"https:\/\/static.africa-press.net\/togo\/sites\/58\/2022\/09\/postQueueImg_4-6335ee856032f.jpg\",\"width\":720,\"height\":472,\"caption\":\"CAF Ligue des champions : le Togolais Aklesso Gnama au sifflet\"},{\"@type\":\"BreadcrumbList\",\"@id\":\"https:\/\/www.africa-press.net\/togo\/sports\/caf-ligue-des-champions-le-togolais-aklesso-gnama-au-sifflet#breadcrumb\",\"itemListElement\":[{\"@type\":\"ListItem\",\"position\":1,\"name\":\"Accueil\",\"item\":\"https:\/\/www.africa-press.net\/togo\/\"},{\"@type\":\"ListItem\",\"position\":2,\"name\":\"CAF Ligue des champions : le Togolais Aklesso Gnama au sifflet\"}]},{\"@type\":\"WebSite\",\"@id\":\"https:\/\/www.africa-press.net\/togo\/#website\",\"url\":\"https:\/\/www.africa-press.net\/togo\/\",\"name\":\"Togo\",\"description\":\"Just another Africa News Agency Sites site\",\"potentialAction\":[{\"@type\":\"SearchAction\",\"target\":{\"@type\":\"EntryPoint\",\"urlTemplate\":\"https:\/\/www.africa-press.net\/togo\/?s={search_term_string}\"},\"query-input\":{\"@type\":\"PropertyValueSpecification\",\"valueRequired\":true,\"valueName\":\"search_term_string\"}}],\"inLanguage\":\"fr-FR\"},{\"@type\":\"Person\",\"@id\":\"https:\/\/www.africa-press.net\/togo\/#\/schema\/person\/2b1cf3cd81a31e3cd26889ca66d677f1\",\"name\":\"cfeditorfr\"}]}<\/script>\n<!-- \/ Yoast SEO Premium plugin. -->","yoast_head_json":{"title":"CAF Ligue des champions : le Togolais Aklesso Gnama au sifflet - Togo","description":"Dans le cadre des e\u0301liminatoires de la Ligue des champions de la CAF la semaine prochaine, un arbitre togolais a e\u0301te ...","robots":{"index":"index","follow":"follow","max-snippet":"max-snippet:-1","max-image-preview":"max-image-preview:large","max-video-preview":"max-video-preview:-1"},"canonical":"https:\/\/www.africa-press.net\/togo\/sports\/caf-ligue-des-champions-le-togolais-aklesso-gnama-au-sifflet","og_locale":"fr_FR","og_type":"article","og_title":"CAF Ligue des champions : le Togolais Aklesso Gnama au sifflet","og_description":"Dans le cadre des e\u0301liminatoires de la Ligue des champions de la CAF la semaine prochaine, un arbitre togolais a e\u0301te ...","og_url":"https:\/\/www.africa-press.net\/togo\/sports\/caf-ligue-des-champions-le-togolais-aklesso-gnama-au-sifflet","og_site_name":"Togo","article_published_time":"2022-09-29T19:04:39+00:00","article_modified_time":"2022-09-29T19:15:02+00:00","og_image":[{"width":720,"height":472,"url":"https:\/\/static.africa-press.net\/togo\/sites\/58\/2022\/09\/postQueueImg_4-6335ee856032f.jpg","type":"image\/jpeg"}],"author":"cfeditorfr","twitter_card":"summary_large_image","twitter_misc":{"\u00c9crit par":"cfeditorfr","Dur\u00e9e de lecture estim\u00e9e":"1 minute"},"schema":{"@context":"https:\/\/schema.org","@graph":[{"@type":"Article","@id":"https:\/\/www.africa-press.net\/togo\/sports\/caf-ligue-des-champions-le-togolais-aklesso-gnama-au-sifflet#article","isPartOf":{"@id":"https:\/\/www.africa-press.net\/togo\/sports\/caf-ligue-des-champions-le-togolais-aklesso-gnama-au-sifflet"},"author":{"name":"cfeditorfr","@id":"https:\/\/www.africa-press.net\/togo\/#\/schema\/person\/2b1cf3cd81a31e3cd26889ca66d677f1"},"headline":"CAF Ligue des champions : le Togolais Aklesso Gnama au sifflet","datePublished":"2022-09-29T19:04:39+00:00","dateModified":"2022-09-29T19:15:02+00:00","mainEntityOfPage":{"@id":"https:\/\/www.africa-press.net\/togo\/sports\/caf-ligue-des-champions-le-togolais-aklesso-gnama-au-sifflet"},"wordCount":215,"commentCount":0,"image":{"@id":"https:\/\/www.africa-press.net\/togo\/sports\/caf-ligue-des-champions-le-togolais-aklesso-gnama-au-sifflet#primaryimage"},"thumbnailUrl":"https:\/\/static.africa-press.net\/togo\/sites\/58\/2022\/09\/postQueueImg_4-6335ee856032f.jpg","keywords":["Africa Press","Africa Press-Togo","Togo"],"articleSection":["Sports","Toutes les actualit\u00e9s"],"inLanguage":"fr-FR","potentialAction":[{"@type":"CommentAction","name":"Comment","target":["https:\/\/www.africa-press.net\/togo\/sports\/caf-ligue-des-champions-le-togolais-aklesso-gnama-au-sifflet#respond"]}]},{"@type":"WebPage","@id":"https:\/\/www.africa-press.net\/togo\/sports\/caf-ligue-des-champions-le-togolais-aklesso-gnama-au-sifflet","url":"https:\/\/www.africa-press.net\/togo\/sports\/caf-ligue-des-champions-le-togolais-aklesso-gnama-au-sifflet","name":"CAF Ligue des champions : le Togolais Aklesso Gnama au sifflet - Togo","isPartOf":{"@id":"https:\/\/www.africa-press.net\/togo\/#website"},"primaryImageOfPage":{"@id":"https:\/\/www.africa-press.net\/togo\/sports\/caf-ligue-des-champions-le-togolais-aklesso-gnama-au-sifflet#primaryimage"},"image":{"@id":"https:\/\/www.africa-press.net\/togo\/sports\/caf-ligue-des-champions-le-togolais-aklesso-gnama-au-sifflet#primaryimage"},"thumbnailUrl":"https:\/\/static.africa-press.net\/togo\/sites\/58\/2022\/09\/postQueueImg_4-6335ee856032f.jpg","datePublished":"2022-09-29T19:04:39+00:00","dateModified":"2022-09-29T19:15:02+00:00","author":{"@id":"https:\/\/www.africa-press.net\/togo\/#\/schema\/person\/2b1cf3cd81a31e3cd26889ca66d677f1"},"description":"Dans le cadre des e\u0301liminatoires de la Ligue des champions de la CAF la semaine prochaine, un arbitre togolais a e\u0301te ...","breadcrumb":{"@id":"https:\/\/www.africa-press.net\/togo\/sports\/caf-ligue-des-champions-le-togolais-aklesso-gnama-au-sifflet#breadcrumb"},"inLanguage":"fr-FR","potentialAction":[{"@type":"ReadAction","target":["https:\/\/www.africa-press.net\/togo\/sports\/caf-ligue-des-champions-le-togolais-aklesso-gnama-au-sifflet"]}]},{"@type":"ImageObject","inLanguage":"fr-FR","@id":"https:\/\/www.africa-press.net\/togo\/sports\/caf-ligue-des-champions-le-togolais-aklesso-gnama-au-sifflet#primaryimage","url":"https:\/\/static.africa-press.net\/togo\/sites\/58\/2022\/09\/postQueueImg_4-6335ee856032f.jpg","contentUrl":"https:\/\/static.africa-press.net\/togo\/sites\/58\/2022\/09\/postQueueImg_4-6335ee856032f.jpg","width":720,"height":472,"caption":"CAF Ligue des champions : le Togolais Aklesso Gnama au sifflet"},{"@type":"BreadcrumbList","@id":"https:\/\/www.africa-press.net\/togo\/sports\/caf-ligue-des-champions-le-togolais-aklesso-gnama-au-sifflet#breadcrumb","itemListElement":[{"@type":"ListItem","position":1,"name":"Accueil","item":"https:\/\/www.africa-press.net\/togo\/"},{"@type":"ListItem","position":2,"name":"CAF Ligue des champions : le Togolais Aklesso Gnama au sifflet"}]},{"@type":"WebSite","@id":"https:\/\/www.africa-press.net\/togo\/#website","url":"https:\/\/www.africa-press.net\/togo\/","name":"Togo","description":"Just another Africa News Agency Sites site","potentialAction":[{"@type":"SearchAction","target":{"@type":"EntryPoint","urlTemplate":"https:\/\/www.africa-press.net\/togo\/?s={search_term_string}"},"query-input":{"@type":"PropertyValueSpecification","valueRequired":true,"valueName":"search_term_string"}}],"inLanguage":"fr-FR"},{"@type":"Person","@id":"https:\/\/www.africa-press.net\/togo\/#\/schema\/person\/2b1cf3cd81a31e3cd26889ca66d677f1","name":"cfeditorfr"}]}},"_links":{"self":[{"href":"https:\/\/www.africa-press.net\/togo\/wp-json\/wp\/v2\/posts\/11690","targetHints":{"allow":["GET"]}}],"collection":[{"href":"https:\/\/www.africa-press.net\/togo\/wp-json\/wp\/v2\/posts"}],"about":[{"href":"https:\/\/www.africa-press.net\/togo\/wp-json\/wp\/v2\/types\/post"}],"author":[{"embeddable":true,"href":"https:\/\/www.africa-press.net\/togo\/wp-json\/wp\/v2\/users\/82"}],"replies":[{"embeddable":true,"href":"https:\/\/www.africa-press.net\/togo\/wp-json\/wp\/v2\/comments?post=11690"}],"version-history":[{"count":0,"href":"https:\/\/www.africa-press.net\/togo\/wp-json\/wp\/v2\/posts\/11690\/revisions"}],"wp:featuredmedia":[{"embeddable":true,"href":"https:\/\/www.africa-press.net\/togo\/wp-json\/wp\/v2\/media\/11689"}],"wp:attachment":[{"href":"https:\/\/www.africa-press.net\/togo\/wp-json\/wp\/v2\/media?parent=11690"}],"wp:term":[{"taxonomy":"category","embeddable":true,"href":"https:\/\/www.africa-press.net\/togo\/wp-json\/wp\/v2\/categories?post=11690"},{"taxonomy":"post_tag","embeddable":true,"href":"https:\/\/www.africa-press.net\/togo\/wp-json\/wp\/v2\/tags?post=11690"}],"curies":[{"name":"wp","href":"https:\/\/api.w.org\/{rel}","templated":true}]}}