{"id":11698,"date":"2022-09-29T19:05:47","date_gmt":"2022-09-29T19:05:47","guid":{"rendered":"https:\/\/www.africa-press.net\/togo\/politique\/afrique-lechos-de-dussey-la-voix-de-maiga"},"modified":"2022-09-29T19:16:48","modified_gmt":"2022-09-29T19:16:48","slug":"afrique-lechos-de-dussey-la-voix-de-maiga","status":"publish","type":"post","link":"https:\/\/www.africa-press.net\/togo\/politique\/afrique-lechos-de-dussey-la-voix-de-maiga","title":{"rendered":"AFRIQUE \u2013 L\u2019\u00e9chos de Dussey, la voix de Ma\u00efga"},"content":{"rendered":"<p><span style=\"color: #ff6600\"><strong>Africa-Press &#8211; Togo. <\/strong><\/span>Beaucoup d\u2019observateurs ont, a\u0300 juste titre, ope\u0301re\u0301 des rapprochements entre les discours du togolais Robert Dussey et du malien Abdoulaye Mai\u0308ga, a\u0300 la tribune des Nations-Unies lors de la 77e\u0300me Session ordinaire de l\u2019ONU. Pourtant celui qui a le plus provoque\u0301 des remous et qu\u2019une certaine jeunesse africaine tient en he\u0301ros est le Premier ministre malien par inte\u0301rim, Abdoulaye Mai\u0308ga. Quelles peuvent en e\u0302tre les raisons ?<\/p>\n<p>Alors que le Ministre togolais des affaires e\u0301trange\u0300res, Robert Dussey, a choisi de faire passer son message dans un style diplomatique tout en e\u0301tant clair sur la volonte\u0301 du continent africain de ne plus \u00ab un wagon \u00bb tire\u0301 par une locomotive e\u0301trange\u0300re, le Premier ministre malien par inte\u0301rim qui d\u2019ailleurs l\u2019avait pre\u0301ce\u0301de\u0301 a semble\u0301 abonder dans le me\u0302me sens mais avec des mots moins \u00ab tendres \u00bb. Abdoulaye Mai\u0308ga, pour sa part n\u2019a pas he\u0301site\u0301 a\u0300 pointer du doigt nomme\u0301ment des institutions internationales et leur repre\u0301sentant comme l\u2019ONU et son patron, ou encore des Etats comme la France pour de\u0301noncer une certaine \u00ab arrogance \u00bb dans leur de\u0301marche envers son pays, le Mali.<\/p>\n<p>Mais fondamentalement, ce qu\u2019il faut objectif retenir du passage de ces deux hommes d\u2019Etat est qu\u2019au sein de l\u2019e\u0301lite africaine, il y a de\u0301sormais cette ferme volonte\u0301 de rupture avec le \u00ab ne\u0301ocolonialisme \u00bb et les \u00ab injonctions cache\u0301es ou manifestes des puissances occidentales \u00bb. L\u2019Afrique ne se contentera plus de\u0301sormais de ce sie\u0300ge de faire-valoir que les pays puissants et e\u0301mergents lui accordent.<\/p>\n<p>Toutefois, les suites de ces deux discours montrent que l\u2019intervention du malien est celle-la\u0300 qui est e\u0301norme\u0301ment relaye\u0301e et qui d\u2019ailleurs rencontre un certain engouement au sein de la jeunesse africaine. Certains analystes le qualifient de \u00ab populiste \u00bb et tentent d\u2019expliquer cette ferveur autour de son discours par ce trait de populisme. Quand bien me\u0302me cette analyse serait juste, elle est insuffisante pour expliquer la mare\u0301e humaine qui a accueilli Abdoulaye Mai\u0308ga a\u0300 son retour au Mali apre\u0300s les sce\u0300nes de fierte\u0301 observe\u0301es dans la diaspora africaine partout ailleurs.<\/p>\n<p>Dans les faits, les mots prononce\u0301s par Abdoulaye Mai\u0308ga traduisent entie\u0300rement les actions re\u0301elles que me\u0300nent les autorite\u0301s maliennes depuis que les militaires ont pris le pouvoir. Il s\u2019agit de ce qu\u2019on peut appeler un \u00ab discours assume\u0301, vivant et ve\u0301cu \u00bb. Ce qui est tre\u0300s loin de celui du togolais Robert Dussey dont l\u2019allocution ressemble beaucoup plus a\u0300 une de\u0301claration de bonnes intentions. Le pouvoir malien affiche re\u0301ellement ses actions de rupture avec le passe\u0301 et posent des fondements d\u2019une certaine re\u0301ciprocite\u0301 entre le Mali et tous les partenaires. Au me\u0302me moment, les autorite\u0301s togolaises brillent par une diplomatie incohe\u0301rente qui ne montre rien d\u2019original. Pire, ces dernie\u0300res sont tre\u0300s loin des ide\u0301aux de de\u0301mocratie qui animent l\u2019actuelle jeunesse africaine.<\/p>\n<p>Tous ces e\u0301le\u0301ments contribuent a\u0300 faire du discours de Robert Dussey un \u00ab e\u0301chos \u00bb qui sera vite oublie\u0301 alors les actions jointes aux paroles d\u2019Abdoulaye Mai\u0308ga maintiendront longtemps sa \u00ab voix \u00bb dans l\u2019esprit de la jeunesse africaine.<\/p>\n<p><strong>Pour plus d&rsquo;informations et d&rsquo;analyses sur la <a href=\"https:\/\/www.africa-press.net\/togo\">Togo<\/a>, suivez <a href=\"https:\/\/www.africa-press.net\/\">Africa-Press<\/a><\/strong><\/p>\n","protected":false},"excerpt":{"rendered":"<p>Africa-Press &#8211; Togo. Beaucoup d\u2019observateurs ont, a\u0300 juste titre, ope\u0301re\u0301 des rapprochements entre les discours du togolais Robert Dussey et du malien Abdoulaye Mai\u0308ga, a\u0300 la tribune des Nations-Unies lors de la 77e\u0300me Session ordinaire de l\u2019ONU. Pourtant celui qui a le plus provoque\u0301 des remous et qu\u2019une certaine jeunesse africaine tient en he\u0301ros est [&hellip;]<\/p>\n","protected":false},"author":82,"featured_media":11696,"comment_status":"open","ping_status":"closed","sticky":false,"template":"","format":"standard","meta":{"footnotes":""},"categories":[2,10],"tags":[36,49,50],"class_list":["post-11698","post","type-post","status-publish","format-standard","has-post-thumbnail","hentry","category-politique","category-toutes-les-actualites","tag-africa-press","tag-africa-press-togo","tag-togo"],"yoast_head":"<!-- This site is optimized with the Yoast SEO Premium plugin v26.1 (Yoast SEO v27.0) - https:\/\/yoast.com\/product\/yoast-seo-premium-wordpress\/ -->\n<title>AFRIQUE \u2013 L\u2019\u00e9chos de Dussey, la voix de Ma\u00efga - Togo<\/title>\n<meta name=\"description\" content=\"Beaucoup d\u2019observateurs ont, a\u0300 juste titre, ope\u0301re\u0301 des rapprochements entre les discours du togolais Robert Dussey et ...\" \/>\n<meta name=\"robots\" content=\"index, follow, max-snippet:-1, max-image-preview:large, max-video-preview:-1\" \/>\n<link rel=\"canonical\" href=\"https:\/\/www.africa-press.net\/togo\/politique\/afrique-lechos-de-dussey-la-voix-de-maiga\" \/>\n<meta property=\"og:locale\" content=\"fr_FR\" \/>\n<meta property=\"og:type\" content=\"article\" \/>\n<meta property=\"og:title\" content=\"AFRIQUE \u2013 L\u2019\u00e9chos de Dussey, la voix de Ma\u00efga\" \/>\n<meta property=\"og:description\" content=\"Beaucoup d\u2019observateurs ont, a\u0300 juste titre, ope\u0301re\u0301 des rapprochements entre les discours du togolais Robert Dussey et ...\" \/>\n<meta property=\"og:url\" content=\"https:\/\/www.africa-press.net\/togo\/politique\/afrique-lechos-de-dussey-la-voix-de-maiga\" \/>\n<meta property=\"og:site_name\" content=\"Togo\" \/>\n<meta property=\"article:published_time\" content=\"2022-09-29T19:05:47+00:00\" \/>\n<meta property=\"article:modified_time\" content=\"2022-09-29T19:16:48+00:00\" \/>\n<meta property=\"og:image\" content=\"https:\/\/static.africa-press.net\/togo\/sites\/58\/2022\/09\/postQueueImg_6-6335eeeecff38.jpg\" \/>\n\t<meta property=\"og:image:width\" content=\"1200\" \/>\n\t<meta property=\"og:image:height\" content=\"800\" \/>\n\t<meta property=\"og:image:type\" content=\"image\/jpeg\" \/>\n<meta name=\"author\" content=\"cfeditorfr\" \/>\n<meta name=\"twitter:card\" content=\"summary_large_image\" \/>\n<meta name=\"twitter:label1\" content=\"\u00c9crit par\" \/>\n\t<meta name=\"twitter:data1\" content=\"cfeditorfr\" \/>\n\t<meta name=\"twitter:label2\" content=\"Dur\u00e9e de lecture estim\u00e9e\" \/>\n\t<meta name=\"twitter:data2\" content=\"3 minutes\" \/>\n<script type=\"application\/ld+json\" class=\"yoast-schema-graph\">{\"@context\":\"https:\/\/schema.org\",\"@graph\":[{\"@type\":\"Article\",\"@id\":\"https:\/\/www.africa-press.net\/togo\/politique\/afrique-lechos-de-dussey-la-voix-de-maiga#article\",\"isPartOf\":{\"@id\":\"https:\/\/www.africa-press.net\/togo\/politique\/afrique-lechos-de-dussey-la-voix-de-maiga\"},\"author\":{\"name\":\"cfeditorfr\",\"@id\":\"https:\/\/www.africa-press.net\/togo\/#\/schema\/person\/2b1cf3cd81a31e3cd26889ca66d677f1\"},\"headline\":\"AFRIQUE \u2013 L\u2019\u00e9chos de Dussey, la voix de Ma\u00efga\",\"datePublished\":\"2022-09-29T19:05:47+00:00\",\"dateModified\":\"2022-09-29T19:16:48+00:00\",\"mainEntityOfPage\":{\"@id\":\"https:\/\/www.africa-press.net\/togo\/politique\/afrique-lechos-de-dussey-la-voix-de-maiga\"},\"wordCount\":584,\"commentCount\":0,\"image\":{\"@id\":\"https:\/\/www.africa-press.net\/togo\/politique\/afrique-lechos-de-dussey-la-voix-de-maiga#primaryimage\"},\"thumbnailUrl\":\"https:\/\/static.africa-press.net\/togo\/sites\/58\/2022\/09\/postQueueImg_6-6335eeeecff38.jpg\",\"keywords\":[\"Africa Press\",\"Africa Press-Togo\",\"Togo\"],\"articleSection\":[\"Politique\",\"Toutes les actualit\u00e9s\"],\"inLanguage\":\"fr-FR\",\"potentialAction\":[{\"@type\":\"CommentAction\",\"name\":\"Comment\",\"target\":[\"https:\/\/www.africa-press.net\/togo\/politique\/afrique-lechos-de-dussey-la-voix-de-maiga#respond\"]}]},{\"@type\":\"WebPage\",\"@id\":\"https:\/\/www.africa-press.net\/togo\/politique\/afrique-lechos-de-dussey-la-voix-de-maiga\",\"url\":\"https:\/\/www.africa-press.net\/togo\/politique\/afrique-lechos-de-dussey-la-voix-de-maiga\",\"name\":\"AFRIQUE \u2013 L\u2019\u00e9chos de Dussey, la voix de Ma\u00efga - Togo\",\"isPartOf\":{\"@id\":\"https:\/\/www.africa-press.net\/togo\/#website\"},\"primaryImageOfPage\":{\"@id\":\"https:\/\/www.africa-press.net\/togo\/politique\/afrique-lechos-de-dussey-la-voix-de-maiga#primaryimage\"},\"image\":{\"@id\":\"https:\/\/www.africa-press.net\/togo\/politique\/afrique-lechos-de-dussey-la-voix-de-maiga#primaryimage\"},\"thumbnailUrl\":\"https:\/\/static.africa-press.net\/togo\/sites\/58\/2022\/09\/postQueueImg_6-6335eeeecff38.jpg\",\"datePublished\":\"2022-09-29T19:05:47+00:00\",\"dateModified\":\"2022-09-29T19:16:48+00:00\",\"author\":{\"@id\":\"https:\/\/www.africa-press.net\/togo\/#\/schema\/person\/2b1cf3cd81a31e3cd26889ca66d677f1\"},\"description\":\"Beaucoup d\u2019observateurs ont, a\u0300 juste titre, ope\u0301re\u0301 des rapprochements entre les discours du togolais Robert Dussey et ...\",\"breadcrumb\":{\"@id\":\"https:\/\/www.africa-press.net\/togo\/politique\/afrique-lechos-de-dussey-la-voix-de-maiga#breadcrumb\"},\"inLanguage\":\"fr-FR\",\"potentialAction\":[{\"@type\":\"ReadAction\",\"target\":[\"https:\/\/www.africa-press.net\/togo\/politique\/afrique-lechos-de-dussey-la-voix-de-maiga\"]}]},{\"@type\":\"ImageObject\",\"inLanguage\":\"fr-FR\",\"@id\":\"https:\/\/www.africa-press.net\/togo\/politique\/afrique-lechos-de-dussey-la-voix-de-maiga#primaryimage\",\"url\":\"https:\/\/static.africa-press.net\/togo\/sites\/58\/2022\/09\/postQueueImg_6-6335eeeecff38.jpg\",\"contentUrl\":\"https:\/\/static.africa-press.net\/togo\/sites\/58\/2022\/09\/postQueueImg_6-6335eeeecff38.jpg\",\"width\":1200,\"height\":800,\"caption\":\"AFRIQUE \u2013 L\u2019\u00e9chos de Dussey, la voix de Ma\u00efga\"},{\"@type\":\"BreadcrumbList\",\"@id\":\"https:\/\/www.africa-press.net\/togo\/politique\/afrique-lechos-de-dussey-la-voix-de-maiga#breadcrumb\",\"itemListElement\":[{\"@type\":\"ListItem\",\"position\":1,\"name\":\"Accueil\",\"item\":\"https:\/\/www.africa-press.net\/togo\/\"},{\"@type\":\"ListItem\",\"position\":2,\"name\":\"AFRIQUE \u2013 L\u2019\u00e9chos de Dussey, la voix de Ma\u00efga\"}]},{\"@type\":\"WebSite\",\"@id\":\"https:\/\/www.africa-press.net\/togo\/#website\",\"url\":\"https:\/\/www.africa-press.net\/togo\/\",\"name\":\"Togo\",\"description\":\"Just another Africa News Agency Sites site\",\"potentialAction\":[{\"@type\":\"SearchAction\",\"target\":{\"@type\":\"EntryPoint\",\"urlTemplate\":\"https:\/\/www.africa-press.net\/togo\/?s={search_term_string}\"},\"query-input\":{\"@type\":\"PropertyValueSpecification\",\"valueRequired\":true,\"valueName\":\"search_term_string\"}}],\"inLanguage\":\"fr-FR\"},{\"@type\":\"Person\",\"@id\":\"https:\/\/www.africa-press.net\/togo\/#\/schema\/person\/2b1cf3cd81a31e3cd26889ca66d677f1\",\"name\":\"cfeditorfr\"}]}<\/script>\n<!-- \/ Yoast SEO Premium plugin. -->","yoast_head_json":{"title":"AFRIQUE \u2013 L\u2019\u00e9chos de Dussey, la voix de Ma\u00efga - Togo","description":"Beaucoup d\u2019observateurs ont, a\u0300 juste titre, ope\u0301re\u0301 des rapprochements entre les discours du togolais Robert Dussey et ...","robots":{"index":"index","follow":"follow","max-snippet":"max-snippet:-1","max-image-preview":"max-image-preview:large","max-video-preview":"max-video-preview:-1"},"canonical":"https:\/\/www.africa-press.net\/togo\/politique\/afrique-lechos-de-dussey-la-voix-de-maiga","og_locale":"fr_FR","og_type":"article","og_title":"AFRIQUE \u2013 L\u2019\u00e9chos de Dussey, la voix de Ma\u00efga","og_description":"Beaucoup d\u2019observateurs ont, a\u0300 juste titre, ope\u0301re\u0301 des rapprochements entre les discours du togolais Robert Dussey et ...","og_url":"https:\/\/www.africa-press.net\/togo\/politique\/afrique-lechos-de-dussey-la-voix-de-maiga","og_site_name":"Togo","article_published_time":"2022-09-29T19:05:47+00:00","article_modified_time":"2022-09-29T19:16:48+00:00","og_image":[{"width":1200,"height":800,"url":"https:\/\/static.africa-press.net\/togo\/sites\/58\/2022\/09\/postQueueImg_6-6335eeeecff38.jpg","type":"image\/jpeg"}],"author":"cfeditorfr","twitter_card":"summary_large_image","twitter_misc":{"\u00c9crit par":"cfeditorfr","Dur\u00e9e de lecture estim\u00e9e":"3 minutes"},"schema":{"@context":"https:\/\/schema.org","@graph":[{"@type":"Article","@id":"https:\/\/www.africa-press.net\/togo\/politique\/afrique-lechos-de-dussey-la-voix-de-maiga#article","isPartOf":{"@id":"https:\/\/www.africa-press.net\/togo\/politique\/afrique-lechos-de-dussey-la-voix-de-maiga"},"author":{"name":"cfeditorfr","@id":"https:\/\/www.africa-press.net\/togo\/#\/schema\/person\/2b1cf3cd81a31e3cd26889ca66d677f1"},"headline":"AFRIQUE \u2013 L\u2019\u00e9chos de Dussey, la voix de Ma\u00efga","datePublished":"2022-09-29T19:05:47+00:00","dateModified":"2022-09-29T19:16:48+00:00","mainEntityOfPage":{"@id":"https:\/\/www.africa-press.net\/togo\/politique\/afrique-lechos-de-dussey-la-voix-de-maiga"},"wordCount":584,"commentCount":0,"image":{"@id":"https:\/\/www.africa-press.net\/togo\/politique\/afrique-lechos-de-dussey-la-voix-de-maiga#primaryimage"},"thumbnailUrl":"https:\/\/static.africa-press.net\/togo\/sites\/58\/2022\/09\/postQueueImg_6-6335eeeecff38.jpg","keywords":["Africa Press","Africa Press-Togo","Togo"],"articleSection":["Politique","Toutes les actualit\u00e9s"],"inLanguage":"fr-FR","potentialAction":[{"@type":"CommentAction","name":"Comment","target":["https:\/\/www.africa-press.net\/togo\/politique\/afrique-lechos-de-dussey-la-voix-de-maiga#respond"]}]},{"@type":"WebPage","@id":"https:\/\/www.africa-press.net\/togo\/politique\/afrique-lechos-de-dussey-la-voix-de-maiga","url":"https:\/\/www.africa-press.net\/togo\/politique\/afrique-lechos-de-dussey-la-voix-de-maiga","name":"AFRIQUE \u2013 L\u2019\u00e9chos de Dussey, la voix de Ma\u00efga - Togo","isPartOf":{"@id":"https:\/\/www.africa-press.net\/togo\/#website"},"primaryImageOfPage":{"@id":"https:\/\/www.africa-press.net\/togo\/politique\/afrique-lechos-de-dussey-la-voix-de-maiga#primaryimage"},"image":{"@id":"https:\/\/www.africa-press.net\/togo\/politique\/afrique-lechos-de-dussey-la-voix-de-maiga#primaryimage"},"thumbnailUrl":"https:\/\/static.africa-press.net\/togo\/sites\/58\/2022\/09\/postQueueImg_6-6335eeeecff38.jpg","datePublished":"2022-09-29T19:05:47+00:00","dateModified":"2022-09-29T19:16:48+00:00","author":{"@id":"https:\/\/www.africa-press.net\/togo\/#\/schema\/person\/2b1cf3cd81a31e3cd26889ca66d677f1"},"description":"Beaucoup d\u2019observateurs ont, a\u0300 juste titre, ope\u0301re\u0301 des rapprochements entre les discours du togolais Robert Dussey et ...","breadcrumb":{"@id":"https:\/\/www.africa-press.net\/togo\/politique\/afrique-lechos-de-dussey-la-voix-de-maiga#breadcrumb"},"inLanguage":"fr-FR","potentialAction":[{"@type":"ReadAction","target":["https:\/\/www.africa-press.net\/togo\/politique\/afrique-lechos-de-dussey-la-voix-de-maiga"]}]},{"@type":"ImageObject","inLanguage":"fr-FR","@id":"https:\/\/www.africa-press.net\/togo\/politique\/afrique-lechos-de-dussey-la-voix-de-maiga#primaryimage","url":"https:\/\/static.africa-press.net\/togo\/sites\/58\/2022\/09\/postQueueImg_6-6335eeeecff38.jpg","contentUrl":"https:\/\/static.africa-press.net\/togo\/sites\/58\/2022\/09\/postQueueImg_6-6335eeeecff38.jpg","width":1200,"height":800,"caption":"AFRIQUE \u2013 L\u2019\u00e9chos de Dussey, la voix de Ma\u00efga"},{"@type":"BreadcrumbList","@id":"https:\/\/www.africa-press.net\/togo\/politique\/afrique-lechos-de-dussey-la-voix-de-maiga#breadcrumb","itemListElement":[{"@type":"ListItem","position":1,"name":"Accueil","item":"https:\/\/www.africa-press.net\/togo\/"},{"@type":"ListItem","position":2,"name":"AFRIQUE \u2013 L\u2019\u00e9chos de Dussey, la voix de Ma\u00efga"}]},{"@type":"WebSite","@id":"https:\/\/www.africa-press.net\/togo\/#website","url":"https:\/\/www.africa-press.net\/togo\/","name":"Togo","description":"Just another Africa News Agency Sites site","potentialAction":[{"@type":"SearchAction","target":{"@type":"EntryPoint","urlTemplate":"https:\/\/www.africa-press.net\/togo\/?s={search_term_string}"},"query-input":{"@type":"PropertyValueSpecification","valueRequired":true,"valueName":"search_term_string"}}],"inLanguage":"fr-FR"},{"@type":"Person","@id":"https:\/\/www.africa-press.net\/togo\/#\/schema\/person\/2b1cf3cd81a31e3cd26889ca66d677f1","name":"cfeditorfr"}]}},"_links":{"self":[{"href":"https:\/\/www.africa-press.net\/togo\/wp-json\/wp\/v2\/posts\/11698","targetHints":{"allow":["GET"]}}],"collection":[{"href":"https:\/\/www.africa-press.net\/togo\/wp-json\/wp\/v2\/posts"}],"about":[{"href":"https:\/\/www.africa-press.net\/togo\/wp-json\/wp\/v2\/types\/post"}],"author":[{"embeddable":true,"href":"https:\/\/www.africa-press.net\/togo\/wp-json\/wp\/v2\/users\/82"}],"replies":[{"embeddable":true,"href":"https:\/\/www.africa-press.net\/togo\/wp-json\/wp\/v2\/comments?post=11698"}],"version-history":[{"count":0,"href":"https:\/\/www.africa-press.net\/togo\/wp-json\/wp\/v2\/posts\/11698\/revisions"}],"wp:featuredmedia":[{"embeddable":true,"href":"https:\/\/www.africa-press.net\/togo\/wp-json\/wp\/v2\/media\/11696"}],"wp:attachment":[{"href":"https:\/\/www.africa-press.net\/togo\/wp-json\/wp\/v2\/media?parent=11698"}],"wp:term":[{"taxonomy":"category","embeddable":true,"href":"https:\/\/www.africa-press.net\/togo\/wp-json\/wp\/v2\/categories?post=11698"},{"taxonomy":"post_tag","embeddable":true,"href":"https:\/\/www.africa-press.net\/togo\/wp-json\/wp\/v2\/tags?post=11698"}],"curies":[{"name":"wp","href":"https:\/\/api.w.org\/{rel}","templated":true}]}}