{"id":11702,"date":"2022-09-29T19:05:57","date_gmt":"2022-09-29T19:05:57","guid":{"rendered":"https:\/\/www.africa-press.net\/togo\/politique\/togo-detention-arbitraire-et-prolongee-de-abdoul-aziz-goma"},"modified":"2022-09-29T19:17:24","modified_gmt":"2022-09-29T19:17:24","slug":"togo-detention-arbitraire-et-prolongee-de-abdoul-aziz-goma","status":"publish","type":"post","link":"https:\/\/www.africa-press.net\/togo\/toutes-les-actualites\/togo-detention-arbitraire-et-prolongee-de-abdoul-aziz-goma","title":{"rendered":"Togo: d\u00e9tention arbitraire et prolong\u00e9e de Abdoul Aziz Goma"},"content":{"rendered":"<p><span style=\"color: #ff6600\"><strong>Africa-Press &#8211; Togo. <\/strong><\/span>Ce qui suit est base\u0301 sur une communication e\u0301crite par le Rapporteur spe\u0301cial sur le droit de re\u0301union pacifique et la liberte\u0301 d\u2019association, la Rapporteuse spe\u0301ciale sur le droit qu\u2019a toute personne de jouir du meilleur e\u0301tat de sante\u0301 physique et mentale possible, et moi-me\u0302me et transmise au gouvernement du Togo le 14 de\u0301cembre 2021. La communication est re\u0301cemment devenue publique, ainsi que la re\u0301ponse du gouvernement, rec\u0327ue le 24 fe\u0301vrier 2022.<\/p>\n<p><b>CONTEXTE<\/b><br \/>\n<b>Sujet<\/b>: alle\u0301gations de de\u0301tention arbitraire et prolonge\u0301e de Abdoul Aziz Goma, sans acce\u0300s a\u0300 un avocat entre de\u0301cembre 2018 et octobre 2020, pendant laquelle sa sante\u0301 s\u2019est de\u0301te\u0301riore\u0301e gravement.<\/p>\n<p>M. <b>Abdoul Aziz Goma <\/b>est irlandais d\u2019origine Togolaise, a\u0302ge\u0301 de 50 ans. Il habitait en Irlande et effectuait des visites d\u2019affaires re\u0301gulie\u0300rement au Togo. Il est de\u0301fenseur des droits humains et avait finance\u0301 les frais de logement de jeunes manifestants venus a\u0300 Lome\u0301 pour participer a\u0300 des manifestations pacifiques.<\/p>\n<p><b>ALLE\u0301GATIONS<\/b><\/p>\n<p>Le 21 de\u0301cembre 2018 M. Goma a e\u0301te\u0301 arre\u0302te\u0301 avec son chauffeur et son guide, par un groupe d\u2019hommes arme\u0301es en civil qui n\u2019ont donne\u0301 aucun motif pour les arrestations et n\u2019ont pas fourni de mandat d\u2019arre\u0302t. Ils les ont battus et ont menace\u0301 de leur tirer dessus. Ils les ont ensuite emmene\u0301s au sie\u0300ge de la police judiciaire (Service Centrale de Recherches et d\u2019Investigation Criminelles, SCRIC) ou\u0300 il a e\u0301te\u0301 re\u0301ve\u0301le\u0301 que leurs agresseurs e\u0301taient des agents de la gendarmerie. Ils les ont attache\u0301s a\u0300 des arbres et ont continue\u0301 a\u0300 les battre se\u0301ve\u0300rement pendant pre\u0301s de 24 heures jusqu\u2019a\u0300 ce que M. Goma aurait saigne\u0301 et aurait perdu connaissance.<\/p>\n<p>Le 23 de\u0301cembre 2018, M. Goma, son chauffeur et son guide ont e\u0301te\u0301 interroge\u0301s, au cours desquels ils ont e\u0301te\u0301 soumis a\u0300 des mauvais traitements et a\u0300 des menaces avec des armes pointe\u0301es sur eux.<\/p>\n<p>Le 31 de\u0301cembre 2018, ils ont comparu devant le procureur de la Re\u0301publique auquel ils ont montre\u0301 les blessures inflige\u0301es par les tortures et les mauvais traitements.<\/p>\n<p>Le 15 janvier 2019, et sans acce\u0300s a\u0300 un avocat, M. Goma a e\u0301te\u0301 pre\u0301sente\u0301 au juge d\u2019instruction qui a vu ses blessures mais ne les aurait pas prises en conside\u0301ration. Aucune enque\u0302te n\u2019aurait e\u0301te\u0301 commendite\u0301e sur les circonstances dans lesquelles M. Goma aurait e\u0301te\u0301 blesse\u0301.<\/p>\n<p>Le me\u0302me jour, M. Goma a e\u0301te\u0301 transfe\u0301re\u0301 a\u0300 la prison civile de Lome\u0301, ou\u0300 il a e\u0301te\u0301 de\u0301tenu dans une cellule e\u0301trique\u0301e; il serait incapable de marcher et les me\u0301decins auraient peur qu\u2019il perde l\u2019usage de ses jambes de fac\u0327on permanente.<\/p>\n<p>En octobre 2020, M. Goma a eu acce\u0300s a\u0300 des avocats qui ont demande\u0301 sa libe\u0301ration sous caution au juge d\u2019instruction, sans recevoir de re\u0301ponse a\u0300 leur reque\u0302te.<\/p>\n<p>M. Goma a e\u0301te\u0301 inculpe\u0301 de destruction de biens publics, d\u2019association avec l\u2019activisme et le radicalisme, d\u2019association avec un groupe criminel, et d\u2019atteinte a\u0300 la su\u0302rete\u0301 et a\u0300 la se\u0301curite\u0301 de l\u2019E\u0301tat.<\/p>\n<p>Le 26 novembre 2021, M. Abdoul Aziz Goma aurait e\u0301te\u0301 admis a\u0300 l\u2019ho\u0302pital dans l\u2019unite\u0301 de soins intensifs. Durant son se\u0301jour a\u0300 l\u2019hopital, les visites e\u0301taient interdites en raison de la pande\u0301mie du COVID-19.<\/p>\n<p>Selon un certain nombre de tests qu\u2019il a subis, dont une e\u0301lectroneuromyographie, il est possible qu\u2019il souffre de la maladie de Charcot Marie Tooth. Cela ne\u0301cessiterait une intervention chirurgicale et une physiothe\u0301rapies. Alors que M. Goma ait un acce\u0300s intermittent a\u0300 des soins me\u0301dicaux, des gardiens de prison l\u2019auraient intimide\u0301, notamment via le harcelement de membres de sa famille en visite.<\/p>\n<p>M. Goma etait de\u0301tenu dans un lieu de de\u0301tention non officiel par la gendarmerie nationale et conduit a\u0300 l\u2019ho\u0302pital pour y e\u0302tre soigne\u0301.<\/p>\n<p><b>PRE\u0301OCUPATIONS<\/b><\/p>\n<p>Au moment de l\u2019envoi de la communication, nous avons exprime\u0301 notre vive inquie\u0301tude quant aux alle\u0301gations de mauvais traitements a\u0300 l\u2019encontre de M. Goma, y compris le manque de soins adapte\u0301s a\u0300 son e\u0301tat de sante\u0301 qui s\u2019est gravement de\u0301te\u0301riore\u0301 au cours des trois ans de de\u0301tention arbitraire, dans des conditions inhumains et de\u0301grandants.<\/p>\n<p>Nous avons aussi exprime\u0301 nos graves pre\u0301occupations quant aux alle\u0301gations faisant e\u0301tat de coercision a\u0300 l\u2019encontre de M. Goma pour le contraindre a\u0300 avouer sa culpabilite\u0301, et nos se\u0301rieuses pre\u0301occupations selon lesquelles la de\u0301tention de M. Goma pourrait e\u0302tre lie\u0301e a\u0300 ses activite\u0301s de de\u0301fenseur des droits humains.<\/p>\n<p><b>ACTUALISATION<\/b><\/p>\n<p>Le 19 Janvier M. Goma aurait e\u0301te\u0301 transfe\u0301re\u0301 a\u0300 la prison civile de Lome\u0301, d\u2019apre\u0300s la re\u0301ponse du gouvernement du Togo. Je continuerai a\u0300 suivre sa situation de de\u0301tention.<\/p>\n<p><strong>Pour plus d&rsquo;informations et d&rsquo;analyses sur la <a href=\"https:\/\/www.africa-press.net\/togo\">Togo<\/a>, suivez <a href=\"https:\/\/www.africa-press.net\/\">Africa-Press<\/a><\/strong><\/p>\n","protected":false},"excerpt":{"rendered":"<p>Africa-Press &#8211; Togo. Ce qui suit est base\u0301 sur une communication e\u0301crite par le Rapporteur spe\u0301cial sur le droit de re\u0301union pacifique et la liberte\u0301 d\u2019association, la Rapporteuse spe\u0301ciale sur le droit qu\u2019a toute personne de jouir du meilleur e\u0301tat de sante\u0301 physique et mentale possible, et moi-me\u0302me et transmise au gouvernement du Togo le [&hellip;]<\/p>\n","protected":false},"author":82,"featured_media":11701,"comment_status":"open","ping_status":"closed","sticky":false,"template":"","format":"standard","meta":{"footnotes":""},"categories":[21,10],"tags":[36,49,50],"class_list":["post-11702","post","type-post","status-publish","format-standard","has-post-thumbnail","hentry","category-communaute","category-toutes-les-actualites","tag-africa-press","tag-africa-press-togo","tag-togo"],"yoast_head":"<!-- This site is optimized with the Yoast SEO Premium plugin v26.1 (Yoast SEO v27.0) - https:\/\/yoast.com\/product\/yoast-seo-premium-wordpress\/ -->\n<title>Togo: d\u00e9tention arbitraire et prolong\u00e9e de Abdoul Aziz Goma - Togo<\/title>\n<meta name=\"description\" content=\"Ce qui suit est base\u0301 sur une communication e\u0301crite par le Rapporteur spe\u0301cial sur le droit de re\u0301union pacifique et la ...\" \/>\n<meta name=\"robots\" content=\"index, follow, max-snippet:-1, max-image-preview:large, max-video-preview:-1\" \/>\n<link rel=\"canonical\" href=\"https:\/\/www.africa-press.net\/togo\/toutes-les-actualites\/togo-detention-arbitraire-et-prolongee-de-abdoul-aziz-goma\" \/>\n<meta property=\"og:locale\" content=\"fr_FR\" \/>\n<meta property=\"og:type\" content=\"article\" \/>\n<meta property=\"og:title\" content=\"Togo: d\u00e9tention arbitraire et prolong\u00e9e de Abdoul Aziz Goma\" \/>\n<meta property=\"og:description\" content=\"Ce qui suit est base\u0301 sur une communication e\u0301crite par le Rapporteur spe\u0301cial sur le droit de re\u0301union pacifique et la ...\" \/>\n<meta property=\"og:url\" content=\"https:\/\/www.africa-press.net\/togo\/toutes-les-actualites\/togo-detention-arbitraire-et-prolongee-de-abdoul-aziz-goma\" \/>\n<meta property=\"og:site_name\" content=\"Togo\" \/>\n<meta property=\"article:published_time\" content=\"2022-09-29T19:05:57+00:00\" \/>\n<meta property=\"article:modified_time\" content=\"2022-09-29T19:17:24+00:00\" \/>\n<meta property=\"og:image\" content=\"https:\/\/static.africa-press.net\/togo\/sites\/58\/2022\/09\/postQueueImg_7-6335ef2621961.jpg\" \/>\n\t<meta property=\"og:image:width\" content=\"720\" \/>\n\t<meta property=\"og:image:height\" content=\"588\" \/>\n\t<meta property=\"og:image:type\" content=\"image\/jpeg\" \/>\n<meta name=\"author\" content=\"cfeditorfr\" \/>\n<meta name=\"twitter:card\" content=\"summary_large_image\" \/>\n<meta name=\"twitter:label1\" content=\"\u00c9crit par\" \/>\n\t<meta name=\"twitter:data1\" content=\"cfeditorfr\" \/>\n\t<meta name=\"twitter:label2\" content=\"Dur\u00e9e de lecture estim\u00e9e\" \/>\n\t<meta name=\"twitter:data2\" content=\"4 minutes\" \/>\n<script type=\"application\/ld+json\" class=\"yoast-schema-graph\">{\"@context\":\"https:\/\/schema.org\",\"@graph\":[{\"@type\":\"Article\",\"@id\":\"https:\/\/www.africa-press.net\/togo\/toutes-les-actualites\/togo-detention-arbitraire-et-prolongee-de-abdoul-aziz-goma#article\",\"isPartOf\":{\"@id\":\"https:\/\/www.africa-press.net\/togo\/toutes-les-actualites\/togo-detention-arbitraire-et-prolongee-de-abdoul-aziz-goma\"},\"author\":{\"name\":\"cfeditorfr\",\"@id\":\"https:\/\/www.africa-press.net\/togo\/#\/schema\/person\/2b1cf3cd81a31e3cd26889ca66d677f1\"},\"headline\":\"Togo: d\u00e9tention arbitraire et prolong\u00e9e de Abdoul Aziz Goma\",\"datePublished\":\"2022-09-29T19:05:57+00:00\",\"dateModified\":\"2022-09-29T19:17:24+00:00\",\"mainEntityOfPage\":{\"@id\":\"https:\/\/www.africa-press.net\/togo\/toutes-les-actualites\/togo-detention-arbitraire-et-prolongee-de-abdoul-aziz-goma\"},\"wordCount\":873,\"commentCount\":0,\"image\":{\"@id\":\"https:\/\/www.africa-press.net\/togo\/toutes-les-actualites\/togo-detention-arbitraire-et-prolongee-de-abdoul-aziz-goma#primaryimage\"},\"thumbnailUrl\":\"https:\/\/static.africa-press.net\/togo\/sites\/58\/2022\/09\/postQueueImg_7-6335ef2621961.jpg\",\"keywords\":[\"Africa Press\",\"Africa Press-Togo\",\"Togo\"],\"articleSection\":[\"Communaut\u00e9\",\"Toutes les actualit\u00e9s\"],\"inLanguage\":\"fr-FR\",\"potentialAction\":[{\"@type\":\"CommentAction\",\"name\":\"Comment\",\"target\":[\"https:\/\/www.africa-press.net\/togo\/toutes-les-actualites\/togo-detention-arbitraire-et-prolongee-de-abdoul-aziz-goma#respond\"]}]},{\"@type\":\"WebPage\",\"@id\":\"https:\/\/www.africa-press.net\/togo\/toutes-les-actualites\/togo-detention-arbitraire-et-prolongee-de-abdoul-aziz-goma\",\"url\":\"https:\/\/www.africa-press.net\/togo\/toutes-les-actualites\/togo-detention-arbitraire-et-prolongee-de-abdoul-aziz-goma\",\"name\":\"Togo: d\u00e9tention arbitraire et prolong\u00e9e de Abdoul Aziz Goma - Togo\",\"isPartOf\":{\"@id\":\"https:\/\/www.africa-press.net\/togo\/#website\"},\"primaryImageOfPage\":{\"@id\":\"https:\/\/www.africa-press.net\/togo\/toutes-les-actualites\/togo-detention-arbitraire-et-prolongee-de-abdoul-aziz-goma#primaryimage\"},\"image\":{\"@id\":\"https:\/\/www.africa-press.net\/togo\/toutes-les-actualites\/togo-detention-arbitraire-et-prolongee-de-abdoul-aziz-goma#primaryimage\"},\"thumbnailUrl\":\"https:\/\/static.africa-press.net\/togo\/sites\/58\/2022\/09\/postQueueImg_7-6335ef2621961.jpg\",\"datePublished\":\"2022-09-29T19:05:57+00:00\",\"dateModified\":\"2022-09-29T19:17:24+00:00\",\"author\":{\"@id\":\"https:\/\/www.africa-press.net\/togo\/#\/schema\/person\/2b1cf3cd81a31e3cd26889ca66d677f1\"},\"description\":\"Ce qui suit est base\u0301 sur une communication e\u0301crite par le Rapporteur spe\u0301cial sur le droit de re\u0301union pacifique et la ...\",\"breadcrumb\":{\"@id\":\"https:\/\/www.africa-press.net\/togo\/toutes-les-actualites\/togo-detention-arbitraire-et-prolongee-de-abdoul-aziz-goma#breadcrumb\"},\"inLanguage\":\"fr-FR\",\"potentialAction\":[{\"@type\":\"ReadAction\",\"target\":[\"https:\/\/www.africa-press.net\/togo\/toutes-les-actualites\/togo-detention-arbitraire-et-prolongee-de-abdoul-aziz-goma\"]}]},{\"@type\":\"ImageObject\",\"inLanguage\":\"fr-FR\",\"@id\":\"https:\/\/www.africa-press.net\/togo\/toutes-les-actualites\/togo-detention-arbitraire-et-prolongee-de-abdoul-aziz-goma#primaryimage\",\"url\":\"https:\/\/static.africa-press.net\/togo\/sites\/58\/2022\/09\/postQueueImg_7-6335ef2621961.jpg\",\"contentUrl\":\"https:\/\/static.africa-press.net\/togo\/sites\/58\/2022\/09\/postQueueImg_7-6335ef2621961.jpg\",\"width\":720,\"height\":588,\"caption\":\"Togo: d\u00e9tention arbitraire et prolong\u00e9e de Abdoul Aziz Goma\"},{\"@type\":\"BreadcrumbList\",\"@id\":\"https:\/\/www.africa-press.net\/togo\/toutes-les-actualites\/togo-detention-arbitraire-et-prolongee-de-abdoul-aziz-goma#breadcrumb\",\"itemListElement\":[{\"@type\":\"ListItem\",\"position\":1,\"name\":\"Accueil\",\"item\":\"https:\/\/www.africa-press.net\/togo\/\"},{\"@type\":\"ListItem\",\"position\":2,\"name\":\"Togo: d\u00e9tention arbitraire et prolong\u00e9e de Abdoul Aziz Goma\"}]},{\"@type\":\"WebSite\",\"@id\":\"https:\/\/www.africa-press.net\/togo\/#website\",\"url\":\"https:\/\/www.africa-press.net\/togo\/\",\"name\":\"Togo\",\"description\":\"Just another Africa News Agency Sites site\",\"potentialAction\":[{\"@type\":\"SearchAction\",\"target\":{\"@type\":\"EntryPoint\",\"urlTemplate\":\"https:\/\/www.africa-press.net\/togo\/?s={search_term_string}\"},\"query-input\":{\"@type\":\"PropertyValueSpecification\",\"valueRequired\":true,\"valueName\":\"search_term_string\"}}],\"inLanguage\":\"fr-FR\"},{\"@type\":\"Person\",\"@id\":\"https:\/\/www.africa-press.net\/togo\/#\/schema\/person\/2b1cf3cd81a31e3cd26889ca66d677f1\",\"name\":\"cfeditorfr\"}]}<\/script>\n<!-- \/ Yoast SEO Premium plugin. -->","yoast_head_json":{"title":"Togo: d\u00e9tention arbitraire et prolong\u00e9e de Abdoul Aziz Goma - Togo","description":"Ce qui suit est base\u0301 sur une communication e\u0301crite par le Rapporteur spe\u0301cial sur le droit de re\u0301union pacifique et la ...","robots":{"index":"index","follow":"follow","max-snippet":"max-snippet:-1","max-image-preview":"max-image-preview:large","max-video-preview":"max-video-preview:-1"},"canonical":"https:\/\/www.africa-press.net\/togo\/toutes-les-actualites\/togo-detention-arbitraire-et-prolongee-de-abdoul-aziz-goma","og_locale":"fr_FR","og_type":"article","og_title":"Togo: d\u00e9tention arbitraire et prolong\u00e9e de Abdoul Aziz Goma","og_description":"Ce qui suit est base\u0301 sur une communication e\u0301crite par le Rapporteur spe\u0301cial sur le droit de re\u0301union pacifique et la ...","og_url":"https:\/\/www.africa-press.net\/togo\/toutes-les-actualites\/togo-detention-arbitraire-et-prolongee-de-abdoul-aziz-goma","og_site_name":"Togo","article_published_time":"2022-09-29T19:05:57+00:00","article_modified_time":"2022-09-29T19:17:24+00:00","og_image":[{"width":720,"height":588,"url":"https:\/\/static.africa-press.net\/togo\/sites\/58\/2022\/09\/postQueueImg_7-6335ef2621961.jpg","type":"image\/jpeg"}],"author":"cfeditorfr","twitter_card":"summary_large_image","twitter_misc":{"\u00c9crit par":"cfeditorfr","Dur\u00e9e de lecture estim\u00e9e":"4 minutes"},"schema":{"@context":"https:\/\/schema.org","@graph":[{"@type":"Article","@id":"https:\/\/www.africa-press.net\/togo\/toutes-les-actualites\/togo-detention-arbitraire-et-prolongee-de-abdoul-aziz-goma#article","isPartOf":{"@id":"https:\/\/www.africa-press.net\/togo\/toutes-les-actualites\/togo-detention-arbitraire-et-prolongee-de-abdoul-aziz-goma"},"author":{"name":"cfeditorfr","@id":"https:\/\/www.africa-press.net\/togo\/#\/schema\/person\/2b1cf3cd81a31e3cd26889ca66d677f1"},"headline":"Togo: d\u00e9tention arbitraire et prolong\u00e9e de Abdoul Aziz Goma","datePublished":"2022-09-29T19:05:57+00:00","dateModified":"2022-09-29T19:17:24+00:00","mainEntityOfPage":{"@id":"https:\/\/www.africa-press.net\/togo\/toutes-les-actualites\/togo-detention-arbitraire-et-prolongee-de-abdoul-aziz-goma"},"wordCount":873,"commentCount":0,"image":{"@id":"https:\/\/www.africa-press.net\/togo\/toutes-les-actualites\/togo-detention-arbitraire-et-prolongee-de-abdoul-aziz-goma#primaryimage"},"thumbnailUrl":"https:\/\/static.africa-press.net\/togo\/sites\/58\/2022\/09\/postQueueImg_7-6335ef2621961.jpg","keywords":["Africa Press","Africa Press-Togo","Togo"],"articleSection":["Communaut\u00e9","Toutes les actualit\u00e9s"],"inLanguage":"fr-FR","potentialAction":[{"@type":"CommentAction","name":"Comment","target":["https:\/\/www.africa-press.net\/togo\/toutes-les-actualites\/togo-detention-arbitraire-et-prolongee-de-abdoul-aziz-goma#respond"]}]},{"@type":"WebPage","@id":"https:\/\/www.africa-press.net\/togo\/toutes-les-actualites\/togo-detention-arbitraire-et-prolongee-de-abdoul-aziz-goma","url":"https:\/\/www.africa-press.net\/togo\/toutes-les-actualites\/togo-detention-arbitraire-et-prolongee-de-abdoul-aziz-goma","name":"Togo: d\u00e9tention arbitraire et prolong\u00e9e de Abdoul Aziz Goma - Togo","isPartOf":{"@id":"https:\/\/www.africa-press.net\/togo\/#website"},"primaryImageOfPage":{"@id":"https:\/\/www.africa-press.net\/togo\/toutes-les-actualites\/togo-detention-arbitraire-et-prolongee-de-abdoul-aziz-goma#primaryimage"},"image":{"@id":"https:\/\/www.africa-press.net\/togo\/toutes-les-actualites\/togo-detention-arbitraire-et-prolongee-de-abdoul-aziz-goma#primaryimage"},"thumbnailUrl":"https:\/\/static.africa-press.net\/togo\/sites\/58\/2022\/09\/postQueueImg_7-6335ef2621961.jpg","datePublished":"2022-09-29T19:05:57+00:00","dateModified":"2022-09-29T19:17:24+00:00","author":{"@id":"https:\/\/www.africa-press.net\/togo\/#\/schema\/person\/2b1cf3cd81a31e3cd26889ca66d677f1"},"description":"Ce qui suit est base\u0301 sur une communication e\u0301crite par le Rapporteur spe\u0301cial sur le droit de re\u0301union pacifique et la ...","breadcrumb":{"@id":"https:\/\/www.africa-press.net\/togo\/toutes-les-actualites\/togo-detention-arbitraire-et-prolongee-de-abdoul-aziz-goma#breadcrumb"},"inLanguage":"fr-FR","potentialAction":[{"@type":"ReadAction","target":["https:\/\/www.africa-press.net\/togo\/toutes-les-actualites\/togo-detention-arbitraire-et-prolongee-de-abdoul-aziz-goma"]}]},{"@type":"ImageObject","inLanguage":"fr-FR","@id":"https:\/\/www.africa-press.net\/togo\/toutes-les-actualites\/togo-detention-arbitraire-et-prolongee-de-abdoul-aziz-goma#primaryimage","url":"https:\/\/static.africa-press.net\/togo\/sites\/58\/2022\/09\/postQueueImg_7-6335ef2621961.jpg","contentUrl":"https:\/\/static.africa-press.net\/togo\/sites\/58\/2022\/09\/postQueueImg_7-6335ef2621961.jpg","width":720,"height":588,"caption":"Togo: d\u00e9tention arbitraire et prolong\u00e9e de Abdoul Aziz Goma"},{"@type":"BreadcrumbList","@id":"https:\/\/www.africa-press.net\/togo\/toutes-les-actualites\/togo-detention-arbitraire-et-prolongee-de-abdoul-aziz-goma#breadcrumb","itemListElement":[{"@type":"ListItem","position":1,"name":"Accueil","item":"https:\/\/www.africa-press.net\/togo\/"},{"@type":"ListItem","position":2,"name":"Togo: d\u00e9tention arbitraire et prolong\u00e9e de Abdoul Aziz Goma"}]},{"@type":"WebSite","@id":"https:\/\/www.africa-press.net\/togo\/#website","url":"https:\/\/www.africa-press.net\/togo\/","name":"Togo","description":"Just another Africa News Agency Sites site","potentialAction":[{"@type":"SearchAction","target":{"@type":"EntryPoint","urlTemplate":"https:\/\/www.africa-press.net\/togo\/?s={search_term_string}"},"query-input":{"@type":"PropertyValueSpecification","valueRequired":true,"valueName":"search_term_string"}}],"inLanguage":"fr-FR"},{"@type":"Person","@id":"https:\/\/www.africa-press.net\/togo\/#\/schema\/person\/2b1cf3cd81a31e3cd26889ca66d677f1","name":"cfeditorfr"}]}},"_links":{"self":[{"href":"https:\/\/www.africa-press.net\/togo\/wp-json\/wp\/v2\/posts\/11702","targetHints":{"allow":["GET"]}}],"collection":[{"href":"https:\/\/www.africa-press.net\/togo\/wp-json\/wp\/v2\/posts"}],"about":[{"href":"https:\/\/www.africa-press.net\/togo\/wp-json\/wp\/v2\/types\/post"}],"author":[{"embeddable":true,"href":"https:\/\/www.africa-press.net\/togo\/wp-json\/wp\/v2\/users\/82"}],"replies":[{"embeddable":true,"href":"https:\/\/www.africa-press.net\/togo\/wp-json\/wp\/v2\/comments?post=11702"}],"version-history":[{"count":0,"href":"https:\/\/www.africa-press.net\/togo\/wp-json\/wp\/v2\/posts\/11702\/revisions"}],"wp:featuredmedia":[{"embeddable":true,"href":"https:\/\/www.africa-press.net\/togo\/wp-json\/wp\/v2\/media\/11701"}],"wp:attachment":[{"href":"https:\/\/www.africa-press.net\/togo\/wp-json\/wp\/v2\/media?parent=11702"}],"wp:term":[{"taxonomy":"category","embeddable":true,"href":"https:\/\/www.africa-press.net\/togo\/wp-json\/wp\/v2\/categories?post=11702"},{"taxonomy":"post_tag","embeddable":true,"href":"https:\/\/www.africa-press.net\/togo\/wp-json\/wp\/v2\/tags?post=11702"}],"curies":[{"name":"wp","href":"https:\/\/api.w.org\/{rel}","templated":true}]}}