{"id":11711,"date":"2022-09-29T19:06:29","date_gmt":"2022-09-29T19:06:29","guid":{"rendered":"https:\/\/www.africa-press.net\/togo\/politique\/togo-ce-que-lome-reproche-a-abdoul-aziz-goma-en-detention-depuis-2018"},"modified":"2022-09-29T19:19:51","modified_gmt":"2022-09-29T19:19:51","slug":"togo-ce-que-lome-reproche-a-abdoul-aziz-goma-en-detention-depuis-2018","status":"publish","type":"post","link":"https:\/\/www.africa-press.net\/togo\/toutes-les-actualites\/togo-ce-que-lome-reproche-a-abdoul-aziz-goma-en-detention-depuis-2018","title":{"rendered":"Togo-Ce que Lom\u00e9 reproche \u00e0 Abdoul Aziz Goma en d\u00e9tention depuis 2018"},"content":{"rendered":"<p><span style=\"color: #ff6600\"><strong>Africa-Press &#8211; Togo. <\/strong><\/span>Alors que des voix de plus en plus s\u2019e\u0301le\u0300vent pour de\u0301noncer la de\u0301tention arbitraire d\u2019Abdoul Aziz Goma et compagnie, incarce\u0301re\u0301s a\u0300 la prison civile de Lome\u0301, Lome\u0301 re\u0301pond au Haut-Commissaire des Nations Unies aux Droits de l\u2019Homme. Voici le contenu du courrier qu\u2019il a envoye\u0301 a\u0300 l\u2019Organisation des Nations Unies.<\/p>\n<p>AMBASSADE DU TOGO REPUBLIQUE TOGOLAISE<\/p>\n<p>Mission permanent aupre\u0300s de l\u2019Office des<\/p>\n<p>Nations Unies et des autres Organisations<\/p>\n<p>Internationales a\u0300 Gene\u0300ve<\/p>\n<p>N\u00b0065\/MPT\/GE\/ATA\/22<\/p>\n<p>La Mission permanente de la Re\u0301publique togolaise aupre\u0300s de l\u2019Office des Nations Unies et des autres Organisations Internationales a\u0300 Gene\u0300ve pre\u0301sente ses compliments au Haut-Commissaire des Nations Unies aux Droits de l\u2019Homme et, faisant suite a\u0300 la communication conjointe des Proce\u0301dures spe\u0301ciales, re\u0301fe\u0301rences AL\/TGO 4\/2021 du 14 de\u0301cembre 2021, relative a\u0300 la situation de M. Abdoul Aziz GOMA, a l\u2019honneur de lui communiquer, ci-apre\u0300s, les e\u0301le\u0301ments de re\u0301ponse du Gouvernement togolais :<\/p>\n<p>En ce qui concerne le droit de manifester pacifiquement, la Constitution togolaise de la IVe\u0300 Re\u0301publique a consacre\u0301 cette liberte\u0301 publique dans son article 30 et a organise\u0301 sa jouissance par la loi n\u00b02011-10 du 16 mai 2011 fixant les conditions d\u2019exercice de la liberte\u0301 de re\u0301union et de manifestation pacifiques et publiques au Togo, modifie\u0301e en 2019 et en 2021. En conse\u0301qience, les de\u0301fenseurs des droits de l\u2019Homme et la socie\u0301te\u0301 civile jouissent d\u2019un environnement favorable leur permettant de mener a\u0300 bien leur travail.<\/p>\n<p>La Mission permanente de la Re\u0301publique togolais aupre\u0300s de l\u2019Office des Nations Unies et des autres Organisations Internationales a\u0300 Gene\u0300ve remercie le Haut-Commissariat des Nations Unies aux Droits de l\u2019Homme de son aimable coope\u0301ration et saisit cette occasion pour lui renouveler les assurances de sa haute conside\u0301ration.<\/p>\n<p>Gene\u0300ve, le 24 fe\u0301vrier 2022<\/p>\n<p>HAUT-COMMISSARAIT DES NATIONS UNIES AUX DROITS DE L\u2019HOMME<\/p>\n<p>GENEVE<\/p>\n<p>[email protected]<\/p>\n<p>Cc : [email protected]<\/p>\n<p>67-69, Rue de Lausanne 1202 Gene\u0300ve (Suisse)<\/p>\n<p>Te\u0301l : 022 566 83 60\/ Fax : 022 566 83 05<\/p>\n<p><strong>Pour plus d&rsquo;informations et d&rsquo;analyses sur la <a href=\"https:\/\/www.africa-press.net\/togo\">Togo<\/a>, suivez <a href=\"https:\/\/www.africa-press.net\/\">Africa-Press<\/a><\/strong><\/p>\n","protected":false},"excerpt":{"rendered":"<p>Africa-Press &#8211; Togo. Alors que des voix de plus en plus s\u2019e\u0301le\u0300vent pour de\u0301noncer la de\u0301tention arbitraire d\u2019Abdoul Aziz Goma et compagnie, incarce\u0301re\u0301s a\u0300 la prison civile de Lome\u0301, Lome\u0301 re\u0301pond au Haut-Commissaire des Nations Unies aux Droits de l\u2019Homme. Voici le contenu du courrier qu\u2019il a envoye\u0301 a\u0300 l\u2019Organisation des Nations Unies. AMBASSADE DU [&hellip;]<\/p>\n","protected":false},"author":82,"featured_media":11710,"comment_status":"open","ping_status":"closed","sticky":false,"template":"","format":"standard","meta":{"footnotes":""},"categories":[21,10],"tags":[36,49,50],"class_list":["post-11711","post","type-post","status-publish","format-standard","has-post-thumbnail","hentry","category-communaute","category-toutes-les-actualites","tag-africa-press","tag-africa-press-togo","tag-togo"],"yoast_head":"<!-- This site is optimized with the Yoast SEO Premium plugin v26.1 (Yoast SEO v27.0) - https:\/\/yoast.com\/product\/yoast-seo-premium-wordpress\/ -->\n<title>Togo-Ce que Lom\u00e9 reproche \u00e0 Abdoul Aziz Goma en d\u00e9tention depuis 2018 - Togo<\/title>\n<meta name=\"description\" content=\"Alors que des voix de plus en plus s\u2019e\u0301le\u0300vent pour de\u0301noncer la de\u0301tention arbitraire d\u2019Abdoul Aziz Goma et compagnie, ...\" \/>\n<meta name=\"robots\" content=\"index, follow, max-snippet:-1, max-image-preview:large, max-video-preview:-1\" \/>\n<link rel=\"canonical\" href=\"https:\/\/www.africa-press.net\/togo\/toutes-les-actualites\/togo-ce-que-lome-reproche-a-abdoul-aziz-goma-en-detention-depuis-2018\" \/>\n<meta property=\"og:locale\" content=\"fr_FR\" \/>\n<meta property=\"og:type\" content=\"article\" \/>\n<meta property=\"og:title\" content=\"Togo-Ce que Lom\u00e9 reproche \u00e0 Abdoul Aziz Goma en d\u00e9tention depuis 2018\" \/>\n<meta property=\"og:description\" content=\"Alors que des voix de plus en plus s\u2019e\u0301le\u0300vent pour de\u0301noncer la de\u0301tention arbitraire d\u2019Abdoul Aziz Goma et compagnie, ...\" \/>\n<meta property=\"og:url\" content=\"https:\/\/www.africa-press.net\/togo\/toutes-les-actualites\/togo-ce-que-lome-reproche-a-abdoul-aziz-goma-en-detention-depuis-2018\" \/>\n<meta property=\"og:site_name\" content=\"Togo\" \/>\n<meta property=\"article:published_time\" content=\"2022-09-29T19:06:29+00:00\" \/>\n<meta property=\"article:modified_time\" content=\"2022-09-29T19:19:51+00:00\" \/>\n<meta property=\"og:image\" content=\"https:\/\/static.africa-press.net\/togo\/sites\/58\/2022\/09\/postQueueImg_10-6335efa87bb03.jpg\" \/>\n\t<meta property=\"og:image:width\" content=\"720\" \/>\n\t<meta property=\"og:image:height\" content=\"383\" \/>\n\t<meta property=\"og:image:type\" content=\"image\/jpeg\" \/>\n<meta name=\"author\" content=\"cfeditorfr\" \/>\n<meta name=\"twitter:card\" content=\"summary_large_image\" \/>\n<meta name=\"twitter:label1\" content=\"\u00c9crit par\" \/>\n\t<meta name=\"twitter:data1\" content=\"cfeditorfr\" \/>\n\t<meta name=\"twitter:label2\" content=\"Dur\u00e9e de lecture estim\u00e9e\" \/>\n\t<meta name=\"twitter:data2\" content=\"2 minutes\" \/>\n<script type=\"application\/ld+json\" class=\"yoast-schema-graph\">{\"@context\":\"https:\/\/schema.org\",\"@graph\":[{\"@type\":\"Article\",\"@id\":\"https:\/\/www.africa-press.net\/togo\/toutes-les-actualites\/togo-ce-que-lome-reproche-a-abdoul-aziz-goma-en-detention-depuis-2018#article\",\"isPartOf\":{\"@id\":\"https:\/\/www.africa-press.net\/togo\/toutes-les-actualites\/togo-ce-que-lome-reproche-a-abdoul-aziz-goma-en-detention-depuis-2018\"},\"author\":{\"name\":\"cfeditorfr\",\"@id\":\"https:\/\/www.africa-press.net\/togo\/#\/schema\/person\/2b1cf3cd81a31e3cd26889ca66d677f1\"},\"headline\":\"Togo-Ce que Lom\u00e9 reproche \u00e0 Abdoul Aziz Goma en d\u00e9tention depuis 2018\",\"datePublished\":\"2022-09-29T19:06:29+00:00\",\"dateModified\":\"2022-09-29T19:19:51+00:00\",\"mainEntityOfPage\":{\"@id\":\"https:\/\/www.africa-press.net\/togo\/toutes-les-actualites\/togo-ce-que-lome-reproche-a-abdoul-aziz-goma-en-detention-depuis-2018\"},\"wordCount\":374,\"commentCount\":0,\"image\":{\"@id\":\"https:\/\/www.africa-press.net\/togo\/toutes-les-actualites\/togo-ce-que-lome-reproche-a-abdoul-aziz-goma-en-detention-depuis-2018#primaryimage\"},\"thumbnailUrl\":\"https:\/\/static.africa-press.net\/togo\/sites\/58\/2022\/09\/postQueueImg_10-6335efa87bb03.jpg\",\"keywords\":[\"Africa Press\",\"Africa Press-Togo\",\"Togo\"],\"articleSection\":[\"Communaut\u00e9\",\"Toutes les actualit\u00e9s\"],\"inLanguage\":\"fr-FR\",\"potentialAction\":[{\"@type\":\"CommentAction\",\"name\":\"Comment\",\"target\":[\"https:\/\/www.africa-press.net\/togo\/toutes-les-actualites\/togo-ce-que-lome-reproche-a-abdoul-aziz-goma-en-detention-depuis-2018#respond\"]}]},{\"@type\":\"WebPage\",\"@id\":\"https:\/\/www.africa-press.net\/togo\/toutes-les-actualites\/togo-ce-que-lome-reproche-a-abdoul-aziz-goma-en-detention-depuis-2018\",\"url\":\"https:\/\/www.africa-press.net\/togo\/toutes-les-actualites\/togo-ce-que-lome-reproche-a-abdoul-aziz-goma-en-detention-depuis-2018\",\"name\":\"Togo-Ce que Lom\u00e9 reproche \u00e0 Abdoul Aziz Goma en d\u00e9tention depuis 2018 - Togo\",\"isPartOf\":{\"@id\":\"https:\/\/www.africa-press.net\/togo\/#website\"},\"primaryImageOfPage\":{\"@id\":\"https:\/\/www.africa-press.net\/togo\/toutes-les-actualites\/togo-ce-que-lome-reproche-a-abdoul-aziz-goma-en-detention-depuis-2018#primaryimage\"},\"image\":{\"@id\":\"https:\/\/www.africa-press.net\/togo\/toutes-les-actualites\/togo-ce-que-lome-reproche-a-abdoul-aziz-goma-en-detention-depuis-2018#primaryimage\"},\"thumbnailUrl\":\"https:\/\/static.africa-press.net\/togo\/sites\/58\/2022\/09\/postQueueImg_10-6335efa87bb03.jpg\",\"datePublished\":\"2022-09-29T19:06:29+00:00\",\"dateModified\":\"2022-09-29T19:19:51+00:00\",\"author\":{\"@id\":\"https:\/\/www.africa-press.net\/togo\/#\/schema\/person\/2b1cf3cd81a31e3cd26889ca66d677f1\"},\"description\":\"Alors que des voix de plus en plus s\u2019e\u0301le\u0300vent pour de\u0301noncer la de\u0301tention arbitraire d\u2019Abdoul Aziz Goma et compagnie, ...\",\"breadcrumb\":{\"@id\":\"https:\/\/www.africa-press.net\/togo\/toutes-les-actualites\/togo-ce-que-lome-reproche-a-abdoul-aziz-goma-en-detention-depuis-2018#breadcrumb\"},\"inLanguage\":\"fr-FR\",\"potentialAction\":[{\"@type\":\"ReadAction\",\"target\":[\"https:\/\/www.africa-press.net\/togo\/toutes-les-actualites\/togo-ce-que-lome-reproche-a-abdoul-aziz-goma-en-detention-depuis-2018\"]}]},{\"@type\":\"ImageObject\",\"inLanguage\":\"fr-FR\",\"@id\":\"https:\/\/www.africa-press.net\/togo\/toutes-les-actualites\/togo-ce-que-lome-reproche-a-abdoul-aziz-goma-en-detention-depuis-2018#primaryimage\",\"url\":\"https:\/\/static.africa-press.net\/togo\/sites\/58\/2022\/09\/postQueueImg_10-6335efa87bb03.jpg\",\"contentUrl\":\"https:\/\/static.africa-press.net\/togo\/sites\/58\/2022\/09\/postQueueImg_10-6335efa87bb03.jpg\",\"width\":720,\"height\":383,\"caption\":\"Togo-Ce que Lom\u00e9 reproche \u00e0 Abdoul Aziz Goma en d\u00e9tention depuis 2018\"},{\"@type\":\"BreadcrumbList\",\"@id\":\"https:\/\/www.africa-press.net\/togo\/toutes-les-actualites\/togo-ce-que-lome-reproche-a-abdoul-aziz-goma-en-detention-depuis-2018#breadcrumb\",\"itemListElement\":[{\"@type\":\"ListItem\",\"position\":1,\"name\":\"Accueil\",\"item\":\"https:\/\/www.africa-press.net\/togo\/\"},{\"@type\":\"ListItem\",\"position\":2,\"name\":\"Togo-Ce que Lom\u00e9 reproche \u00e0 Abdoul Aziz Goma en d\u00e9tention depuis 2018\"}]},{\"@type\":\"WebSite\",\"@id\":\"https:\/\/www.africa-press.net\/togo\/#website\",\"url\":\"https:\/\/www.africa-press.net\/togo\/\",\"name\":\"Togo\",\"description\":\"Just another Africa News Agency Sites site\",\"potentialAction\":[{\"@type\":\"SearchAction\",\"target\":{\"@type\":\"EntryPoint\",\"urlTemplate\":\"https:\/\/www.africa-press.net\/togo\/?s={search_term_string}\"},\"query-input\":{\"@type\":\"PropertyValueSpecification\",\"valueRequired\":true,\"valueName\":\"search_term_string\"}}],\"inLanguage\":\"fr-FR\"},{\"@type\":\"Person\",\"@id\":\"https:\/\/www.africa-press.net\/togo\/#\/schema\/person\/2b1cf3cd81a31e3cd26889ca66d677f1\",\"name\":\"cfeditorfr\"}]}<\/script>\n<!-- \/ Yoast SEO Premium plugin. -->","yoast_head_json":{"title":"Togo-Ce que Lom\u00e9 reproche \u00e0 Abdoul Aziz Goma en d\u00e9tention depuis 2018 - Togo","description":"Alors que des voix de plus en plus s\u2019e\u0301le\u0300vent pour de\u0301noncer la de\u0301tention arbitraire d\u2019Abdoul Aziz Goma et compagnie, ...","robots":{"index":"index","follow":"follow","max-snippet":"max-snippet:-1","max-image-preview":"max-image-preview:large","max-video-preview":"max-video-preview:-1"},"canonical":"https:\/\/www.africa-press.net\/togo\/toutes-les-actualites\/togo-ce-que-lome-reproche-a-abdoul-aziz-goma-en-detention-depuis-2018","og_locale":"fr_FR","og_type":"article","og_title":"Togo-Ce que Lom\u00e9 reproche \u00e0 Abdoul Aziz Goma en d\u00e9tention depuis 2018","og_description":"Alors que des voix de plus en plus s\u2019e\u0301le\u0300vent pour de\u0301noncer la de\u0301tention arbitraire d\u2019Abdoul Aziz Goma et compagnie, ...","og_url":"https:\/\/www.africa-press.net\/togo\/toutes-les-actualites\/togo-ce-que-lome-reproche-a-abdoul-aziz-goma-en-detention-depuis-2018","og_site_name":"Togo","article_published_time":"2022-09-29T19:06:29+00:00","article_modified_time":"2022-09-29T19:19:51+00:00","og_image":[{"width":720,"height":383,"url":"https:\/\/static.africa-press.net\/togo\/sites\/58\/2022\/09\/postQueueImg_10-6335efa87bb03.jpg","type":"image\/jpeg"}],"author":"cfeditorfr","twitter_card":"summary_large_image","twitter_misc":{"\u00c9crit par":"cfeditorfr","Dur\u00e9e de lecture estim\u00e9e":"2 minutes"},"schema":{"@context":"https:\/\/schema.org","@graph":[{"@type":"Article","@id":"https:\/\/www.africa-press.net\/togo\/toutes-les-actualites\/togo-ce-que-lome-reproche-a-abdoul-aziz-goma-en-detention-depuis-2018#article","isPartOf":{"@id":"https:\/\/www.africa-press.net\/togo\/toutes-les-actualites\/togo-ce-que-lome-reproche-a-abdoul-aziz-goma-en-detention-depuis-2018"},"author":{"name":"cfeditorfr","@id":"https:\/\/www.africa-press.net\/togo\/#\/schema\/person\/2b1cf3cd81a31e3cd26889ca66d677f1"},"headline":"Togo-Ce que Lom\u00e9 reproche \u00e0 Abdoul Aziz Goma en d\u00e9tention depuis 2018","datePublished":"2022-09-29T19:06:29+00:00","dateModified":"2022-09-29T19:19:51+00:00","mainEntityOfPage":{"@id":"https:\/\/www.africa-press.net\/togo\/toutes-les-actualites\/togo-ce-que-lome-reproche-a-abdoul-aziz-goma-en-detention-depuis-2018"},"wordCount":374,"commentCount":0,"image":{"@id":"https:\/\/www.africa-press.net\/togo\/toutes-les-actualites\/togo-ce-que-lome-reproche-a-abdoul-aziz-goma-en-detention-depuis-2018#primaryimage"},"thumbnailUrl":"https:\/\/static.africa-press.net\/togo\/sites\/58\/2022\/09\/postQueueImg_10-6335efa87bb03.jpg","keywords":["Africa Press","Africa Press-Togo","Togo"],"articleSection":["Communaut\u00e9","Toutes les actualit\u00e9s"],"inLanguage":"fr-FR","potentialAction":[{"@type":"CommentAction","name":"Comment","target":["https:\/\/www.africa-press.net\/togo\/toutes-les-actualites\/togo-ce-que-lome-reproche-a-abdoul-aziz-goma-en-detention-depuis-2018#respond"]}]},{"@type":"WebPage","@id":"https:\/\/www.africa-press.net\/togo\/toutes-les-actualites\/togo-ce-que-lome-reproche-a-abdoul-aziz-goma-en-detention-depuis-2018","url":"https:\/\/www.africa-press.net\/togo\/toutes-les-actualites\/togo-ce-que-lome-reproche-a-abdoul-aziz-goma-en-detention-depuis-2018","name":"Togo-Ce que Lom\u00e9 reproche \u00e0 Abdoul Aziz Goma en d\u00e9tention depuis 2018 - Togo","isPartOf":{"@id":"https:\/\/www.africa-press.net\/togo\/#website"},"primaryImageOfPage":{"@id":"https:\/\/www.africa-press.net\/togo\/toutes-les-actualites\/togo-ce-que-lome-reproche-a-abdoul-aziz-goma-en-detention-depuis-2018#primaryimage"},"image":{"@id":"https:\/\/www.africa-press.net\/togo\/toutes-les-actualites\/togo-ce-que-lome-reproche-a-abdoul-aziz-goma-en-detention-depuis-2018#primaryimage"},"thumbnailUrl":"https:\/\/static.africa-press.net\/togo\/sites\/58\/2022\/09\/postQueueImg_10-6335efa87bb03.jpg","datePublished":"2022-09-29T19:06:29+00:00","dateModified":"2022-09-29T19:19:51+00:00","author":{"@id":"https:\/\/www.africa-press.net\/togo\/#\/schema\/person\/2b1cf3cd81a31e3cd26889ca66d677f1"},"description":"Alors que des voix de plus en plus s\u2019e\u0301le\u0300vent pour de\u0301noncer la de\u0301tention arbitraire d\u2019Abdoul Aziz Goma et compagnie, ...","breadcrumb":{"@id":"https:\/\/www.africa-press.net\/togo\/toutes-les-actualites\/togo-ce-que-lome-reproche-a-abdoul-aziz-goma-en-detention-depuis-2018#breadcrumb"},"inLanguage":"fr-FR","potentialAction":[{"@type":"ReadAction","target":["https:\/\/www.africa-press.net\/togo\/toutes-les-actualites\/togo-ce-que-lome-reproche-a-abdoul-aziz-goma-en-detention-depuis-2018"]}]},{"@type":"ImageObject","inLanguage":"fr-FR","@id":"https:\/\/www.africa-press.net\/togo\/toutes-les-actualites\/togo-ce-que-lome-reproche-a-abdoul-aziz-goma-en-detention-depuis-2018#primaryimage","url":"https:\/\/static.africa-press.net\/togo\/sites\/58\/2022\/09\/postQueueImg_10-6335efa87bb03.jpg","contentUrl":"https:\/\/static.africa-press.net\/togo\/sites\/58\/2022\/09\/postQueueImg_10-6335efa87bb03.jpg","width":720,"height":383,"caption":"Togo-Ce que Lom\u00e9 reproche \u00e0 Abdoul Aziz Goma en d\u00e9tention depuis 2018"},{"@type":"BreadcrumbList","@id":"https:\/\/www.africa-press.net\/togo\/toutes-les-actualites\/togo-ce-que-lome-reproche-a-abdoul-aziz-goma-en-detention-depuis-2018#breadcrumb","itemListElement":[{"@type":"ListItem","position":1,"name":"Accueil","item":"https:\/\/www.africa-press.net\/togo\/"},{"@type":"ListItem","position":2,"name":"Togo-Ce que Lom\u00e9 reproche \u00e0 Abdoul Aziz Goma en d\u00e9tention depuis 2018"}]},{"@type":"WebSite","@id":"https:\/\/www.africa-press.net\/togo\/#website","url":"https:\/\/www.africa-press.net\/togo\/","name":"Togo","description":"Just another Africa News Agency Sites site","potentialAction":[{"@type":"SearchAction","target":{"@type":"EntryPoint","urlTemplate":"https:\/\/www.africa-press.net\/togo\/?s={search_term_string}"},"query-input":{"@type":"PropertyValueSpecification","valueRequired":true,"valueName":"search_term_string"}}],"inLanguage":"fr-FR"},{"@type":"Person","@id":"https:\/\/www.africa-press.net\/togo\/#\/schema\/person\/2b1cf3cd81a31e3cd26889ca66d677f1","name":"cfeditorfr"}]}},"_links":{"self":[{"href":"https:\/\/www.africa-press.net\/togo\/wp-json\/wp\/v2\/posts\/11711","targetHints":{"allow":["GET"]}}],"collection":[{"href":"https:\/\/www.africa-press.net\/togo\/wp-json\/wp\/v2\/posts"}],"about":[{"href":"https:\/\/www.africa-press.net\/togo\/wp-json\/wp\/v2\/types\/post"}],"author":[{"embeddable":true,"href":"https:\/\/www.africa-press.net\/togo\/wp-json\/wp\/v2\/users\/82"}],"replies":[{"embeddable":true,"href":"https:\/\/www.africa-press.net\/togo\/wp-json\/wp\/v2\/comments?post=11711"}],"version-history":[{"count":0,"href":"https:\/\/www.africa-press.net\/togo\/wp-json\/wp\/v2\/posts\/11711\/revisions"}],"wp:featuredmedia":[{"embeddable":true,"href":"https:\/\/www.africa-press.net\/togo\/wp-json\/wp\/v2\/media\/11710"}],"wp:attachment":[{"href":"https:\/\/www.africa-press.net\/togo\/wp-json\/wp\/v2\/media?parent=11711"}],"wp:term":[{"taxonomy":"category","embeddable":true,"href":"https:\/\/www.africa-press.net\/togo\/wp-json\/wp\/v2\/categories?post=11711"},{"taxonomy":"post_tag","embeddable":true,"href":"https:\/\/www.africa-press.net\/togo\/wp-json\/wp\/v2\/tags?post=11711"}],"curies":[{"name":"wp","href":"https:\/\/api.w.org\/{rel}","templated":true}]}}