{"id":11714,"date":"2022-09-29T19:06:41","date_gmt":"2022-09-29T19:06:41","guid":{"rendered":"https:\/\/www.africa-press.net\/togo\/politique\/faure-gnassingbe-acheve-une-visite-officielle-au-japon"},"modified":"2022-09-29T19:20:38","modified_gmt":"2022-09-29T19:20:38","slug":"faure-gnassingbe-acheve-une-visite-officielle-au-japon","status":"publish","type":"post","link":"https:\/\/www.africa-press.net\/togo\/politique\/faure-gnassingbe-acheve-une-visite-officielle-au-japon","title":{"rendered":"Faure Gnassingb\u00e9 ach\u00e8ve une visite officielle au Japon"},"content":{"rendered":"<p><span style=\"color: #ff6600\"><strong>Africa-Press &#8211; Togo. <\/strong><\/span><b>Ce 28 septembre 2022, le chef de l\u2019E\u0301tat a eu un entretien avec le chef de l\u2019exe\u0301cutif du Japon, le Premier ministre Fumio Kishida. Les e\u0301changes entre les deux dirigeants ont ensuite e\u0301te\u0301 e\u0301largis a\u0300 leurs de\u0301le\u0301gations respectives. Les priorite\u0301s du partenariat bilate\u0301ral entre le Togo et le Pays du Soleil levant ont e\u0301te\u0301 au menu des discussions.<\/b><\/p>\n<p>Cette coope\u0301ration fructueuse se fonde sur un partenariat dynamique et multiforme dont de\u0301coulent A Tokyo, le chef de l\u2019E\u0301tat discute de la coope\u0301ration entre le Pays du Soleil levant et la Terre de nos ai\u0308eux plusieurs accords et conventions dans les domaines diplomatique, strate\u0301gique et e\u0301conomique.<\/p>\n<p>Les projets en cours portent sur les infrastructures, la se\u0301curite\u0301 alimentaire et la re\u0301alisation de la cartographie nume\u0301rique a\u0300 travers l\u2019Agence japonaise de coope\u0301ration internationale (JICA) et dans le cadre de la Confe\u0301rence internationale de Tokyo sur le de\u0301veloppement de l\u2019Afrique (TICAD).<\/p>\n<p>Le Japon est un partenaire strate\u0301gique du Togo dans la mise en \u0153uvre des orientations prioritaires de la politique de de\u0301veloppement. Au cours de son se\u0301jour nippon, le Pre\u0301sident de la Re\u0301publique a e\u0301galement eu une rencontre en te\u0302te-a\u0300-te\u0302te avec l\u2019Empereur Naruhito.<\/p>\n<p>Le Japon a organise\u0301 ce 27 septembre 2022, en me\u0301moire de l\u2019ancien Premier ministre Shinzo Abe de\u0301ce\u0301de\u0301 au de\u0301but du mois de juillet, des obse\u0300ques nationales auxquelles Son Excellence Faure Essozimna Gnassingbe\u0301 a assiste\u0301.<\/p>\n<p><strong>Pour plus d&rsquo;informations et d&rsquo;analyses sur la <a href=\"https:\/\/www.africa-press.net\/togo\">Togo<\/a>, suivez <a href=\"https:\/\/www.africa-press.net\/\">Africa-Press<\/a><\/strong><\/p>\n","protected":false},"excerpt":{"rendered":"<p>Africa-Press &#8211; Togo. Ce 28 septembre 2022, le chef de l\u2019E\u0301tat a eu un entretien avec le chef de l\u2019exe\u0301cutif du Japon, le Premier ministre Fumio Kishida. Les e\u0301changes entre les deux dirigeants ont ensuite e\u0301te\u0301 e\u0301largis a\u0300 leurs de\u0301le\u0301gations respectives. Les priorite\u0301s du partenariat bilate\u0301ral entre le Togo et le Pays du Soleil levant [&hellip;]<\/p>\n","protected":false},"author":82,"featured_media":11713,"comment_status":"open","ping_status":"closed","sticky":false,"template":"","format":"standard","meta":{"footnotes":""},"categories":[2,10],"tags":[36,49,50],"class_list":["post-11714","post","type-post","status-publish","format-standard","has-post-thumbnail","hentry","category-politique","category-toutes-les-actualites","tag-africa-press","tag-africa-press-togo","tag-togo"],"yoast_head":"<!-- This site is optimized with the Yoast SEO Premium plugin v26.1 (Yoast SEO v27.0) - https:\/\/yoast.com\/product\/yoast-seo-premium-wordpress\/ -->\n<title>Faure Gnassingb\u00e9 ach\u00e8ve une visite officielle au Japon - Togo<\/title>\n<meta name=\"description\" content=\"Ce 28 septembre 2022, le chef de l\u2019E\u0301tat a eu un entretien avec le chef de l\u2019exe\u0301cutif du Japon, le Premier ministre ...\" \/>\n<meta name=\"robots\" content=\"index, follow, max-snippet:-1, max-image-preview:large, max-video-preview:-1\" \/>\n<link rel=\"canonical\" href=\"https:\/\/www.africa-press.net\/togo\/politique\/faure-gnassingbe-acheve-une-visite-officielle-au-japon\" \/>\n<meta property=\"og:locale\" content=\"fr_FR\" \/>\n<meta property=\"og:type\" content=\"article\" \/>\n<meta property=\"og:title\" content=\"Faure Gnassingb\u00e9 ach\u00e8ve une visite officielle au Japon\" \/>\n<meta property=\"og:description\" content=\"Ce 28 septembre 2022, le chef de l\u2019E\u0301tat a eu un entretien avec le chef de l\u2019exe\u0301cutif du Japon, le Premier ministre ...\" \/>\n<meta property=\"og:url\" content=\"https:\/\/www.africa-press.net\/togo\/politique\/faure-gnassingbe-acheve-une-visite-officielle-au-japon\" \/>\n<meta property=\"og:site_name\" content=\"Togo\" \/>\n<meta property=\"article:published_time\" content=\"2022-09-29T19:06:41+00:00\" \/>\n<meta property=\"article:modified_time\" content=\"2022-09-29T19:20:38+00:00\" \/>\n<meta property=\"og:image\" content=\"https:\/\/static.africa-press.net\/togo\/sites\/58\/2022\/09\/postQueueImg_11-6335efdc17c34.jpg\" \/>\n\t<meta property=\"og:image:width\" content=\"1280\" \/>\n\t<meta property=\"og:image:height\" content=\"803\" \/>\n\t<meta property=\"og:image:type\" content=\"image\/jpeg\" \/>\n<meta name=\"author\" content=\"cfeditorfr\" \/>\n<meta name=\"twitter:card\" content=\"summary_large_image\" \/>\n<meta name=\"twitter:label1\" content=\"\u00c9crit par\" \/>\n\t<meta name=\"twitter:data1\" content=\"cfeditorfr\" \/>\n\t<meta name=\"twitter:label2\" content=\"Dur\u00e9e de lecture estim\u00e9e\" \/>\n\t<meta name=\"twitter:data2\" content=\"2 minutes\" \/>\n<script type=\"application\/ld+json\" class=\"yoast-schema-graph\">{\"@context\":\"https:\/\/schema.org\",\"@graph\":[{\"@type\":\"Article\",\"@id\":\"https:\/\/www.africa-press.net\/togo\/politique\/faure-gnassingbe-acheve-une-visite-officielle-au-japon#article\",\"isPartOf\":{\"@id\":\"https:\/\/www.africa-press.net\/togo\/politique\/faure-gnassingbe-acheve-une-visite-officielle-au-japon\"},\"author\":{\"name\":\"cfeditorfr\",\"@id\":\"https:\/\/www.africa-press.net\/togo\/#\/schema\/person\/2b1cf3cd81a31e3cd26889ca66d677f1\"},\"headline\":\"Faure Gnassingb\u00e9 ach\u00e8ve une visite officielle au Japon\",\"datePublished\":\"2022-09-29T19:06:41+00:00\",\"dateModified\":\"2022-09-29T19:20:38+00:00\",\"mainEntityOfPage\":{\"@id\":\"https:\/\/www.africa-press.net\/togo\/politique\/faure-gnassingbe-acheve-une-visite-officielle-au-japon\"},\"wordCount\":286,\"commentCount\":0,\"image\":{\"@id\":\"https:\/\/www.africa-press.net\/togo\/politique\/faure-gnassingbe-acheve-une-visite-officielle-au-japon#primaryimage\"},\"thumbnailUrl\":\"https:\/\/static.africa-press.net\/togo\/sites\/58\/2022\/09\/postQueueImg_11-6335efdc17c34.jpg\",\"keywords\":[\"Africa Press\",\"Africa Press-Togo\",\"Togo\"],\"articleSection\":[\"Politique\",\"Toutes les actualit\u00e9s\"],\"inLanguage\":\"fr-FR\",\"potentialAction\":[{\"@type\":\"CommentAction\",\"name\":\"Comment\",\"target\":[\"https:\/\/www.africa-press.net\/togo\/politique\/faure-gnassingbe-acheve-une-visite-officielle-au-japon#respond\"]}]},{\"@type\":\"WebPage\",\"@id\":\"https:\/\/www.africa-press.net\/togo\/politique\/faure-gnassingbe-acheve-une-visite-officielle-au-japon\",\"url\":\"https:\/\/www.africa-press.net\/togo\/politique\/faure-gnassingbe-acheve-une-visite-officielle-au-japon\",\"name\":\"Faure Gnassingb\u00e9 ach\u00e8ve une visite officielle au Japon - Togo\",\"isPartOf\":{\"@id\":\"https:\/\/www.africa-press.net\/togo\/#website\"},\"primaryImageOfPage\":{\"@id\":\"https:\/\/www.africa-press.net\/togo\/politique\/faure-gnassingbe-acheve-une-visite-officielle-au-japon#primaryimage\"},\"image\":{\"@id\":\"https:\/\/www.africa-press.net\/togo\/politique\/faure-gnassingbe-acheve-une-visite-officielle-au-japon#primaryimage\"},\"thumbnailUrl\":\"https:\/\/static.africa-press.net\/togo\/sites\/58\/2022\/09\/postQueueImg_11-6335efdc17c34.jpg\",\"datePublished\":\"2022-09-29T19:06:41+00:00\",\"dateModified\":\"2022-09-29T19:20:38+00:00\",\"author\":{\"@id\":\"https:\/\/www.africa-press.net\/togo\/#\/schema\/person\/2b1cf3cd81a31e3cd26889ca66d677f1\"},\"description\":\"Ce 28 septembre 2022, le chef de l\u2019E\u0301tat a eu un entretien avec le chef de l\u2019exe\u0301cutif du Japon, le Premier ministre ...\",\"breadcrumb\":{\"@id\":\"https:\/\/www.africa-press.net\/togo\/politique\/faure-gnassingbe-acheve-une-visite-officielle-au-japon#breadcrumb\"},\"inLanguage\":\"fr-FR\",\"potentialAction\":[{\"@type\":\"ReadAction\",\"target\":[\"https:\/\/www.africa-press.net\/togo\/politique\/faure-gnassingbe-acheve-une-visite-officielle-au-japon\"]}]},{\"@type\":\"ImageObject\",\"inLanguage\":\"fr-FR\",\"@id\":\"https:\/\/www.africa-press.net\/togo\/politique\/faure-gnassingbe-acheve-une-visite-officielle-au-japon#primaryimage\",\"url\":\"https:\/\/static.africa-press.net\/togo\/sites\/58\/2022\/09\/postQueueImg_11-6335efdc17c34.jpg\",\"contentUrl\":\"https:\/\/static.africa-press.net\/togo\/sites\/58\/2022\/09\/postQueueImg_11-6335efdc17c34.jpg\",\"width\":1280,\"height\":803,\"caption\":\"Faure Gnassingb\u00e9 ach\u00e8ve une visite officielle au Japon\"},{\"@type\":\"BreadcrumbList\",\"@id\":\"https:\/\/www.africa-press.net\/togo\/politique\/faure-gnassingbe-acheve-une-visite-officielle-au-japon#breadcrumb\",\"itemListElement\":[{\"@type\":\"ListItem\",\"position\":1,\"name\":\"Accueil\",\"item\":\"https:\/\/www.africa-press.net\/togo\/\"},{\"@type\":\"ListItem\",\"position\":2,\"name\":\"Faure Gnassingb\u00e9 ach\u00e8ve une visite officielle au Japon\"}]},{\"@type\":\"WebSite\",\"@id\":\"https:\/\/www.africa-press.net\/togo\/#website\",\"url\":\"https:\/\/www.africa-press.net\/togo\/\",\"name\":\"Togo\",\"description\":\"Just another Africa News Agency Sites site\",\"potentialAction\":[{\"@type\":\"SearchAction\",\"target\":{\"@type\":\"EntryPoint\",\"urlTemplate\":\"https:\/\/www.africa-press.net\/togo\/?s={search_term_string}\"},\"query-input\":{\"@type\":\"PropertyValueSpecification\",\"valueRequired\":true,\"valueName\":\"search_term_string\"}}],\"inLanguage\":\"fr-FR\"},{\"@type\":\"Person\",\"@id\":\"https:\/\/www.africa-press.net\/togo\/#\/schema\/person\/2b1cf3cd81a31e3cd26889ca66d677f1\",\"name\":\"cfeditorfr\"}]}<\/script>\n<!-- \/ Yoast SEO Premium plugin. -->","yoast_head_json":{"title":"Faure Gnassingb\u00e9 ach\u00e8ve une visite officielle au Japon - Togo","description":"Ce 28 septembre 2022, le chef de l\u2019E\u0301tat a eu un entretien avec le chef de l\u2019exe\u0301cutif du Japon, le Premier ministre ...","robots":{"index":"index","follow":"follow","max-snippet":"max-snippet:-1","max-image-preview":"max-image-preview:large","max-video-preview":"max-video-preview:-1"},"canonical":"https:\/\/www.africa-press.net\/togo\/politique\/faure-gnassingbe-acheve-une-visite-officielle-au-japon","og_locale":"fr_FR","og_type":"article","og_title":"Faure Gnassingb\u00e9 ach\u00e8ve une visite officielle au Japon","og_description":"Ce 28 septembre 2022, le chef de l\u2019E\u0301tat a eu un entretien avec le chef de l\u2019exe\u0301cutif du Japon, le Premier ministre ...","og_url":"https:\/\/www.africa-press.net\/togo\/politique\/faure-gnassingbe-acheve-une-visite-officielle-au-japon","og_site_name":"Togo","article_published_time":"2022-09-29T19:06:41+00:00","article_modified_time":"2022-09-29T19:20:38+00:00","og_image":[{"width":1280,"height":803,"url":"https:\/\/static.africa-press.net\/togo\/sites\/58\/2022\/09\/postQueueImg_11-6335efdc17c34.jpg","type":"image\/jpeg"}],"author":"cfeditorfr","twitter_card":"summary_large_image","twitter_misc":{"\u00c9crit par":"cfeditorfr","Dur\u00e9e de lecture estim\u00e9e":"2 minutes"},"schema":{"@context":"https:\/\/schema.org","@graph":[{"@type":"Article","@id":"https:\/\/www.africa-press.net\/togo\/politique\/faure-gnassingbe-acheve-une-visite-officielle-au-japon#article","isPartOf":{"@id":"https:\/\/www.africa-press.net\/togo\/politique\/faure-gnassingbe-acheve-une-visite-officielle-au-japon"},"author":{"name":"cfeditorfr","@id":"https:\/\/www.africa-press.net\/togo\/#\/schema\/person\/2b1cf3cd81a31e3cd26889ca66d677f1"},"headline":"Faure Gnassingb\u00e9 ach\u00e8ve une visite officielle au Japon","datePublished":"2022-09-29T19:06:41+00:00","dateModified":"2022-09-29T19:20:38+00:00","mainEntityOfPage":{"@id":"https:\/\/www.africa-press.net\/togo\/politique\/faure-gnassingbe-acheve-une-visite-officielle-au-japon"},"wordCount":286,"commentCount":0,"image":{"@id":"https:\/\/www.africa-press.net\/togo\/politique\/faure-gnassingbe-acheve-une-visite-officielle-au-japon#primaryimage"},"thumbnailUrl":"https:\/\/static.africa-press.net\/togo\/sites\/58\/2022\/09\/postQueueImg_11-6335efdc17c34.jpg","keywords":["Africa Press","Africa Press-Togo","Togo"],"articleSection":["Politique","Toutes les actualit\u00e9s"],"inLanguage":"fr-FR","potentialAction":[{"@type":"CommentAction","name":"Comment","target":["https:\/\/www.africa-press.net\/togo\/politique\/faure-gnassingbe-acheve-une-visite-officielle-au-japon#respond"]}]},{"@type":"WebPage","@id":"https:\/\/www.africa-press.net\/togo\/politique\/faure-gnassingbe-acheve-une-visite-officielle-au-japon","url":"https:\/\/www.africa-press.net\/togo\/politique\/faure-gnassingbe-acheve-une-visite-officielle-au-japon","name":"Faure Gnassingb\u00e9 ach\u00e8ve une visite officielle au Japon - Togo","isPartOf":{"@id":"https:\/\/www.africa-press.net\/togo\/#website"},"primaryImageOfPage":{"@id":"https:\/\/www.africa-press.net\/togo\/politique\/faure-gnassingbe-acheve-une-visite-officielle-au-japon#primaryimage"},"image":{"@id":"https:\/\/www.africa-press.net\/togo\/politique\/faure-gnassingbe-acheve-une-visite-officielle-au-japon#primaryimage"},"thumbnailUrl":"https:\/\/static.africa-press.net\/togo\/sites\/58\/2022\/09\/postQueueImg_11-6335efdc17c34.jpg","datePublished":"2022-09-29T19:06:41+00:00","dateModified":"2022-09-29T19:20:38+00:00","author":{"@id":"https:\/\/www.africa-press.net\/togo\/#\/schema\/person\/2b1cf3cd81a31e3cd26889ca66d677f1"},"description":"Ce 28 septembre 2022, le chef de l\u2019E\u0301tat a eu un entretien avec le chef de l\u2019exe\u0301cutif du Japon, le Premier ministre ...","breadcrumb":{"@id":"https:\/\/www.africa-press.net\/togo\/politique\/faure-gnassingbe-acheve-une-visite-officielle-au-japon#breadcrumb"},"inLanguage":"fr-FR","potentialAction":[{"@type":"ReadAction","target":["https:\/\/www.africa-press.net\/togo\/politique\/faure-gnassingbe-acheve-une-visite-officielle-au-japon"]}]},{"@type":"ImageObject","inLanguage":"fr-FR","@id":"https:\/\/www.africa-press.net\/togo\/politique\/faure-gnassingbe-acheve-une-visite-officielle-au-japon#primaryimage","url":"https:\/\/static.africa-press.net\/togo\/sites\/58\/2022\/09\/postQueueImg_11-6335efdc17c34.jpg","contentUrl":"https:\/\/static.africa-press.net\/togo\/sites\/58\/2022\/09\/postQueueImg_11-6335efdc17c34.jpg","width":1280,"height":803,"caption":"Faure Gnassingb\u00e9 ach\u00e8ve une visite officielle au Japon"},{"@type":"BreadcrumbList","@id":"https:\/\/www.africa-press.net\/togo\/politique\/faure-gnassingbe-acheve-une-visite-officielle-au-japon#breadcrumb","itemListElement":[{"@type":"ListItem","position":1,"name":"Accueil","item":"https:\/\/www.africa-press.net\/togo\/"},{"@type":"ListItem","position":2,"name":"Faure Gnassingb\u00e9 ach\u00e8ve une visite officielle au Japon"}]},{"@type":"WebSite","@id":"https:\/\/www.africa-press.net\/togo\/#website","url":"https:\/\/www.africa-press.net\/togo\/","name":"Togo","description":"Just another Africa News Agency Sites site","potentialAction":[{"@type":"SearchAction","target":{"@type":"EntryPoint","urlTemplate":"https:\/\/www.africa-press.net\/togo\/?s={search_term_string}"},"query-input":{"@type":"PropertyValueSpecification","valueRequired":true,"valueName":"search_term_string"}}],"inLanguage":"fr-FR"},{"@type":"Person","@id":"https:\/\/www.africa-press.net\/togo\/#\/schema\/person\/2b1cf3cd81a31e3cd26889ca66d677f1","name":"cfeditorfr"}]}},"_links":{"self":[{"href":"https:\/\/www.africa-press.net\/togo\/wp-json\/wp\/v2\/posts\/11714","targetHints":{"allow":["GET"]}}],"collection":[{"href":"https:\/\/www.africa-press.net\/togo\/wp-json\/wp\/v2\/posts"}],"about":[{"href":"https:\/\/www.africa-press.net\/togo\/wp-json\/wp\/v2\/types\/post"}],"author":[{"embeddable":true,"href":"https:\/\/www.africa-press.net\/togo\/wp-json\/wp\/v2\/users\/82"}],"replies":[{"embeddable":true,"href":"https:\/\/www.africa-press.net\/togo\/wp-json\/wp\/v2\/comments?post=11714"}],"version-history":[{"count":0,"href":"https:\/\/www.africa-press.net\/togo\/wp-json\/wp\/v2\/posts\/11714\/revisions"}],"wp:featuredmedia":[{"embeddable":true,"href":"https:\/\/www.africa-press.net\/togo\/wp-json\/wp\/v2\/media\/11713"}],"wp:attachment":[{"href":"https:\/\/www.africa-press.net\/togo\/wp-json\/wp\/v2\/media?parent=11714"}],"wp:term":[{"taxonomy":"category","embeddable":true,"href":"https:\/\/www.africa-press.net\/togo\/wp-json\/wp\/v2\/categories?post=11714"},{"taxonomy":"post_tag","embeddable":true,"href":"https:\/\/www.africa-press.net\/togo\/wp-json\/wp\/v2\/tags?post=11714"}],"curies":[{"name":"wp","href":"https:\/\/api.w.org\/{rel}","templated":true}]}}