{"id":11726,"date":"2022-09-29T19:07:31","date_gmt":"2022-09-29T19:07:31","guid":{"rendered":"https:\/\/www.africa-press.net\/togo\/politique\/togo-un-camion-citerne-prend-feu-a-guerin-kouka-video"},"modified":"2022-09-29T19:23:34","modified_gmt":"2022-09-29T19:23:34","slug":"togo-un-camion-citerne-prend-feu-a-guerin-kouka-video","status":"publish","type":"post","link":"https:\/\/www.africa-press.net\/togo\/toutes-les-actualites\/togo-un-camion-citerne-prend-feu-a-guerin-kouka-video","title":{"rendered":"Togo\u00a0: un camion-citerne prend feu \u00e0 Guerin-Kouka (Vid\u00e9o)"},"content":{"rendered":"<p><span style=\"color: #ff6600\"><strong>Africa-Press &#8211; Togo. <\/strong><\/span>Un camion-citerne a pris feu, dans la journe\u0301e du 28 septembre 2022, a\u0300 Guerin-Kouka. L\u2019incident s\u2019est produit, selon les informations, non loin de la banque UTB (Union Togolaise de Banque).<\/p>\n<p>Si l\u2019on ignore les conditions dans lesquelles le feu s\u2019est de\u0301clare\u0301, on apprend de plusieurs sources, que le camion en question appartenait a\u0300 des constructeurs de la route Sadori-Kouka.<\/p>\n<p>Aucune perte en vies humaines n\u2019a e\u0301te\u0301 signale\u0301e. Voici ci-dessous la vide\u0301o de l\u2019incident.<\/p>\n<p><strong>Pour plus d&rsquo;informations et d&rsquo;analyses sur la <a href=\"https:\/\/www.africa-press.net\/togo\">Togo<\/a>, suivez <a href=\"https:\/\/www.africa-press.net\/\">Africa-Press<\/a><\/strong><\/p>\n","protected":false},"excerpt":{"rendered":"<p>Africa-Press &#8211; Togo. Un camion-citerne a pris feu, dans la journe\u0301e du 28 septembre 2022, a\u0300 Guerin-Kouka. L\u2019incident s\u2019est produit, selon les informations, non loin de la banque UTB (Union Togolaise de Banque). Si l\u2019on ignore les conditions dans lesquelles le feu s\u2019est de\u0301clare\u0301, on apprend de plusieurs sources, que le camion en question appartenait [&hellip;]<\/p>\n","protected":false},"author":82,"featured_media":11725,"comment_status":"open","ping_status":"closed","sticky":false,"template":"","format":"standard","meta":{"footnotes":""},"categories":[21,10],"tags":[36,49,50],"class_list":["post-11726","post","type-post","status-publish","format-standard","has-post-thumbnail","hentry","category-communaute","category-toutes-les-actualites","tag-africa-press","tag-africa-press-togo","tag-togo"],"yoast_head":"<!-- This site is optimized with the Yoast SEO Premium plugin v26.1 (Yoast SEO v27.0) - https:\/\/yoast.com\/product\/yoast-seo-premium-wordpress\/ -->\n<title>Togo\u00a0: un camion-citerne prend feu \u00e0 Guerin-Kouka (Vid\u00e9o) - Togo<\/title>\n<meta name=\"description\" content=\"Un camion-citerne a pris feu, dans la journe\u0301e du 28 septembre 2022, a\u0300 Guerin-Kouka. L\u2019incident s\u2019est produit, selon le ...\" \/>\n<meta name=\"robots\" content=\"index, follow, max-snippet:-1, max-image-preview:large, max-video-preview:-1\" \/>\n<link rel=\"canonical\" href=\"https:\/\/www.africa-press.net\/togo\/toutes-les-actualites\/togo-un-camion-citerne-prend-feu-a-guerin-kouka-video\" \/>\n<meta property=\"og:locale\" content=\"fr_FR\" \/>\n<meta property=\"og:type\" content=\"article\" \/>\n<meta property=\"og:title\" content=\"Togo\u00a0: un camion-citerne prend feu \u00e0 Guerin-Kouka (Vid\u00e9o)\" \/>\n<meta property=\"og:description\" content=\"Un camion-citerne a pris feu, dans la journe\u0301e du 28 septembre 2022, a\u0300 Guerin-Kouka. L\u2019incident s\u2019est produit, selon le ...\" \/>\n<meta property=\"og:url\" content=\"https:\/\/www.africa-press.net\/togo\/toutes-les-actualites\/togo-un-camion-citerne-prend-feu-a-guerin-kouka-video\" \/>\n<meta property=\"og:site_name\" content=\"Togo\" \/>\n<meta property=\"article:published_time\" content=\"2022-09-29T19:07:31+00:00\" \/>\n<meta property=\"article:modified_time\" content=\"2022-09-29T19:23:34+00:00\" \/>\n<meta property=\"og:image\" content=\"https:\/\/static.africa-press.net\/togo\/sites\/58\/2022\/09\/postQueueImg_15-6335f091ae97b.jpg\" \/>\n\t<meta property=\"og:image:width\" content=\"720\" \/>\n\t<meta property=\"og:image:height\" content=\"450\" \/>\n\t<meta property=\"og:image:type\" content=\"image\/jpeg\" \/>\n<meta name=\"author\" content=\"cfeditorfr\" \/>\n<meta name=\"twitter:card\" content=\"summary_large_image\" \/>\n<meta name=\"twitter:label1\" content=\"\u00c9crit par\" \/>\n\t<meta name=\"twitter:data1\" content=\"cfeditorfr\" \/>\n\t<meta name=\"twitter:label2\" content=\"Dur\u00e9e de lecture estim\u00e9e\" \/>\n\t<meta name=\"twitter:data2\" content=\"1 minute\" \/>\n<script type=\"application\/ld+json\" class=\"yoast-schema-graph\">{\"@context\":\"https:\/\/schema.org\",\"@graph\":[{\"@type\":\"Article\",\"@id\":\"https:\/\/www.africa-press.net\/togo\/toutes-les-actualites\/togo-un-camion-citerne-prend-feu-a-guerin-kouka-video#article\",\"isPartOf\":{\"@id\":\"https:\/\/www.africa-press.net\/togo\/toutes-les-actualites\/togo-un-camion-citerne-prend-feu-a-guerin-kouka-video\"},\"author\":{\"name\":\"cfeditorfr\",\"@id\":\"https:\/\/www.africa-press.net\/togo\/#\/schema\/person\/2b1cf3cd81a31e3cd26889ca66d677f1\"},\"headline\":\"Togo\u00a0: un camion-citerne prend feu \u00e0 Guerin-Kouka (Vid\u00e9o)\",\"datePublished\":\"2022-09-29T19:07:31+00:00\",\"dateModified\":\"2022-09-29T19:23:34+00:00\",\"mainEntityOfPage\":{\"@id\":\"https:\/\/www.africa-press.net\/togo\/toutes-les-actualites\/togo-un-camion-citerne-prend-feu-a-guerin-kouka-video\"},\"wordCount\":105,\"commentCount\":0,\"image\":{\"@id\":\"https:\/\/www.africa-press.net\/togo\/toutes-les-actualites\/togo-un-camion-citerne-prend-feu-a-guerin-kouka-video#primaryimage\"},\"thumbnailUrl\":\"https:\/\/static.africa-press.net\/togo\/sites\/58\/2022\/09\/postQueueImg_15-6335f091ae97b.jpg\",\"keywords\":[\"Africa Press\",\"Africa Press-Togo\",\"Togo\"],\"articleSection\":[\"Communaut\u00e9\",\"Toutes les actualit\u00e9s\"],\"inLanguage\":\"fr-FR\",\"potentialAction\":[{\"@type\":\"CommentAction\",\"name\":\"Comment\",\"target\":[\"https:\/\/www.africa-press.net\/togo\/toutes-les-actualites\/togo-un-camion-citerne-prend-feu-a-guerin-kouka-video#respond\"]}]},{\"@type\":\"WebPage\",\"@id\":\"https:\/\/www.africa-press.net\/togo\/toutes-les-actualites\/togo-un-camion-citerne-prend-feu-a-guerin-kouka-video\",\"url\":\"https:\/\/www.africa-press.net\/togo\/toutes-les-actualites\/togo-un-camion-citerne-prend-feu-a-guerin-kouka-video\",\"name\":\"Togo\u00a0: un camion-citerne prend feu \u00e0 Guerin-Kouka (Vid\u00e9o) - Togo\",\"isPartOf\":{\"@id\":\"https:\/\/www.africa-press.net\/togo\/#website\"},\"primaryImageOfPage\":{\"@id\":\"https:\/\/www.africa-press.net\/togo\/toutes-les-actualites\/togo-un-camion-citerne-prend-feu-a-guerin-kouka-video#primaryimage\"},\"image\":{\"@id\":\"https:\/\/www.africa-press.net\/togo\/toutes-les-actualites\/togo-un-camion-citerne-prend-feu-a-guerin-kouka-video#primaryimage\"},\"thumbnailUrl\":\"https:\/\/static.africa-press.net\/togo\/sites\/58\/2022\/09\/postQueueImg_15-6335f091ae97b.jpg\",\"datePublished\":\"2022-09-29T19:07:31+00:00\",\"dateModified\":\"2022-09-29T19:23:34+00:00\",\"author\":{\"@id\":\"https:\/\/www.africa-press.net\/togo\/#\/schema\/person\/2b1cf3cd81a31e3cd26889ca66d677f1\"},\"description\":\"Un camion-citerne a pris feu, dans la journe\u0301e du 28 septembre 2022, a\u0300 Guerin-Kouka. L\u2019incident s\u2019est produit, selon le ...\",\"breadcrumb\":{\"@id\":\"https:\/\/www.africa-press.net\/togo\/toutes-les-actualites\/togo-un-camion-citerne-prend-feu-a-guerin-kouka-video#breadcrumb\"},\"inLanguage\":\"fr-FR\",\"potentialAction\":[{\"@type\":\"ReadAction\",\"target\":[\"https:\/\/www.africa-press.net\/togo\/toutes-les-actualites\/togo-un-camion-citerne-prend-feu-a-guerin-kouka-video\"]}]},{\"@type\":\"ImageObject\",\"inLanguage\":\"fr-FR\",\"@id\":\"https:\/\/www.africa-press.net\/togo\/toutes-les-actualites\/togo-un-camion-citerne-prend-feu-a-guerin-kouka-video#primaryimage\",\"url\":\"https:\/\/static.africa-press.net\/togo\/sites\/58\/2022\/09\/postQueueImg_15-6335f091ae97b.jpg\",\"contentUrl\":\"https:\/\/static.africa-press.net\/togo\/sites\/58\/2022\/09\/postQueueImg_15-6335f091ae97b.jpg\",\"width\":720,\"height\":450,\"caption\":\"Togo\u00a0: un camion-citerne prend feu \u00e0 Guerin-Kouka (Vid\u00e9o)\"},{\"@type\":\"BreadcrumbList\",\"@id\":\"https:\/\/www.africa-press.net\/togo\/toutes-les-actualites\/togo-un-camion-citerne-prend-feu-a-guerin-kouka-video#breadcrumb\",\"itemListElement\":[{\"@type\":\"ListItem\",\"position\":1,\"name\":\"Accueil\",\"item\":\"https:\/\/www.africa-press.net\/togo\/\"},{\"@type\":\"ListItem\",\"position\":2,\"name\":\"Togo\u00a0: un camion-citerne prend feu \u00e0 Guerin-Kouka (Vid\u00e9o)\"}]},{\"@type\":\"WebSite\",\"@id\":\"https:\/\/www.africa-press.net\/togo\/#website\",\"url\":\"https:\/\/www.africa-press.net\/togo\/\",\"name\":\"Togo\",\"description\":\"Just another Africa News Agency Sites site\",\"potentialAction\":[{\"@type\":\"SearchAction\",\"target\":{\"@type\":\"EntryPoint\",\"urlTemplate\":\"https:\/\/www.africa-press.net\/togo\/?s={search_term_string}\"},\"query-input\":{\"@type\":\"PropertyValueSpecification\",\"valueRequired\":true,\"valueName\":\"search_term_string\"}}],\"inLanguage\":\"fr-FR\"},{\"@type\":\"Person\",\"@id\":\"https:\/\/www.africa-press.net\/togo\/#\/schema\/person\/2b1cf3cd81a31e3cd26889ca66d677f1\",\"name\":\"cfeditorfr\"}]}<\/script>\n<!-- \/ Yoast SEO Premium plugin. -->","yoast_head_json":{"title":"Togo\u00a0: un camion-citerne prend feu \u00e0 Guerin-Kouka (Vid\u00e9o) - Togo","description":"Un camion-citerne a pris feu, dans la journe\u0301e du 28 septembre 2022, a\u0300 Guerin-Kouka. L\u2019incident s\u2019est produit, selon le ...","robots":{"index":"index","follow":"follow","max-snippet":"max-snippet:-1","max-image-preview":"max-image-preview:large","max-video-preview":"max-video-preview:-1"},"canonical":"https:\/\/www.africa-press.net\/togo\/toutes-les-actualites\/togo-un-camion-citerne-prend-feu-a-guerin-kouka-video","og_locale":"fr_FR","og_type":"article","og_title":"Togo\u00a0: un camion-citerne prend feu \u00e0 Guerin-Kouka (Vid\u00e9o)","og_description":"Un camion-citerne a pris feu, dans la journe\u0301e du 28 septembre 2022, a\u0300 Guerin-Kouka. L\u2019incident s\u2019est produit, selon le ...","og_url":"https:\/\/www.africa-press.net\/togo\/toutes-les-actualites\/togo-un-camion-citerne-prend-feu-a-guerin-kouka-video","og_site_name":"Togo","article_published_time":"2022-09-29T19:07:31+00:00","article_modified_time":"2022-09-29T19:23:34+00:00","og_image":[{"width":720,"height":450,"url":"https:\/\/static.africa-press.net\/togo\/sites\/58\/2022\/09\/postQueueImg_15-6335f091ae97b.jpg","type":"image\/jpeg"}],"author":"cfeditorfr","twitter_card":"summary_large_image","twitter_misc":{"\u00c9crit par":"cfeditorfr","Dur\u00e9e de lecture estim\u00e9e":"1 minute"},"schema":{"@context":"https:\/\/schema.org","@graph":[{"@type":"Article","@id":"https:\/\/www.africa-press.net\/togo\/toutes-les-actualites\/togo-un-camion-citerne-prend-feu-a-guerin-kouka-video#article","isPartOf":{"@id":"https:\/\/www.africa-press.net\/togo\/toutes-les-actualites\/togo-un-camion-citerne-prend-feu-a-guerin-kouka-video"},"author":{"name":"cfeditorfr","@id":"https:\/\/www.africa-press.net\/togo\/#\/schema\/person\/2b1cf3cd81a31e3cd26889ca66d677f1"},"headline":"Togo\u00a0: un camion-citerne prend feu \u00e0 Guerin-Kouka (Vid\u00e9o)","datePublished":"2022-09-29T19:07:31+00:00","dateModified":"2022-09-29T19:23:34+00:00","mainEntityOfPage":{"@id":"https:\/\/www.africa-press.net\/togo\/toutes-les-actualites\/togo-un-camion-citerne-prend-feu-a-guerin-kouka-video"},"wordCount":105,"commentCount":0,"image":{"@id":"https:\/\/www.africa-press.net\/togo\/toutes-les-actualites\/togo-un-camion-citerne-prend-feu-a-guerin-kouka-video#primaryimage"},"thumbnailUrl":"https:\/\/static.africa-press.net\/togo\/sites\/58\/2022\/09\/postQueueImg_15-6335f091ae97b.jpg","keywords":["Africa Press","Africa Press-Togo","Togo"],"articleSection":["Communaut\u00e9","Toutes les actualit\u00e9s"],"inLanguage":"fr-FR","potentialAction":[{"@type":"CommentAction","name":"Comment","target":["https:\/\/www.africa-press.net\/togo\/toutes-les-actualites\/togo-un-camion-citerne-prend-feu-a-guerin-kouka-video#respond"]}]},{"@type":"WebPage","@id":"https:\/\/www.africa-press.net\/togo\/toutes-les-actualites\/togo-un-camion-citerne-prend-feu-a-guerin-kouka-video","url":"https:\/\/www.africa-press.net\/togo\/toutes-les-actualites\/togo-un-camion-citerne-prend-feu-a-guerin-kouka-video","name":"Togo\u00a0: un camion-citerne prend feu \u00e0 Guerin-Kouka (Vid\u00e9o) - Togo","isPartOf":{"@id":"https:\/\/www.africa-press.net\/togo\/#website"},"primaryImageOfPage":{"@id":"https:\/\/www.africa-press.net\/togo\/toutes-les-actualites\/togo-un-camion-citerne-prend-feu-a-guerin-kouka-video#primaryimage"},"image":{"@id":"https:\/\/www.africa-press.net\/togo\/toutes-les-actualites\/togo-un-camion-citerne-prend-feu-a-guerin-kouka-video#primaryimage"},"thumbnailUrl":"https:\/\/static.africa-press.net\/togo\/sites\/58\/2022\/09\/postQueueImg_15-6335f091ae97b.jpg","datePublished":"2022-09-29T19:07:31+00:00","dateModified":"2022-09-29T19:23:34+00:00","author":{"@id":"https:\/\/www.africa-press.net\/togo\/#\/schema\/person\/2b1cf3cd81a31e3cd26889ca66d677f1"},"description":"Un camion-citerne a pris feu, dans la journe\u0301e du 28 septembre 2022, a\u0300 Guerin-Kouka. L\u2019incident s\u2019est produit, selon le ...","breadcrumb":{"@id":"https:\/\/www.africa-press.net\/togo\/toutes-les-actualites\/togo-un-camion-citerne-prend-feu-a-guerin-kouka-video#breadcrumb"},"inLanguage":"fr-FR","potentialAction":[{"@type":"ReadAction","target":["https:\/\/www.africa-press.net\/togo\/toutes-les-actualites\/togo-un-camion-citerne-prend-feu-a-guerin-kouka-video"]}]},{"@type":"ImageObject","inLanguage":"fr-FR","@id":"https:\/\/www.africa-press.net\/togo\/toutes-les-actualites\/togo-un-camion-citerne-prend-feu-a-guerin-kouka-video#primaryimage","url":"https:\/\/static.africa-press.net\/togo\/sites\/58\/2022\/09\/postQueueImg_15-6335f091ae97b.jpg","contentUrl":"https:\/\/static.africa-press.net\/togo\/sites\/58\/2022\/09\/postQueueImg_15-6335f091ae97b.jpg","width":720,"height":450,"caption":"Togo\u00a0: un camion-citerne prend feu \u00e0 Guerin-Kouka (Vid\u00e9o)"},{"@type":"BreadcrumbList","@id":"https:\/\/www.africa-press.net\/togo\/toutes-les-actualites\/togo-un-camion-citerne-prend-feu-a-guerin-kouka-video#breadcrumb","itemListElement":[{"@type":"ListItem","position":1,"name":"Accueil","item":"https:\/\/www.africa-press.net\/togo\/"},{"@type":"ListItem","position":2,"name":"Togo\u00a0: un camion-citerne prend feu \u00e0 Guerin-Kouka (Vid\u00e9o)"}]},{"@type":"WebSite","@id":"https:\/\/www.africa-press.net\/togo\/#website","url":"https:\/\/www.africa-press.net\/togo\/","name":"Togo","description":"Just another Africa News Agency Sites site","potentialAction":[{"@type":"SearchAction","target":{"@type":"EntryPoint","urlTemplate":"https:\/\/www.africa-press.net\/togo\/?s={search_term_string}"},"query-input":{"@type":"PropertyValueSpecification","valueRequired":true,"valueName":"search_term_string"}}],"inLanguage":"fr-FR"},{"@type":"Person","@id":"https:\/\/www.africa-press.net\/togo\/#\/schema\/person\/2b1cf3cd81a31e3cd26889ca66d677f1","name":"cfeditorfr"}]}},"_links":{"self":[{"href":"https:\/\/www.africa-press.net\/togo\/wp-json\/wp\/v2\/posts\/11726","targetHints":{"allow":["GET"]}}],"collection":[{"href":"https:\/\/www.africa-press.net\/togo\/wp-json\/wp\/v2\/posts"}],"about":[{"href":"https:\/\/www.africa-press.net\/togo\/wp-json\/wp\/v2\/types\/post"}],"author":[{"embeddable":true,"href":"https:\/\/www.africa-press.net\/togo\/wp-json\/wp\/v2\/users\/82"}],"replies":[{"embeddable":true,"href":"https:\/\/www.africa-press.net\/togo\/wp-json\/wp\/v2\/comments?post=11726"}],"version-history":[{"count":0,"href":"https:\/\/www.africa-press.net\/togo\/wp-json\/wp\/v2\/posts\/11726\/revisions"}],"wp:featuredmedia":[{"embeddable":true,"href":"https:\/\/www.africa-press.net\/togo\/wp-json\/wp\/v2\/media\/11725"}],"wp:attachment":[{"href":"https:\/\/www.africa-press.net\/togo\/wp-json\/wp\/v2\/media?parent=11726"}],"wp:term":[{"taxonomy":"category","embeddable":true,"href":"https:\/\/www.africa-press.net\/togo\/wp-json\/wp\/v2\/categories?post=11726"},{"taxonomy":"post_tag","embeddable":true,"href":"https:\/\/www.africa-press.net\/togo\/wp-json\/wp\/v2\/tags?post=11726"}],"curies":[{"name":"wp","href":"https:\/\/api.w.org\/{rel}","templated":true}]}}