{"id":11729,"date":"2022-09-29T19:07:51","date_gmt":"2022-09-29T19:07:51","guid":{"rendered":"https:\/\/www.africa-press.net\/togo\/politique\/togo-sheyi-emmanuel-adebayor-en-turquie"},"modified":"2022-09-29T19:24:26","modified_gmt":"2022-09-29T19:24:26","slug":"togo-sheyi-emmanuel-adebayor-en-turquie","status":"publish","type":"post","link":"https:\/\/www.africa-press.net\/togo\/sports\/togo-sheyi-emmanuel-adebayor-en-turquie","title":{"rendered":"Togo\u00a0: Sheyi Emmanuel Adebayor en Turquie"},"content":{"rendered":"<p><span style=\"color: #ff6600\"><strong>Africa-Press &#8211; Togo. <\/strong><\/span>Emmanuel Adebayor s\u2019est rendu en Turquie chez son ancien club, le Bas\u0327aks\u0327ehir F.K a\u0300 Istanbul. L\u2019annonce de sa visite a e\u0301te\u0301 faite par le club turc ce mercredi 28 septembre 2022.<\/p>\n<p>\u201cEmmanuel Adebayor, l\u2019un des footballeurs emble\u0301matiques de notre e\u0301quipe, a rendu visite a\u0300 notre club. Rappelant de bons vieux souvenirs avec notre pre\u0301sident Go\u0308ksel Gu\u0308mu\u0308s\u0327dag\u0306. Adebayor a bu son cafe\u0301 turc pre\u0301fe\u0301re\u0301.\u201d, aposte\u0301 le club sur sa page Twitter.<\/p>\n<p>\u201cC\u2019est un plaisir absolu d\u2019e\u0302tre de retour en terrain connu avec une e\u0301quipe qui m\u2019a fait me sentir comme une famille. Merci pour l\u2019accueil chaleureux et beaucoup d\u2019amour a\u0300 tous les membres d\u2019Istanbul Bas\u0327aks\u0327ehir F.K.\u201d, a re\u0301plique\u0301 la star togolaise du football.<\/p>\n<p>L\u2019ancien socie\u0301taire des plus grands clubs d\u2019Angleterre a passe\u0301 trois bonnes anne\u0301es dans le club turc. 2016-2017, 2017-2018 et 2018-2019. Il a marque\u0301 un total de 28 buts en 76 apparitions.<\/p>\n<p><strong>Pour plus d&rsquo;informations et d&rsquo;analyses sur la <a href=\"https:\/\/www.africa-press.net\/togo\">Togo<\/a>, suivez <a href=\"https:\/\/www.africa-press.net\/\">Africa-Press<\/a><\/strong><\/p>\n","protected":false},"excerpt":{"rendered":"<p>Africa-Press &#8211; Togo. Emmanuel Adebayor s\u2019est rendu en Turquie chez son ancien club, le Bas\u0327aks\u0327ehir F.K a\u0300 Istanbul. L\u2019annonce de sa visite a e\u0301te\u0301 faite par le club turc ce mercredi 28 septembre 2022. \u201cEmmanuel Adebayor, l\u2019un des footballeurs emble\u0301matiques de notre e\u0301quipe, a rendu visite a\u0300 notre club. Rappelant de bons vieux souvenirs avec [&hellip;]<\/p>\n","protected":false},"author":82,"featured_media":11728,"comment_status":"open","ping_status":"closed","sticky":false,"template":"","format":"standard","meta":{"footnotes":""},"categories":[6,10],"tags":[411,36,49,50],"class_list":["post-11729","post","type-post","status-publish","format-standard","has-post-thumbnail","hentry","category-sports","category-toutes-les-actualites","tag-adebayor","tag-africa-press","tag-africa-press-togo","tag-togo"],"yoast_head":"<!-- This site is optimized with the Yoast SEO Premium plugin v26.1 (Yoast SEO v27.0) - https:\/\/yoast.com\/product\/yoast-seo-premium-wordpress\/ -->\n<title>Togo\u00a0: Sheyi Emmanuel Adebayor en Turquie - Togo<\/title>\n<meta name=\"description\" content=\"Emmanuel Adebayor s\u2019est rendu en Turquie chez son ancien club, le Bas\u0327aks\u0327ehir F.K a\u0300 Istanbul. L\u2019annonce de sa visite a ...\" \/>\n<meta name=\"robots\" content=\"index, follow, max-snippet:-1, max-image-preview:large, max-video-preview:-1\" \/>\n<link rel=\"canonical\" href=\"https:\/\/www.africa-press.net\/togo\/sports\/togo-sheyi-emmanuel-adebayor-en-turquie\" \/>\n<meta property=\"og:locale\" content=\"fr_FR\" \/>\n<meta property=\"og:type\" content=\"article\" \/>\n<meta property=\"og:title\" content=\"Togo\u00a0: Sheyi Emmanuel Adebayor en Turquie\" \/>\n<meta property=\"og:description\" content=\"Emmanuel Adebayor s\u2019est rendu en Turquie chez son ancien club, le Bas\u0327aks\u0327ehir F.K a\u0300 Istanbul. L\u2019annonce de sa visite a ...\" \/>\n<meta property=\"og:url\" content=\"https:\/\/www.africa-press.net\/togo\/sports\/togo-sheyi-emmanuel-adebayor-en-turquie\" \/>\n<meta property=\"og:site_name\" content=\"Togo\" \/>\n<meta property=\"article:published_time\" content=\"2022-09-29T19:07:51+00:00\" \/>\n<meta property=\"article:modified_time\" content=\"2022-09-29T19:24:26+00:00\" \/>\n<meta property=\"og:image\" content=\"https:\/\/static.africa-press.net\/togo\/sites\/58\/2022\/09\/postQueueImg_16-6335f0bd21420.jpg\" \/>\n\t<meta property=\"og:image:width\" content=\"720\" \/>\n\t<meta property=\"og:image:height\" content=\"480\" \/>\n\t<meta property=\"og:image:type\" content=\"image\/jpeg\" \/>\n<meta name=\"author\" content=\"cfeditorfr\" \/>\n<meta name=\"twitter:card\" content=\"summary_large_image\" \/>\n<meta name=\"twitter:label1\" content=\"\u00c9crit par\" \/>\n\t<meta name=\"twitter:data1\" content=\"cfeditorfr\" \/>\n\t<meta name=\"twitter:label2\" content=\"Dur\u00e9e de lecture estim\u00e9e\" \/>\n\t<meta name=\"twitter:data2\" content=\"1 minute\" \/>\n<script type=\"application\/ld+json\" class=\"yoast-schema-graph\">{\"@context\":\"https:\/\/schema.org\",\"@graph\":[{\"@type\":\"Article\",\"@id\":\"https:\/\/www.africa-press.net\/togo\/sports\/togo-sheyi-emmanuel-adebayor-en-turquie#article\",\"isPartOf\":{\"@id\":\"https:\/\/www.africa-press.net\/togo\/sports\/togo-sheyi-emmanuel-adebayor-en-turquie\"},\"author\":{\"name\":\"cfeditorfr\",\"@id\":\"https:\/\/www.africa-press.net\/togo\/#\/schema\/person\/2b1cf3cd81a31e3cd26889ca66d677f1\"},\"headline\":\"Togo\u00a0: Sheyi Emmanuel Adebayor en Turquie\",\"datePublished\":\"2022-09-29T19:07:51+00:00\",\"dateModified\":\"2022-09-29T19:24:26+00:00\",\"mainEntityOfPage\":{\"@id\":\"https:\/\/www.africa-press.net\/togo\/sports\/togo-sheyi-emmanuel-adebayor-en-turquie\"},\"wordCount\":192,\"commentCount\":0,\"image\":{\"@id\":\"https:\/\/www.africa-press.net\/togo\/sports\/togo-sheyi-emmanuel-adebayor-en-turquie#primaryimage\"},\"thumbnailUrl\":\"https:\/\/static.africa-press.net\/togo\/sites\/58\/2022\/09\/postQueueImg_16-6335f0bd21420.jpg\",\"keywords\":[\"Ad\u00e9bayor\",\"Africa Press\",\"Africa Press-Togo\",\"Togo\"],\"articleSection\":[\"Sports\",\"Toutes les actualit\u00e9s\"],\"inLanguage\":\"fr-FR\",\"potentialAction\":[{\"@type\":\"CommentAction\",\"name\":\"Comment\",\"target\":[\"https:\/\/www.africa-press.net\/togo\/sports\/togo-sheyi-emmanuel-adebayor-en-turquie#respond\"]}]},{\"@type\":\"WebPage\",\"@id\":\"https:\/\/www.africa-press.net\/togo\/sports\/togo-sheyi-emmanuel-adebayor-en-turquie\",\"url\":\"https:\/\/www.africa-press.net\/togo\/sports\/togo-sheyi-emmanuel-adebayor-en-turquie\",\"name\":\"Togo\u00a0: Sheyi Emmanuel Adebayor en Turquie - Togo\",\"isPartOf\":{\"@id\":\"https:\/\/www.africa-press.net\/togo\/#website\"},\"primaryImageOfPage\":{\"@id\":\"https:\/\/www.africa-press.net\/togo\/sports\/togo-sheyi-emmanuel-adebayor-en-turquie#primaryimage\"},\"image\":{\"@id\":\"https:\/\/www.africa-press.net\/togo\/sports\/togo-sheyi-emmanuel-adebayor-en-turquie#primaryimage\"},\"thumbnailUrl\":\"https:\/\/static.africa-press.net\/togo\/sites\/58\/2022\/09\/postQueueImg_16-6335f0bd21420.jpg\",\"datePublished\":\"2022-09-29T19:07:51+00:00\",\"dateModified\":\"2022-09-29T19:24:26+00:00\",\"author\":{\"@id\":\"https:\/\/www.africa-press.net\/togo\/#\/schema\/person\/2b1cf3cd81a31e3cd26889ca66d677f1\"},\"description\":\"Emmanuel Adebayor s\u2019est rendu en Turquie chez son ancien club, le Bas\u0327aks\u0327ehir F.K a\u0300 Istanbul. L\u2019annonce de sa visite a ...\",\"breadcrumb\":{\"@id\":\"https:\/\/www.africa-press.net\/togo\/sports\/togo-sheyi-emmanuel-adebayor-en-turquie#breadcrumb\"},\"inLanguage\":\"fr-FR\",\"potentialAction\":[{\"@type\":\"ReadAction\",\"target\":[\"https:\/\/www.africa-press.net\/togo\/sports\/togo-sheyi-emmanuel-adebayor-en-turquie\"]}]},{\"@type\":\"ImageObject\",\"inLanguage\":\"fr-FR\",\"@id\":\"https:\/\/www.africa-press.net\/togo\/sports\/togo-sheyi-emmanuel-adebayor-en-turquie#primaryimage\",\"url\":\"https:\/\/static.africa-press.net\/togo\/sites\/58\/2022\/09\/postQueueImg_16-6335f0bd21420.jpg\",\"contentUrl\":\"https:\/\/static.africa-press.net\/togo\/sites\/58\/2022\/09\/postQueueImg_16-6335f0bd21420.jpg\",\"width\":720,\"height\":480,\"caption\":\"Togo\u00a0: Sheyi Emmanuel Adebayor en Turquie\"},{\"@type\":\"BreadcrumbList\",\"@id\":\"https:\/\/www.africa-press.net\/togo\/sports\/togo-sheyi-emmanuel-adebayor-en-turquie#breadcrumb\",\"itemListElement\":[{\"@type\":\"ListItem\",\"position\":1,\"name\":\"Accueil\",\"item\":\"https:\/\/www.africa-press.net\/togo\/\"},{\"@type\":\"ListItem\",\"position\":2,\"name\":\"Togo\u00a0: Sheyi Emmanuel Adebayor en Turquie\"}]},{\"@type\":\"WebSite\",\"@id\":\"https:\/\/www.africa-press.net\/togo\/#website\",\"url\":\"https:\/\/www.africa-press.net\/togo\/\",\"name\":\"Togo\",\"description\":\"Just another Africa News Agency Sites site\",\"potentialAction\":[{\"@type\":\"SearchAction\",\"target\":{\"@type\":\"EntryPoint\",\"urlTemplate\":\"https:\/\/www.africa-press.net\/togo\/?s={search_term_string}\"},\"query-input\":{\"@type\":\"PropertyValueSpecification\",\"valueRequired\":true,\"valueName\":\"search_term_string\"}}],\"inLanguage\":\"fr-FR\"},{\"@type\":\"Person\",\"@id\":\"https:\/\/www.africa-press.net\/togo\/#\/schema\/person\/2b1cf3cd81a31e3cd26889ca66d677f1\",\"name\":\"cfeditorfr\"}]}<\/script>\n<!-- \/ Yoast SEO Premium plugin. -->","yoast_head_json":{"title":"Togo\u00a0: Sheyi Emmanuel Adebayor en Turquie - Togo","description":"Emmanuel Adebayor s\u2019est rendu en Turquie chez son ancien club, le Bas\u0327aks\u0327ehir F.K a\u0300 Istanbul. L\u2019annonce de sa visite a ...","robots":{"index":"index","follow":"follow","max-snippet":"max-snippet:-1","max-image-preview":"max-image-preview:large","max-video-preview":"max-video-preview:-1"},"canonical":"https:\/\/www.africa-press.net\/togo\/sports\/togo-sheyi-emmanuel-adebayor-en-turquie","og_locale":"fr_FR","og_type":"article","og_title":"Togo\u00a0: Sheyi Emmanuel Adebayor en Turquie","og_description":"Emmanuel Adebayor s\u2019est rendu en Turquie chez son ancien club, le Bas\u0327aks\u0327ehir F.K a\u0300 Istanbul. L\u2019annonce de sa visite a ...","og_url":"https:\/\/www.africa-press.net\/togo\/sports\/togo-sheyi-emmanuel-adebayor-en-turquie","og_site_name":"Togo","article_published_time":"2022-09-29T19:07:51+00:00","article_modified_time":"2022-09-29T19:24:26+00:00","og_image":[{"width":720,"height":480,"url":"https:\/\/static.africa-press.net\/togo\/sites\/58\/2022\/09\/postQueueImg_16-6335f0bd21420.jpg","type":"image\/jpeg"}],"author":"cfeditorfr","twitter_card":"summary_large_image","twitter_misc":{"\u00c9crit par":"cfeditorfr","Dur\u00e9e de lecture estim\u00e9e":"1 minute"},"schema":{"@context":"https:\/\/schema.org","@graph":[{"@type":"Article","@id":"https:\/\/www.africa-press.net\/togo\/sports\/togo-sheyi-emmanuel-adebayor-en-turquie#article","isPartOf":{"@id":"https:\/\/www.africa-press.net\/togo\/sports\/togo-sheyi-emmanuel-adebayor-en-turquie"},"author":{"name":"cfeditorfr","@id":"https:\/\/www.africa-press.net\/togo\/#\/schema\/person\/2b1cf3cd81a31e3cd26889ca66d677f1"},"headline":"Togo\u00a0: Sheyi Emmanuel Adebayor en Turquie","datePublished":"2022-09-29T19:07:51+00:00","dateModified":"2022-09-29T19:24:26+00:00","mainEntityOfPage":{"@id":"https:\/\/www.africa-press.net\/togo\/sports\/togo-sheyi-emmanuel-adebayor-en-turquie"},"wordCount":192,"commentCount":0,"image":{"@id":"https:\/\/www.africa-press.net\/togo\/sports\/togo-sheyi-emmanuel-adebayor-en-turquie#primaryimage"},"thumbnailUrl":"https:\/\/static.africa-press.net\/togo\/sites\/58\/2022\/09\/postQueueImg_16-6335f0bd21420.jpg","keywords":["Ad\u00e9bayor","Africa Press","Africa Press-Togo","Togo"],"articleSection":["Sports","Toutes les actualit\u00e9s"],"inLanguage":"fr-FR","potentialAction":[{"@type":"CommentAction","name":"Comment","target":["https:\/\/www.africa-press.net\/togo\/sports\/togo-sheyi-emmanuel-adebayor-en-turquie#respond"]}]},{"@type":"WebPage","@id":"https:\/\/www.africa-press.net\/togo\/sports\/togo-sheyi-emmanuel-adebayor-en-turquie","url":"https:\/\/www.africa-press.net\/togo\/sports\/togo-sheyi-emmanuel-adebayor-en-turquie","name":"Togo\u00a0: Sheyi Emmanuel Adebayor en Turquie - Togo","isPartOf":{"@id":"https:\/\/www.africa-press.net\/togo\/#website"},"primaryImageOfPage":{"@id":"https:\/\/www.africa-press.net\/togo\/sports\/togo-sheyi-emmanuel-adebayor-en-turquie#primaryimage"},"image":{"@id":"https:\/\/www.africa-press.net\/togo\/sports\/togo-sheyi-emmanuel-adebayor-en-turquie#primaryimage"},"thumbnailUrl":"https:\/\/static.africa-press.net\/togo\/sites\/58\/2022\/09\/postQueueImg_16-6335f0bd21420.jpg","datePublished":"2022-09-29T19:07:51+00:00","dateModified":"2022-09-29T19:24:26+00:00","author":{"@id":"https:\/\/www.africa-press.net\/togo\/#\/schema\/person\/2b1cf3cd81a31e3cd26889ca66d677f1"},"description":"Emmanuel Adebayor s\u2019est rendu en Turquie chez son ancien club, le Bas\u0327aks\u0327ehir F.K a\u0300 Istanbul. L\u2019annonce de sa visite a ...","breadcrumb":{"@id":"https:\/\/www.africa-press.net\/togo\/sports\/togo-sheyi-emmanuel-adebayor-en-turquie#breadcrumb"},"inLanguage":"fr-FR","potentialAction":[{"@type":"ReadAction","target":["https:\/\/www.africa-press.net\/togo\/sports\/togo-sheyi-emmanuel-adebayor-en-turquie"]}]},{"@type":"ImageObject","inLanguage":"fr-FR","@id":"https:\/\/www.africa-press.net\/togo\/sports\/togo-sheyi-emmanuel-adebayor-en-turquie#primaryimage","url":"https:\/\/static.africa-press.net\/togo\/sites\/58\/2022\/09\/postQueueImg_16-6335f0bd21420.jpg","contentUrl":"https:\/\/static.africa-press.net\/togo\/sites\/58\/2022\/09\/postQueueImg_16-6335f0bd21420.jpg","width":720,"height":480,"caption":"Togo\u00a0: Sheyi Emmanuel Adebayor en Turquie"},{"@type":"BreadcrumbList","@id":"https:\/\/www.africa-press.net\/togo\/sports\/togo-sheyi-emmanuel-adebayor-en-turquie#breadcrumb","itemListElement":[{"@type":"ListItem","position":1,"name":"Accueil","item":"https:\/\/www.africa-press.net\/togo\/"},{"@type":"ListItem","position":2,"name":"Togo\u00a0: Sheyi Emmanuel Adebayor en Turquie"}]},{"@type":"WebSite","@id":"https:\/\/www.africa-press.net\/togo\/#website","url":"https:\/\/www.africa-press.net\/togo\/","name":"Togo","description":"Just another Africa News Agency Sites site","potentialAction":[{"@type":"SearchAction","target":{"@type":"EntryPoint","urlTemplate":"https:\/\/www.africa-press.net\/togo\/?s={search_term_string}"},"query-input":{"@type":"PropertyValueSpecification","valueRequired":true,"valueName":"search_term_string"}}],"inLanguage":"fr-FR"},{"@type":"Person","@id":"https:\/\/www.africa-press.net\/togo\/#\/schema\/person\/2b1cf3cd81a31e3cd26889ca66d677f1","name":"cfeditorfr"}]}},"_links":{"self":[{"href":"https:\/\/www.africa-press.net\/togo\/wp-json\/wp\/v2\/posts\/11729","targetHints":{"allow":["GET"]}}],"collection":[{"href":"https:\/\/www.africa-press.net\/togo\/wp-json\/wp\/v2\/posts"}],"about":[{"href":"https:\/\/www.africa-press.net\/togo\/wp-json\/wp\/v2\/types\/post"}],"author":[{"embeddable":true,"href":"https:\/\/www.africa-press.net\/togo\/wp-json\/wp\/v2\/users\/82"}],"replies":[{"embeddable":true,"href":"https:\/\/www.africa-press.net\/togo\/wp-json\/wp\/v2\/comments?post=11729"}],"version-history":[{"count":0,"href":"https:\/\/www.africa-press.net\/togo\/wp-json\/wp\/v2\/posts\/11729\/revisions"}],"wp:featuredmedia":[{"embeddable":true,"href":"https:\/\/www.africa-press.net\/togo\/wp-json\/wp\/v2\/media\/11728"}],"wp:attachment":[{"href":"https:\/\/www.africa-press.net\/togo\/wp-json\/wp\/v2\/media?parent=11729"}],"wp:term":[{"taxonomy":"category","embeddable":true,"href":"https:\/\/www.africa-press.net\/togo\/wp-json\/wp\/v2\/categories?post=11729"},{"taxonomy":"post_tag","embeddable":true,"href":"https:\/\/www.africa-press.net\/togo\/wp-json\/wp\/v2\/tags?post=11729"}],"curies":[{"name":"wp","href":"https:\/\/api.w.org\/{rel}","templated":true}]}}