{"id":11747,"date":"2022-09-30T18:57:11","date_gmt":"2022-09-30T18:57:11","guid":{"rendered":"https:\/\/www.africa-press.net\/togo\/politique\/ce-ton-qui-monte-si-fort-entre-niamey-et-bamako-est-dune-profonde-tristesse"},"modified":"2022-09-30T19:05:33","modified_gmt":"2022-09-30T19:05:33","slug":"ce-ton-qui-monte-si-fort-entre-niamey-et-bamako-est-dune-profonde-tristesse","status":"publish","type":"post","link":"https:\/\/www.africa-press.net\/togo\/toutes-les-actualites\/ce-ton-qui-monte-si-fort-entre-niamey-et-bamako-est-dune-profonde-tristesse","title":{"rendered":"Ce ton qui monte si fort entre Niamey et Bamako est d\u2019une profonde tristesse"},"content":{"rendered":"<p><span style=\"color: #ff6600\"><strong>Africa-Press &#8211; Togo. <\/strong><\/span>Je n\u2019arrive vraiment pas a\u0300 comprendre le ze\u0300le des autorite\u0301s nige\u0301riennes a\u0300 jouer, ces temps-ci, les gardiens des inte\u0301re\u0302ts de la France dans la sous-re\u0301gion ouest-africaine.<\/p>\n<p>Tu dis un seul mot de travers contre la France, tu vois Mohamed Bazoum te menacer dans tes re\u0302ves. Tu renvoies les forces franc\u0327aises de chez toi, les autorite\u0301s nige\u0301riennes les accueillent chez elles.<\/p>\n<p>Les jeunes Nige\u0301riens veulent organiser une manifestation contre la France, on la leur interdit. Et pourtant, tout le monde sait que c\u2019est la Co\u0302te d\u2019Ivoire et le Se\u0301ne\u0301gal qui ont toujours porte\u0301 les valises de la France dans cette sous-re\u0301gion. Et ils ne le font pas gratis. Ils ont des desserts en retour.<\/p>\n<p>Les joues de Dakar et Abidjan sont comme celles de ces gosses de riches dodus dont on devine, rien qu\u2019en les voyant, qu\u2019ils boivent du lait a\u0300 table tous les matins.<\/p>\n<p>Tu arrives a\u0300 Abidjan, l\u2019ae\u0301roport me\u0302me te dit ouais, la ville-ci mange vraiment des euros. Tu de\u0301barques a\u0300 Dakar, les avenues, boulevards et infrastructures te disent que vraiment, on porte des valises de l\u2019Union europe\u0301enne par ici.<\/p>\n<p>Mais tu arrives a\u0300 Niamey&#8230; Hum&#8230; Bon&#8230; Euye&#8230; tu arrives a\u0300 Niamey, toi-me\u0302me tu te dis que ouais, je suis arrive\u0301 comme c\u0327a a\u0300 Niamey hein ! Bref, tu arrives a\u0300 Niamey&#8230; et&#8230; tu es arrive\u0301 a\u0300 Niamey comme c\u0327a !<\/p>\n<p>Se\u0301rieusement, ce ton qui monte si fort entre Niamey et Bamako est d\u2019une profonde tristesse. Le spectacle de deux faibles qui se de\u0301chirent est une de\u0301solation. Une vraie de\u0301solation. Que ceci cesse.<\/p>\n<p>David Kpelly<\/p>\n<p><strong>Pour plus d&rsquo;informations et d&rsquo;analyses sur la <a href=\"https:\/\/www.africa-press.net\/togo\">Togo<\/a>, suivez <a href=\"https:\/\/www.africa-press.net\/\">Africa-Press<\/a><\/strong><\/p>\n","protected":false},"excerpt":{"rendered":"<p>Africa-Press &#8211; Togo. Je n\u2019arrive vraiment pas a\u0300 comprendre le ze\u0300le des autorite\u0301s nige\u0301riennes a\u0300 jouer, ces temps-ci, les gardiens des inte\u0301re\u0302ts de la France dans la sous-re\u0301gion ouest-africaine. Tu dis un seul mot de travers contre la France, tu vois Mohamed Bazoum te menacer dans tes re\u0302ves. Tu renvoies les forces franc\u0327aises de chez [&hellip;]<\/p>\n","protected":false},"author":82,"featured_media":11746,"comment_status":"open","ping_status":"closed","sticky":false,"template":"","format":"standard","meta":{"footnotes":""},"categories":[21,10],"tags":[36,49,50],"class_list":["post-11747","post","type-post","status-publish","format-standard","has-post-thumbnail","hentry","category-communaute","category-toutes-les-actualites","tag-africa-press","tag-africa-press-togo","tag-togo"],"yoast_head":"<!-- This site is optimized with the Yoast SEO Premium plugin v26.1 (Yoast SEO v27.0) - https:\/\/yoast.com\/product\/yoast-seo-premium-wordpress\/ -->\n<title>Ce ton qui monte si fort entre Niamey et Bamako est d\u2019une profonde tristesse - Togo<\/title>\n<meta name=\"description\" content=\"Je n\u2019arrive vraiment pas a\u0300 comprendre le ze\u0300le des autorite\u0301s nige\u0301riennes a\u0300 jouer, ces temps-ci, les gardiens des int ...\" \/>\n<meta name=\"robots\" content=\"index, follow, max-snippet:-1, max-image-preview:large, max-video-preview:-1\" \/>\n<link rel=\"canonical\" href=\"https:\/\/www.africa-press.net\/togo\/toutes-les-actualites\/ce-ton-qui-monte-si-fort-entre-niamey-et-bamako-est-dune-profonde-tristesse\" \/>\n<meta property=\"og:locale\" content=\"fr_FR\" \/>\n<meta property=\"og:type\" content=\"article\" \/>\n<meta property=\"og:title\" content=\"Ce ton qui monte si fort entre Niamey et Bamako est d\u2019une profonde tristesse\" \/>\n<meta property=\"og:description\" content=\"Je n\u2019arrive vraiment pas a\u0300 comprendre le ze\u0300le des autorite\u0301s nige\u0301riennes a\u0300 jouer, ces temps-ci, les gardiens des int ...\" \/>\n<meta property=\"og:url\" content=\"https:\/\/www.africa-press.net\/togo\/toutes-les-actualites\/ce-ton-qui-monte-si-fort-entre-niamey-et-bamako-est-dune-profonde-tristesse\" \/>\n<meta property=\"og:site_name\" content=\"Togo\" \/>\n<meta property=\"article:published_time\" content=\"2022-09-30T18:57:11+00:00\" \/>\n<meta property=\"article:modified_time\" content=\"2022-09-30T19:05:33+00:00\" \/>\n<meta property=\"og:image\" content=\"https:\/\/static.africa-press.net\/togo\/sites\/58\/2022\/09\/postQueueImg_3-63373de34e39a.jpg\" \/>\n\t<meta property=\"og:image:width\" content=\"1280\" \/>\n\t<meta property=\"og:image:height\" content=\"816\" \/>\n\t<meta property=\"og:image:type\" content=\"image\/jpeg\" \/>\n<meta name=\"author\" content=\"cfeditorfr\" \/>\n<meta name=\"twitter:card\" content=\"summary_large_image\" \/>\n<meta name=\"twitter:label1\" content=\"\u00c9crit par\" \/>\n\t<meta name=\"twitter:data1\" content=\"cfeditorfr\" \/>\n\t<meta name=\"twitter:label2\" content=\"Dur\u00e9e de lecture estim\u00e9e\" \/>\n\t<meta name=\"twitter:data2\" content=\"2 minutes\" \/>\n<script type=\"application\/ld+json\" class=\"yoast-schema-graph\">{\"@context\":\"https:\/\/schema.org\",\"@graph\":[{\"@type\":\"Article\",\"@id\":\"https:\/\/www.africa-press.net\/togo\/toutes-les-actualites\/ce-ton-qui-monte-si-fort-entre-niamey-et-bamako-est-dune-profonde-tristesse#article\",\"isPartOf\":{\"@id\":\"https:\/\/www.africa-press.net\/togo\/toutes-les-actualites\/ce-ton-qui-monte-si-fort-entre-niamey-et-bamako-est-dune-profonde-tristesse\"},\"author\":{\"name\":\"cfeditorfr\",\"@id\":\"https:\/\/www.africa-press.net\/togo\/#\/schema\/person\/2b1cf3cd81a31e3cd26889ca66d677f1\"},\"headline\":\"Ce ton qui monte si fort entre Niamey et Bamako est d\u2019une profonde tristesse\",\"datePublished\":\"2022-09-30T18:57:11+00:00\",\"dateModified\":\"2022-09-30T19:05:33+00:00\",\"mainEntityOfPage\":{\"@id\":\"https:\/\/www.africa-press.net\/togo\/toutes-les-actualites\/ce-ton-qui-monte-si-fort-entre-niamey-et-bamako-est-dune-profonde-tristesse\"},\"wordCount\":318,\"commentCount\":0,\"image\":{\"@id\":\"https:\/\/www.africa-press.net\/togo\/toutes-les-actualites\/ce-ton-qui-monte-si-fort-entre-niamey-et-bamako-est-dune-profonde-tristesse#primaryimage\"},\"thumbnailUrl\":\"https:\/\/static.africa-press.net\/togo\/sites\/58\/2022\/09\/postQueueImg_3-63373de34e39a.jpg\",\"keywords\":[\"Africa Press\",\"Africa Press-Togo\",\"Togo\"],\"articleSection\":[\"Communaut\u00e9\",\"Toutes les actualit\u00e9s\"],\"inLanguage\":\"fr-FR\",\"potentialAction\":[{\"@type\":\"CommentAction\",\"name\":\"Comment\",\"target\":[\"https:\/\/www.africa-press.net\/togo\/toutes-les-actualites\/ce-ton-qui-monte-si-fort-entre-niamey-et-bamako-est-dune-profonde-tristesse#respond\"]}]},{\"@type\":\"WebPage\",\"@id\":\"https:\/\/www.africa-press.net\/togo\/toutes-les-actualites\/ce-ton-qui-monte-si-fort-entre-niamey-et-bamako-est-dune-profonde-tristesse\",\"url\":\"https:\/\/www.africa-press.net\/togo\/toutes-les-actualites\/ce-ton-qui-monte-si-fort-entre-niamey-et-bamako-est-dune-profonde-tristesse\",\"name\":\"Ce ton qui monte si fort entre Niamey et Bamako est d\u2019une profonde tristesse - Togo\",\"isPartOf\":{\"@id\":\"https:\/\/www.africa-press.net\/togo\/#website\"},\"primaryImageOfPage\":{\"@id\":\"https:\/\/www.africa-press.net\/togo\/toutes-les-actualites\/ce-ton-qui-monte-si-fort-entre-niamey-et-bamako-est-dune-profonde-tristesse#primaryimage\"},\"image\":{\"@id\":\"https:\/\/www.africa-press.net\/togo\/toutes-les-actualites\/ce-ton-qui-monte-si-fort-entre-niamey-et-bamako-est-dune-profonde-tristesse#primaryimage\"},\"thumbnailUrl\":\"https:\/\/static.africa-press.net\/togo\/sites\/58\/2022\/09\/postQueueImg_3-63373de34e39a.jpg\",\"datePublished\":\"2022-09-30T18:57:11+00:00\",\"dateModified\":\"2022-09-30T19:05:33+00:00\",\"author\":{\"@id\":\"https:\/\/www.africa-press.net\/togo\/#\/schema\/person\/2b1cf3cd81a31e3cd26889ca66d677f1\"},\"description\":\"Je n\u2019arrive vraiment pas a\u0300 comprendre le ze\u0300le des autorite\u0301s nige\u0301riennes a\u0300 jouer, ces temps-ci, les gardiens des int ...\",\"breadcrumb\":{\"@id\":\"https:\/\/www.africa-press.net\/togo\/toutes-les-actualites\/ce-ton-qui-monte-si-fort-entre-niamey-et-bamako-est-dune-profonde-tristesse#breadcrumb\"},\"inLanguage\":\"fr-FR\",\"potentialAction\":[{\"@type\":\"ReadAction\",\"target\":[\"https:\/\/www.africa-press.net\/togo\/toutes-les-actualites\/ce-ton-qui-monte-si-fort-entre-niamey-et-bamako-est-dune-profonde-tristesse\"]}]},{\"@type\":\"ImageObject\",\"inLanguage\":\"fr-FR\",\"@id\":\"https:\/\/www.africa-press.net\/togo\/toutes-les-actualites\/ce-ton-qui-monte-si-fort-entre-niamey-et-bamako-est-dune-profonde-tristesse#primaryimage\",\"url\":\"https:\/\/static.africa-press.net\/togo\/sites\/58\/2022\/09\/postQueueImg_3-63373de34e39a.jpg\",\"contentUrl\":\"https:\/\/static.africa-press.net\/togo\/sites\/58\/2022\/09\/postQueueImg_3-63373de34e39a.jpg\",\"width\":1280,\"height\":816,\"caption\":\"Ce ton qui monte si fort entre Niamey et Bamako est d\u2019une profonde tristesse\"},{\"@type\":\"BreadcrumbList\",\"@id\":\"https:\/\/www.africa-press.net\/togo\/toutes-les-actualites\/ce-ton-qui-monte-si-fort-entre-niamey-et-bamako-est-dune-profonde-tristesse#breadcrumb\",\"itemListElement\":[{\"@type\":\"ListItem\",\"position\":1,\"name\":\"Accueil\",\"item\":\"https:\/\/www.africa-press.net\/togo\/\"},{\"@type\":\"ListItem\",\"position\":2,\"name\":\"Ce ton qui monte si fort entre Niamey et Bamako est d\u2019une profonde tristesse\"}]},{\"@type\":\"WebSite\",\"@id\":\"https:\/\/www.africa-press.net\/togo\/#website\",\"url\":\"https:\/\/www.africa-press.net\/togo\/\",\"name\":\"Togo\",\"description\":\"Just another Africa News Agency Sites site\",\"potentialAction\":[{\"@type\":\"SearchAction\",\"target\":{\"@type\":\"EntryPoint\",\"urlTemplate\":\"https:\/\/www.africa-press.net\/togo\/?s={search_term_string}\"},\"query-input\":{\"@type\":\"PropertyValueSpecification\",\"valueRequired\":true,\"valueName\":\"search_term_string\"}}],\"inLanguage\":\"fr-FR\"},{\"@type\":\"Person\",\"@id\":\"https:\/\/www.africa-press.net\/togo\/#\/schema\/person\/2b1cf3cd81a31e3cd26889ca66d677f1\",\"name\":\"cfeditorfr\"}]}<\/script>\n<!-- \/ Yoast SEO Premium plugin. -->","yoast_head_json":{"title":"Ce ton qui monte si fort entre Niamey et Bamako est d\u2019une profonde tristesse - Togo","description":"Je n\u2019arrive vraiment pas a\u0300 comprendre le ze\u0300le des autorite\u0301s nige\u0301riennes a\u0300 jouer, ces temps-ci, les gardiens des int ...","robots":{"index":"index","follow":"follow","max-snippet":"max-snippet:-1","max-image-preview":"max-image-preview:large","max-video-preview":"max-video-preview:-1"},"canonical":"https:\/\/www.africa-press.net\/togo\/toutes-les-actualites\/ce-ton-qui-monte-si-fort-entre-niamey-et-bamako-est-dune-profonde-tristesse","og_locale":"fr_FR","og_type":"article","og_title":"Ce ton qui monte si fort entre Niamey et Bamako est d\u2019une profonde tristesse","og_description":"Je n\u2019arrive vraiment pas a\u0300 comprendre le ze\u0300le des autorite\u0301s nige\u0301riennes a\u0300 jouer, ces temps-ci, les gardiens des int ...","og_url":"https:\/\/www.africa-press.net\/togo\/toutes-les-actualites\/ce-ton-qui-monte-si-fort-entre-niamey-et-bamako-est-dune-profonde-tristesse","og_site_name":"Togo","article_published_time":"2022-09-30T18:57:11+00:00","article_modified_time":"2022-09-30T19:05:33+00:00","og_image":[{"width":1280,"height":816,"url":"https:\/\/static.africa-press.net\/togo\/sites\/58\/2022\/09\/postQueueImg_3-63373de34e39a.jpg","type":"image\/jpeg"}],"author":"cfeditorfr","twitter_card":"summary_large_image","twitter_misc":{"\u00c9crit par":"cfeditorfr","Dur\u00e9e de lecture estim\u00e9e":"2 minutes"},"schema":{"@context":"https:\/\/schema.org","@graph":[{"@type":"Article","@id":"https:\/\/www.africa-press.net\/togo\/toutes-les-actualites\/ce-ton-qui-monte-si-fort-entre-niamey-et-bamako-est-dune-profonde-tristesse#article","isPartOf":{"@id":"https:\/\/www.africa-press.net\/togo\/toutes-les-actualites\/ce-ton-qui-monte-si-fort-entre-niamey-et-bamako-est-dune-profonde-tristesse"},"author":{"name":"cfeditorfr","@id":"https:\/\/www.africa-press.net\/togo\/#\/schema\/person\/2b1cf3cd81a31e3cd26889ca66d677f1"},"headline":"Ce ton qui monte si fort entre Niamey et Bamako est d\u2019une profonde tristesse","datePublished":"2022-09-30T18:57:11+00:00","dateModified":"2022-09-30T19:05:33+00:00","mainEntityOfPage":{"@id":"https:\/\/www.africa-press.net\/togo\/toutes-les-actualites\/ce-ton-qui-monte-si-fort-entre-niamey-et-bamako-est-dune-profonde-tristesse"},"wordCount":318,"commentCount":0,"image":{"@id":"https:\/\/www.africa-press.net\/togo\/toutes-les-actualites\/ce-ton-qui-monte-si-fort-entre-niamey-et-bamako-est-dune-profonde-tristesse#primaryimage"},"thumbnailUrl":"https:\/\/static.africa-press.net\/togo\/sites\/58\/2022\/09\/postQueueImg_3-63373de34e39a.jpg","keywords":["Africa Press","Africa Press-Togo","Togo"],"articleSection":["Communaut\u00e9","Toutes les actualit\u00e9s"],"inLanguage":"fr-FR","potentialAction":[{"@type":"CommentAction","name":"Comment","target":["https:\/\/www.africa-press.net\/togo\/toutes-les-actualites\/ce-ton-qui-monte-si-fort-entre-niamey-et-bamako-est-dune-profonde-tristesse#respond"]}]},{"@type":"WebPage","@id":"https:\/\/www.africa-press.net\/togo\/toutes-les-actualites\/ce-ton-qui-monte-si-fort-entre-niamey-et-bamako-est-dune-profonde-tristesse","url":"https:\/\/www.africa-press.net\/togo\/toutes-les-actualites\/ce-ton-qui-monte-si-fort-entre-niamey-et-bamako-est-dune-profonde-tristesse","name":"Ce ton qui monte si fort entre Niamey et Bamako est d\u2019une profonde tristesse - Togo","isPartOf":{"@id":"https:\/\/www.africa-press.net\/togo\/#website"},"primaryImageOfPage":{"@id":"https:\/\/www.africa-press.net\/togo\/toutes-les-actualites\/ce-ton-qui-monte-si-fort-entre-niamey-et-bamako-est-dune-profonde-tristesse#primaryimage"},"image":{"@id":"https:\/\/www.africa-press.net\/togo\/toutes-les-actualites\/ce-ton-qui-monte-si-fort-entre-niamey-et-bamako-est-dune-profonde-tristesse#primaryimage"},"thumbnailUrl":"https:\/\/static.africa-press.net\/togo\/sites\/58\/2022\/09\/postQueueImg_3-63373de34e39a.jpg","datePublished":"2022-09-30T18:57:11+00:00","dateModified":"2022-09-30T19:05:33+00:00","author":{"@id":"https:\/\/www.africa-press.net\/togo\/#\/schema\/person\/2b1cf3cd81a31e3cd26889ca66d677f1"},"description":"Je n\u2019arrive vraiment pas a\u0300 comprendre le ze\u0300le des autorite\u0301s nige\u0301riennes a\u0300 jouer, ces temps-ci, les gardiens des int ...","breadcrumb":{"@id":"https:\/\/www.africa-press.net\/togo\/toutes-les-actualites\/ce-ton-qui-monte-si-fort-entre-niamey-et-bamako-est-dune-profonde-tristesse#breadcrumb"},"inLanguage":"fr-FR","potentialAction":[{"@type":"ReadAction","target":["https:\/\/www.africa-press.net\/togo\/toutes-les-actualites\/ce-ton-qui-monte-si-fort-entre-niamey-et-bamako-est-dune-profonde-tristesse"]}]},{"@type":"ImageObject","inLanguage":"fr-FR","@id":"https:\/\/www.africa-press.net\/togo\/toutes-les-actualites\/ce-ton-qui-monte-si-fort-entre-niamey-et-bamako-est-dune-profonde-tristesse#primaryimage","url":"https:\/\/static.africa-press.net\/togo\/sites\/58\/2022\/09\/postQueueImg_3-63373de34e39a.jpg","contentUrl":"https:\/\/static.africa-press.net\/togo\/sites\/58\/2022\/09\/postQueueImg_3-63373de34e39a.jpg","width":1280,"height":816,"caption":"Ce ton qui monte si fort entre Niamey et Bamako est d\u2019une profonde tristesse"},{"@type":"BreadcrumbList","@id":"https:\/\/www.africa-press.net\/togo\/toutes-les-actualites\/ce-ton-qui-monte-si-fort-entre-niamey-et-bamako-est-dune-profonde-tristesse#breadcrumb","itemListElement":[{"@type":"ListItem","position":1,"name":"Accueil","item":"https:\/\/www.africa-press.net\/togo\/"},{"@type":"ListItem","position":2,"name":"Ce ton qui monte si fort entre Niamey et Bamako est d\u2019une profonde tristesse"}]},{"@type":"WebSite","@id":"https:\/\/www.africa-press.net\/togo\/#website","url":"https:\/\/www.africa-press.net\/togo\/","name":"Togo","description":"Just another Africa News Agency Sites site","potentialAction":[{"@type":"SearchAction","target":{"@type":"EntryPoint","urlTemplate":"https:\/\/www.africa-press.net\/togo\/?s={search_term_string}"},"query-input":{"@type":"PropertyValueSpecification","valueRequired":true,"valueName":"search_term_string"}}],"inLanguage":"fr-FR"},{"@type":"Person","@id":"https:\/\/www.africa-press.net\/togo\/#\/schema\/person\/2b1cf3cd81a31e3cd26889ca66d677f1","name":"cfeditorfr"}]}},"_links":{"self":[{"href":"https:\/\/www.africa-press.net\/togo\/wp-json\/wp\/v2\/posts\/11747","targetHints":{"allow":["GET"]}}],"collection":[{"href":"https:\/\/www.africa-press.net\/togo\/wp-json\/wp\/v2\/posts"}],"about":[{"href":"https:\/\/www.africa-press.net\/togo\/wp-json\/wp\/v2\/types\/post"}],"author":[{"embeddable":true,"href":"https:\/\/www.africa-press.net\/togo\/wp-json\/wp\/v2\/users\/82"}],"replies":[{"embeddable":true,"href":"https:\/\/www.africa-press.net\/togo\/wp-json\/wp\/v2\/comments?post=11747"}],"version-history":[{"count":0,"href":"https:\/\/www.africa-press.net\/togo\/wp-json\/wp\/v2\/posts\/11747\/revisions"}],"wp:featuredmedia":[{"embeddable":true,"href":"https:\/\/www.africa-press.net\/togo\/wp-json\/wp\/v2\/media\/11746"}],"wp:attachment":[{"href":"https:\/\/www.africa-press.net\/togo\/wp-json\/wp\/v2\/media?parent=11747"}],"wp:term":[{"taxonomy":"category","embeddable":true,"href":"https:\/\/www.africa-press.net\/togo\/wp-json\/wp\/v2\/categories?post=11747"},{"taxonomy":"post_tag","embeddable":true,"href":"https:\/\/www.africa-press.net\/togo\/wp-json\/wp\/v2\/tags?post=11747"}],"curies":[{"name":"wp","href":"https:\/\/api.w.org\/{rel}","templated":true}]}}