{"id":11753,"date":"2022-09-30T18:57:44","date_gmt":"2022-09-30T18:57:44","guid":{"rendered":"https:\/\/www.africa-press.net\/togo\/politique\/togo-covid-19-41-gueris-et-19-cas-confirmes-ce-jeudi"},"modified":"2022-09-30T19:06:31","modified_gmt":"2022-09-30T19:06:31","slug":"togo-covid-19-41-gueris-et-19-cas-confirmes-ce-jeudi","status":"publish","type":"post","link":"https:\/\/www.africa-press.net\/togo\/toutes-les-actualites\/togo-covid-19-41-gueris-et-19-cas-confirmes-ce-jeudi","title":{"rendered":"Togo \u2013 Covid-19 : 41 gu\u00e9ris et 19 cas confirm\u00e9s ce jeudi"},"content":{"rendered":"<p><span style=\"color: #ff6600\"><strong>Africa-Press &#8211; Togo. <\/strong><\/span><b>Bilan du jeudi 29 septembre 2022<\/b><\/p>\n<p>Dix-neuf (19) cas des 231 personnes teste\u0301es sont positifs portant le nombre total de cas positifs a\u0300 39053.<\/p>\n<p>Ces 19 personnes dont les a\u0302ges sont compris entre 20 et 64 ans se re\u0301partissent comme suit :<\/p>\n<p>\u2022neuf (09) cas parmi les de\u0301piste\u0301s : 1 homme dans la pre\u0301fecture d\u2019Agoe\u0300, 8 hommes dans la pre\u0301fecture de Golfe;<\/p>\n<p>\u2022un (01) cas parmi les voyageurs: 1 homme dans la pre\u0301fecture de Golfe;<\/p>\n<p>\u2022un (01) cas parmi les contacts: 1 homme dans la pre\u0301fecture de Golfe;<\/p>\n<p>\u2022huit (08) cas parmi les suspects : 2 femmes dans la pre\u0301fecture d\u2019Agoe\u0300, 2 hommes dans la pre\u0301fecture des Lacs, 2 hommes dans la pre\u0301fecture de Vo, 1 homme dans la pre\u0301fecture d\u2019Ave\u0301 et 1 homme dans la pre\u0301fecture de Golfe.<\/p>\n<p>Quarante-un (41) gue\u0301ris ont e\u0301te\u0301 enregistre\u0301s portant le nombre total de patients gue\u0301ris de COVID-19 a\u0300 38569.<\/p>\n<p>Le nombre total de de\u0301ce\u0300s reste inchange\u0301 a\u0300 285.<\/p>\n<p>Le nombre de cas actifs est de 199.<\/p>\n<p>Un total de 792096 tests de laboratoire a e\u0301te\u0301 effectue\u0301 sur toute l\u2019e\u0301tendue du territoire national.<\/p>\n<p><strong>Pour plus d&rsquo;informations et d&rsquo;analyses sur la <a href=\"https:\/\/www.africa-press.net\/togo\">Togo<\/a>, suivez <a href=\"https:\/\/www.africa-press.net\/\">Africa-Press<\/a><\/strong><\/p>\n","protected":false},"excerpt":{"rendered":"<p>Africa-Press &#8211; Togo. Bilan du jeudi 29 septembre 2022 Dix-neuf (19) cas des 231 personnes teste\u0301es sont positifs portant le nombre total de cas positifs a\u0300 39053. Ces 19 personnes dont les a\u0302ges sont compris entre 20 et 64 ans se re\u0301partissent comme suit : \u2022neuf (09) cas parmi les de\u0301piste\u0301s : 1 homme dans [&hellip;]<\/p>\n","protected":false},"author":82,"featured_media":11752,"comment_status":"open","ping_status":"closed","sticky":false,"template":"","format":"standard","meta":{"footnotes":""},"categories":[21,10],"tags":[36,49,50],"class_list":["post-11753","post","type-post","status-publish","format-standard","has-post-thumbnail","hentry","category-communaute","category-toutes-les-actualites","tag-africa-press","tag-africa-press-togo","tag-togo"],"yoast_head":"<!-- This site is optimized with the Yoast SEO Premium plugin v26.1 (Yoast SEO v27.0) - https:\/\/yoast.com\/product\/yoast-seo-premium-wordpress\/ -->\n<title>Togo \u2013 Covid-19 : 41 gu\u00e9ris et 19 cas confirm\u00e9s ce jeudi - Togo<\/title>\n<meta name=\"description\" content=\"Bilan du jeudi 29 septembre 2022 Dix-neuf (19) cas des 231 personnes teste\u0301es sont positifs portant le nombre to ...\" \/>\n<meta name=\"robots\" content=\"index, follow, max-snippet:-1, max-image-preview:large, max-video-preview:-1\" \/>\n<link rel=\"canonical\" href=\"https:\/\/www.africa-press.net\/togo\/toutes-les-actualites\/togo-covid-19-41-gueris-et-19-cas-confirmes-ce-jeudi\" \/>\n<meta property=\"og:locale\" content=\"fr_FR\" \/>\n<meta property=\"og:type\" content=\"article\" \/>\n<meta property=\"og:title\" content=\"Togo \u2013 Covid-19 : 41 gu\u00e9ris et 19 cas confirm\u00e9s ce jeudi\" \/>\n<meta property=\"og:description\" content=\"Bilan du jeudi 29 septembre 2022 Dix-neuf (19) cas des 231 personnes teste\u0301es sont positifs portant le nombre to ...\" \/>\n<meta property=\"og:url\" content=\"https:\/\/www.africa-press.net\/togo\/toutes-les-actualites\/togo-covid-19-41-gueris-et-19-cas-confirmes-ce-jeudi\" \/>\n<meta property=\"og:site_name\" content=\"Togo\" \/>\n<meta property=\"article:published_time\" content=\"2022-09-30T18:57:44+00:00\" \/>\n<meta property=\"article:modified_time\" content=\"2022-09-30T19:06:31+00:00\" \/>\n<meta property=\"og:image\" content=\"https:\/\/static.africa-press.net\/togo\/sites\/58\/2022\/09\/postQueueImg_5-63373e207df7e.jpg\" \/>\n\t<meta property=\"og:image:width\" content=\"1280\" \/>\n\t<meta property=\"og:image:height\" content=\"800\" \/>\n\t<meta property=\"og:image:type\" content=\"image\/jpeg\" \/>\n<meta name=\"author\" content=\"cfeditorfr\" \/>\n<meta name=\"twitter:card\" content=\"summary_large_image\" \/>\n<meta name=\"twitter:label1\" content=\"\u00c9crit par\" \/>\n\t<meta name=\"twitter:data1\" content=\"cfeditorfr\" \/>\n\t<meta name=\"twitter:label2\" content=\"Dur\u00e9e de lecture estim\u00e9e\" \/>\n\t<meta name=\"twitter:data2\" content=\"1 minute\" \/>\n<script type=\"application\/ld+json\" class=\"yoast-schema-graph\">{\"@context\":\"https:\/\/schema.org\",\"@graph\":[{\"@type\":\"Article\",\"@id\":\"https:\/\/www.africa-press.net\/togo\/toutes-les-actualites\/togo-covid-19-41-gueris-et-19-cas-confirmes-ce-jeudi#article\",\"isPartOf\":{\"@id\":\"https:\/\/www.africa-press.net\/togo\/toutes-les-actualites\/togo-covid-19-41-gueris-et-19-cas-confirmes-ce-jeudi\"},\"author\":{\"name\":\"cfeditorfr\",\"@id\":\"https:\/\/www.africa-press.net\/togo\/#\/schema\/person\/2b1cf3cd81a31e3cd26889ca66d677f1\"},\"headline\":\"Togo \u2013 Covid-19 : 41 gu\u00e9ris et 19 cas confirm\u00e9s ce jeudi\",\"datePublished\":\"2022-09-30T18:57:44+00:00\",\"dateModified\":\"2022-09-30T19:06:31+00:00\",\"mainEntityOfPage\":{\"@id\":\"https:\/\/www.africa-press.net\/togo\/toutes-les-actualites\/togo-covid-19-41-gueris-et-19-cas-confirmes-ce-jeudi\"},\"wordCount\":201,\"commentCount\":0,\"image\":{\"@id\":\"https:\/\/www.africa-press.net\/togo\/toutes-les-actualites\/togo-covid-19-41-gueris-et-19-cas-confirmes-ce-jeudi#primaryimage\"},\"thumbnailUrl\":\"https:\/\/static.africa-press.net\/togo\/sites\/58\/2022\/09\/postQueueImg_5-63373e207df7e.jpg\",\"keywords\":[\"Africa Press\",\"Africa Press-Togo\",\"Togo\"],\"articleSection\":[\"Communaut\u00e9\",\"Toutes les actualit\u00e9s\"],\"inLanguage\":\"fr-FR\",\"potentialAction\":[{\"@type\":\"CommentAction\",\"name\":\"Comment\",\"target\":[\"https:\/\/www.africa-press.net\/togo\/toutes-les-actualites\/togo-covid-19-41-gueris-et-19-cas-confirmes-ce-jeudi#respond\"]}]},{\"@type\":\"WebPage\",\"@id\":\"https:\/\/www.africa-press.net\/togo\/toutes-les-actualites\/togo-covid-19-41-gueris-et-19-cas-confirmes-ce-jeudi\",\"url\":\"https:\/\/www.africa-press.net\/togo\/toutes-les-actualites\/togo-covid-19-41-gueris-et-19-cas-confirmes-ce-jeudi\",\"name\":\"Togo \u2013 Covid-19 : 41 gu\u00e9ris et 19 cas confirm\u00e9s ce jeudi - Togo\",\"isPartOf\":{\"@id\":\"https:\/\/www.africa-press.net\/togo\/#website\"},\"primaryImageOfPage\":{\"@id\":\"https:\/\/www.africa-press.net\/togo\/toutes-les-actualites\/togo-covid-19-41-gueris-et-19-cas-confirmes-ce-jeudi#primaryimage\"},\"image\":{\"@id\":\"https:\/\/www.africa-press.net\/togo\/toutes-les-actualites\/togo-covid-19-41-gueris-et-19-cas-confirmes-ce-jeudi#primaryimage\"},\"thumbnailUrl\":\"https:\/\/static.africa-press.net\/togo\/sites\/58\/2022\/09\/postQueueImg_5-63373e207df7e.jpg\",\"datePublished\":\"2022-09-30T18:57:44+00:00\",\"dateModified\":\"2022-09-30T19:06:31+00:00\",\"author\":{\"@id\":\"https:\/\/www.africa-press.net\/togo\/#\/schema\/person\/2b1cf3cd81a31e3cd26889ca66d677f1\"},\"description\":\"Bilan du jeudi 29 septembre 2022 Dix-neuf (19) cas des 231 personnes teste\u0301es sont positifs portant le nombre to ...\",\"breadcrumb\":{\"@id\":\"https:\/\/www.africa-press.net\/togo\/toutes-les-actualites\/togo-covid-19-41-gueris-et-19-cas-confirmes-ce-jeudi#breadcrumb\"},\"inLanguage\":\"fr-FR\",\"potentialAction\":[{\"@type\":\"ReadAction\",\"target\":[\"https:\/\/www.africa-press.net\/togo\/toutes-les-actualites\/togo-covid-19-41-gueris-et-19-cas-confirmes-ce-jeudi\"]}]},{\"@type\":\"ImageObject\",\"inLanguage\":\"fr-FR\",\"@id\":\"https:\/\/www.africa-press.net\/togo\/toutes-les-actualites\/togo-covid-19-41-gueris-et-19-cas-confirmes-ce-jeudi#primaryimage\",\"url\":\"https:\/\/static.africa-press.net\/togo\/sites\/58\/2022\/09\/postQueueImg_5-63373e207df7e.jpg\",\"contentUrl\":\"https:\/\/static.africa-press.net\/togo\/sites\/58\/2022\/09\/postQueueImg_5-63373e207df7e.jpg\",\"width\":1280,\"height\":800,\"caption\":\"Togo \u2013 Covid-19 : 41 gu\u00e9ris et 19 cas confirm\u00e9s ce jeudi\"},{\"@type\":\"BreadcrumbList\",\"@id\":\"https:\/\/www.africa-press.net\/togo\/toutes-les-actualites\/togo-covid-19-41-gueris-et-19-cas-confirmes-ce-jeudi#breadcrumb\",\"itemListElement\":[{\"@type\":\"ListItem\",\"position\":1,\"name\":\"Accueil\",\"item\":\"https:\/\/www.africa-press.net\/togo\/\"},{\"@type\":\"ListItem\",\"position\":2,\"name\":\"Togo \u2013 Covid-19 : 41 gu\u00e9ris et 19 cas confirm\u00e9s ce jeudi\"}]},{\"@type\":\"WebSite\",\"@id\":\"https:\/\/www.africa-press.net\/togo\/#website\",\"url\":\"https:\/\/www.africa-press.net\/togo\/\",\"name\":\"Togo\",\"description\":\"Just another Africa News Agency Sites site\",\"potentialAction\":[{\"@type\":\"SearchAction\",\"target\":{\"@type\":\"EntryPoint\",\"urlTemplate\":\"https:\/\/www.africa-press.net\/togo\/?s={search_term_string}\"},\"query-input\":{\"@type\":\"PropertyValueSpecification\",\"valueRequired\":true,\"valueName\":\"search_term_string\"}}],\"inLanguage\":\"fr-FR\"},{\"@type\":\"Person\",\"@id\":\"https:\/\/www.africa-press.net\/togo\/#\/schema\/person\/2b1cf3cd81a31e3cd26889ca66d677f1\",\"name\":\"cfeditorfr\"}]}<\/script>\n<!-- \/ Yoast SEO Premium plugin. -->","yoast_head_json":{"title":"Togo \u2013 Covid-19 : 41 gu\u00e9ris et 19 cas confirm\u00e9s ce jeudi - Togo","description":"Bilan du jeudi 29 septembre 2022 Dix-neuf (19) cas des 231 personnes teste\u0301es sont positifs portant le nombre to ...","robots":{"index":"index","follow":"follow","max-snippet":"max-snippet:-1","max-image-preview":"max-image-preview:large","max-video-preview":"max-video-preview:-1"},"canonical":"https:\/\/www.africa-press.net\/togo\/toutes-les-actualites\/togo-covid-19-41-gueris-et-19-cas-confirmes-ce-jeudi","og_locale":"fr_FR","og_type":"article","og_title":"Togo \u2013 Covid-19 : 41 gu\u00e9ris et 19 cas confirm\u00e9s ce jeudi","og_description":"Bilan du jeudi 29 septembre 2022 Dix-neuf (19) cas des 231 personnes teste\u0301es sont positifs portant le nombre to ...","og_url":"https:\/\/www.africa-press.net\/togo\/toutes-les-actualites\/togo-covid-19-41-gueris-et-19-cas-confirmes-ce-jeudi","og_site_name":"Togo","article_published_time":"2022-09-30T18:57:44+00:00","article_modified_time":"2022-09-30T19:06:31+00:00","og_image":[{"width":1280,"height":800,"url":"https:\/\/static.africa-press.net\/togo\/sites\/58\/2022\/09\/postQueueImg_5-63373e207df7e.jpg","type":"image\/jpeg"}],"author":"cfeditorfr","twitter_card":"summary_large_image","twitter_misc":{"\u00c9crit par":"cfeditorfr","Dur\u00e9e de lecture estim\u00e9e":"1 minute"},"schema":{"@context":"https:\/\/schema.org","@graph":[{"@type":"Article","@id":"https:\/\/www.africa-press.net\/togo\/toutes-les-actualites\/togo-covid-19-41-gueris-et-19-cas-confirmes-ce-jeudi#article","isPartOf":{"@id":"https:\/\/www.africa-press.net\/togo\/toutes-les-actualites\/togo-covid-19-41-gueris-et-19-cas-confirmes-ce-jeudi"},"author":{"name":"cfeditorfr","@id":"https:\/\/www.africa-press.net\/togo\/#\/schema\/person\/2b1cf3cd81a31e3cd26889ca66d677f1"},"headline":"Togo \u2013 Covid-19 : 41 gu\u00e9ris et 19 cas confirm\u00e9s ce jeudi","datePublished":"2022-09-30T18:57:44+00:00","dateModified":"2022-09-30T19:06:31+00:00","mainEntityOfPage":{"@id":"https:\/\/www.africa-press.net\/togo\/toutes-les-actualites\/togo-covid-19-41-gueris-et-19-cas-confirmes-ce-jeudi"},"wordCount":201,"commentCount":0,"image":{"@id":"https:\/\/www.africa-press.net\/togo\/toutes-les-actualites\/togo-covid-19-41-gueris-et-19-cas-confirmes-ce-jeudi#primaryimage"},"thumbnailUrl":"https:\/\/static.africa-press.net\/togo\/sites\/58\/2022\/09\/postQueueImg_5-63373e207df7e.jpg","keywords":["Africa Press","Africa Press-Togo","Togo"],"articleSection":["Communaut\u00e9","Toutes les actualit\u00e9s"],"inLanguage":"fr-FR","potentialAction":[{"@type":"CommentAction","name":"Comment","target":["https:\/\/www.africa-press.net\/togo\/toutes-les-actualites\/togo-covid-19-41-gueris-et-19-cas-confirmes-ce-jeudi#respond"]}]},{"@type":"WebPage","@id":"https:\/\/www.africa-press.net\/togo\/toutes-les-actualites\/togo-covid-19-41-gueris-et-19-cas-confirmes-ce-jeudi","url":"https:\/\/www.africa-press.net\/togo\/toutes-les-actualites\/togo-covid-19-41-gueris-et-19-cas-confirmes-ce-jeudi","name":"Togo \u2013 Covid-19 : 41 gu\u00e9ris et 19 cas confirm\u00e9s ce jeudi - Togo","isPartOf":{"@id":"https:\/\/www.africa-press.net\/togo\/#website"},"primaryImageOfPage":{"@id":"https:\/\/www.africa-press.net\/togo\/toutes-les-actualites\/togo-covid-19-41-gueris-et-19-cas-confirmes-ce-jeudi#primaryimage"},"image":{"@id":"https:\/\/www.africa-press.net\/togo\/toutes-les-actualites\/togo-covid-19-41-gueris-et-19-cas-confirmes-ce-jeudi#primaryimage"},"thumbnailUrl":"https:\/\/static.africa-press.net\/togo\/sites\/58\/2022\/09\/postQueueImg_5-63373e207df7e.jpg","datePublished":"2022-09-30T18:57:44+00:00","dateModified":"2022-09-30T19:06:31+00:00","author":{"@id":"https:\/\/www.africa-press.net\/togo\/#\/schema\/person\/2b1cf3cd81a31e3cd26889ca66d677f1"},"description":"Bilan du jeudi 29 septembre 2022 Dix-neuf (19) cas des 231 personnes teste\u0301es sont positifs portant le nombre to ...","breadcrumb":{"@id":"https:\/\/www.africa-press.net\/togo\/toutes-les-actualites\/togo-covid-19-41-gueris-et-19-cas-confirmes-ce-jeudi#breadcrumb"},"inLanguage":"fr-FR","potentialAction":[{"@type":"ReadAction","target":["https:\/\/www.africa-press.net\/togo\/toutes-les-actualites\/togo-covid-19-41-gueris-et-19-cas-confirmes-ce-jeudi"]}]},{"@type":"ImageObject","inLanguage":"fr-FR","@id":"https:\/\/www.africa-press.net\/togo\/toutes-les-actualites\/togo-covid-19-41-gueris-et-19-cas-confirmes-ce-jeudi#primaryimage","url":"https:\/\/static.africa-press.net\/togo\/sites\/58\/2022\/09\/postQueueImg_5-63373e207df7e.jpg","contentUrl":"https:\/\/static.africa-press.net\/togo\/sites\/58\/2022\/09\/postQueueImg_5-63373e207df7e.jpg","width":1280,"height":800,"caption":"Togo \u2013 Covid-19 : 41 gu\u00e9ris et 19 cas confirm\u00e9s ce jeudi"},{"@type":"BreadcrumbList","@id":"https:\/\/www.africa-press.net\/togo\/toutes-les-actualites\/togo-covid-19-41-gueris-et-19-cas-confirmes-ce-jeudi#breadcrumb","itemListElement":[{"@type":"ListItem","position":1,"name":"Accueil","item":"https:\/\/www.africa-press.net\/togo\/"},{"@type":"ListItem","position":2,"name":"Togo \u2013 Covid-19 : 41 gu\u00e9ris et 19 cas confirm\u00e9s ce jeudi"}]},{"@type":"WebSite","@id":"https:\/\/www.africa-press.net\/togo\/#website","url":"https:\/\/www.africa-press.net\/togo\/","name":"Togo","description":"Just another Africa News Agency Sites site","potentialAction":[{"@type":"SearchAction","target":{"@type":"EntryPoint","urlTemplate":"https:\/\/www.africa-press.net\/togo\/?s={search_term_string}"},"query-input":{"@type":"PropertyValueSpecification","valueRequired":true,"valueName":"search_term_string"}}],"inLanguage":"fr-FR"},{"@type":"Person","@id":"https:\/\/www.africa-press.net\/togo\/#\/schema\/person\/2b1cf3cd81a31e3cd26889ca66d677f1","name":"cfeditorfr"}]}},"_links":{"self":[{"href":"https:\/\/www.africa-press.net\/togo\/wp-json\/wp\/v2\/posts\/11753","targetHints":{"allow":["GET"]}}],"collection":[{"href":"https:\/\/www.africa-press.net\/togo\/wp-json\/wp\/v2\/posts"}],"about":[{"href":"https:\/\/www.africa-press.net\/togo\/wp-json\/wp\/v2\/types\/post"}],"author":[{"embeddable":true,"href":"https:\/\/www.africa-press.net\/togo\/wp-json\/wp\/v2\/users\/82"}],"replies":[{"embeddable":true,"href":"https:\/\/www.africa-press.net\/togo\/wp-json\/wp\/v2\/comments?post=11753"}],"version-history":[{"count":0,"href":"https:\/\/www.africa-press.net\/togo\/wp-json\/wp\/v2\/posts\/11753\/revisions"}],"wp:featuredmedia":[{"embeddable":true,"href":"https:\/\/www.africa-press.net\/togo\/wp-json\/wp\/v2\/media\/11752"}],"wp:attachment":[{"href":"https:\/\/www.africa-press.net\/togo\/wp-json\/wp\/v2\/media?parent=11753"}],"wp:term":[{"taxonomy":"category","embeddable":true,"href":"https:\/\/www.africa-press.net\/togo\/wp-json\/wp\/v2\/categories?post=11753"},{"taxonomy":"post_tag","embeddable":true,"href":"https:\/\/www.africa-press.net\/togo\/wp-json\/wp\/v2\/tags?post=11753"}],"curies":[{"name":"wp","href":"https:\/\/api.w.org\/{rel}","templated":true}]}}