{"id":11756,"date":"2022-09-30T18:57:52","date_gmt":"2022-09-30T18:57:52","guid":{"rendered":"https:\/\/www.africa-press.net\/togo\/politique\/togo-ekloh-adegnoh-laureate-du-concours-allemand-pour-des-talents-creatifs"},"modified":"2022-09-30T19:07:05","modified_gmt":"2022-09-30T19:07:05","slug":"togo-ekloh-adegnoh-laureate-du-concours-allemand-pour-des-talents-creatifs","status":"publish","type":"post","link":"https:\/\/www.africa-press.net\/togo\/toutes-les-actualites\/togo-ekloh-adegnoh-laureate-du-concours-allemand-pour-des-talents-creatifs","title":{"rendered":"Togo-Ekloh-Adegnoh laur\u00e9ate du Concours allemand pour des talents cr\u00e9atifs"},"content":{"rendered":"<p><span style=\"color: #ff6600\"><strong>Africa-Press &#8211; Togo. <\/strong><\/span><b>Carmen Ekloh-Adegnoh a remporte\u0301 le prix national du concours Falling Walls Lab au Togo par organise\u0301 le Deutscher Akademischer Austauschdienst (DAAD) et son lecteur Nicolas Leube.<\/b><\/p>\n<p>La deuxie\u0300me e\u0301dition du concours Falling Walls Lab au Togo a e\u0301te\u0301 organise\u0301e le 23 septembre 2022 a\u0300 l\u2019Universite\u0301 de Lome\u0301.<\/p>\n<p>\u00ab Carmen Ekloh-Adegnoh a remporte\u0301 le concours, gra\u0302ce a\u0300 ses propositions pour un meilleur acce\u0300s aux informations technologiques dans les re\u0301gions rurales \u00bb, affirment les organisateurs.<\/p>\n<p>En de\u0301but novembre la togolaise participera aux phases finales du concours Falling Walls Lab a\u0300 Berlin en Allemagne.<\/p>\n<p>Cet e\u0301ve\u0301nement mondial pour les talents cre\u0301atifs est soutenu chaque anne\u0301e par des institutions scientifiques allemandes, l\u2019e\u0301conomie allemande et le gouvernement fe\u0301de\u0301ral et vise la promotion et la mise en oeuvre d\u2019ide\u0301es novatrices.<\/p>\n<p><strong>Pour plus d&rsquo;informations et d&rsquo;analyses sur la <a href=\"https:\/\/www.africa-press.net\/togo\">Togo<\/a>, suivez <a href=\"https:\/\/www.africa-press.net\/\">Africa-Press<\/a><\/strong><\/p>\n","protected":false},"excerpt":{"rendered":"<p>Africa-Press &#8211; Togo. Carmen Ekloh-Adegnoh a remporte\u0301 le prix national du concours Falling Walls Lab au Togo par organise\u0301 le Deutscher Akademischer Austauschdienst (DAAD) et son lecteur Nicolas Leube. La deuxie\u0300me e\u0301dition du concours Falling Walls Lab au Togo a e\u0301te\u0301 organise\u0301e le 23 septembre 2022 a\u0300 l\u2019Universite\u0301 de Lome\u0301. \u00ab Carmen Ekloh-Adegnoh a remporte\u0301 [&hellip;]<\/p>\n","protected":false},"author":82,"featured_media":11755,"comment_status":"open","ping_status":"closed","sticky":false,"template":"","format":"standard","meta":{"footnotes":""},"categories":[21,10],"tags":[36,49,50],"class_list":["post-11756","post","type-post","status-publish","format-standard","has-post-thumbnail","hentry","category-communaute","category-toutes-les-actualites","tag-africa-press","tag-africa-press-togo","tag-togo"],"yoast_head":"<!-- This site is optimized with the Yoast SEO Premium plugin v26.1 (Yoast SEO v27.0) - https:\/\/yoast.com\/product\/yoast-seo-premium-wordpress\/ -->\n<title>Togo-Ekloh-Adegnoh laur\u00e9ate du Concours allemand pour des talents cr\u00e9atifs - Togo<\/title>\n<meta name=\"description\" content=\"Carmen Ekloh-Adegnoh a remporte\u0301 le prix national du concours Falling Walls Lab au Togo par organise\u0301 le Deutscher Ak ...\" \/>\n<meta name=\"robots\" content=\"index, follow, max-snippet:-1, max-image-preview:large, max-video-preview:-1\" \/>\n<link rel=\"canonical\" href=\"https:\/\/www.africa-press.net\/togo\/toutes-les-actualites\/togo-ekloh-adegnoh-laureate-du-concours-allemand-pour-des-talents-creatifs\" \/>\n<meta property=\"og:locale\" content=\"fr_FR\" \/>\n<meta property=\"og:type\" content=\"article\" \/>\n<meta property=\"og:title\" content=\"Togo-Ekloh-Adegnoh laur\u00e9ate du Concours allemand pour des talents cr\u00e9atifs\" \/>\n<meta property=\"og:description\" content=\"Carmen Ekloh-Adegnoh a remporte\u0301 le prix national du concours Falling Walls Lab au Togo par organise\u0301 le Deutscher Ak ...\" \/>\n<meta property=\"og:url\" content=\"https:\/\/www.africa-press.net\/togo\/toutes-les-actualites\/togo-ekloh-adegnoh-laureate-du-concours-allemand-pour-des-talents-creatifs\" \/>\n<meta property=\"og:site_name\" content=\"Togo\" \/>\n<meta property=\"article:published_time\" content=\"2022-09-30T18:57:52+00:00\" \/>\n<meta property=\"article:modified_time\" content=\"2022-09-30T19:07:05+00:00\" \/>\n<meta property=\"og:image\" content=\"https:\/\/static.africa-press.net\/togo\/sites\/58\/2022\/09\/postQueueImg_6-63373e3c98a3a.jpg\" \/>\n\t<meta property=\"og:image:width\" content=\"1080\" \/>\n\t<meta property=\"og:image:height\" content=\"720\" \/>\n\t<meta property=\"og:image:type\" content=\"image\/jpeg\" \/>\n<meta name=\"author\" content=\"cfeditorfr\" \/>\n<meta name=\"twitter:card\" content=\"summary_large_image\" \/>\n<meta name=\"twitter:label1\" content=\"\u00c9crit par\" \/>\n\t<meta name=\"twitter:data1\" content=\"cfeditorfr\" \/>\n\t<meta name=\"twitter:label2\" content=\"Dur\u00e9e de lecture estim\u00e9e\" \/>\n\t<meta name=\"twitter:data2\" content=\"1 minute\" \/>\n<script type=\"application\/ld+json\" class=\"yoast-schema-graph\">{\"@context\":\"https:\/\/schema.org\",\"@graph\":[{\"@type\":\"Article\",\"@id\":\"https:\/\/www.africa-press.net\/togo\/toutes-les-actualites\/togo-ekloh-adegnoh-laureate-du-concours-allemand-pour-des-talents-creatifs#article\",\"isPartOf\":{\"@id\":\"https:\/\/www.africa-press.net\/togo\/toutes-les-actualites\/togo-ekloh-adegnoh-laureate-du-concours-allemand-pour-des-talents-creatifs\"},\"author\":{\"name\":\"cfeditorfr\",\"@id\":\"https:\/\/www.africa-press.net\/togo\/#\/schema\/person\/2b1cf3cd81a31e3cd26889ca66d677f1\"},\"headline\":\"Togo-Ekloh-Adegnoh laur\u00e9ate du Concours allemand pour des talents cr\u00e9atifs\",\"datePublished\":\"2022-09-30T18:57:52+00:00\",\"dateModified\":\"2022-09-30T19:07:05+00:00\",\"mainEntityOfPage\":{\"@id\":\"https:\/\/www.africa-press.net\/togo\/toutes-les-actualites\/togo-ekloh-adegnoh-laureate-du-concours-allemand-pour-des-talents-creatifs\"},\"wordCount\":165,\"commentCount\":0,\"image\":{\"@id\":\"https:\/\/www.africa-press.net\/togo\/toutes-les-actualites\/togo-ekloh-adegnoh-laureate-du-concours-allemand-pour-des-talents-creatifs#primaryimage\"},\"thumbnailUrl\":\"https:\/\/static.africa-press.net\/togo\/sites\/58\/2022\/09\/postQueueImg_6-63373e3c98a3a.jpg\",\"keywords\":[\"Africa Press\",\"Africa Press-Togo\",\"Togo\"],\"articleSection\":[\"Communaut\u00e9\",\"Toutes les actualit\u00e9s\"],\"inLanguage\":\"fr-FR\",\"potentialAction\":[{\"@type\":\"CommentAction\",\"name\":\"Comment\",\"target\":[\"https:\/\/www.africa-press.net\/togo\/toutes-les-actualites\/togo-ekloh-adegnoh-laureate-du-concours-allemand-pour-des-talents-creatifs#respond\"]}]},{\"@type\":\"WebPage\",\"@id\":\"https:\/\/www.africa-press.net\/togo\/toutes-les-actualites\/togo-ekloh-adegnoh-laureate-du-concours-allemand-pour-des-talents-creatifs\",\"url\":\"https:\/\/www.africa-press.net\/togo\/toutes-les-actualites\/togo-ekloh-adegnoh-laureate-du-concours-allemand-pour-des-talents-creatifs\",\"name\":\"Togo-Ekloh-Adegnoh laur\u00e9ate du Concours allemand pour des talents cr\u00e9atifs - Togo\",\"isPartOf\":{\"@id\":\"https:\/\/www.africa-press.net\/togo\/#website\"},\"primaryImageOfPage\":{\"@id\":\"https:\/\/www.africa-press.net\/togo\/toutes-les-actualites\/togo-ekloh-adegnoh-laureate-du-concours-allemand-pour-des-talents-creatifs#primaryimage\"},\"image\":{\"@id\":\"https:\/\/www.africa-press.net\/togo\/toutes-les-actualites\/togo-ekloh-adegnoh-laureate-du-concours-allemand-pour-des-talents-creatifs#primaryimage\"},\"thumbnailUrl\":\"https:\/\/static.africa-press.net\/togo\/sites\/58\/2022\/09\/postQueueImg_6-63373e3c98a3a.jpg\",\"datePublished\":\"2022-09-30T18:57:52+00:00\",\"dateModified\":\"2022-09-30T19:07:05+00:00\",\"author\":{\"@id\":\"https:\/\/www.africa-press.net\/togo\/#\/schema\/person\/2b1cf3cd81a31e3cd26889ca66d677f1\"},\"description\":\"Carmen Ekloh-Adegnoh a remporte\u0301 le prix national du concours Falling Walls Lab au Togo par organise\u0301 le Deutscher Ak ...\",\"breadcrumb\":{\"@id\":\"https:\/\/www.africa-press.net\/togo\/toutes-les-actualites\/togo-ekloh-adegnoh-laureate-du-concours-allemand-pour-des-talents-creatifs#breadcrumb\"},\"inLanguage\":\"fr-FR\",\"potentialAction\":[{\"@type\":\"ReadAction\",\"target\":[\"https:\/\/www.africa-press.net\/togo\/toutes-les-actualites\/togo-ekloh-adegnoh-laureate-du-concours-allemand-pour-des-talents-creatifs\"]}]},{\"@type\":\"ImageObject\",\"inLanguage\":\"fr-FR\",\"@id\":\"https:\/\/www.africa-press.net\/togo\/toutes-les-actualites\/togo-ekloh-adegnoh-laureate-du-concours-allemand-pour-des-talents-creatifs#primaryimage\",\"url\":\"https:\/\/static.africa-press.net\/togo\/sites\/58\/2022\/09\/postQueueImg_6-63373e3c98a3a.jpg\",\"contentUrl\":\"https:\/\/static.africa-press.net\/togo\/sites\/58\/2022\/09\/postQueueImg_6-63373e3c98a3a.jpg\",\"width\":1080,\"height\":720,\"caption\":\"Togo-Ekloh-Adegnoh laur\u00e9ate du Concours allemand pour des talents cr\u00e9atifs\"},{\"@type\":\"BreadcrumbList\",\"@id\":\"https:\/\/www.africa-press.net\/togo\/toutes-les-actualites\/togo-ekloh-adegnoh-laureate-du-concours-allemand-pour-des-talents-creatifs#breadcrumb\",\"itemListElement\":[{\"@type\":\"ListItem\",\"position\":1,\"name\":\"Accueil\",\"item\":\"https:\/\/www.africa-press.net\/togo\/\"},{\"@type\":\"ListItem\",\"position\":2,\"name\":\"Togo-Ekloh-Adegnoh laur\u00e9ate du Concours allemand pour des talents cr\u00e9atifs\"}]},{\"@type\":\"WebSite\",\"@id\":\"https:\/\/www.africa-press.net\/togo\/#website\",\"url\":\"https:\/\/www.africa-press.net\/togo\/\",\"name\":\"Togo\",\"description\":\"Just another Africa News Agency Sites site\",\"potentialAction\":[{\"@type\":\"SearchAction\",\"target\":{\"@type\":\"EntryPoint\",\"urlTemplate\":\"https:\/\/www.africa-press.net\/togo\/?s={search_term_string}\"},\"query-input\":{\"@type\":\"PropertyValueSpecification\",\"valueRequired\":true,\"valueName\":\"search_term_string\"}}],\"inLanguage\":\"fr-FR\"},{\"@type\":\"Person\",\"@id\":\"https:\/\/www.africa-press.net\/togo\/#\/schema\/person\/2b1cf3cd81a31e3cd26889ca66d677f1\",\"name\":\"cfeditorfr\"}]}<\/script>\n<!-- \/ Yoast SEO Premium plugin. -->","yoast_head_json":{"title":"Togo-Ekloh-Adegnoh laur\u00e9ate du Concours allemand pour des talents cr\u00e9atifs - Togo","description":"Carmen Ekloh-Adegnoh a remporte\u0301 le prix national du concours Falling Walls Lab au Togo par organise\u0301 le Deutscher Ak ...","robots":{"index":"index","follow":"follow","max-snippet":"max-snippet:-1","max-image-preview":"max-image-preview:large","max-video-preview":"max-video-preview:-1"},"canonical":"https:\/\/www.africa-press.net\/togo\/toutes-les-actualites\/togo-ekloh-adegnoh-laureate-du-concours-allemand-pour-des-talents-creatifs","og_locale":"fr_FR","og_type":"article","og_title":"Togo-Ekloh-Adegnoh laur\u00e9ate du Concours allemand pour des talents cr\u00e9atifs","og_description":"Carmen Ekloh-Adegnoh a remporte\u0301 le prix national du concours Falling Walls Lab au Togo par organise\u0301 le Deutscher Ak ...","og_url":"https:\/\/www.africa-press.net\/togo\/toutes-les-actualites\/togo-ekloh-adegnoh-laureate-du-concours-allemand-pour-des-talents-creatifs","og_site_name":"Togo","article_published_time":"2022-09-30T18:57:52+00:00","article_modified_time":"2022-09-30T19:07:05+00:00","og_image":[{"width":1080,"height":720,"url":"https:\/\/static.africa-press.net\/togo\/sites\/58\/2022\/09\/postQueueImg_6-63373e3c98a3a.jpg","type":"image\/jpeg"}],"author":"cfeditorfr","twitter_card":"summary_large_image","twitter_misc":{"\u00c9crit par":"cfeditorfr","Dur\u00e9e de lecture estim\u00e9e":"1 minute"},"schema":{"@context":"https:\/\/schema.org","@graph":[{"@type":"Article","@id":"https:\/\/www.africa-press.net\/togo\/toutes-les-actualites\/togo-ekloh-adegnoh-laureate-du-concours-allemand-pour-des-talents-creatifs#article","isPartOf":{"@id":"https:\/\/www.africa-press.net\/togo\/toutes-les-actualites\/togo-ekloh-adegnoh-laureate-du-concours-allemand-pour-des-talents-creatifs"},"author":{"name":"cfeditorfr","@id":"https:\/\/www.africa-press.net\/togo\/#\/schema\/person\/2b1cf3cd81a31e3cd26889ca66d677f1"},"headline":"Togo-Ekloh-Adegnoh laur\u00e9ate du Concours allemand pour des talents cr\u00e9atifs","datePublished":"2022-09-30T18:57:52+00:00","dateModified":"2022-09-30T19:07:05+00:00","mainEntityOfPage":{"@id":"https:\/\/www.africa-press.net\/togo\/toutes-les-actualites\/togo-ekloh-adegnoh-laureate-du-concours-allemand-pour-des-talents-creatifs"},"wordCount":165,"commentCount":0,"image":{"@id":"https:\/\/www.africa-press.net\/togo\/toutes-les-actualites\/togo-ekloh-adegnoh-laureate-du-concours-allemand-pour-des-talents-creatifs#primaryimage"},"thumbnailUrl":"https:\/\/static.africa-press.net\/togo\/sites\/58\/2022\/09\/postQueueImg_6-63373e3c98a3a.jpg","keywords":["Africa Press","Africa Press-Togo","Togo"],"articleSection":["Communaut\u00e9","Toutes les actualit\u00e9s"],"inLanguage":"fr-FR","potentialAction":[{"@type":"CommentAction","name":"Comment","target":["https:\/\/www.africa-press.net\/togo\/toutes-les-actualites\/togo-ekloh-adegnoh-laureate-du-concours-allemand-pour-des-talents-creatifs#respond"]}]},{"@type":"WebPage","@id":"https:\/\/www.africa-press.net\/togo\/toutes-les-actualites\/togo-ekloh-adegnoh-laureate-du-concours-allemand-pour-des-talents-creatifs","url":"https:\/\/www.africa-press.net\/togo\/toutes-les-actualites\/togo-ekloh-adegnoh-laureate-du-concours-allemand-pour-des-talents-creatifs","name":"Togo-Ekloh-Adegnoh laur\u00e9ate du Concours allemand pour des talents cr\u00e9atifs - Togo","isPartOf":{"@id":"https:\/\/www.africa-press.net\/togo\/#website"},"primaryImageOfPage":{"@id":"https:\/\/www.africa-press.net\/togo\/toutes-les-actualites\/togo-ekloh-adegnoh-laureate-du-concours-allemand-pour-des-talents-creatifs#primaryimage"},"image":{"@id":"https:\/\/www.africa-press.net\/togo\/toutes-les-actualites\/togo-ekloh-adegnoh-laureate-du-concours-allemand-pour-des-talents-creatifs#primaryimage"},"thumbnailUrl":"https:\/\/static.africa-press.net\/togo\/sites\/58\/2022\/09\/postQueueImg_6-63373e3c98a3a.jpg","datePublished":"2022-09-30T18:57:52+00:00","dateModified":"2022-09-30T19:07:05+00:00","author":{"@id":"https:\/\/www.africa-press.net\/togo\/#\/schema\/person\/2b1cf3cd81a31e3cd26889ca66d677f1"},"description":"Carmen Ekloh-Adegnoh a remporte\u0301 le prix national du concours Falling Walls Lab au Togo par organise\u0301 le Deutscher Ak ...","breadcrumb":{"@id":"https:\/\/www.africa-press.net\/togo\/toutes-les-actualites\/togo-ekloh-adegnoh-laureate-du-concours-allemand-pour-des-talents-creatifs#breadcrumb"},"inLanguage":"fr-FR","potentialAction":[{"@type":"ReadAction","target":["https:\/\/www.africa-press.net\/togo\/toutes-les-actualites\/togo-ekloh-adegnoh-laureate-du-concours-allemand-pour-des-talents-creatifs"]}]},{"@type":"ImageObject","inLanguage":"fr-FR","@id":"https:\/\/www.africa-press.net\/togo\/toutes-les-actualites\/togo-ekloh-adegnoh-laureate-du-concours-allemand-pour-des-talents-creatifs#primaryimage","url":"https:\/\/static.africa-press.net\/togo\/sites\/58\/2022\/09\/postQueueImg_6-63373e3c98a3a.jpg","contentUrl":"https:\/\/static.africa-press.net\/togo\/sites\/58\/2022\/09\/postQueueImg_6-63373e3c98a3a.jpg","width":1080,"height":720,"caption":"Togo-Ekloh-Adegnoh laur\u00e9ate du Concours allemand pour des talents cr\u00e9atifs"},{"@type":"BreadcrumbList","@id":"https:\/\/www.africa-press.net\/togo\/toutes-les-actualites\/togo-ekloh-adegnoh-laureate-du-concours-allemand-pour-des-talents-creatifs#breadcrumb","itemListElement":[{"@type":"ListItem","position":1,"name":"Accueil","item":"https:\/\/www.africa-press.net\/togo\/"},{"@type":"ListItem","position":2,"name":"Togo-Ekloh-Adegnoh laur\u00e9ate du Concours allemand pour des talents cr\u00e9atifs"}]},{"@type":"WebSite","@id":"https:\/\/www.africa-press.net\/togo\/#website","url":"https:\/\/www.africa-press.net\/togo\/","name":"Togo","description":"Just another Africa News Agency Sites site","potentialAction":[{"@type":"SearchAction","target":{"@type":"EntryPoint","urlTemplate":"https:\/\/www.africa-press.net\/togo\/?s={search_term_string}"},"query-input":{"@type":"PropertyValueSpecification","valueRequired":true,"valueName":"search_term_string"}}],"inLanguage":"fr-FR"},{"@type":"Person","@id":"https:\/\/www.africa-press.net\/togo\/#\/schema\/person\/2b1cf3cd81a31e3cd26889ca66d677f1","name":"cfeditorfr"}]}},"_links":{"self":[{"href":"https:\/\/www.africa-press.net\/togo\/wp-json\/wp\/v2\/posts\/11756","targetHints":{"allow":["GET"]}}],"collection":[{"href":"https:\/\/www.africa-press.net\/togo\/wp-json\/wp\/v2\/posts"}],"about":[{"href":"https:\/\/www.africa-press.net\/togo\/wp-json\/wp\/v2\/types\/post"}],"author":[{"embeddable":true,"href":"https:\/\/www.africa-press.net\/togo\/wp-json\/wp\/v2\/users\/82"}],"replies":[{"embeddable":true,"href":"https:\/\/www.africa-press.net\/togo\/wp-json\/wp\/v2\/comments?post=11756"}],"version-history":[{"count":0,"href":"https:\/\/www.africa-press.net\/togo\/wp-json\/wp\/v2\/posts\/11756\/revisions"}],"wp:featuredmedia":[{"embeddable":true,"href":"https:\/\/www.africa-press.net\/togo\/wp-json\/wp\/v2\/media\/11755"}],"wp:attachment":[{"href":"https:\/\/www.africa-press.net\/togo\/wp-json\/wp\/v2\/media?parent=11756"}],"wp:term":[{"taxonomy":"category","embeddable":true,"href":"https:\/\/www.africa-press.net\/togo\/wp-json\/wp\/v2\/categories?post=11756"},{"taxonomy":"post_tag","embeddable":true,"href":"https:\/\/www.africa-press.net\/togo\/wp-json\/wp\/v2\/tags?post=11756"}],"curies":[{"name":"wp","href":"https:\/\/api.w.org\/{rel}","templated":true}]}}