{"id":11768,"date":"2022-09-30T18:58:49","date_gmt":"2022-09-30T18:58:49","guid":{"rendered":"https:\/\/www.africa-press.net\/togo\/politique\/remise-des-cles-de-loit-a-lancien-premier-ministre-du-togo"},"modified":"2022-09-30T19:09:42","modified_gmt":"2022-09-30T19:09:42","slug":"remise-des-cles-de-loit-a-lancien-premier-ministre-du-togo","status":"publish","type":"post","link":"https:\/\/www.africa-press.net\/togo\/politique\/remise-des-cles-de-loit-a-lancien-premier-ministre-du-togo","title":{"rendered":"Remise des cl\u00e9s de l\u2019OIT \u00e0 l\u2019ancien Premier ministre du Togo"},"content":{"rendered":"<p><span style=\"color: #ff6600\"><strong>Africa-Press &#8211; Togo. <\/strong><\/span><b>L\u2019ancien Premier ministre du Togo Gilbert Fossoun Houngbo a rec\u0327u les cle\u0301s de l\u2019Organisation Internationale du Travail (OIT) de son pre\u0301de\u0301cesseur ce vendredi 30 septembre 2022.<\/b><\/p>\n<p>Le Togolais devient le 11e directeur ge\u0301ne\u0301ral, succe\u0301dant au britannique Guy Ryder qui a termine\u0301 aujourd\u2019hui son mandat de 10 ans.<\/p>\n<p>The @ilo 10th Director-General, @GuyRyder concludes today his 10-year term in office and handed the keys of office to his successor, @GilbertFHoungbo .<\/p>\n<p>? https:\/\/t.co\/vhUPJiW9qB pic.twitter.com\/2NA2D2orpv<\/p>\n<p>\u201cC\u2019est avec un ve\u0301ritable sentiment de fierte\u0301, d\u2019amitie\u0301 et de confiance dans l\u2019avenir de l\u2019OIT sous la direction de Gilbert F. Houngbo que je termine mon mandat et passe le relais \u2013 ou les trois cle\u0301s \u2013 a\u0300 Gilbert Houngbo en tant que Directeur ge\u0301ne\u0301ral du BIT.\u201d , a twitte\u0301 son pre\u0301de\u0301cesseur.<\/p>\n<p>Gilbert Fossoun Houngbo, 61 ans, a e\u0301te\u0301 Premier ministre du Togo de septembre 2008 a\u0300 juillet 2012. Il a e\u0301galement occupe\u0301 divers postes au sein du syste\u0300me des Nations Unies, notamment au Programme des Nations Unies pour le de\u0301veloppement (PNUD), au Bureau international du Travail et au Fonds international pour le de\u0301veloppement agricole (FIDA), avant son e\u0301lection cette anne\u0301e a\u0300 la te\u0302te de l\u2019OIT.<\/p>\n<p><strong>Pour plus d&rsquo;informations et d&rsquo;analyses sur la <a href=\"https:\/\/www.africa-press.net\/togo\">Togo<\/a>, suivez <a href=\"https:\/\/www.africa-press.net\/\">Africa-Press<\/a><\/strong><\/p>\n","protected":false},"excerpt":{"rendered":"<p>Africa-Press &#8211; Togo. L\u2019ancien Premier ministre du Togo Gilbert Fossoun Houngbo a rec\u0327u les cle\u0301s de l\u2019Organisation Internationale du Travail (OIT) de son pre\u0301de\u0301cesseur ce vendredi 30 septembre 2022. Le Togolais devient le 11e directeur ge\u0301ne\u0301ral, succe\u0301dant au britannique Guy Ryder qui a termine\u0301 aujourd\u2019hui son mandat de 10 ans. The @ilo 10th Director-General, @GuyRyder [&hellip;]<\/p>\n","protected":false},"author":82,"featured_media":11767,"comment_status":"open","ping_status":"closed","sticky":false,"template":"","format":"standard","meta":{"footnotes":""},"categories":[2,10],"tags":[36,49,50],"class_list":["post-11768","post","type-post","status-publish","format-standard","has-post-thumbnail","hentry","category-politique","category-toutes-les-actualites","tag-africa-press","tag-africa-press-togo","tag-togo"],"yoast_head":"<!-- This site is optimized with the Yoast SEO Premium plugin v26.1 (Yoast SEO v27.0) - https:\/\/yoast.com\/product\/yoast-seo-premium-wordpress\/ -->\n<title>Remise des cl\u00e9s de l\u2019OIT \u00e0 l\u2019ancien Premier ministre du Togo - Togo<\/title>\n<meta name=\"description\" content=\"L\u2019ancien Premier ministre du Togo Gilbert Fossoun Houngbo a rec\u0327u les cle\u0301s de l\u2019Organisation Internationale du Trava ...\" \/>\n<meta name=\"robots\" content=\"index, follow, max-snippet:-1, max-image-preview:large, max-video-preview:-1\" \/>\n<link rel=\"canonical\" href=\"https:\/\/www.africa-press.net\/togo\/politique\/remise-des-cles-de-loit-a-lancien-premier-ministre-du-togo\" \/>\n<meta property=\"og:locale\" content=\"fr_FR\" \/>\n<meta property=\"og:type\" content=\"article\" \/>\n<meta property=\"og:title\" content=\"Remise des cl\u00e9s de l\u2019OIT \u00e0 l\u2019ancien Premier ministre du Togo\" \/>\n<meta property=\"og:description\" content=\"L\u2019ancien Premier ministre du Togo Gilbert Fossoun Houngbo a rec\u0327u les cle\u0301s de l\u2019Organisation Internationale du Trava ...\" \/>\n<meta property=\"og:url\" content=\"https:\/\/www.africa-press.net\/togo\/politique\/remise-des-cles-de-loit-a-lancien-premier-ministre-du-togo\" \/>\n<meta property=\"og:site_name\" content=\"Togo\" \/>\n<meta property=\"article:published_time\" content=\"2022-09-30T18:58:49+00:00\" \/>\n<meta property=\"article:modified_time\" content=\"2022-09-30T19:09:42+00:00\" \/>\n<meta property=\"og:image\" content=\"https:\/\/static.africa-press.net\/togo\/sites\/58\/2022\/09\/postQueueImg_10-63373ed9bcf12.jpg\" \/>\n\t<meta property=\"og:image:width\" content=\"767\" \/>\n\t<meta property=\"og:image:height\" content=\"431\" \/>\n\t<meta property=\"og:image:type\" content=\"image\/jpeg\" \/>\n<meta name=\"author\" content=\"cfeditorfr\" \/>\n<meta name=\"twitter:card\" content=\"summary_large_image\" \/>\n<meta name=\"twitter:label1\" content=\"\u00c9crit par\" \/>\n\t<meta name=\"twitter:data1\" content=\"cfeditorfr\" \/>\n\t<meta name=\"twitter:label2\" content=\"Dur\u00e9e de lecture estim\u00e9e\" \/>\n\t<meta name=\"twitter:data2\" content=\"2 minutes\" \/>\n<script type=\"application\/ld+json\" class=\"yoast-schema-graph\">{\"@context\":\"https:\/\/schema.org\",\"@graph\":[{\"@type\":\"Article\",\"@id\":\"https:\/\/www.africa-press.net\/togo\/politique\/remise-des-cles-de-loit-a-lancien-premier-ministre-du-togo#article\",\"isPartOf\":{\"@id\":\"https:\/\/www.africa-press.net\/togo\/politique\/remise-des-cles-de-loit-a-lancien-premier-ministre-du-togo\"},\"author\":{\"name\":\"cfeditorfr\",\"@id\":\"https:\/\/www.africa-press.net\/togo\/#\/schema\/person\/2b1cf3cd81a31e3cd26889ca66d677f1\"},\"headline\":\"Remise des cl\u00e9s de l\u2019OIT \u00e0 l\u2019ancien Premier ministre du Togo\",\"datePublished\":\"2022-09-30T18:58:49+00:00\",\"dateModified\":\"2022-09-30T19:09:42+00:00\",\"mainEntityOfPage\":{\"@id\":\"https:\/\/www.africa-press.net\/togo\/politique\/remise-des-cles-de-loit-a-lancien-premier-ministre-du-togo\"},\"wordCount\":244,\"commentCount\":0,\"image\":{\"@id\":\"https:\/\/www.africa-press.net\/togo\/politique\/remise-des-cles-de-loit-a-lancien-premier-ministre-du-togo#primaryimage\"},\"thumbnailUrl\":\"https:\/\/static.africa-press.net\/togo\/sites\/58\/2022\/09\/postQueueImg_10-63373ed9bcf12.jpg\",\"keywords\":[\"Africa Press\",\"Africa Press-Togo\",\"Togo\"],\"articleSection\":[\"Politique\",\"Toutes les actualit\u00e9s\"],\"inLanguage\":\"fr-FR\",\"potentialAction\":[{\"@type\":\"CommentAction\",\"name\":\"Comment\",\"target\":[\"https:\/\/www.africa-press.net\/togo\/politique\/remise-des-cles-de-loit-a-lancien-premier-ministre-du-togo#respond\"]}]},{\"@type\":\"WebPage\",\"@id\":\"https:\/\/www.africa-press.net\/togo\/politique\/remise-des-cles-de-loit-a-lancien-premier-ministre-du-togo\",\"url\":\"https:\/\/www.africa-press.net\/togo\/politique\/remise-des-cles-de-loit-a-lancien-premier-ministre-du-togo\",\"name\":\"Remise des cl\u00e9s de l\u2019OIT \u00e0 l\u2019ancien Premier ministre du Togo - Togo\",\"isPartOf\":{\"@id\":\"https:\/\/www.africa-press.net\/togo\/#website\"},\"primaryImageOfPage\":{\"@id\":\"https:\/\/www.africa-press.net\/togo\/politique\/remise-des-cles-de-loit-a-lancien-premier-ministre-du-togo#primaryimage\"},\"image\":{\"@id\":\"https:\/\/www.africa-press.net\/togo\/politique\/remise-des-cles-de-loit-a-lancien-premier-ministre-du-togo#primaryimage\"},\"thumbnailUrl\":\"https:\/\/static.africa-press.net\/togo\/sites\/58\/2022\/09\/postQueueImg_10-63373ed9bcf12.jpg\",\"datePublished\":\"2022-09-30T18:58:49+00:00\",\"dateModified\":\"2022-09-30T19:09:42+00:00\",\"author\":{\"@id\":\"https:\/\/www.africa-press.net\/togo\/#\/schema\/person\/2b1cf3cd81a31e3cd26889ca66d677f1\"},\"description\":\"L\u2019ancien Premier ministre du Togo Gilbert Fossoun Houngbo a rec\u0327u les cle\u0301s de l\u2019Organisation Internationale du Trava ...\",\"breadcrumb\":{\"@id\":\"https:\/\/www.africa-press.net\/togo\/politique\/remise-des-cles-de-loit-a-lancien-premier-ministre-du-togo#breadcrumb\"},\"inLanguage\":\"fr-FR\",\"potentialAction\":[{\"@type\":\"ReadAction\",\"target\":[\"https:\/\/www.africa-press.net\/togo\/politique\/remise-des-cles-de-loit-a-lancien-premier-ministre-du-togo\"]}]},{\"@type\":\"ImageObject\",\"inLanguage\":\"fr-FR\",\"@id\":\"https:\/\/www.africa-press.net\/togo\/politique\/remise-des-cles-de-loit-a-lancien-premier-ministre-du-togo#primaryimage\",\"url\":\"https:\/\/static.africa-press.net\/togo\/sites\/58\/2022\/09\/postQueueImg_10-63373ed9bcf12.jpg\",\"contentUrl\":\"https:\/\/static.africa-press.net\/togo\/sites\/58\/2022\/09\/postQueueImg_10-63373ed9bcf12.jpg\",\"width\":767,\"height\":431,\"caption\":\"Remise des cl\u00e9s de l\u2019OIT \u00e0 l\u2019ancien Premier ministre du Togo\"},{\"@type\":\"BreadcrumbList\",\"@id\":\"https:\/\/www.africa-press.net\/togo\/politique\/remise-des-cles-de-loit-a-lancien-premier-ministre-du-togo#breadcrumb\",\"itemListElement\":[{\"@type\":\"ListItem\",\"position\":1,\"name\":\"Accueil\",\"item\":\"https:\/\/www.africa-press.net\/togo\/\"},{\"@type\":\"ListItem\",\"position\":2,\"name\":\"Remise des cl\u00e9s de l\u2019OIT \u00e0 l\u2019ancien Premier ministre du Togo\"}]},{\"@type\":\"WebSite\",\"@id\":\"https:\/\/www.africa-press.net\/togo\/#website\",\"url\":\"https:\/\/www.africa-press.net\/togo\/\",\"name\":\"Togo\",\"description\":\"Just another Africa News Agency Sites site\",\"potentialAction\":[{\"@type\":\"SearchAction\",\"target\":{\"@type\":\"EntryPoint\",\"urlTemplate\":\"https:\/\/www.africa-press.net\/togo\/?s={search_term_string}\"},\"query-input\":{\"@type\":\"PropertyValueSpecification\",\"valueRequired\":true,\"valueName\":\"search_term_string\"}}],\"inLanguage\":\"fr-FR\"},{\"@type\":\"Person\",\"@id\":\"https:\/\/www.africa-press.net\/togo\/#\/schema\/person\/2b1cf3cd81a31e3cd26889ca66d677f1\",\"name\":\"cfeditorfr\"}]}<\/script>\n<!-- \/ Yoast SEO Premium plugin. -->","yoast_head_json":{"title":"Remise des cl\u00e9s de l\u2019OIT \u00e0 l\u2019ancien Premier ministre du Togo - Togo","description":"L\u2019ancien Premier ministre du Togo Gilbert Fossoun Houngbo a rec\u0327u les cle\u0301s de l\u2019Organisation Internationale du Trava ...","robots":{"index":"index","follow":"follow","max-snippet":"max-snippet:-1","max-image-preview":"max-image-preview:large","max-video-preview":"max-video-preview:-1"},"canonical":"https:\/\/www.africa-press.net\/togo\/politique\/remise-des-cles-de-loit-a-lancien-premier-ministre-du-togo","og_locale":"fr_FR","og_type":"article","og_title":"Remise des cl\u00e9s de l\u2019OIT \u00e0 l\u2019ancien Premier ministre du Togo","og_description":"L\u2019ancien Premier ministre du Togo Gilbert Fossoun Houngbo a rec\u0327u les cle\u0301s de l\u2019Organisation Internationale du Trava ...","og_url":"https:\/\/www.africa-press.net\/togo\/politique\/remise-des-cles-de-loit-a-lancien-premier-ministre-du-togo","og_site_name":"Togo","article_published_time":"2022-09-30T18:58:49+00:00","article_modified_time":"2022-09-30T19:09:42+00:00","og_image":[{"width":767,"height":431,"url":"https:\/\/static.africa-press.net\/togo\/sites\/58\/2022\/09\/postQueueImg_10-63373ed9bcf12.jpg","type":"image\/jpeg"}],"author":"cfeditorfr","twitter_card":"summary_large_image","twitter_misc":{"\u00c9crit par":"cfeditorfr","Dur\u00e9e de lecture estim\u00e9e":"2 minutes"},"schema":{"@context":"https:\/\/schema.org","@graph":[{"@type":"Article","@id":"https:\/\/www.africa-press.net\/togo\/politique\/remise-des-cles-de-loit-a-lancien-premier-ministre-du-togo#article","isPartOf":{"@id":"https:\/\/www.africa-press.net\/togo\/politique\/remise-des-cles-de-loit-a-lancien-premier-ministre-du-togo"},"author":{"name":"cfeditorfr","@id":"https:\/\/www.africa-press.net\/togo\/#\/schema\/person\/2b1cf3cd81a31e3cd26889ca66d677f1"},"headline":"Remise des cl\u00e9s de l\u2019OIT \u00e0 l\u2019ancien Premier ministre du Togo","datePublished":"2022-09-30T18:58:49+00:00","dateModified":"2022-09-30T19:09:42+00:00","mainEntityOfPage":{"@id":"https:\/\/www.africa-press.net\/togo\/politique\/remise-des-cles-de-loit-a-lancien-premier-ministre-du-togo"},"wordCount":244,"commentCount":0,"image":{"@id":"https:\/\/www.africa-press.net\/togo\/politique\/remise-des-cles-de-loit-a-lancien-premier-ministre-du-togo#primaryimage"},"thumbnailUrl":"https:\/\/static.africa-press.net\/togo\/sites\/58\/2022\/09\/postQueueImg_10-63373ed9bcf12.jpg","keywords":["Africa Press","Africa Press-Togo","Togo"],"articleSection":["Politique","Toutes les actualit\u00e9s"],"inLanguage":"fr-FR","potentialAction":[{"@type":"CommentAction","name":"Comment","target":["https:\/\/www.africa-press.net\/togo\/politique\/remise-des-cles-de-loit-a-lancien-premier-ministre-du-togo#respond"]}]},{"@type":"WebPage","@id":"https:\/\/www.africa-press.net\/togo\/politique\/remise-des-cles-de-loit-a-lancien-premier-ministre-du-togo","url":"https:\/\/www.africa-press.net\/togo\/politique\/remise-des-cles-de-loit-a-lancien-premier-ministre-du-togo","name":"Remise des cl\u00e9s de l\u2019OIT \u00e0 l\u2019ancien Premier ministre du Togo - Togo","isPartOf":{"@id":"https:\/\/www.africa-press.net\/togo\/#website"},"primaryImageOfPage":{"@id":"https:\/\/www.africa-press.net\/togo\/politique\/remise-des-cles-de-loit-a-lancien-premier-ministre-du-togo#primaryimage"},"image":{"@id":"https:\/\/www.africa-press.net\/togo\/politique\/remise-des-cles-de-loit-a-lancien-premier-ministre-du-togo#primaryimage"},"thumbnailUrl":"https:\/\/static.africa-press.net\/togo\/sites\/58\/2022\/09\/postQueueImg_10-63373ed9bcf12.jpg","datePublished":"2022-09-30T18:58:49+00:00","dateModified":"2022-09-30T19:09:42+00:00","author":{"@id":"https:\/\/www.africa-press.net\/togo\/#\/schema\/person\/2b1cf3cd81a31e3cd26889ca66d677f1"},"description":"L\u2019ancien Premier ministre du Togo Gilbert Fossoun Houngbo a rec\u0327u les cle\u0301s de l\u2019Organisation Internationale du Trava ...","breadcrumb":{"@id":"https:\/\/www.africa-press.net\/togo\/politique\/remise-des-cles-de-loit-a-lancien-premier-ministre-du-togo#breadcrumb"},"inLanguage":"fr-FR","potentialAction":[{"@type":"ReadAction","target":["https:\/\/www.africa-press.net\/togo\/politique\/remise-des-cles-de-loit-a-lancien-premier-ministre-du-togo"]}]},{"@type":"ImageObject","inLanguage":"fr-FR","@id":"https:\/\/www.africa-press.net\/togo\/politique\/remise-des-cles-de-loit-a-lancien-premier-ministre-du-togo#primaryimage","url":"https:\/\/static.africa-press.net\/togo\/sites\/58\/2022\/09\/postQueueImg_10-63373ed9bcf12.jpg","contentUrl":"https:\/\/static.africa-press.net\/togo\/sites\/58\/2022\/09\/postQueueImg_10-63373ed9bcf12.jpg","width":767,"height":431,"caption":"Remise des cl\u00e9s de l\u2019OIT \u00e0 l\u2019ancien Premier ministre du Togo"},{"@type":"BreadcrumbList","@id":"https:\/\/www.africa-press.net\/togo\/politique\/remise-des-cles-de-loit-a-lancien-premier-ministre-du-togo#breadcrumb","itemListElement":[{"@type":"ListItem","position":1,"name":"Accueil","item":"https:\/\/www.africa-press.net\/togo\/"},{"@type":"ListItem","position":2,"name":"Remise des cl\u00e9s de l\u2019OIT \u00e0 l\u2019ancien Premier ministre du Togo"}]},{"@type":"WebSite","@id":"https:\/\/www.africa-press.net\/togo\/#website","url":"https:\/\/www.africa-press.net\/togo\/","name":"Togo","description":"Just another Africa News Agency Sites site","potentialAction":[{"@type":"SearchAction","target":{"@type":"EntryPoint","urlTemplate":"https:\/\/www.africa-press.net\/togo\/?s={search_term_string}"},"query-input":{"@type":"PropertyValueSpecification","valueRequired":true,"valueName":"search_term_string"}}],"inLanguage":"fr-FR"},{"@type":"Person","@id":"https:\/\/www.africa-press.net\/togo\/#\/schema\/person\/2b1cf3cd81a31e3cd26889ca66d677f1","name":"cfeditorfr"}]}},"_links":{"self":[{"href":"https:\/\/www.africa-press.net\/togo\/wp-json\/wp\/v2\/posts\/11768","targetHints":{"allow":["GET"]}}],"collection":[{"href":"https:\/\/www.africa-press.net\/togo\/wp-json\/wp\/v2\/posts"}],"about":[{"href":"https:\/\/www.africa-press.net\/togo\/wp-json\/wp\/v2\/types\/post"}],"author":[{"embeddable":true,"href":"https:\/\/www.africa-press.net\/togo\/wp-json\/wp\/v2\/users\/82"}],"replies":[{"embeddable":true,"href":"https:\/\/www.africa-press.net\/togo\/wp-json\/wp\/v2\/comments?post=11768"}],"version-history":[{"count":0,"href":"https:\/\/www.africa-press.net\/togo\/wp-json\/wp\/v2\/posts\/11768\/revisions"}],"wp:featuredmedia":[{"embeddable":true,"href":"https:\/\/www.africa-press.net\/togo\/wp-json\/wp\/v2\/media\/11767"}],"wp:attachment":[{"href":"https:\/\/www.africa-press.net\/togo\/wp-json\/wp\/v2\/media?parent=11768"}],"wp:term":[{"taxonomy":"category","embeddable":true,"href":"https:\/\/www.africa-press.net\/togo\/wp-json\/wp\/v2\/categories?post=11768"},{"taxonomy":"post_tag","embeddable":true,"href":"https:\/\/www.africa-press.net\/togo\/wp-json\/wp\/v2\/tags?post=11768"}],"curies":[{"name":"wp","href":"https:\/\/api.w.org\/{rel}","templated":true}]}}