{"id":11834,"date":"2022-10-02T20:06:29","date_gmt":"2022-10-02T20:06:29","guid":{"rendered":"https:\/\/www.africa-press.net\/togo\/politique\/cite-au-quotidien-langage-politique-ou-vocabulaire-marchand"},"modified":"2022-10-02T20:12:20","modified_gmt":"2022-10-02T20:12:20","slug":"cite-au-quotidien-langage-politique-ou-vocabulaire-marchand","status":"publish","type":"post","link":"https:\/\/www.africa-press.net\/togo\/sports\/cite-au-quotidien-langage-politique-ou-vocabulaire-marchand","title":{"rendered":"Cit\u00e9 au Quotidien: Langage Politique ou Vocabulaire Marchand ?"},"content":{"rendered":"<p><span style=\"color: #ff6600\"><strong>Africa-Press &#8211; Togo. <\/strong><\/span><b>\u00ab Le Mercato est ouvert \u00bb entend-on souvent dire a\u0300 propos de la pe\u0301riode ou\u0300 sont autorise\u0301s les transferts de joueurs par les clubs professionnels de football. L\u2019emploi de ce terme de \u201cmercato\u201d (inspire\u0301 de l\u2019italien et qui signifie marche\u0301) dans le domaine sportif ne ge\u0302ne apparemment personne. Et c\u2019est avec raison car, en football, le mercato correspond a\u0300 un ve\u0301ritable marche\u0301 e\u0301conomique, soumis a\u0300 la loi de l\u2019offre et de la demande, avec des estimations financie\u0300res et des montants de transferts qui paraissent e\u0301normes pour les profanes.<\/b><\/p>\n<p>Il nous semble bien qu\u2019on devrait parler e\u0301galement de mercato a\u0300 propos des tractations qui ont lieu avant et apre\u0300s les pe\u0301riodes e\u0301lectorales, spe\u0301cialement en Afrique. E\u0301videmment on ne parle pas de transactions financie\u0300res, mais de marchandages et d\u2019ententes parfois bien disparates et inattendues entre les politiciens, et surtout de \u201ctransferts\u201d d\u2019un groupe politique a\u0300 un autre. Dernie\u0300rement au Kenya, tel a e\u0301te\u0301 le cas de Raila Odinga transfe\u0301re\u0301 dans le camp d\u2019Uhuru Kenyatta dont il e\u0301tait pourtant l\u2019opposant historique. C\u2019e\u0301tait pour faire face a\u0300 la monte\u0301e de William Ruto, qui a, malgre\u0301 tout, e\u0301te\u0301 de\u0301clare\u0301 vainqueur.<\/p>\n<p>Quoi qu\u2019il en soit, les tractations politiciennes e\u0301lectorales se font parfois au de\u0301triment d\u2019une certaine e\u0301thique et me\u0302me d\u2019une certaine esthe\u0301tique. A tel point qu\u2019on peut parler de foire d\u2019empoigne a\u0300 propos de ce qui s\u2019est passe\u0301 au Se\u0301ne\u0301gal lors de la session inaugurale de la nouvelle Assemble\u0301e le 12 septembre 2022 (Foire d\u2019empoigne : me\u0302le\u0301e, affrontement ou chacun cherche a\u0300 obtenir la meilleure part par tous les moyens, Le Petit Robert 2021). On pourrait me\u0302me prendre cette locution au sens litte\u0301ral puisque les de\u0301pute\u0301s Se\u0301ne\u0301galais en sont pratiquement venus aux mains, a\u0300 tel point qu\u2019on a du\u0302 faire appel aux forces de l\u2019ordre pour faire revenir le calme. On aurait pu simplement rire de cet incident dont le Se\u0301ne\u0301gal n\u2019a pas l\u2019exclusivite\u0301 : des de\u0301pute\u0301s qui se battent on a de\u0301ja\u0300 vu cela sous d\u2019autres cieux !<\/p>\n<p>Mais voila\u0300, au Se\u0301ne\u0301gal, l\u2019affaire connai\u0302t un rebondissement avec un autre incident : le 25 septembre 2022, lors d\u2019une confe\u0301rence de presse, l\u2019ancienne Premie\u0300re ministre, Aminata TOURE, a claque\u0301 la porte de l\u2019Alliance pour la Re\u0301publique, parti du pre\u0301sident Macky SALL ou\u0300 elle militait depuis une dizaine d\u2019anne\u0301es. Elle explique son retrait de la coalition pre\u0301sidentielle en ces termes : \u00ab Comment 10 ans apre\u0300s, des acteurs politiques qui se sont battus contre le 3e\u0300me mandat du pre\u0301sident Abdoulaye Wade osent e\u0301voquer l\u2019ide\u0301e d\u2019un troisie\u0300me mandat du pre\u0301sident Macky SALL ? Ce que les Se\u0301ne\u0301galais n\u2019avaient pas accepte\u0301 il y a 10 ans, comment peut-on imaginer une seule seconde qu\u2019ils l\u2019accepteraient en 2024 ? \u00bb. C\u2019est tout a\u0300 son honneur.<\/p>\n<p>Cependant Aminata TOURE ne peut pas cacher qu\u2019elle n\u2019a pas aime\u0301 le fait d\u2019avoir e\u0301te\u0301 e\u0301carte\u0301e du poste de pre\u0301sidente de l\u2019Assemble\u0301e au profit d\u2019Amadou Mame DIOP, poste qui lui avait pourtant e\u0301te\u0301 promis par Macky SALL.<\/p>\n<p>Finalement, le de\u0301saccord sur la question du troisie\u0300me mandat qu\u2019elle e\u0301voque pour expliquer son geste n\u2019est gue\u0300re convaincant car elle a mene\u0301 campagne pour la coalition de SALL sans e\u0301voquer ce proble\u0300me devant les e\u0301lecteurs a\u0300 qui elle demandait de voter pour les de\u0301pute\u0301s soutenant Macky SALL. Et surtout, aurait-elle quitte\u0301 la coalition pre\u0301sidentielle si elle avait e\u0301te\u0301 choisie comme pre\u0301sidente de l\u2019Assemble\u0301e ? Il n\u2019y aura jamais de re\u0301ponse cre\u0301dible a\u0300 cette question. Ceux qui auraient eu besoin de la re\u0301ponse et d\u2019un geste ce sont les artistes et autres membres de la socie\u0301te\u0301 civile qui ont e\u0301te\u0301 prive\u0301s de leur concert en faveur de la limitation des mandats le 17 septembre 2022 a\u0300 Dakar.<\/p>\n<p>Tout cela aurait pu sembler anecdotique si ce type de situation, appelons les choses par leur nom, ce type de retournement de veste, de l\u2019opposition au parti au pouvoir, ou vice versa, n\u2019e\u0301tait pas fre\u0301quent dans notre contexte.<\/p>\n<p>Au-dela\u0300 de l\u2019image de manque de conviction, qu\u2019il donne des candidats, il affiche un vrai manque de respect pour les e\u0301lecteurs qui se sont engage\u0301s, qui ont fait des sacrifices pour des candidats qui tournent casaque au dernier moment. C\u2019est aussi un manque de respect pour la politique. Car consacrer sa vie a\u0300 la politique exige d\u2019asseoir son engagement sur un certain nombre de valeurs incarne\u0301es dans une vision de l\u2019homme et de son avenir, un projet de socie\u0301te\u0301 pour sa communaute\u0301 nationale.<\/p>\n<p>Et c\u2019est quand cette vision manque, que l\u2019on finit par de\u0301tourner les citoyens de l\u2019action politique. Et alors la politique devient un monde de marchandages, de mensonges et d\u2019alliances contre nature sous pre\u0301texte que tout est possible en politique. Et pendant que les politiciens s\u2019occupent d\u2019\u201de\u0301conomie politicienne\u201d, alors que les citoyens refusent de s\u2019en me\u0302ler, qui va s\u2019occuper des re\u0301els proble\u0300mes des citoyens ? Qui va tenter de remplir l\u2019espace ainsi laisse\u0301 vide?<\/p>\n<p>En effet on a toujours besoin de politique car c\u2019est le c\u0153ur-me\u0302me de notre vivre-ensemble. Il faut bien que quelqu\u2019un trouve les mots pour traduire les re\u0302ves de tous et de chacun en projet politique. Il faudra bien que certains se mettent ensemble pour de\u0301cider des actions qui vont transformer ce projet en programme avec des e\u0301che\u0301ances. Il faudra bien que certains soient de\u0301signe\u0301s pour porter ce programme, le faire approuver par le plus grand nombre avant qu\u2019il ne soit confie\u0301 a\u0300 des experts pour sa re\u0301alisation.<\/p>\n<p>La politique est donc indispensable pour produire ce langage qui va parler au c\u0153ur des citoyens, rencontrer leurs de\u0301sirs et leurs re\u0302ves. Ce langage qui va les pousser a\u0300 s\u2019engager, a\u0300 aller parfois jusqu\u2019a\u0300 donner leur vie pour le projet politique de leur choix.<\/p>\n<p>On pourrait avoir la pe\u0301nible impression qu\u2019on en arrive difficilement a\u0300 cela en Afrique.<\/p>\n<p>Pourquoi ? En fait ce qui ne va pas, c\u2019est la conception que l\u2019on a des e\u0301lections. On ne les conside\u0300re pas comme ce qu\u2019elles sont en ve\u0301rite\u0301 : un moyen pacifique de de\u0301volution du pouvoir en de\u0301mocratie. Or, pour un certain nombre de personnes, les e\u0301lections correspondent a\u0300 une course aux postes avec re\u0301compenses mate\u0301rielles et financie\u0300res a\u0300 la cle\u0301.<\/p>\n<p>Et cette course commence me\u0302me avant les campagnes e\u0301lectorales de telle sorte que toute la vie publique est centre\u0301e sur ces consultations et surtout sur le marche\u0301 qu\u2019elles ouvrent.<\/p>\n<p>Avant les e\u0301lections : qui sera le plus offrant ? A quelles conditions peut-on de\u0301crocher les offres ? Que faut-il promettre en e\u0301change ? Et apre\u0300s les e\u0301lections : comment re\u0301gler les comptes, c\u2019est-a\u0300-dire re\u0301compenser (ou punir) tel ou tel ? A quel prix conserver son poste ?<\/p>\n<p>Quelles garanties donner ? Etc.<\/p>\n<p>Avez-vous remarque\u0301 le langage que l\u2019on est oblige\u0301 d\u2019utiliser pour de\u0301signer ce que sont devenues les e\u0301lections surtout chez nous en Afrique ?<\/p>\n<p>Certains citoyens en arrivent a\u0300 se demander si nous ne devrions pas nous passer des e\u0301lections. Ne serait-ce pas une manie\u0300re de renoncer a\u0300 notre ro\u0302le de citoyens qui doivent trouver les voies du meilleur vivre-ensemble possible ? Ne serait-ce pas dire que nous serions en quelque sorte incapables de mettre en place ce dispositif qui a lieu partout ailleurs dans le monde entier ? La balle est dans notre camp : relevons le de\u0301fi de faire advenir l\u2019e\u0300re des e\u0301lections, outil par excellence de la vie politique qui exige une e\u0301thique.<\/p>\n<p>Ces jours-ci nous avons eu droit a\u0300 beaucoup de discours des politiciens que ce soit a\u0300 l\u2019ONU ou dans certains de nos pays. Ne faudrait-il pas concre\u0301tiser certaines de ces paroles pour leur donner la puissance performative pour une Afrique en que\u0302te d\u2019un nouveau souffle au XXI e\u0300 sie\u0300cle ?<\/p>\n<p><strong>Pour plus d&rsquo;informations et d&rsquo;analyses sur la <a href=\"https:\/\/www.africa-press.net\/togo\">Togo<\/a>, suivez <a href=\"https:\/\/www.africa-press.net\/\">Africa-Press<\/a><\/strong><\/p>\n","protected":false},"excerpt":{"rendered":"<p>Africa-Press &#8211; Togo. \u00ab Le Mercato est ouvert \u00bb entend-on souvent dire a\u0300 propos de la pe\u0301riode ou\u0300 sont autorise\u0301s les transferts de joueurs par les clubs professionnels de football. L\u2019emploi de ce terme de \u201cmercato\u201d (inspire\u0301 de l\u2019italien et qui signifie marche\u0301) dans le domaine sportif ne ge\u0302ne apparemment personne. Et c\u2019est avec raison [&hellip;]<\/p>\n","protected":false},"author":82,"featured_media":11833,"comment_status":"open","ping_status":"closed","sticky":false,"template":"","format":"standard","meta":{"footnotes":""},"categories":[6,10],"tags":[36,49,50],"class_list":["post-11834","post","type-post","status-publish","format-standard","has-post-thumbnail","hentry","category-sports","category-toutes-les-actualites","tag-africa-press","tag-africa-press-togo","tag-togo"],"yoast_head":"<!-- This site is optimized with the Yoast SEO Premium plugin v26.1 (Yoast SEO v27.0) - https:\/\/yoast.com\/product\/yoast-seo-premium-wordpress\/ -->\n<title>Cit\u00e9 au Quotidien: Langage Politique ou Vocabulaire Marchand ? - Togo<\/title>\n<meta name=\"description\" content=\"\u00ab Le Mercato est ouvert \u00bb entend-on souvent dire a\u0300 propos de la pe\u0301riode ou\u0300 sont autorise\u0301s les transferts de joueu ...\" \/>\n<meta name=\"robots\" content=\"index, follow, max-snippet:-1, max-image-preview:large, max-video-preview:-1\" \/>\n<link rel=\"canonical\" href=\"https:\/\/www.africa-press.net\/togo\/sports\/cite-au-quotidien-langage-politique-ou-vocabulaire-marchand\" \/>\n<meta property=\"og:locale\" content=\"fr_FR\" \/>\n<meta property=\"og:type\" content=\"article\" \/>\n<meta property=\"og:title\" content=\"Cit\u00e9 au Quotidien: Langage Politique ou Vocabulaire Marchand ?\" \/>\n<meta property=\"og:description\" content=\"\u00ab Le Mercato est ouvert \u00bb entend-on souvent dire a\u0300 propos de la pe\u0301riode ou\u0300 sont autorise\u0301s les transferts de joueu ...\" \/>\n<meta property=\"og:url\" content=\"https:\/\/www.africa-press.net\/togo\/sports\/cite-au-quotidien-langage-politique-ou-vocabulaire-marchand\" \/>\n<meta property=\"og:site_name\" content=\"Togo\" \/>\n<meta property=\"article:published_time\" content=\"2022-10-02T20:06:29+00:00\" \/>\n<meta property=\"article:modified_time\" content=\"2022-10-02T20:12:20+00:00\" \/>\n<meta property=\"og:image\" content=\"https:\/\/static.africa-press.net\/togo\/sites\/58\/2022\/10\/postQueueImg_6.jpg\" \/>\n\t<meta property=\"og:image:width\" content=\"1280\" \/>\n\t<meta property=\"og:image:height\" content=\"800\" \/>\n\t<meta property=\"og:image:type\" content=\"image\/jpeg\" \/>\n<meta name=\"author\" content=\"cfeditorfr\" \/>\n<meta name=\"twitter:card\" content=\"summary_large_image\" \/>\n<meta name=\"twitter:label1\" content=\"\u00c9crit par\" \/>\n\t<meta name=\"twitter:data1\" content=\"cfeditorfr\" \/>\n\t<meta name=\"twitter:label2\" content=\"Dur\u00e9e de lecture estim\u00e9e\" \/>\n\t<meta name=\"twitter:data2\" content=\"7 minutes\" \/>\n<script type=\"application\/ld+json\" class=\"yoast-schema-graph\">{\"@context\":\"https:\/\/schema.org\",\"@graph\":[{\"@type\":\"Article\",\"@id\":\"https:\/\/www.africa-press.net\/togo\/sports\/cite-au-quotidien-langage-politique-ou-vocabulaire-marchand#article\",\"isPartOf\":{\"@id\":\"https:\/\/www.africa-press.net\/togo\/sports\/cite-au-quotidien-langage-politique-ou-vocabulaire-marchand\"},\"author\":{\"name\":\"cfeditorfr\",\"@id\":\"https:\/\/www.africa-press.net\/togo\/#\/schema\/person\/2b1cf3cd81a31e3cd26889ca66d677f1\"},\"headline\":\"Cit\u00e9 au Quotidien: Langage Politique ou Vocabulaire Marchand ?\",\"datePublished\":\"2022-10-02T20:06:29+00:00\",\"dateModified\":\"2022-10-02T20:12:20+00:00\",\"mainEntityOfPage\":{\"@id\":\"https:\/\/www.africa-press.net\/togo\/sports\/cite-au-quotidien-langage-politique-ou-vocabulaire-marchand\"},\"wordCount\":1446,\"commentCount\":0,\"image\":{\"@id\":\"https:\/\/www.africa-press.net\/togo\/sports\/cite-au-quotidien-langage-politique-ou-vocabulaire-marchand#primaryimage\"},\"thumbnailUrl\":\"https:\/\/static.africa-press.net\/togo\/sites\/58\/2022\/10\/postQueueImg_6.jpg\",\"keywords\":[\"Africa Press\",\"Africa Press-Togo\",\"Togo\"],\"articleSection\":[\"Sports\",\"Toutes les actualit\u00e9s\"],\"inLanguage\":\"fr-FR\",\"potentialAction\":[{\"@type\":\"CommentAction\",\"name\":\"Comment\",\"target\":[\"https:\/\/www.africa-press.net\/togo\/sports\/cite-au-quotidien-langage-politique-ou-vocabulaire-marchand#respond\"]}]},{\"@type\":\"WebPage\",\"@id\":\"https:\/\/www.africa-press.net\/togo\/sports\/cite-au-quotidien-langage-politique-ou-vocabulaire-marchand\",\"url\":\"https:\/\/www.africa-press.net\/togo\/sports\/cite-au-quotidien-langage-politique-ou-vocabulaire-marchand\",\"name\":\"Cit\u00e9 au Quotidien: Langage Politique ou Vocabulaire Marchand ? - Togo\",\"isPartOf\":{\"@id\":\"https:\/\/www.africa-press.net\/togo\/#website\"},\"primaryImageOfPage\":{\"@id\":\"https:\/\/www.africa-press.net\/togo\/sports\/cite-au-quotidien-langage-politique-ou-vocabulaire-marchand#primaryimage\"},\"image\":{\"@id\":\"https:\/\/www.africa-press.net\/togo\/sports\/cite-au-quotidien-langage-politique-ou-vocabulaire-marchand#primaryimage\"},\"thumbnailUrl\":\"https:\/\/static.africa-press.net\/togo\/sites\/58\/2022\/10\/postQueueImg_6.jpg\",\"datePublished\":\"2022-10-02T20:06:29+00:00\",\"dateModified\":\"2022-10-02T20:12:20+00:00\",\"author\":{\"@id\":\"https:\/\/www.africa-press.net\/togo\/#\/schema\/person\/2b1cf3cd81a31e3cd26889ca66d677f1\"},\"description\":\"\u00ab Le Mercato est ouvert \u00bb entend-on souvent dire a\u0300 propos de la pe\u0301riode ou\u0300 sont autorise\u0301s les transferts de joueu ...\",\"breadcrumb\":{\"@id\":\"https:\/\/www.africa-press.net\/togo\/sports\/cite-au-quotidien-langage-politique-ou-vocabulaire-marchand#breadcrumb\"},\"inLanguage\":\"fr-FR\",\"potentialAction\":[{\"@type\":\"ReadAction\",\"target\":[\"https:\/\/www.africa-press.net\/togo\/sports\/cite-au-quotidien-langage-politique-ou-vocabulaire-marchand\"]}]},{\"@type\":\"ImageObject\",\"inLanguage\":\"fr-FR\",\"@id\":\"https:\/\/www.africa-press.net\/togo\/sports\/cite-au-quotidien-langage-politique-ou-vocabulaire-marchand#primaryimage\",\"url\":\"https:\/\/static.africa-press.net\/togo\/sites\/58\/2022\/10\/postQueueImg_6.jpg\",\"contentUrl\":\"https:\/\/static.africa-press.net\/togo\/sites\/58\/2022\/10\/postQueueImg_6.jpg\",\"width\":1280,\"height\":800,\"caption\":\"Cit\u00e9 au Quotidien: Langage Politique ou Vocabulaire Marchand ?\"},{\"@type\":\"BreadcrumbList\",\"@id\":\"https:\/\/www.africa-press.net\/togo\/sports\/cite-au-quotidien-langage-politique-ou-vocabulaire-marchand#breadcrumb\",\"itemListElement\":[{\"@type\":\"ListItem\",\"position\":1,\"name\":\"Accueil\",\"item\":\"https:\/\/www.africa-press.net\/togo\/\"},{\"@type\":\"ListItem\",\"position\":2,\"name\":\"Cit\u00e9 au Quotidien: Langage Politique ou Vocabulaire Marchand ?\"}]},{\"@type\":\"WebSite\",\"@id\":\"https:\/\/www.africa-press.net\/togo\/#website\",\"url\":\"https:\/\/www.africa-press.net\/togo\/\",\"name\":\"Togo\",\"description\":\"Just another Africa News Agency Sites site\",\"potentialAction\":[{\"@type\":\"SearchAction\",\"target\":{\"@type\":\"EntryPoint\",\"urlTemplate\":\"https:\/\/www.africa-press.net\/togo\/?s={search_term_string}\"},\"query-input\":{\"@type\":\"PropertyValueSpecification\",\"valueRequired\":true,\"valueName\":\"search_term_string\"}}],\"inLanguage\":\"fr-FR\"},{\"@type\":\"Person\",\"@id\":\"https:\/\/www.africa-press.net\/togo\/#\/schema\/person\/2b1cf3cd81a31e3cd26889ca66d677f1\",\"name\":\"cfeditorfr\"}]}<\/script>\n<!-- \/ Yoast SEO Premium plugin. -->","yoast_head_json":{"title":"Cit\u00e9 au Quotidien: Langage Politique ou Vocabulaire Marchand ? - Togo","description":"\u00ab Le Mercato est ouvert \u00bb entend-on souvent dire a\u0300 propos de la pe\u0301riode ou\u0300 sont autorise\u0301s les transferts de joueu ...","robots":{"index":"index","follow":"follow","max-snippet":"max-snippet:-1","max-image-preview":"max-image-preview:large","max-video-preview":"max-video-preview:-1"},"canonical":"https:\/\/www.africa-press.net\/togo\/sports\/cite-au-quotidien-langage-politique-ou-vocabulaire-marchand","og_locale":"fr_FR","og_type":"article","og_title":"Cit\u00e9 au Quotidien: Langage Politique ou Vocabulaire Marchand ?","og_description":"\u00ab Le Mercato est ouvert \u00bb entend-on souvent dire a\u0300 propos de la pe\u0301riode ou\u0300 sont autorise\u0301s les transferts de joueu ...","og_url":"https:\/\/www.africa-press.net\/togo\/sports\/cite-au-quotidien-langage-politique-ou-vocabulaire-marchand","og_site_name":"Togo","article_published_time":"2022-10-02T20:06:29+00:00","article_modified_time":"2022-10-02T20:12:20+00:00","og_image":[{"width":1280,"height":800,"url":"https:\/\/static.africa-press.net\/togo\/sites\/58\/2022\/10\/postQueueImg_6.jpg","type":"image\/jpeg"}],"author":"cfeditorfr","twitter_card":"summary_large_image","twitter_misc":{"\u00c9crit par":"cfeditorfr","Dur\u00e9e de lecture estim\u00e9e":"7 minutes"},"schema":{"@context":"https:\/\/schema.org","@graph":[{"@type":"Article","@id":"https:\/\/www.africa-press.net\/togo\/sports\/cite-au-quotidien-langage-politique-ou-vocabulaire-marchand#article","isPartOf":{"@id":"https:\/\/www.africa-press.net\/togo\/sports\/cite-au-quotidien-langage-politique-ou-vocabulaire-marchand"},"author":{"name":"cfeditorfr","@id":"https:\/\/www.africa-press.net\/togo\/#\/schema\/person\/2b1cf3cd81a31e3cd26889ca66d677f1"},"headline":"Cit\u00e9 au Quotidien: Langage Politique ou Vocabulaire Marchand ?","datePublished":"2022-10-02T20:06:29+00:00","dateModified":"2022-10-02T20:12:20+00:00","mainEntityOfPage":{"@id":"https:\/\/www.africa-press.net\/togo\/sports\/cite-au-quotidien-langage-politique-ou-vocabulaire-marchand"},"wordCount":1446,"commentCount":0,"image":{"@id":"https:\/\/www.africa-press.net\/togo\/sports\/cite-au-quotidien-langage-politique-ou-vocabulaire-marchand#primaryimage"},"thumbnailUrl":"https:\/\/static.africa-press.net\/togo\/sites\/58\/2022\/10\/postQueueImg_6.jpg","keywords":["Africa Press","Africa Press-Togo","Togo"],"articleSection":["Sports","Toutes les actualit\u00e9s"],"inLanguage":"fr-FR","potentialAction":[{"@type":"CommentAction","name":"Comment","target":["https:\/\/www.africa-press.net\/togo\/sports\/cite-au-quotidien-langage-politique-ou-vocabulaire-marchand#respond"]}]},{"@type":"WebPage","@id":"https:\/\/www.africa-press.net\/togo\/sports\/cite-au-quotidien-langage-politique-ou-vocabulaire-marchand","url":"https:\/\/www.africa-press.net\/togo\/sports\/cite-au-quotidien-langage-politique-ou-vocabulaire-marchand","name":"Cit\u00e9 au Quotidien: Langage Politique ou Vocabulaire Marchand ? - Togo","isPartOf":{"@id":"https:\/\/www.africa-press.net\/togo\/#website"},"primaryImageOfPage":{"@id":"https:\/\/www.africa-press.net\/togo\/sports\/cite-au-quotidien-langage-politique-ou-vocabulaire-marchand#primaryimage"},"image":{"@id":"https:\/\/www.africa-press.net\/togo\/sports\/cite-au-quotidien-langage-politique-ou-vocabulaire-marchand#primaryimage"},"thumbnailUrl":"https:\/\/static.africa-press.net\/togo\/sites\/58\/2022\/10\/postQueueImg_6.jpg","datePublished":"2022-10-02T20:06:29+00:00","dateModified":"2022-10-02T20:12:20+00:00","author":{"@id":"https:\/\/www.africa-press.net\/togo\/#\/schema\/person\/2b1cf3cd81a31e3cd26889ca66d677f1"},"description":"\u00ab Le Mercato est ouvert \u00bb entend-on souvent dire a\u0300 propos de la pe\u0301riode ou\u0300 sont autorise\u0301s les transferts de joueu ...","breadcrumb":{"@id":"https:\/\/www.africa-press.net\/togo\/sports\/cite-au-quotidien-langage-politique-ou-vocabulaire-marchand#breadcrumb"},"inLanguage":"fr-FR","potentialAction":[{"@type":"ReadAction","target":["https:\/\/www.africa-press.net\/togo\/sports\/cite-au-quotidien-langage-politique-ou-vocabulaire-marchand"]}]},{"@type":"ImageObject","inLanguage":"fr-FR","@id":"https:\/\/www.africa-press.net\/togo\/sports\/cite-au-quotidien-langage-politique-ou-vocabulaire-marchand#primaryimage","url":"https:\/\/static.africa-press.net\/togo\/sites\/58\/2022\/10\/postQueueImg_6.jpg","contentUrl":"https:\/\/static.africa-press.net\/togo\/sites\/58\/2022\/10\/postQueueImg_6.jpg","width":1280,"height":800,"caption":"Cit\u00e9 au Quotidien: Langage Politique ou Vocabulaire Marchand ?"},{"@type":"BreadcrumbList","@id":"https:\/\/www.africa-press.net\/togo\/sports\/cite-au-quotidien-langage-politique-ou-vocabulaire-marchand#breadcrumb","itemListElement":[{"@type":"ListItem","position":1,"name":"Accueil","item":"https:\/\/www.africa-press.net\/togo\/"},{"@type":"ListItem","position":2,"name":"Cit\u00e9 au Quotidien: Langage Politique ou Vocabulaire Marchand ?"}]},{"@type":"WebSite","@id":"https:\/\/www.africa-press.net\/togo\/#website","url":"https:\/\/www.africa-press.net\/togo\/","name":"Togo","description":"Just another Africa News Agency Sites site","potentialAction":[{"@type":"SearchAction","target":{"@type":"EntryPoint","urlTemplate":"https:\/\/www.africa-press.net\/togo\/?s={search_term_string}"},"query-input":{"@type":"PropertyValueSpecification","valueRequired":true,"valueName":"search_term_string"}}],"inLanguage":"fr-FR"},{"@type":"Person","@id":"https:\/\/www.africa-press.net\/togo\/#\/schema\/person\/2b1cf3cd81a31e3cd26889ca66d677f1","name":"cfeditorfr"}]}},"_links":{"self":[{"href":"https:\/\/www.africa-press.net\/togo\/wp-json\/wp\/v2\/posts\/11834","targetHints":{"allow":["GET"]}}],"collection":[{"href":"https:\/\/www.africa-press.net\/togo\/wp-json\/wp\/v2\/posts"}],"about":[{"href":"https:\/\/www.africa-press.net\/togo\/wp-json\/wp\/v2\/types\/post"}],"author":[{"embeddable":true,"href":"https:\/\/www.africa-press.net\/togo\/wp-json\/wp\/v2\/users\/82"}],"replies":[{"embeddable":true,"href":"https:\/\/www.africa-press.net\/togo\/wp-json\/wp\/v2\/comments?post=11834"}],"version-history":[{"count":0,"href":"https:\/\/www.africa-press.net\/togo\/wp-json\/wp\/v2\/posts\/11834\/revisions"}],"wp:featuredmedia":[{"embeddable":true,"href":"https:\/\/www.africa-press.net\/togo\/wp-json\/wp\/v2\/media\/11833"}],"wp:attachment":[{"href":"https:\/\/www.africa-press.net\/togo\/wp-json\/wp\/v2\/media?parent=11834"}],"wp:term":[{"taxonomy":"category","embeddable":true,"href":"https:\/\/www.africa-press.net\/togo\/wp-json\/wp\/v2\/categories?post=11834"},{"taxonomy":"post_tag","embeddable":true,"href":"https:\/\/www.africa-press.net\/togo\/wp-json\/wp\/v2\/tags?post=11834"}],"curies":[{"name":"wp","href":"https:\/\/api.w.org\/{rel}","templated":true}]}}