{"id":11908,"date":"2022-10-04T20:59:09","date_gmt":"2022-10-04T20:59:09","guid":{"rendered":"https:\/\/www.africa-press.net\/togo\/politique\/togo-le-parlement-de-la-cedeao-ouvre-sa-2eme-session-extraordinaire-de-lannee-2022-a-lome"},"modified":"2022-10-04T20:59:09","modified_gmt":"2022-10-04T20:59:09","slug":"togo-le-parlement-de-la-cedeao-ouvre-sa-2eme-session-extraordinaire-de-lannee-2022-a-lome","status":"publish","type":"post","link":"https:\/\/www.africa-press.net\/togo\/politique\/togo-le-parlement-de-la-cedeao-ouvre-sa-2eme-session-extraordinaire-de-lannee-2022-a-lome","title":{"rendered":"Togo-Le Parlement de la CEDEAO ouvre sa 2\u00e8me session extraordinaire de l\u2019ann\u00e9e 2022 \u00e0 Lom\u00e9"},"content":{"rendered":"<p><span style=\"color: #ff6600\"><strong>Africa-Press &#8211; Togo. <\/strong><\/span><b>La Pre\u0301sidente de l\u2019Assemble\u0301e nationale Chantal Yawa Djigbodi Tse\u0300gan, a, au nom du Pre\u0301sident de la Re\u0301publique, SEM Faure Essozimna Gnassingbe\u0301, ouvert la deuxie\u0300me session extraordinaire de l\u2019anne\u0301e 2022 du parlement de la Communaute\u0301 Economique des Etats de l\u2019Afrique de l\u2019Ouest (CEDEAO) ce 3 octobre 2022 a\u0300 Lome\u0301.<\/b><\/p>\n<p>Cette ce\u0301re\u0301monie solennelle d\u2019ouverture a connu aussi la pre\u0301sence d\u2019importantes personnalite\u0301s notamment des pre\u0301sidents des institutions de la Re\u0301publique, des membres du gouvernement et du corps diplomatique et consulaire. Elle a e\u0301te\u0301 ponctue\u0301e par diverses interventions.<\/p>\n<p>La troisie\u0300me vice-pre\u0301sidente du parlement de la CEDEAO, Ibrahima Me\u0301mounatou, a adresse\u0301 les mots de bienvenue a\u0300 ses colle\u0300gues de\u0301pute\u0301s et les a exhorte\u0301s a\u0300 l\u2019unite\u0301 d\u2019actions qui constitue la vision de l\u2019institution communautaire.<\/p>\n<p>\u00ab L\u2019histoire nous de\u0301montre a\u0300 suffisance que les populations de notre sous-re\u0301gion sont parmi les populations les plus mobiles au monde au sein du me\u0302me espace. Ce brassage incontestable re\u0301pond a\u0300 la vision qu\u2019incarne la CEDEAO, celle de promouvoir non seulement la coope\u0301ration rayonnante entre les E\u0301tats, mais surtout l\u2019inte\u0301gration radieuse des peuples. C\u2019est dans ce sens que de\u0300s sa cre\u0301ation en 2006, le Parlement de la CEDEAO a pris pour engagement d\u2019\u0153uvrer au bonheur des peuples et au renouveau des nations ouest-africaines \u00bb, a indique\u0301 Ibrahima Me\u0301mounatou, 3e\u0300me vice-pre\u0301sidente du parlement de la CEDEAO.<\/p>\n<p>Le pre\u0301sident du parlement de la CEDEAO, Sidie Mohamed Tunis, dans son intervention, a fait un travail de me\u0301moire sur la naissance de l\u2019institution sous-re\u0301gionale.<\/p>\n<p>\u00ab L\u2019enthousiasme manifeste\u0301 par le gouvernement et le peuple togolais ne devrait pas e\u0302tre une surprise pour ceux qui connaissent l\u2019histoire de la cre\u0301ation de la CEDEAO dans son inte\u0301gralite\u0301. Le Togo est connu pour son engagement en faveur de l\u2019inte\u0301gration ouest-africaine depuis des de\u0301cennies. Puis-je rappeler que l\u2019ide\u0301e de la cre\u0301ation de notre organisation sous -re\u0301gionale a e\u0301te\u0301 conc\u0327ue ici a\u0300 Lome\u0301, par Son Excellence feu Pre\u0301sident Gnassingbe\u0301 Eyadema. Cette brillante ide\u0301e a ensuite e\u0301te\u0301 soutenue par le chef d\u2019E\u0301tat nige\u0301rian de l\u2019e\u0301poque, le Ge\u0301ne\u0301ral Yakubu Gowon et d\u2019autres dirigeants ouest africains. Par ailleurs, c\u2019est aussi au Togo que s\u2019est tenue la toute premie\u0300re re\u0301union de\u0301localise\u0301e de la commission du Parlement de la CEDEAO.<\/p>\n<p>L\u2019objectif principal de l\u2019organisation de re\u0301unions de commissions hors du sie\u0300ge du Parlement e\u0301tait de rendre publiques les activite\u0301s du Parlement et de cre\u0301er un moyen permettant aux de\u0301pute\u0301s d\u2019interagir directement avec la population \u00bb.<\/p>\n<p>La Pre\u0301sidente de l\u2019Assemble\u0301e nationale, Yawa Djigbodi Tse\u0300gan a salue\u0301 le dynamisme qu\u2019affiche aujourd\u2019hui le parlement de la CEDEAO. Pour elle, l\u2019espace communautaire est en marche rigoureusement vers l\u2019accomplissement de son destin. Elle doit, a\u0300 travers cette session de\u0301localise\u0301e atteindre la mission a\u0300 elle assigne\u0301e, celle de doter la communaute\u0301 des ressources financie\u0300res.<\/p>\n<p>\u00ab C\u2019est ici l\u2019occasion d\u2019exprimer une fois de plus, toute notre admiration au Pre\u0301sident de la Re\u0301publique, Son Excellence Monsieur Faure Essozimna GNASSINGBE pour l\u2019efficacite\u0301 de sa politique de recherche et de maintien de la paix, principalement au sein de notre sous-re\u0301gion, afin que nos E\u0301tats puissent consacrer leurs efforts essentiellement aux actions prioritaires de de\u0301veloppement tant au plan e\u0301conomique que social.<\/p>\n<p>Il nous appartient aussi de poursuivre avec ardeur et perse\u0301ve\u0301rance le re\u0302ve d\u2019inte\u0301gration des pe\u0300res fondateurs, en vue de consolider la paix et la cohe\u0301sion sociale propice a\u0300 la modernisation de notre espace dans tous les domaines.<\/p>\n<p>Dans cette optique, les actions de notre institution parlementaire communautaire devront contribuer a\u0300 la re\u0301alisation de la \u00ab Vision 2050 \u00bb de la CEDEAO, celle de faire e\u0301merger \u00ab une Communaute\u0301 de peuples pleinement inte\u0301gre\u0301e dans une re\u0301gion paisible, prospe\u0300re avec des institutions fortes et respectueuses des liberte\u0301s fondamentales, \u0153uvrant pour un de\u0301veloppement inclusif et durable.<\/p>\n<p>Je conside\u0300re que cette vision, de\u0301cline\u0301e et articule\u0301e autour de cinq piliers fondamentaux a\u0300 savoir la paix, la se\u0301curite\u0301 et la stabilite\u0301, la gouvernance et l\u2019E\u0301tat de droit, l\u2019inte\u0301gration e\u0301conomique et l\u2019interconnectivite\u0301, la transformation et le de\u0301veloppement inclusif et durable ainsi que l\u2019inclusion sociale, est en parfaite cohe\u0301rence avec les aspirations des peuples de notre communaute\u0301. En cela, nous devons travailler d\u2019arrache-pied a\u0300 la mutualisation de nos e\u0301nergies, \u0153uvrer davantage et de manie\u0300re plus efficace aux pre\u0301occupations d\u2019inte\u0301re\u0302t commun sont la cle\u0301 de l\u2019avenir et du destin d\u2019une CEDEAO contemporaine \u00bb, a indique\u0301 Madame Yawa Djigbodi Tse\u0300gan, Pre\u0301sidente de l\u2019Assemble\u0301e nationale.<\/p>\n<p>Les travaux de cette session qui vont durer jusqu\u2019au 8 octobre 2022 a\u0300 Lome\u0301, vont e\u0302tre essentiellement consacre\u0301s a\u0300 l\u2019examen et l\u2019adoption des pre\u0301visions budge\u0301taires annuelles 2023 du parlement, du rapport de la Commission Administration, Finances, contro\u0302le du budget et Audits sur l\u2019avant-projet de budget 2023 du parlement et des rapports des commissions permanentes, mixtes et ad hoc.<\/p>\n<p><strong>Pour plus d&rsquo;informations et d&rsquo;analyses sur la <a href=\"https:\/\/www.africa-press.net\/togo\">Togo<\/a>, suivez <a href=\"https:\/\/www.africa-press.net\/\">Africa-Press<\/a><\/strong><\/p>\n","protected":false},"excerpt":{"rendered":"<p>Africa-Press &#8211; Togo. La Pre\u0301sidente de l\u2019Assemble\u0301e nationale Chantal Yawa Djigbodi Tse\u0300gan, a, au nom du Pre\u0301sident de la Re\u0301publique, SEM Faure Essozimna Gnassingbe\u0301, ouvert la deuxie\u0300me session extraordinaire de l\u2019anne\u0301e 2022 du parlement de la Communaute\u0301 Economique des Etats de l\u2019Afrique de l\u2019Ouest (CEDEAO) ce 3 octobre 2022 a\u0300 Lome\u0301. Cette ce\u0301re\u0301monie solennelle d\u2019ouverture [&hellip;]<\/p>\n","protected":false},"author":82,"featured_media":11907,"comment_status":"open","ping_status":"closed","sticky":false,"template":"","format":"standard","meta":{"footnotes":""},"categories":[2,10],"tags":[36,49,50],"class_list":["post-11908","post","type-post","status-publish","format-standard","has-post-thumbnail","hentry","category-politique","category-toutes-les-actualites","tag-africa-press","tag-africa-press-togo","tag-togo"],"yoast_head":"<!-- This site is optimized with the Yoast SEO Premium plugin v26.1 (Yoast SEO v27.0) - https:\/\/yoast.com\/product\/yoast-seo-premium-wordpress\/ -->\n<title>Togo-Le Parlement de la CEDEAO ouvre sa 2\u00e8me session extraordinaire de l\u2019ann\u00e9e 2022 \u00e0 Lom\u00e9 - Togo<\/title>\n<meta name=\"robots\" content=\"index, follow, max-snippet:-1, max-image-preview:large, max-video-preview:-1\" \/>\n<link rel=\"canonical\" href=\"https:\/\/www.africa-press.net\/togo\/politique\/togo-le-parlement-de-la-cedeao-ouvre-sa-2eme-session-extraordinaire-de-lannee-2022-a-lome\" \/>\n<meta property=\"og:locale\" content=\"fr_FR\" \/>\n<meta property=\"og:type\" content=\"article\" \/>\n<meta property=\"og:title\" content=\"Togo-Le Parlement de la CEDEAO ouvre sa 2\u00e8me session extraordinaire de l\u2019ann\u00e9e 2022 \u00e0 Lom\u00e9\" \/>\n<meta property=\"og:description\" content=\"Africa-Press &#8211; Togo. La Pre\u0301sidente de l\u2019Assemble\u0301e nationale Chantal Yawa Djigbodi Tse\u0300gan, a, au nom du Pre\u0301sident de la Re\u0301publique, SEM Faure Essozimna Gnassingbe\u0301, ouvert la deuxie\u0300me session extraordinaire de l\u2019anne\u0301e 2022 du parlement de la Communaute\u0301 Economique des Etats de l\u2019Afrique de l\u2019Ouest (CEDEAO) ce 3 octobre 2022 a\u0300 Lome\u0301. Cette ce\u0301re\u0301monie solennelle d\u2019ouverture [&hellip;]\" \/>\n<meta property=\"og:url\" content=\"https:\/\/www.africa-press.net\/togo\/politique\/togo-le-parlement-de-la-cedeao-ouvre-sa-2eme-session-extraordinaire-de-lannee-2022-a-lome\" \/>\n<meta property=\"og:site_name\" content=\"Togo\" \/>\n<meta property=\"article:published_time\" content=\"2022-10-04T20:59:09+00:00\" \/>\n<meta name=\"author\" content=\"cfeditorfr\" \/>\n<meta name=\"twitter:card\" content=\"summary_large_image\" \/>\n<meta name=\"twitter:label1\" content=\"\u00c9crit par\" \/>\n\t<meta name=\"twitter:data1\" content=\"cfeditorfr\" \/>\n\t<meta name=\"twitter:label2\" content=\"Dur\u00e9e de lecture estim\u00e9e\" \/>\n\t<meta name=\"twitter:data2\" content=\"5 minutes\" \/>\n<script type=\"application\/ld+json\" class=\"yoast-schema-graph\">{\"@context\":\"https:\/\/schema.org\",\"@graph\":[{\"@type\":\"Article\",\"@id\":\"https:\/\/www.africa-press.net\/togo\/politique\/togo-le-parlement-de-la-cedeao-ouvre-sa-2eme-session-extraordinaire-de-lannee-2022-a-lome#article\",\"isPartOf\":{\"@id\":\"https:\/\/www.africa-press.net\/togo\/politique\/togo-le-parlement-de-la-cedeao-ouvre-sa-2eme-session-extraordinaire-de-lannee-2022-a-lome\"},\"author\":{\"name\":\"cfeditorfr\",\"@id\":\"https:\/\/www.africa-press.net\/togo\/#\/schema\/person\/2b1cf3cd81a31e3cd26889ca66d677f1\"},\"headline\":\"Togo-Le Parlement de la CEDEAO ouvre sa 2\u00e8me session extraordinaire de l\u2019ann\u00e9e 2022 \u00e0 Lom\u00e9\",\"datePublished\":\"2022-10-04T20:59:09+00:00\",\"mainEntityOfPage\":{\"@id\":\"https:\/\/www.africa-press.net\/togo\/politique\/togo-le-parlement-de-la-cedeao-ouvre-sa-2eme-session-extraordinaire-de-lannee-2022-a-lome\"},\"wordCount\":933,\"commentCount\":0,\"image\":{\"@id\":\"https:\/\/www.africa-press.net\/togo\/politique\/togo-le-parlement-de-la-cedeao-ouvre-sa-2eme-session-extraordinaire-de-lannee-2022-a-lome#primaryimage\"},\"thumbnailUrl\":\"https:\/\/static.africa-press.net\/togo\/sites\/58\/2022\/10\/postQueueImg_2-633ca079d6ffd.jpg\",\"keywords\":[\"Africa Press\",\"Africa Press-Togo\",\"Togo\"],\"articleSection\":[\"Politique\",\"Toutes les actualit\u00e9s\"],\"inLanguage\":\"fr-FR\",\"potentialAction\":[{\"@type\":\"CommentAction\",\"name\":\"Comment\",\"target\":[\"https:\/\/www.africa-press.net\/togo\/politique\/togo-le-parlement-de-la-cedeao-ouvre-sa-2eme-session-extraordinaire-de-lannee-2022-a-lome#respond\"]}]},{\"@type\":\"WebPage\",\"@id\":\"https:\/\/www.africa-press.net\/togo\/politique\/togo-le-parlement-de-la-cedeao-ouvre-sa-2eme-session-extraordinaire-de-lannee-2022-a-lome\",\"url\":\"https:\/\/www.africa-press.net\/togo\/politique\/togo-le-parlement-de-la-cedeao-ouvre-sa-2eme-session-extraordinaire-de-lannee-2022-a-lome\",\"name\":\"Togo-Le Parlement de la CEDEAO ouvre sa 2\u00e8me session extraordinaire de l\u2019ann\u00e9e 2022 \u00e0 Lom\u00e9 - Togo\",\"isPartOf\":{\"@id\":\"https:\/\/www.africa-press.net\/togo\/#website\"},\"primaryImageOfPage\":{\"@id\":\"https:\/\/www.africa-press.net\/togo\/politique\/togo-le-parlement-de-la-cedeao-ouvre-sa-2eme-session-extraordinaire-de-lannee-2022-a-lome#primaryimage\"},\"image\":{\"@id\":\"https:\/\/www.africa-press.net\/togo\/politique\/togo-le-parlement-de-la-cedeao-ouvre-sa-2eme-session-extraordinaire-de-lannee-2022-a-lome#primaryimage\"},\"thumbnailUrl\":\"https:\/\/static.africa-press.net\/togo\/sites\/58\/2022\/10\/postQueueImg_2-633ca079d6ffd.jpg\",\"datePublished\":\"2022-10-04T20:59:09+00:00\",\"author\":{\"@id\":\"https:\/\/www.africa-press.net\/togo\/#\/schema\/person\/2b1cf3cd81a31e3cd26889ca66d677f1\"},\"breadcrumb\":{\"@id\":\"https:\/\/www.africa-press.net\/togo\/politique\/togo-le-parlement-de-la-cedeao-ouvre-sa-2eme-session-extraordinaire-de-lannee-2022-a-lome#breadcrumb\"},\"inLanguage\":\"fr-FR\",\"potentialAction\":[{\"@type\":\"ReadAction\",\"target\":[\"https:\/\/www.africa-press.net\/togo\/politique\/togo-le-parlement-de-la-cedeao-ouvre-sa-2eme-session-extraordinaire-de-lannee-2022-a-lome\"]}]},{\"@type\":\"ImageObject\",\"inLanguage\":\"fr-FR\",\"@id\":\"https:\/\/www.africa-press.net\/togo\/politique\/togo-le-parlement-de-la-cedeao-ouvre-sa-2eme-session-extraordinaire-de-lannee-2022-a-lome#primaryimage\",\"url\":\"https:\/\/static.africa-press.net\/togo\/sites\/58\/2022\/10\/postQueueImg_2-633ca079d6ffd.jpg\",\"contentUrl\":\"https:\/\/static.africa-press.net\/togo\/sites\/58\/2022\/10\/postQueueImg_2-633ca079d6ffd.jpg\",\"width\":1280,\"height\":831,\"caption\":\"Togo-Le Parlement de la CEDEAO ouvre sa 2\u00e8me session extraordinaire de l\u2019ann\u00e9e 2022 \u00e0 Lom\u00e9\"},{\"@type\":\"BreadcrumbList\",\"@id\":\"https:\/\/www.africa-press.net\/togo\/politique\/togo-le-parlement-de-la-cedeao-ouvre-sa-2eme-session-extraordinaire-de-lannee-2022-a-lome#breadcrumb\",\"itemListElement\":[{\"@type\":\"ListItem\",\"position\":1,\"name\":\"Accueil\",\"item\":\"https:\/\/www.africa-press.net\/togo\/\"},{\"@type\":\"ListItem\",\"position\":2,\"name\":\"Togo-Le Parlement de la CEDEAO ouvre sa 2\u00e8me session extraordinaire de l\u2019ann\u00e9e 2022 \u00e0 Lom\u00e9\"}]},{\"@type\":\"WebSite\",\"@id\":\"https:\/\/www.africa-press.net\/togo\/#website\",\"url\":\"https:\/\/www.africa-press.net\/togo\/\",\"name\":\"Togo\",\"description\":\"Just another Africa News Agency Sites site\",\"potentialAction\":[{\"@type\":\"SearchAction\",\"target\":{\"@type\":\"EntryPoint\",\"urlTemplate\":\"https:\/\/www.africa-press.net\/togo\/?s={search_term_string}\"},\"query-input\":{\"@type\":\"PropertyValueSpecification\",\"valueRequired\":true,\"valueName\":\"search_term_string\"}}],\"inLanguage\":\"fr-FR\"},{\"@type\":\"Person\",\"@id\":\"https:\/\/www.africa-press.net\/togo\/#\/schema\/person\/2b1cf3cd81a31e3cd26889ca66d677f1\",\"name\":\"cfeditorfr\"}]}<\/script>\n<!-- \/ Yoast SEO Premium plugin. -->","yoast_head_json":{"title":"Togo-Le Parlement de la CEDEAO ouvre sa 2\u00e8me session extraordinaire de l\u2019ann\u00e9e 2022 \u00e0 Lom\u00e9 - Togo","robots":{"index":"index","follow":"follow","max-snippet":"max-snippet:-1","max-image-preview":"max-image-preview:large","max-video-preview":"max-video-preview:-1"},"canonical":"https:\/\/www.africa-press.net\/togo\/politique\/togo-le-parlement-de-la-cedeao-ouvre-sa-2eme-session-extraordinaire-de-lannee-2022-a-lome","og_locale":"fr_FR","og_type":"article","og_title":"Togo-Le Parlement de la CEDEAO ouvre sa 2\u00e8me session extraordinaire de l\u2019ann\u00e9e 2022 \u00e0 Lom\u00e9","og_description":"Africa-Press &#8211; Togo. La Pre\u0301sidente de l\u2019Assemble\u0301e nationale Chantal Yawa Djigbodi Tse\u0300gan, a, au nom du Pre\u0301sident de la Re\u0301publique, SEM Faure Essozimna Gnassingbe\u0301, ouvert la deuxie\u0300me session extraordinaire de l\u2019anne\u0301e 2022 du parlement de la Communaute\u0301 Economique des Etats de l\u2019Afrique de l\u2019Ouest (CEDEAO) ce 3 octobre 2022 a\u0300 Lome\u0301. Cette ce\u0301re\u0301monie solennelle d\u2019ouverture [&hellip;]","og_url":"https:\/\/www.africa-press.net\/togo\/politique\/togo-le-parlement-de-la-cedeao-ouvre-sa-2eme-session-extraordinaire-de-lannee-2022-a-lome","og_site_name":"Togo","article_published_time":"2022-10-04T20:59:09+00:00","author":"cfeditorfr","twitter_card":"summary_large_image","twitter_misc":{"\u00c9crit par":"cfeditorfr","Dur\u00e9e de lecture estim\u00e9e":"5 minutes"},"schema":{"@context":"https:\/\/schema.org","@graph":[{"@type":"Article","@id":"https:\/\/www.africa-press.net\/togo\/politique\/togo-le-parlement-de-la-cedeao-ouvre-sa-2eme-session-extraordinaire-de-lannee-2022-a-lome#article","isPartOf":{"@id":"https:\/\/www.africa-press.net\/togo\/politique\/togo-le-parlement-de-la-cedeao-ouvre-sa-2eme-session-extraordinaire-de-lannee-2022-a-lome"},"author":{"name":"cfeditorfr","@id":"https:\/\/www.africa-press.net\/togo\/#\/schema\/person\/2b1cf3cd81a31e3cd26889ca66d677f1"},"headline":"Togo-Le Parlement de la CEDEAO ouvre sa 2\u00e8me session extraordinaire de l\u2019ann\u00e9e 2022 \u00e0 Lom\u00e9","datePublished":"2022-10-04T20:59:09+00:00","mainEntityOfPage":{"@id":"https:\/\/www.africa-press.net\/togo\/politique\/togo-le-parlement-de-la-cedeao-ouvre-sa-2eme-session-extraordinaire-de-lannee-2022-a-lome"},"wordCount":933,"commentCount":0,"image":{"@id":"https:\/\/www.africa-press.net\/togo\/politique\/togo-le-parlement-de-la-cedeao-ouvre-sa-2eme-session-extraordinaire-de-lannee-2022-a-lome#primaryimage"},"thumbnailUrl":"https:\/\/static.africa-press.net\/togo\/sites\/58\/2022\/10\/postQueueImg_2-633ca079d6ffd.jpg","keywords":["Africa Press","Africa Press-Togo","Togo"],"articleSection":["Politique","Toutes les actualit\u00e9s"],"inLanguage":"fr-FR","potentialAction":[{"@type":"CommentAction","name":"Comment","target":["https:\/\/www.africa-press.net\/togo\/politique\/togo-le-parlement-de-la-cedeao-ouvre-sa-2eme-session-extraordinaire-de-lannee-2022-a-lome#respond"]}]},{"@type":"WebPage","@id":"https:\/\/www.africa-press.net\/togo\/politique\/togo-le-parlement-de-la-cedeao-ouvre-sa-2eme-session-extraordinaire-de-lannee-2022-a-lome","url":"https:\/\/www.africa-press.net\/togo\/politique\/togo-le-parlement-de-la-cedeao-ouvre-sa-2eme-session-extraordinaire-de-lannee-2022-a-lome","name":"Togo-Le Parlement de la CEDEAO ouvre sa 2\u00e8me session extraordinaire de l\u2019ann\u00e9e 2022 \u00e0 Lom\u00e9 - Togo","isPartOf":{"@id":"https:\/\/www.africa-press.net\/togo\/#website"},"primaryImageOfPage":{"@id":"https:\/\/www.africa-press.net\/togo\/politique\/togo-le-parlement-de-la-cedeao-ouvre-sa-2eme-session-extraordinaire-de-lannee-2022-a-lome#primaryimage"},"image":{"@id":"https:\/\/www.africa-press.net\/togo\/politique\/togo-le-parlement-de-la-cedeao-ouvre-sa-2eme-session-extraordinaire-de-lannee-2022-a-lome#primaryimage"},"thumbnailUrl":"https:\/\/static.africa-press.net\/togo\/sites\/58\/2022\/10\/postQueueImg_2-633ca079d6ffd.jpg","datePublished":"2022-10-04T20:59:09+00:00","author":{"@id":"https:\/\/www.africa-press.net\/togo\/#\/schema\/person\/2b1cf3cd81a31e3cd26889ca66d677f1"},"breadcrumb":{"@id":"https:\/\/www.africa-press.net\/togo\/politique\/togo-le-parlement-de-la-cedeao-ouvre-sa-2eme-session-extraordinaire-de-lannee-2022-a-lome#breadcrumb"},"inLanguage":"fr-FR","potentialAction":[{"@type":"ReadAction","target":["https:\/\/www.africa-press.net\/togo\/politique\/togo-le-parlement-de-la-cedeao-ouvre-sa-2eme-session-extraordinaire-de-lannee-2022-a-lome"]}]},{"@type":"ImageObject","inLanguage":"fr-FR","@id":"https:\/\/www.africa-press.net\/togo\/politique\/togo-le-parlement-de-la-cedeao-ouvre-sa-2eme-session-extraordinaire-de-lannee-2022-a-lome#primaryimage","url":"https:\/\/static.africa-press.net\/togo\/sites\/58\/2022\/10\/postQueueImg_2-633ca079d6ffd.jpg","contentUrl":"https:\/\/static.africa-press.net\/togo\/sites\/58\/2022\/10\/postQueueImg_2-633ca079d6ffd.jpg","width":1280,"height":831,"caption":"Togo-Le Parlement de la CEDEAO ouvre sa 2\u00e8me session extraordinaire de l\u2019ann\u00e9e 2022 \u00e0 Lom\u00e9"},{"@type":"BreadcrumbList","@id":"https:\/\/www.africa-press.net\/togo\/politique\/togo-le-parlement-de-la-cedeao-ouvre-sa-2eme-session-extraordinaire-de-lannee-2022-a-lome#breadcrumb","itemListElement":[{"@type":"ListItem","position":1,"name":"Accueil","item":"https:\/\/www.africa-press.net\/togo\/"},{"@type":"ListItem","position":2,"name":"Togo-Le Parlement de la CEDEAO ouvre sa 2\u00e8me session extraordinaire de l\u2019ann\u00e9e 2022 \u00e0 Lom\u00e9"}]},{"@type":"WebSite","@id":"https:\/\/www.africa-press.net\/togo\/#website","url":"https:\/\/www.africa-press.net\/togo\/","name":"Togo","description":"Just another Africa News Agency Sites site","potentialAction":[{"@type":"SearchAction","target":{"@type":"EntryPoint","urlTemplate":"https:\/\/www.africa-press.net\/togo\/?s={search_term_string}"},"query-input":{"@type":"PropertyValueSpecification","valueRequired":true,"valueName":"search_term_string"}}],"inLanguage":"fr-FR"},{"@type":"Person","@id":"https:\/\/www.africa-press.net\/togo\/#\/schema\/person\/2b1cf3cd81a31e3cd26889ca66d677f1","name":"cfeditorfr"}]}},"_links":{"self":[{"href":"https:\/\/www.africa-press.net\/togo\/wp-json\/wp\/v2\/posts\/11908","targetHints":{"allow":["GET"]}}],"collection":[{"href":"https:\/\/www.africa-press.net\/togo\/wp-json\/wp\/v2\/posts"}],"about":[{"href":"https:\/\/www.africa-press.net\/togo\/wp-json\/wp\/v2\/types\/post"}],"author":[{"embeddable":true,"href":"https:\/\/www.africa-press.net\/togo\/wp-json\/wp\/v2\/users\/82"}],"replies":[{"embeddable":true,"href":"https:\/\/www.africa-press.net\/togo\/wp-json\/wp\/v2\/comments?post=11908"}],"version-history":[{"count":0,"href":"https:\/\/www.africa-press.net\/togo\/wp-json\/wp\/v2\/posts\/11908\/revisions"}],"wp:featuredmedia":[{"embeddable":true,"href":"https:\/\/www.africa-press.net\/togo\/wp-json\/wp\/v2\/media\/11907"}],"wp:attachment":[{"href":"https:\/\/www.africa-press.net\/togo\/wp-json\/wp\/v2\/media?parent=11908"}],"wp:term":[{"taxonomy":"category","embeddable":true,"href":"https:\/\/www.africa-press.net\/togo\/wp-json\/wp\/v2\/categories?post=11908"},{"taxonomy":"post_tag","embeddable":true,"href":"https:\/\/www.africa-press.net\/togo\/wp-json\/wp\/v2\/tags?post=11908"}],"curies":[{"name":"wp","href":"https:\/\/api.w.org\/{rel}","templated":true}]}}