{"id":11937,"date":"2022-10-04T21:01:13","date_gmt":"2022-10-04T21:01:13","guid":{"rendered":"https:\/\/www.africa-press.net\/togo\/politique\/togo-faure-gnassingbe-sen-tire-tres-bien-dans-ce-chaos-ouest-africain"},"modified":"2022-10-04T21:25:05","modified_gmt":"2022-10-04T21:25:05","slug":"togo-faure-gnassingbe-sen-tire-tres-bien-dans-ce-chaos-ouest-africain","status":"publish","type":"post","link":"https:\/\/www.africa-press.net\/togo\/politique\/togo-faure-gnassingbe-sen-tire-tres-bien-dans-ce-chaos-ouest-africain","title":{"rendered":"Togo-Faure Gnassingb\u00e9 s\u2019en tire tr\u00e8s bien dans ce chaos ouest-africain"},"content":{"rendered":"<p><span style=\"color: #ff6600\"><strong>Africa-Press &#8211; Togo. <\/strong><\/span><b>Depuis qu\u2019il a rec\u0327u le titre du \u00ab jeune doyen \u00bb des chefs d\u2019Etat de la sous-re\u0301gion, Faure Gnassingbe\u0301 semble s\u2019e\u0302tre investi d\u2019une mission d\u2019\u00ab activiste \u00bb dans l\u2019espace CEDEAO.<\/b><\/p>\n<p>Me\u0301diateur par-ci, facilitateur par-la\u0300&#8230; la diplomatie du chef de l\u2019Etat togolais a le vent en poupe. Le \u00ab jeune doyen \u00bb s\u2019en tire tre\u0300s bien dans ce chaos ouest-africain ou\u0300 tout le monde s\u2019est radicalise\u0301 pro ou anti-franc\u0327ais.<\/p>\n<p>\u00ab Le matin, il vient discuter avec le re\u0301gime anti-franc\u0327ais de Bamako qui le rec\u0327oit avec tous les honneurs. A midi, il s\u2019en va a\u0300 Abidjan prendre son de\u0301jeuner avec le pro-franc\u0327ais Alassane Ouattara qui lui tapote l\u2019e\u0301paule et l\u2019appelle le jeune doyen. Le soir, il envoie son ministre des Affaires e\u0301trange\u0300res faire un discours re\u0301volutionnaire a\u0300 la tribune des E\u0301tats-Unis ou\u0300 il demande la fin de la pre\u0301dation de l\u2019Afrique par les impe\u0301rialistes. La nuit, il di\u0302ne avec le pro-franc\u0327ais Macky Sall et ils peaufinent ensemble des plans pour que la France augmente ses desserts sur la table africaine \u00bb, a ironise\u0301 l\u2019e\u0301crivain togolais David Kpelly sur son compte Facebook.<\/p>\n<p>L\u2019homme est sur tous les fronts. Pas plus tard que samedi dernier, il a affre\u0301te\u0301 un he\u0301licopte\u0300re pour exfiltrer l\u2019ex-chef de la junte burkinabe\u0300, le Col. Sandaogo Damiba, actuellement en exil a\u0300 Lome\u0301. Ce ro\u0302le de me\u0301diateur ou de facilitateur ne laisse pas l\u2019opposition indiffe\u0301rente. Le pre\u0301sident du Parti des Togolais semble appre\u0301cier le geste, mais il doute se\u0301rieusement de l\u2019intention re\u0301elle cache\u0301e derrie\u0300re ces \u00ab bonnes actions \u00bb de Faure Gnassingbe\u0301.<\/p>\n<p>\u00ab Hier me\u0301diateur au Mali, aujourd\u2019hui accueil du putschiste du Burkina Paul-Henri Damiba de\u0301pose\u0301 a\u0300 son tour. Cet activisme du chef de l\u2019Etat du Togo n\u2019est pas mauvais en soi. Mais quand on est aussi dictateur chez soi, cela jette un scepticisme sur les re\u0301els objectifs poursuivis \u00bb, a tweete\u0301 Nathaniel Olympio.<\/p>\n<p>Hier me\u0301diateur au #Mali, aujourd\u2019hui accueil du putschiste du #Burkina Paul-Henri Damiba de\u0301pose\u0301 a\u0300 son tour. Cet activisme du chef de l\u2019Etat du #Togo n\u2019est pas mauvais en soi. Mais quand on est aussi #dictateur chez soi, cela jette un scepticisme sur les re\u0301els objectifs poursuivis pic.twitter.com\/XIQqAJp4Ev<\/p>\n<p><strong>Pour plus d&rsquo;informations et d&rsquo;analyses sur la <a href=\"https:\/\/www.africa-press.net\/togo\">Togo<\/a>, suivez <a href=\"https:\/\/www.africa-press.net\/\">Africa-Press<\/a><\/strong><\/p>\n","protected":false},"excerpt":{"rendered":"<p>Africa-Press &#8211; Togo. Depuis qu\u2019il a rec\u0327u le titre du \u00ab jeune doyen \u00bb des chefs d\u2019Etat de la sous-re\u0301gion, Faure Gnassingbe\u0301 semble s\u2019e\u0302tre investi d\u2019une mission d\u2019\u00ab activiste \u00bb dans l\u2019espace CEDEAO. Me\u0301diateur par-ci, facilitateur par-la\u0300&#8230; la diplomatie du chef de l\u2019Etat togolais a le vent en poupe. Le \u00ab jeune doyen \u00bb s\u2019en [&hellip;]<\/p>\n","protected":false},"author":82,"featured_media":11936,"comment_status":"open","ping_status":"closed","sticky":false,"template":"","format":"standard","meta":{"footnotes":""},"categories":[2,10],"tags":[36,49,50],"class_list":["post-11937","post","type-post","status-publish","format-standard","has-post-thumbnail","hentry","category-politique","category-toutes-les-actualites","tag-africa-press","tag-africa-press-togo","tag-togo"],"yoast_head":"<!-- This site is optimized with the Yoast SEO Premium plugin v26.1 (Yoast SEO v27.0) - https:\/\/yoast.com\/product\/yoast-seo-premium-wordpress\/ -->\n<title>Togo-Faure Gnassingb\u00e9 s\u2019en tire tr\u00e8s bien dans ce chaos ouest-africain - Togo<\/title>\n<meta name=\"description\" content=\"Depuis qu\u2019il a rec\u0327u le titre du \u00ab jeune doyen \u00bb des chefs d\u2019Etat de la sous-re\u0301gion, Faure Gnassingbe\u0301 semble s\u2019e\u0302tr ...\" \/>\n<meta name=\"robots\" content=\"index, follow, max-snippet:-1, max-image-preview:large, max-video-preview:-1\" \/>\n<link rel=\"canonical\" href=\"https:\/\/www.africa-press.net\/togo\/politique\/togo-faure-gnassingbe-sen-tire-tres-bien-dans-ce-chaos-ouest-africain\" \/>\n<meta property=\"og:locale\" content=\"fr_FR\" \/>\n<meta property=\"og:type\" content=\"article\" \/>\n<meta property=\"og:title\" content=\"Togo-Faure Gnassingb\u00e9 s\u2019en tire tr\u00e8s bien dans ce chaos ouest-africain\" \/>\n<meta property=\"og:description\" content=\"Depuis qu\u2019il a rec\u0327u le titre du \u00ab jeune doyen \u00bb des chefs d\u2019Etat de la sous-re\u0301gion, Faure Gnassingbe\u0301 semble s\u2019e\u0302tr ...\" \/>\n<meta property=\"og:url\" content=\"https:\/\/www.africa-press.net\/togo\/politique\/togo-faure-gnassingbe-sen-tire-tres-bien-dans-ce-chaos-ouest-africain\" \/>\n<meta property=\"og:site_name\" content=\"Togo\" \/>\n<meta property=\"article:published_time\" content=\"2022-10-04T21:01:13+00:00\" \/>\n<meta property=\"article:modified_time\" content=\"2022-10-04T21:25:05+00:00\" \/>\n<meta property=\"og:image\" content=\"https:\/\/static.africa-press.net\/togo\/sites\/58\/2022\/10\/postQueueImg_12-633ca4762d234.jpg\" \/>\n\t<meta property=\"og:image:width\" content=\"1280\" \/>\n\t<meta property=\"og:image:height\" content=\"800\" \/>\n\t<meta property=\"og:image:type\" content=\"image\/jpeg\" \/>\n<meta name=\"author\" content=\"cfeditorfr\" \/>\n<meta name=\"twitter:card\" content=\"summary_large_image\" \/>\n<meta name=\"twitter:label1\" content=\"\u00c9crit par\" \/>\n\t<meta name=\"twitter:data1\" content=\"cfeditorfr\" \/>\n\t<meta name=\"twitter:label2\" content=\"Dur\u00e9e de lecture estim\u00e9e\" \/>\n\t<meta name=\"twitter:data2\" content=\"2 minutes\" \/>\n<script type=\"application\/ld+json\" class=\"yoast-schema-graph\">{\"@context\":\"https:\/\/schema.org\",\"@graph\":[{\"@type\":\"Article\",\"@id\":\"https:\/\/www.africa-press.net\/togo\/politique\/togo-faure-gnassingbe-sen-tire-tres-bien-dans-ce-chaos-ouest-africain#article\",\"isPartOf\":{\"@id\":\"https:\/\/www.africa-press.net\/togo\/politique\/togo-faure-gnassingbe-sen-tire-tres-bien-dans-ce-chaos-ouest-africain\"},\"author\":{\"name\":\"cfeditorfr\",\"@id\":\"https:\/\/www.africa-press.net\/togo\/#\/schema\/person\/2b1cf3cd81a31e3cd26889ca66d677f1\"},\"headline\":\"Togo-Faure Gnassingb\u00e9 s\u2019en tire tr\u00e8s bien dans ce chaos ouest-africain\",\"datePublished\":\"2022-10-04T21:01:13+00:00\",\"dateModified\":\"2022-10-04T21:25:05+00:00\",\"mainEntityOfPage\":{\"@id\":\"https:\/\/www.africa-press.net\/togo\/politique\/togo-faure-gnassingbe-sen-tire-tres-bien-dans-ce-chaos-ouest-africain\"},\"wordCount\":432,\"commentCount\":0,\"image\":{\"@id\":\"https:\/\/www.africa-press.net\/togo\/politique\/togo-faure-gnassingbe-sen-tire-tres-bien-dans-ce-chaos-ouest-africain#primaryimage\"},\"thumbnailUrl\":\"https:\/\/static.africa-press.net\/togo\/sites\/58\/2022\/10\/postQueueImg_12-633ca4762d234.jpg\",\"keywords\":[\"Africa Press\",\"Africa Press-Togo\",\"Togo\"],\"articleSection\":[\"Politique\",\"Toutes les actualit\u00e9s\"],\"inLanguage\":\"fr-FR\",\"potentialAction\":[{\"@type\":\"CommentAction\",\"name\":\"Comment\",\"target\":[\"https:\/\/www.africa-press.net\/togo\/politique\/togo-faure-gnassingbe-sen-tire-tres-bien-dans-ce-chaos-ouest-africain#respond\"]}]},{\"@type\":\"WebPage\",\"@id\":\"https:\/\/www.africa-press.net\/togo\/politique\/togo-faure-gnassingbe-sen-tire-tres-bien-dans-ce-chaos-ouest-africain\",\"url\":\"https:\/\/www.africa-press.net\/togo\/politique\/togo-faure-gnassingbe-sen-tire-tres-bien-dans-ce-chaos-ouest-africain\",\"name\":\"Togo-Faure Gnassingb\u00e9 s\u2019en tire tr\u00e8s bien dans ce chaos ouest-africain - Togo\",\"isPartOf\":{\"@id\":\"https:\/\/www.africa-press.net\/togo\/#website\"},\"primaryImageOfPage\":{\"@id\":\"https:\/\/www.africa-press.net\/togo\/politique\/togo-faure-gnassingbe-sen-tire-tres-bien-dans-ce-chaos-ouest-africain#primaryimage\"},\"image\":{\"@id\":\"https:\/\/www.africa-press.net\/togo\/politique\/togo-faure-gnassingbe-sen-tire-tres-bien-dans-ce-chaos-ouest-africain#primaryimage\"},\"thumbnailUrl\":\"https:\/\/static.africa-press.net\/togo\/sites\/58\/2022\/10\/postQueueImg_12-633ca4762d234.jpg\",\"datePublished\":\"2022-10-04T21:01:13+00:00\",\"dateModified\":\"2022-10-04T21:25:05+00:00\",\"author\":{\"@id\":\"https:\/\/www.africa-press.net\/togo\/#\/schema\/person\/2b1cf3cd81a31e3cd26889ca66d677f1\"},\"description\":\"Depuis qu\u2019il a rec\u0327u le titre du \u00ab jeune doyen \u00bb des chefs d\u2019Etat de la sous-re\u0301gion, Faure Gnassingbe\u0301 semble s\u2019e\u0302tr ...\",\"breadcrumb\":{\"@id\":\"https:\/\/www.africa-press.net\/togo\/politique\/togo-faure-gnassingbe-sen-tire-tres-bien-dans-ce-chaos-ouest-africain#breadcrumb\"},\"inLanguage\":\"fr-FR\",\"potentialAction\":[{\"@type\":\"ReadAction\",\"target\":[\"https:\/\/www.africa-press.net\/togo\/politique\/togo-faure-gnassingbe-sen-tire-tres-bien-dans-ce-chaos-ouest-africain\"]}]},{\"@type\":\"ImageObject\",\"inLanguage\":\"fr-FR\",\"@id\":\"https:\/\/www.africa-press.net\/togo\/politique\/togo-faure-gnassingbe-sen-tire-tres-bien-dans-ce-chaos-ouest-africain#primaryimage\",\"url\":\"https:\/\/static.africa-press.net\/togo\/sites\/58\/2022\/10\/postQueueImg_12-633ca4762d234.jpg\",\"contentUrl\":\"https:\/\/static.africa-press.net\/togo\/sites\/58\/2022\/10\/postQueueImg_12-633ca4762d234.jpg\",\"width\":1280,\"height\":800,\"caption\":\"Togo-Faure Gnassingb\u00e9 s\u2019en tire tr\u00e8s bien dans ce chaos ouest-africain\"},{\"@type\":\"BreadcrumbList\",\"@id\":\"https:\/\/www.africa-press.net\/togo\/politique\/togo-faure-gnassingbe-sen-tire-tres-bien-dans-ce-chaos-ouest-africain#breadcrumb\",\"itemListElement\":[{\"@type\":\"ListItem\",\"position\":1,\"name\":\"Accueil\",\"item\":\"https:\/\/www.africa-press.net\/togo\/\"},{\"@type\":\"ListItem\",\"position\":2,\"name\":\"Togo-Faure Gnassingb\u00e9 s\u2019en tire tr\u00e8s bien dans ce chaos ouest-africain\"}]},{\"@type\":\"WebSite\",\"@id\":\"https:\/\/www.africa-press.net\/togo\/#website\",\"url\":\"https:\/\/www.africa-press.net\/togo\/\",\"name\":\"Togo\",\"description\":\"Just another Africa News Agency Sites site\",\"potentialAction\":[{\"@type\":\"SearchAction\",\"target\":{\"@type\":\"EntryPoint\",\"urlTemplate\":\"https:\/\/www.africa-press.net\/togo\/?s={search_term_string}\"},\"query-input\":{\"@type\":\"PropertyValueSpecification\",\"valueRequired\":true,\"valueName\":\"search_term_string\"}}],\"inLanguage\":\"fr-FR\"},{\"@type\":\"Person\",\"@id\":\"https:\/\/www.africa-press.net\/togo\/#\/schema\/person\/2b1cf3cd81a31e3cd26889ca66d677f1\",\"name\":\"cfeditorfr\"}]}<\/script>\n<!-- \/ Yoast SEO Premium plugin. -->","yoast_head_json":{"title":"Togo-Faure Gnassingb\u00e9 s\u2019en tire tr\u00e8s bien dans ce chaos ouest-africain - Togo","description":"Depuis qu\u2019il a rec\u0327u le titre du \u00ab jeune doyen \u00bb des chefs d\u2019Etat de la sous-re\u0301gion, Faure Gnassingbe\u0301 semble s\u2019e\u0302tr ...","robots":{"index":"index","follow":"follow","max-snippet":"max-snippet:-1","max-image-preview":"max-image-preview:large","max-video-preview":"max-video-preview:-1"},"canonical":"https:\/\/www.africa-press.net\/togo\/politique\/togo-faure-gnassingbe-sen-tire-tres-bien-dans-ce-chaos-ouest-africain","og_locale":"fr_FR","og_type":"article","og_title":"Togo-Faure Gnassingb\u00e9 s\u2019en tire tr\u00e8s bien dans ce chaos ouest-africain","og_description":"Depuis qu\u2019il a rec\u0327u le titre du \u00ab jeune doyen \u00bb des chefs d\u2019Etat de la sous-re\u0301gion, Faure Gnassingbe\u0301 semble s\u2019e\u0302tr ...","og_url":"https:\/\/www.africa-press.net\/togo\/politique\/togo-faure-gnassingbe-sen-tire-tres-bien-dans-ce-chaos-ouest-africain","og_site_name":"Togo","article_published_time":"2022-10-04T21:01:13+00:00","article_modified_time":"2022-10-04T21:25:05+00:00","og_image":[{"width":1280,"height":800,"url":"https:\/\/static.africa-press.net\/togo\/sites\/58\/2022\/10\/postQueueImg_12-633ca4762d234.jpg","type":"image\/jpeg"}],"author":"cfeditorfr","twitter_card":"summary_large_image","twitter_misc":{"\u00c9crit par":"cfeditorfr","Dur\u00e9e de lecture estim\u00e9e":"2 minutes"},"schema":{"@context":"https:\/\/schema.org","@graph":[{"@type":"Article","@id":"https:\/\/www.africa-press.net\/togo\/politique\/togo-faure-gnassingbe-sen-tire-tres-bien-dans-ce-chaos-ouest-africain#article","isPartOf":{"@id":"https:\/\/www.africa-press.net\/togo\/politique\/togo-faure-gnassingbe-sen-tire-tres-bien-dans-ce-chaos-ouest-africain"},"author":{"name":"cfeditorfr","@id":"https:\/\/www.africa-press.net\/togo\/#\/schema\/person\/2b1cf3cd81a31e3cd26889ca66d677f1"},"headline":"Togo-Faure Gnassingb\u00e9 s\u2019en tire tr\u00e8s bien dans ce chaos ouest-africain","datePublished":"2022-10-04T21:01:13+00:00","dateModified":"2022-10-04T21:25:05+00:00","mainEntityOfPage":{"@id":"https:\/\/www.africa-press.net\/togo\/politique\/togo-faure-gnassingbe-sen-tire-tres-bien-dans-ce-chaos-ouest-africain"},"wordCount":432,"commentCount":0,"image":{"@id":"https:\/\/www.africa-press.net\/togo\/politique\/togo-faure-gnassingbe-sen-tire-tres-bien-dans-ce-chaos-ouest-africain#primaryimage"},"thumbnailUrl":"https:\/\/static.africa-press.net\/togo\/sites\/58\/2022\/10\/postQueueImg_12-633ca4762d234.jpg","keywords":["Africa Press","Africa Press-Togo","Togo"],"articleSection":["Politique","Toutes les actualit\u00e9s"],"inLanguage":"fr-FR","potentialAction":[{"@type":"CommentAction","name":"Comment","target":["https:\/\/www.africa-press.net\/togo\/politique\/togo-faure-gnassingbe-sen-tire-tres-bien-dans-ce-chaos-ouest-africain#respond"]}]},{"@type":"WebPage","@id":"https:\/\/www.africa-press.net\/togo\/politique\/togo-faure-gnassingbe-sen-tire-tres-bien-dans-ce-chaos-ouest-africain","url":"https:\/\/www.africa-press.net\/togo\/politique\/togo-faure-gnassingbe-sen-tire-tres-bien-dans-ce-chaos-ouest-africain","name":"Togo-Faure Gnassingb\u00e9 s\u2019en tire tr\u00e8s bien dans ce chaos ouest-africain - Togo","isPartOf":{"@id":"https:\/\/www.africa-press.net\/togo\/#website"},"primaryImageOfPage":{"@id":"https:\/\/www.africa-press.net\/togo\/politique\/togo-faure-gnassingbe-sen-tire-tres-bien-dans-ce-chaos-ouest-africain#primaryimage"},"image":{"@id":"https:\/\/www.africa-press.net\/togo\/politique\/togo-faure-gnassingbe-sen-tire-tres-bien-dans-ce-chaos-ouest-africain#primaryimage"},"thumbnailUrl":"https:\/\/static.africa-press.net\/togo\/sites\/58\/2022\/10\/postQueueImg_12-633ca4762d234.jpg","datePublished":"2022-10-04T21:01:13+00:00","dateModified":"2022-10-04T21:25:05+00:00","author":{"@id":"https:\/\/www.africa-press.net\/togo\/#\/schema\/person\/2b1cf3cd81a31e3cd26889ca66d677f1"},"description":"Depuis qu\u2019il a rec\u0327u le titre du \u00ab jeune doyen \u00bb des chefs d\u2019Etat de la sous-re\u0301gion, Faure Gnassingbe\u0301 semble s\u2019e\u0302tr ...","breadcrumb":{"@id":"https:\/\/www.africa-press.net\/togo\/politique\/togo-faure-gnassingbe-sen-tire-tres-bien-dans-ce-chaos-ouest-africain#breadcrumb"},"inLanguage":"fr-FR","potentialAction":[{"@type":"ReadAction","target":["https:\/\/www.africa-press.net\/togo\/politique\/togo-faure-gnassingbe-sen-tire-tres-bien-dans-ce-chaos-ouest-africain"]}]},{"@type":"ImageObject","inLanguage":"fr-FR","@id":"https:\/\/www.africa-press.net\/togo\/politique\/togo-faure-gnassingbe-sen-tire-tres-bien-dans-ce-chaos-ouest-africain#primaryimage","url":"https:\/\/static.africa-press.net\/togo\/sites\/58\/2022\/10\/postQueueImg_12-633ca4762d234.jpg","contentUrl":"https:\/\/static.africa-press.net\/togo\/sites\/58\/2022\/10\/postQueueImg_12-633ca4762d234.jpg","width":1280,"height":800,"caption":"Togo-Faure Gnassingb\u00e9 s\u2019en tire tr\u00e8s bien dans ce chaos ouest-africain"},{"@type":"BreadcrumbList","@id":"https:\/\/www.africa-press.net\/togo\/politique\/togo-faure-gnassingbe-sen-tire-tres-bien-dans-ce-chaos-ouest-africain#breadcrumb","itemListElement":[{"@type":"ListItem","position":1,"name":"Accueil","item":"https:\/\/www.africa-press.net\/togo\/"},{"@type":"ListItem","position":2,"name":"Togo-Faure Gnassingb\u00e9 s\u2019en tire tr\u00e8s bien dans ce chaos ouest-africain"}]},{"@type":"WebSite","@id":"https:\/\/www.africa-press.net\/togo\/#website","url":"https:\/\/www.africa-press.net\/togo\/","name":"Togo","description":"Just another Africa News Agency Sites site","potentialAction":[{"@type":"SearchAction","target":{"@type":"EntryPoint","urlTemplate":"https:\/\/www.africa-press.net\/togo\/?s={search_term_string}"},"query-input":{"@type":"PropertyValueSpecification","valueRequired":true,"valueName":"search_term_string"}}],"inLanguage":"fr-FR"},{"@type":"Person","@id":"https:\/\/www.africa-press.net\/togo\/#\/schema\/person\/2b1cf3cd81a31e3cd26889ca66d677f1","name":"cfeditorfr"}]}},"_links":{"self":[{"href":"https:\/\/www.africa-press.net\/togo\/wp-json\/wp\/v2\/posts\/11937","targetHints":{"allow":["GET"]}}],"collection":[{"href":"https:\/\/www.africa-press.net\/togo\/wp-json\/wp\/v2\/posts"}],"about":[{"href":"https:\/\/www.africa-press.net\/togo\/wp-json\/wp\/v2\/types\/post"}],"author":[{"embeddable":true,"href":"https:\/\/www.africa-press.net\/togo\/wp-json\/wp\/v2\/users\/82"}],"replies":[{"embeddable":true,"href":"https:\/\/www.africa-press.net\/togo\/wp-json\/wp\/v2\/comments?post=11937"}],"version-history":[{"count":0,"href":"https:\/\/www.africa-press.net\/togo\/wp-json\/wp\/v2\/posts\/11937\/revisions"}],"wp:featuredmedia":[{"embeddable":true,"href":"https:\/\/www.africa-press.net\/togo\/wp-json\/wp\/v2\/media\/11936"}],"wp:attachment":[{"href":"https:\/\/www.africa-press.net\/togo\/wp-json\/wp\/v2\/media?parent=11937"}],"wp:term":[{"taxonomy":"category","embeddable":true,"href":"https:\/\/www.africa-press.net\/togo\/wp-json\/wp\/v2\/categories?post=11937"},{"taxonomy":"post_tag","embeddable":true,"href":"https:\/\/www.africa-press.net\/togo\/wp-json\/wp\/v2\/tags?post=11937"}],"curies":[{"name":"wp","href":"https:\/\/api.w.org\/{rel}","templated":true}]}}