{"id":11940,"date":"2022-10-04T21:01:39","date_gmt":"2022-10-04T21:01:39","guid":{"rendered":"https:\/\/www.africa-press.net\/togo\/politique\/sport-le-drame-indonesien-raconte-par-linternational-bissao-guineen-abel-camara"},"modified":"2022-10-04T21:26:25","modified_gmt":"2022-10-04T21:26:25","slug":"sport-le-drame-indonesien-raconte-par-linternational-bissao-guineen-abel-camara","status":"publish","type":"post","link":"https:\/\/www.africa-press.net\/togo\/sports\/sport-le-drame-indonesien-raconte-par-linternational-bissao-guineen-abel-camara","title":{"rendered":"Sport \u2013 Le drame indon\u00e9sien racont\u00e9 par l\u2019international bissao-guin\u00e9en Abel Camar\u00e1"},"content":{"rendered":"<p><span style=\"color: #ff6600\"><strong>Africa-Press &#8211; Togo. <\/strong><\/span>Abel Camara\u0301 a rejoint le FC Arema au mois de juillet dernier, une aventure jusque-la\u0300 parfaite pour l\u2019attaquant de l\u2019e\u0301quipe nationale de Guine\u0301e-Bissau, auteur de 4 buts en 8 rencontres de premie\u0300re division indone\u0301sienne.<\/p>\n<p>Samedi soir, il e\u0301tait pre\u0301sent au stade lorsqu\u2019un immense mouvement de foule a cou\u0302te\u0301 la vie a\u0300 125 de ses supporters, dont 32 enfants. 300 blesse\u0301s ont e\u0301te\u0301 transporte\u0301s a\u0300 l\u2019ho\u0302pital et sont encore entre la vie et la mort.<\/p>\n<p>Abel Camara\u0301 raconte ces longues heures d\u2019angoisse, ve\u0301cues avec ses coe\u0301quipiers dans les vestiaires du stade :<\/p>\n<p>\u201cLes supporters ont commence\u0301 a\u0300 s\u2019enfuir en panique et ce que je sais, c\u2019est qu\u2019il y a eu sept ou huit morts dans notre vestiaire. C\u2019e\u0301tait le chaos total. Je n\u2019avais jamais ve\u0301cu une telle situation.\u201d<\/p>\n<p>Le ro\u0302le de la police interroge, dans ce drame. Car de nombreux survivants l\u2019accusent d\u2019avoir re\u0301agi de manie\u0300re excessive a\u0300 l\u2019envahissement de terrain, et cause\u0301 la mort de dizaines de spectateurs, qui se sont pre\u0301cipite\u0301s pour fuir, vers des portes e\u0301troites &#8230; beaucoup ont e\u0301te\u0301 pie\u0301tine\u0301s et e\u0301touffe\u0301s selon des te\u0301moins.<\/p>\n<p>Le pre\u0301sident indone\u0301sien a annonce\u0301 accorder des compensations financie\u0300res aux familles des victimes.<\/p>\n<p><strong>Pour plus d&rsquo;informations et d&rsquo;analyses sur la <a href=\"https:\/\/www.africa-press.net\/togo\">Togo<\/a>, suivez <a href=\"https:\/\/www.africa-press.net\/\">Africa-Press<\/a><\/strong><\/p>\n","protected":false},"excerpt":{"rendered":"<p>Africa-Press &#8211; Togo. Abel Camara\u0301 a rejoint le FC Arema au mois de juillet dernier, une aventure jusque-la\u0300 parfaite pour l\u2019attaquant de l\u2019e\u0301quipe nationale de Guine\u0301e-Bissau, auteur de 4 buts en 8 rencontres de premie\u0300re division indone\u0301sienne. Samedi soir, il e\u0301tait pre\u0301sent au stade lorsqu\u2019un immense mouvement de foule a cou\u0302te\u0301 la vie a\u0300 125 [&hellip;]<\/p>\n","protected":false},"author":82,"featured_media":11939,"comment_status":"open","ping_status":"closed","sticky":false,"template":"","format":"standard","meta":{"footnotes":""},"categories":[6,10],"tags":[36,49,50],"class_list":["post-11940","post","type-post","status-publish","format-standard","has-post-thumbnail","hentry","category-sports","category-toutes-les-actualites","tag-africa-press","tag-africa-press-togo","tag-togo"],"yoast_head":"<!-- This site is optimized with the Yoast SEO Premium plugin v26.1 (Yoast SEO v27.0) - https:\/\/yoast.com\/product\/yoast-seo-premium-wordpress\/ -->\n<title>Sport \u2013 Le drame indon\u00e9sien racont\u00e9 par l\u2019international bissao-guin\u00e9en Abel Camar\u00e1 - Togo<\/title>\n<meta name=\"description\" content=\"Abel Camara\u0301 a rejoint le FC Arema au mois de juillet dernier, une aventure jusque-la\u0300 parfaite pour l\u2019attaquant de l\u2019e\u0301 ...\" \/>\n<meta name=\"robots\" content=\"index, follow, max-snippet:-1, max-image-preview:large, max-video-preview:-1\" \/>\n<link rel=\"canonical\" href=\"https:\/\/www.africa-press.net\/togo\/sports\/sport-le-drame-indonesien-raconte-par-linternational-bissao-guineen-abel-camara\" \/>\n<meta property=\"og:locale\" content=\"fr_FR\" \/>\n<meta property=\"og:type\" content=\"article\" \/>\n<meta property=\"og:title\" content=\"Sport \u2013 Le drame indon\u00e9sien racont\u00e9 par l\u2019international bissao-guin\u00e9en Abel Camar\u00e1\" \/>\n<meta property=\"og:description\" content=\"Abel Camara\u0301 a rejoint le FC Arema au mois de juillet dernier, une aventure jusque-la\u0300 parfaite pour l\u2019attaquant de l\u2019e\u0301 ...\" \/>\n<meta property=\"og:url\" content=\"https:\/\/www.africa-press.net\/togo\/sports\/sport-le-drame-indonesien-raconte-par-linternational-bissao-guineen-abel-camara\" \/>\n<meta property=\"og:site_name\" content=\"Togo\" \/>\n<meta property=\"article:published_time\" content=\"2022-10-04T21:01:39+00:00\" \/>\n<meta property=\"article:modified_time\" content=\"2022-10-04T21:26:25+00:00\" \/>\n<meta property=\"og:image\" content=\"https:\/\/static.africa-press.net\/togo\/sites\/58\/2022\/10\/postQueueImg_13-633ca4b502e2c.jpg\" \/>\n\t<meta property=\"og:image:width\" content=\"1200\" \/>\n\t<meta property=\"og:image:height\" content=\"800\" \/>\n\t<meta property=\"og:image:type\" content=\"image\/jpeg\" \/>\n<meta name=\"author\" content=\"cfeditorfr\" \/>\n<meta name=\"twitter:card\" content=\"summary_large_image\" \/>\n<meta name=\"twitter:label1\" content=\"\u00c9crit par\" \/>\n\t<meta name=\"twitter:data1\" content=\"cfeditorfr\" \/>\n\t<meta name=\"twitter:label2\" content=\"Dur\u00e9e de lecture estim\u00e9e\" \/>\n\t<meta name=\"twitter:data2\" content=\"2 minutes\" \/>\n<script type=\"application\/ld+json\" class=\"yoast-schema-graph\">{\"@context\":\"https:\/\/schema.org\",\"@graph\":[{\"@type\":\"Article\",\"@id\":\"https:\/\/www.africa-press.net\/togo\/sports\/sport-le-drame-indonesien-raconte-par-linternational-bissao-guineen-abel-camara#article\",\"isPartOf\":{\"@id\":\"https:\/\/www.africa-press.net\/togo\/sports\/sport-le-drame-indonesien-raconte-par-linternational-bissao-guineen-abel-camara\"},\"author\":{\"name\":\"cfeditorfr\",\"@id\":\"https:\/\/www.africa-press.net\/togo\/#\/schema\/person\/2b1cf3cd81a31e3cd26889ca66d677f1\"},\"headline\":\"Sport \u2013 Le drame indon\u00e9sien racont\u00e9 par l\u2019international bissao-guin\u00e9en Abel Camar\u00e1\",\"datePublished\":\"2022-10-04T21:01:39+00:00\",\"dateModified\":\"2022-10-04T21:26:25+00:00\",\"mainEntityOfPage\":{\"@id\":\"https:\/\/www.africa-press.net\/togo\/sports\/sport-le-drame-indonesien-raconte-par-linternational-bissao-guineen-abel-camara\"},\"wordCount\":255,\"commentCount\":0,\"image\":{\"@id\":\"https:\/\/www.africa-press.net\/togo\/sports\/sport-le-drame-indonesien-raconte-par-linternational-bissao-guineen-abel-camara#primaryimage\"},\"thumbnailUrl\":\"https:\/\/static.africa-press.net\/togo\/sites\/58\/2022\/10\/postQueueImg_13-633ca4b502e2c.jpg\",\"keywords\":[\"Africa Press\",\"Africa Press-Togo\",\"Togo\"],\"articleSection\":[\"Sports\",\"Toutes les actualit\u00e9s\"],\"inLanguage\":\"fr-FR\",\"potentialAction\":[{\"@type\":\"CommentAction\",\"name\":\"Comment\",\"target\":[\"https:\/\/www.africa-press.net\/togo\/sports\/sport-le-drame-indonesien-raconte-par-linternational-bissao-guineen-abel-camara#respond\"]}]},{\"@type\":\"WebPage\",\"@id\":\"https:\/\/www.africa-press.net\/togo\/sports\/sport-le-drame-indonesien-raconte-par-linternational-bissao-guineen-abel-camara\",\"url\":\"https:\/\/www.africa-press.net\/togo\/sports\/sport-le-drame-indonesien-raconte-par-linternational-bissao-guineen-abel-camara\",\"name\":\"Sport \u2013 Le drame indon\u00e9sien racont\u00e9 par l\u2019international bissao-guin\u00e9en Abel Camar\u00e1 - Togo\",\"isPartOf\":{\"@id\":\"https:\/\/www.africa-press.net\/togo\/#website\"},\"primaryImageOfPage\":{\"@id\":\"https:\/\/www.africa-press.net\/togo\/sports\/sport-le-drame-indonesien-raconte-par-linternational-bissao-guineen-abel-camara#primaryimage\"},\"image\":{\"@id\":\"https:\/\/www.africa-press.net\/togo\/sports\/sport-le-drame-indonesien-raconte-par-linternational-bissao-guineen-abel-camara#primaryimage\"},\"thumbnailUrl\":\"https:\/\/static.africa-press.net\/togo\/sites\/58\/2022\/10\/postQueueImg_13-633ca4b502e2c.jpg\",\"datePublished\":\"2022-10-04T21:01:39+00:00\",\"dateModified\":\"2022-10-04T21:26:25+00:00\",\"author\":{\"@id\":\"https:\/\/www.africa-press.net\/togo\/#\/schema\/person\/2b1cf3cd81a31e3cd26889ca66d677f1\"},\"description\":\"Abel Camara\u0301 a rejoint le FC Arema au mois de juillet dernier, une aventure jusque-la\u0300 parfaite pour l\u2019attaquant de l\u2019e\u0301 ...\",\"breadcrumb\":{\"@id\":\"https:\/\/www.africa-press.net\/togo\/sports\/sport-le-drame-indonesien-raconte-par-linternational-bissao-guineen-abel-camara#breadcrumb\"},\"inLanguage\":\"fr-FR\",\"potentialAction\":[{\"@type\":\"ReadAction\",\"target\":[\"https:\/\/www.africa-press.net\/togo\/sports\/sport-le-drame-indonesien-raconte-par-linternational-bissao-guineen-abel-camara\"]}]},{\"@type\":\"ImageObject\",\"inLanguage\":\"fr-FR\",\"@id\":\"https:\/\/www.africa-press.net\/togo\/sports\/sport-le-drame-indonesien-raconte-par-linternational-bissao-guineen-abel-camara#primaryimage\",\"url\":\"https:\/\/static.africa-press.net\/togo\/sites\/58\/2022\/10\/postQueueImg_13-633ca4b502e2c.jpg\",\"contentUrl\":\"https:\/\/static.africa-press.net\/togo\/sites\/58\/2022\/10\/postQueueImg_13-633ca4b502e2c.jpg\",\"width\":1200,\"height\":800,\"caption\":\"Sport \u2013 Le drame indon\u00e9sien racont\u00e9 par l\u2019international bissao-guin\u00e9en Abel Camar\u00e1\"},{\"@type\":\"BreadcrumbList\",\"@id\":\"https:\/\/www.africa-press.net\/togo\/sports\/sport-le-drame-indonesien-raconte-par-linternational-bissao-guineen-abel-camara#breadcrumb\",\"itemListElement\":[{\"@type\":\"ListItem\",\"position\":1,\"name\":\"Accueil\",\"item\":\"https:\/\/www.africa-press.net\/togo\/\"},{\"@type\":\"ListItem\",\"position\":2,\"name\":\"Sport \u2013 Le drame indon\u00e9sien racont\u00e9 par l\u2019international bissao-guin\u00e9en Abel Camar\u00e1\"}]},{\"@type\":\"WebSite\",\"@id\":\"https:\/\/www.africa-press.net\/togo\/#website\",\"url\":\"https:\/\/www.africa-press.net\/togo\/\",\"name\":\"Togo\",\"description\":\"Just another Africa News Agency Sites site\",\"potentialAction\":[{\"@type\":\"SearchAction\",\"target\":{\"@type\":\"EntryPoint\",\"urlTemplate\":\"https:\/\/www.africa-press.net\/togo\/?s={search_term_string}\"},\"query-input\":{\"@type\":\"PropertyValueSpecification\",\"valueRequired\":true,\"valueName\":\"search_term_string\"}}],\"inLanguage\":\"fr-FR\"},{\"@type\":\"Person\",\"@id\":\"https:\/\/www.africa-press.net\/togo\/#\/schema\/person\/2b1cf3cd81a31e3cd26889ca66d677f1\",\"name\":\"cfeditorfr\"}]}<\/script>\n<!-- \/ Yoast SEO Premium plugin. -->","yoast_head_json":{"title":"Sport \u2013 Le drame indon\u00e9sien racont\u00e9 par l\u2019international bissao-guin\u00e9en Abel Camar\u00e1 - Togo","description":"Abel Camara\u0301 a rejoint le FC Arema au mois de juillet dernier, une aventure jusque-la\u0300 parfaite pour l\u2019attaquant de l\u2019e\u0301 ...","robots":{"index":"index","follow":"follow","max-snippet":"max-snippet:-1","max-image-preview":"max-image-preview:large","max-video-preview":"max-video-preview:-1"},"canonical":"https:\/\/www.africa-press.net\/togo\/sports\/sport-le-drame-indonesien-raconte-par-linternational-bissao-guineen-abel-camara","og_locale":"fr_FR","og_type":"article","og_title":"Sport \u2013 Le drame indon\u00e9sien racont\u00e9 par l\u2019international bissao-guin\u00e9en Abel Camar\u00e1","og_description":"Abel Camara\u0301 a rejoint le FC Arema au mois de juillet dernier, une aventure jusque-la\u0300 parfaite pour l\u2019attaquant de l\u2019e\u0301 ...","og_url":"https:\/\/www.africa-press.net\/togo\/sports\/sport-le-drame-indonesien-raconte-par-linternational-bissao-guineen-abel-camara","og_site_name":"Togo","article_published_time":"2022-10-04T21:01:39+00:00","article_modified_time":"2022-10-04T21:26:25+00:00","og_image":[{"width":1200,"height":800,"url":"https:\/\/static.africa-press.net\/togo\/sites\/58\/2022\/10\/postQueueImg_13-633ca4b502e2c.jpg","type":"image\/jpeg"}],"author":"cfeditorfr","twitter_card":"summary_large_image","twitter_misc":{"\u00c9crit par":"cfeditorfr","Dur\u00e9e de lecture estim\u00e9e":"2 minutes"},"schema":{"@context":"https:\/\/schema.org","@graph":[{"@type":"Article","@id":"https:\/\/www.africa-press.net\/togo\/sports\/sport-le-drame-indonesien-raconte-par-linternational-bissao-guineen-abel-camara#article","isPartOf":{"@id":"https:\/\/www.africa-press.net\/togo\/sports\/sport-le-drame-indonesien-raconte-par-linternational-bissao-guineen-abel-camara"},"author":{"name":"cfeditorfr","@id":"https:\/\/www.africa-press.net\/togo\/#\/schema\/person\/2b1cf3cd81a31e3cd26889ca66d677f1"},"headline":"Sport \u2013 Le drame indon\u00e9sien racont\u00e9 par l\u2019international bissao-guin\u00e9en Abel Camar\u00e1","datePublished":"2022-10-04T21:01:39+00:00","dateModified":"2022-10-04T21:26:25+00:00","mainEntityOfPage":{"@id":"https:\/\/www.africa-press.net\/togo\/sports\/sport-le-drame-indonesien-raconte-par-linternational-bissao-guineen-abel-camara"},"wordCount":255,"commentCount":0,"image":{"@id":"https:\/\/www.africa-press.net\/togo\/sports\/sport-le-drame-indonesien-raconte-par-linternational-bissao-guineen-abel-camara#primaryimage"},"thumbnailUrl":"https:\/\/static.africa-press.net\/togo\/sites\/58\/2022\/10\/postQueueImg_13-633ca4b502e2c.jpg","keywords":["Africa Press","Africa Press-Togo","Togo"],"articleSection":["Sports","Toutes les actualit\u00e9s"],"inLanguage":"fr-FR","potentialAction":[{"@type":"CommentAction","name":"Comment","target":["https:\/\/www.africa-press.net\/togo\/sports\/sport-le-drame-indonesien-raconte-par-linternational-bissao-guineen-abel-camara#respond"]}]},{"@type":"WebPage","@id":"https:\/\/www.africa-press.net\/togo\/sports\/sport-le-drame-indonesien-raconte-par-linternational-bissao-guineen-abel-camara","url":"https:\/\/www.africa-press.net\/togo\/sports\/sport-le-drame-indonesien-raconte-par-linternational-bissao-guineen-abel-camara","name":"Sport \u2013 Le drame indon\u00e9sien racont\u00e9 par l\u2019international bissao-guin\u00e9en Abel Camar\u00e1 - Togo","isPartOf":{"@id":"https:\/\/www.africa-press.net\/togo\/#website"},"primaryImageOfPage":{"@id":"https:\/\/www.africa-press.net\/togo\/sports\/sport-le-drame-indonesien-raconte-par-linternational-bissao-guineen-abel-camara#primaryimage"},"image":{"@id":"https:\/\/www.africa-press.net\/togo\/sports\/sport-le-drame-indonesien-raconte-par-linternational-bissao-guineen-abel-camara#primaryimage"},"thumbnailUrl":"https:\/\/static.africa-press.net\/togo\/sites\/58\/2022\/10\/postQueueImg_13-633ca4b502e2c.jpg","datePublished":"2022-10-04T21:01:39+00:00","dateModified":"2022-10-04T21:26:25+00:00","author":{"@id":"https:\/\/www.africa-press.net\/togo\/#\/schema\/person\/2b1cf3cd81a31e3cd26889ca66d677f1"},"description":"Abel Camara\u0301 a rejoint le FC Arema au mois de juillet dernier, une aventure jusque-la\u0300 parfaite pour l\u2019attaquant de l\u2019e\u0301 ...","breadcrumb":{"@id":"https:\/\/www.africa-press.net\/togo\/sports\/sport-le-drame-indonesien-raconte-par-linternational-bissao-guineen-abel-camara#breadcrumb"},"inLanguage":"fr-FR","potentialAction":[{"@type":"ReadAction","target":["https:\/\/www.africa-press.net\/togo\/sports\/sport-le-drame-indonesien-raconte-par-linternational-bissao-guineen-abel-camara"]}]},{"@type":"ImageObject","inLanguage":"fr-FR","@id":"https:\/\/www.africa-press.net\/togo\/sports\/sport-le-drame-indonesien-raconte-par-linternational-bissao-guineen-abel-camara#primaryimage","url":"https:\/\/static.africa-press.net\/togo\/sites\/58\/2022\/10\/postQueueImg_13-633ca4b502e2c.jpg","contentUrl":"https:\/\/static.africa-press.net\/togo\/sites\/58\/2022\/10\/postQueueImg_13-633ca4b502e2c.jpg","width":1200,"height":800,"caption":"Sport \u2013 Le drame indon\u00e9sien racont\u00e9 par l\u2019international bissao-guin\u00e9en Abel Camar\u00e1"},{"@type":"BreadcrumbList","@id":"https:\/\/www.africa-press.net\/togo\/sports\/sport-le-drame-indonesien-raconte-par-linternational-bissao-guineen-abel-camara#breadcrumb","itemListElement":[{"@type":"ListItem","position":1,"name":"Accueil","item":"https:\/\/www.africa-press.net\/togo\/"},{"@type":"ListItem","position":2,"name":"Sport \u2013 Le drame indon\u00e9sien racont\u00e9 par l\u2019international bissao-guin\u00e9en Abel Camar\u00e1"}]},{"@type":"WebSite","@id":"https:\/\/www.africa-press.net\/togo\/#website","url":"https:\/\/www.africa-press.net\/togo\/","name":"Togo","description":"Just another Africa News Agency Sites site","potentialAction":[{"@type":"SearchAction","target":{"@type":"EntryPoint","urlTemplate":"https:\/\/www.africa-press.net\/togo\/?s={search_term_string}"},"query-input":{"@type":"PropertyValueSpecification","valueRequired":true,"valueName":"search_term_string"}}],"inLanguage":"fr-FR"},{"@type":"Person","@id":"https:\/\/www.africa-press.net\/togo\/#\/schema\/person\/2b1cf3cd81a31e3cd26889ca66d677f1","name":"cfeditorfr"}]}},"_links":{"self":[{"href":"https:\/\/www.africa-press.net\/togo\/wp-json\/wp\/v2\/posts\/11940","targetHints":{"allow":["GET"]}}],"collection":[{"href":"https:\/\/www.africa-press.net\/togo\/wp-json\/wp\/v2\/posts"}],"about":[{"href":"https:\/\/www.africa-press.net\/togo\/wp-json\/wp\/v2\/types\/post"}],"author":[{"embeddable":true,"href":"https:\/\/www.africa-press.net\/togo\/wp-json\/wp\/v2\/users\/82"}],"replies":[{"embeddable":true,"href":"https:\/\/www.africa-press.net\/togo\/wp-json\/wp\/v2\/comments?post=11940"}],"version-history":[{"count":0,"href":"https:\/\/www.africa-press.net\/togo\/wp-json\/wp\/v2\/posts\/11940\/revisions"}],"wp:featuredmedia":[{"embeddable":true,"href":"https:\/\/www.africa-press.net\/togo\/wp-json\/wp\/v2\/media\/11939"}],"wp:attachment":[{"href":"https:\/\/www.africa-press.net\/togo\/wp-json\/wp\/v2\/media?parent=11940"}],"wp:term":[{"taxonomy":"category","embeddable":true,"href":"https:\/\/www.africa-press.net\/togo\/wp-json\/wp\/v2\/categories?post=11940"},{"taxonomy":"post_tag","embeddable":true,"href":"https:\/\/www.africa-press.net\/togo\/wp-json\/wp\/v2\/tags?post=11940"}],"curies":[{"name":"wp","href":"https:\/\/api.w.org\/{rel}","templated":true}]}}