{"id":11952,"date":"2022-10-05T21:25:25","date_gmt":"2022-10-05T21:25:25","guid":{"rendered":"https:\/\/www.africa-press.net\/togo\/politique\/la-franco-togolaise-clarisse-agbegnenou-rejoint-les-athletes-au-musee-grevin"},"modified":"2022-10-05T21:25:25","modified_gmt":"2022-10-05T21:25:25","slug":"la-franco-togolaise-clarisse-agbegnenou-rejoint-les-athletes-au-musee-grevin","status":"publish","type":"post","link":"https:\/\/www.africa-press.net\/togo\/sports\/la-franco-togolaise-clarisse-agbegnenou-rejoint-les-athletes-au-musee-grevin","title":{"rendered":"La Franco-Togolaise Clarisse Agbegnenou rejoint les athl\u00e8tes au Mus\u00e9e Gr\u00e9vin"},"content":{"rendered":"<p><span style=\"color: #ff6600\"><strong>Africa-Press &#8211; Togo. <\/strong><\/span><b>Le double\u0301 en cire de la franco-togolaise, championne olympique de judo, Clarisse Agbegnenou a e\u0301te\u0301 inaugure\u0301 le lundi 03 octobre 2022, au Muse\u0301e Gre\u0301vin de Paris. Elle devient ainsi la dernie\u0300re sportive a\u0300 avoir sa statue au Muse\u0301e Gre\u0301vin de Paris.<\/b><\/p>\n<p>Clarisse rejoint le cercle tre\u0300s ferme\u0301 des sportifs qui ont de\u0301ja\u0300 leur statue au muse\u0301e Gre\u0301vin a\u0300 Paris, a\u0300 l\u2019instar de son homologue masculin Teddy Riner, qui a e\u0301galement remporte\u0301 cinq me\u0301dailles d\u2019or aux Championnats d\u2019Europe, Tony Parker, Camille Lacourt, Kylian Mbappe\u0301, Lionel Messi, Cristiano Ronaldo, Pele\u0301, Renaud Lavillenie ou encore Martin Fourcade.<\/p>\n<p>Le champion olympique de judo d\u2019origine togolaise a fait son entre\u0301e au muse\u0301e Gre\u0301vin en de\u0301but de semaine.<\/p>\n<p>Clarisse Agbegnenou, 29 ans, de\u0301tient le meilleur palmare\u0300s du judo fe\u0301minin franc\u0327ais avec cinq titres mondiaux, cinq titres europe\u0301ens et deux me\u0301dailles d\u2019or remporte\u0301es aux Jeux de Tokyo l\u2019an dernier, dont le titre individuel (-63 kg).<\/p>\n<p>\u00ab C\u2019est un pari gagne\u0301, c\u2019est tellement bien re\u0301alise\u0301 ! Du coup, il n\u2019y aura pas de prise de judo (sur ma statue) \u00bb, a plaisante\u0301 la judoka dans des propos rapporte\u0301s par L\u2019E\u0301quipe.<\/p>\n<p>\u00abC\u2019est un ve\u0301ritable honneur, ce n\u2019e\u0301tait pas un re\u0302ve pour moi. Mais je suis tellement fie\u0300re de me dire que je vais pouvoir aller au muse\u0301e et dire \u00ab Waouh, c\u2019est moi ! \u00bb, a-t-elle ajoute\u0301 selon les me\u0302mes sources.<\/p>\n<p>De\u0301couvrez de\u0300s demain le personnage de @Gnougnou25 a\u0300 l\u2019Incroyable Gre\u0301vin ! #Inauguration #Gre\u0301vinParis pic.twitter.com\/7SL41zhBhW<\/p>\n<p>Aucune sportive n\u2019y avait e\u0301te\u0301 plus repre\u0301sente\u0301e depuis la tenniswoman Ame\u0301lie Mauresmo et la cycliste Jeannie Longo. La dernie\u0300re Clarisse devient aussi la judokate au Muse\u0301e apre\u0300s Brigitte Deydier en 1988.<\/p>\n<p><strong>Pour plus d&rsquo;informations et d&rsquo;analyses sur la <a href=\"https:\/\/www.africa-press.net\/togo\">Togo<\/a>, suivez <a href=\"https:\/\/www.africa-press.net\/\">Africa-Press<\/a><\/strong><\/p>\n","protected":false},"excerpt":{"rendered":"<p>Africa-Press &#8211; Togo. Le double\u0301 en cire de la franco-togolaise, championne olympique de judo, Clarisse Agbegnenou a e\u0301te\u0301 inaugure\u0301 le lundi 03 octobre 2022, au Muse\u0301e Gre\u0301vin de Paris. Elle devient ainsi la dernie\u0300re sportive a\u0300 avoir sa statue au Muse\u0301e Gre\u0301vin de Paris. Clarisse rejoint le cercle tre\u0300s ferme\u0301 des sportifs qui ont de\u0301ja\u0300 [&hellip;]<\/p>\n","protected":false},"author":82,"featured_media":11951,"comment_status":"open","ping_status":"closed","sticky":false,"template":"","format":"standard","meta":{"footnotes":""},"categories":[6,10],"tags":[36,49,50],"class_list":["post-11952","post","type-post","status-publish","format-standard","has-post-thumbnail","hentry","category-sports","category-toutes-les-actualites","tag-africa-press","tag-africa-press-togo","tag-togo"],"yoast_head":"<!-- This site is optimized with the Yoast SEO Premium plugin v26.1 (Yoast SEO v27.0) - https:\/\/yoast.com\/product\/yoast-seo-premium-wordpress\/ -->\n<title>La Franco-Togolaise Clarisse Agbegnenou rejoint les athl\u00e8tes au Mus\u00e9e Gr\u00e9vin - Togo<\/title>\n<meta name=\"robots\" content=\"index, follow, max-snippet:-1, max-image-preview:large, max-video-preview:-1\" \/>\n<link rel=\"canonical\" href=\"https:\/\/www.africa-press.net\/togo\/politique\/la-franco-togolaise-clarisse-agbegnenou-rejoint-les-athletes-au-musee-grevin\" \/>\n<meta property=\"og:locale\" content=\"fr_FR\" \/>\n<meta property=\"og:type\" content=\"article\" \/>\n<meta property=\"og:title\" content=\"La Franco-Togolaise Clarisse Agbegnenou rejoint les athl\u00e8tes au Mus\u00e9e Gr\u00e9vin\" \/>\n<meta property=\"og:description\" content=\"Africa-Press &#8211; Togo. Le double\u0301 en cire de la franco-togolaise, championne olympique de judo, Clarisse Agbegnenou a e\u0301te\u0301 inaugure\u0301 le lundi 03 octobre 2022, au Muse\u0301e Gre\u0301vin de Paris. Elle devient ainsi la dernie\u0300re sportive a\u0300 avoir sa statue au Muse\u0301e Gre\u0301vin de Paris. Clarisse rejoint le cercle tre\u0300s ferme\u0301 des sportifs qui ont de\u0301ja\u0300 [&hellip;]\" \/>\n<meta property=\"og:url\" content=\"https:\/\/www.africa-press.net\/togo\/politique\/la-franco-togolaise-clarisse-agbegnenou-rejoint-les-athletes-au-musee-grevin\" \/>\n<meta property=\"og:site_name\" content=\"Togo\" \/>\n<meta property=\"article:published_time\" content=\"2022-10-05T21:25:25+00:00\" \/>\n<meta name=\"author\" content=\"cfeditorfr\" \/>\n<meta name=\"twitter:card\" content=\"summary_large_image\" \/>\n<meta name=\"twitter:label1\" content=\"\u00c9crit par\" \/>\n\t<meta name=\"twitter:data1\" content=\"cfeditorfr\" \/>\n\t<meta name=\"twitter:label2\" content=\"Dur\u00e9e de lecture estim\u00e9e\" \/>\n\t<meta name=\"twitter:data2\" content=\"2 minutes\" \/>\n<script type=\"application\/ld+json\" class=\"yoast-schema-graph\">{\"@context\":\"https:\/\/schema.org\",\"@graph\":[{\"@type\":\"Article\",\"@id\":\"https:\/\/www.africa-press.net\/togo\/politique\/la-franco-togolaise-clarisse-agbegnenou-rejoint-les-athletes-au-musee-grevin#article\",\"isPartOf\":{\"@id\":\"https:\/\/www.africa-press.net\/togo\/politique\/la-franco-togolaise-clarisse-agbegnenou-rejoint-les-athletes-au-musee-grevin\"},\"author\":{\"name\":\"cfeditorfr\",\"@id\":\"https:\/\/www.africa-press.net\/togo\/#\/schema\/person\/2b1cf3cd81a31e3cd26889ca66d677f1\"},\"headline\":\"La Franco-Togolaise Clarisse Agbegnenou rejoint les athl\u00e8tes au Mus\u00e9e Gr\u00e9vin\",\"datePublished\":\"2022-10-05T21:25:25+00:00\",\"mainEntityOfPage\":{\"@id\":\"https:\/\/www.africa-press.net\/togo\/politique\/la-franco-togolaise-clarisse-agbegnenou-rejoint-les-athletes-au-musee-grevin\"},\"wordCount\":346,\"commentCount\":0,\"image\":{\"@id\":\"https:\/\/www.africa-press.net\/togo\/politique\/la-franco-togolaise-clarisse-agbegnenou-rejoint-les-athletes-au-musee-grevin#primaryimage\"},\"thumbnailUrl\":\"https:\/\/static.africa-press.net\/togo\/sites\/58\/2022\/10\/postQueueImg_1-633df85714be1.jpg\",\"keywords\":[\"Africa Press\",\"Africa Press-Togo\",\"Togo\"],\"articleSection\":[\"Sports\",\"Toutes les actualit\u00e9s\"],\"inLanguage\":\"fr-FR\",\"potentialAction\":[{\"@type\":\"CommentAction\",\"name\":\"Comment\",\"target\":[\"https:\/\/www.africa-press.net\/togo\/politique\/la-franco-togolaise-clarisse-agbegnenou-rejoint-les-athletes-au-musee-grevin#respond\"]}]},{\"@type\":\"WebPage\",\"@id\":\"https:\/\/www.africa-press.net\/togo\/politique\/la-franco-togolaise-clarisse-agbegnenou-rejoint-les-athletes-au-musee-grevin\",\"url\":\"https:\/\/www.africa-press.net\/togo\/politique\/la-franco-togolaise-clarisse-agbegnenou-rejoint-les-athletes-au-musee-grevin\",\"name\":\"La Franco-Togolaise Clarisse Agbegnenou rejoint les athl\u00e8tes au Mus\u00e9e Gr\u00e9vin - Togo\",\"isPartOf\":{\"@id\":\"https:\/\/www.africa-press.net\/togo\/#website\"},\"primaryImageOfPage\":{\"@id\":\"https:\/\/www.africa-press.net\/togo\/politique\/la-franco-togolaise-clarisse-agbegnenou-rejoint-les-athletes-au-musee-grevin#primaryimage\"},\"image\":{\"@id\":\"https:\/\/www.africa-press.net\/togo\/politique\/la-franco-togolaise-clarisse-agbegnenou-rejoint-les-athletes-au-musee-grevin#primaryimage\"},\"thumbnailUrl\":\"https:\/\/static.africa-press.net\/togo\/sites\/58\/2022\/10\/postQueueImg_1-633df85714be1.jpg\",\"datePublished\":\"2022-10-05T21:25:25+00:00\",\"author\":{\"@id\":\"https:\/\/www.africa-press.net\/togo\/#\/schema\/person\/2b1cf3cd81a31e3cd26889ca66d677f1\"},\"breadcrumb\":{\"@id\":\"https:\/\/www.africa-press.net\/togo\/politique\/la-franco-togolaise-clarisse-agbegnenou-rejoint-les-athletes-au-musee-grevin#breadcrumb\"},\"inLanguage\":\"fr-FR\",\"potentialAction\":[{\"@type\":\"ReadAction\",\"target\":[\"https:\/\/www.africa-press.net\/togo\/politique\/la-franco-togolaise-clarisse-agbegnenou-rejoint-les-athletes-au-musee-grevin\"]}]},{\"@type\":\"ImageObject\",\"inLanguage\":\"fr-FR\",\"@id\":\"https:\/\/www.africa-press.net\/togo\/politique\/la-franco-togolaise-clarisse-agbegnenou-rejoint-les-athletes-au-musee-grevin#primaryimage\",\"url\":\"https:\/\/static.africa-press.net\/togo\/sites\/58\/2022\/10\/postQueueImg_1-633df85714be1.jpg\",\"contentUrl\":\"https:\/\/static.africa-press.net\/togo\/sites\/58\/2022\/10\/postQueueImg_1-633df85714be1.jpg\",\"width\":1079,\"height\":720,\"caption\":\"La Franco-Togolaise Clarisse Agbegnenou rejoint les athl\u00e8tes au Mus\u00e9e Gr\u00e9vin\"},{\"@type\":\"BreadcrumbList\",\"@id\":\"https:\/\/www.africa-press.net\/togo\/politique\/la-franco-togolaise-clarisse-agbegnenou-rejoint-les-athletes-au-musee-grevin#breadcrumb\",\"itemListElement\":[{\"@type\":\"ListItem\",\"position\":1,\"name\":\"Accueil\",\"item\":\"https:\/\/www.africa-press.net\/togo\/\"},{\"@type\":\"ListItem\",\"position\":2,\"name\":\"La Franco-Togolaise Clarisse Agbegnenou rejoint les athl\u00e8tes au Mus\u00e9e Gr\u00e9vin\"}]},{\"@type\":\"WebSite\",\"@id\":\"https:\/\/www.africa-press.net\/togo\/#website\",\"url\":\"https:\/\/www.africa-press.net\/togo\/\",\"name\":\"Togo\",\"description\":\"Just another Africa News Agency Sites site\",\"potentialAction\":[{\"@type\":\"SearchAction\",\"target\":{\"@type\":\"EntryPoint\",\"urlTemplate\":\"https:\/\/www.africa-press.net\/togo\/?s={search_term_string}\"},\"query-input\":{\"@type\":\"PropertyValueSpecification\",\"valueRequired\":true,\"valueName\":\"search_term_string\"}}],\"inLanguage\":\"fr-FR\"},{\"@type\":\"Person\",\"@id\":\"https:\/\/www.africa-press.net\/togo\/#\/schema\/person\/2b1cf3cd81a31e3cd26889ca66d677f1\",\"name\":\"cfeditorfr\"}]}<\/script>\n<!-- \/ Yoast SEO Premium plugin. -->","yoast_head_json":{"title":"La Franco-Togolaise Clarisse Agbegnenou rejoint les athl\u00e8tes au Mus\u00e9e Gr\u00e9vin - Togo","robots":{"index":"index","follow":"follow","max-snippet":"max-snippet:-1","max-image-preview":"max-image-preview:large","max-video-preview":"max-video-preview:-1"},"canonical":"https:\/\/www.africa-press.net\/togo\/politique\/la-franco-togolaise-clarisse-agbegnenou-rejoint-les-athletes-au-musee-grevin","og_locale":"fr_FR","og_type":"article","og_title":"La Franco-Togolaise Clarisse Agbegnenou rejoint les athl\u00e8tes au Mus\u00e9e Gr\u00e9vin","og_description":"Africa-Press &#8211; Togo. Le double\u0301 en cire de la franco-togolaise, championne olympique de judo, Clarisse Agbegnenou a e\u0301te\u0301 inaugure\u0301 le lundi 03 octobre 2022, au Muse\u0301e Gre\u0301vin de Paris. Elle devient ainsi la dernie\u0300re sportive a\u0300 avoir sa statue au Muse\u0301e Gre\u0301vin de Paris. Clarisse rejoint le cercle tre\u0300s ferme\u0301 des sportifs qui ont de\u0301ja\u0300 [&hellip;]","og_url":"https:\/\/www.africa-press.net\/togo\/politique\/la-franco-togolaise-clarisse-agbegnenou-rejoint-les-athletes-au-musee-grevin","og_site_name":"Togo","article_published_time":"2022-10-05T21:25:25+00:00","author":"cfeditorfr","twitter_card":"summary_large_image","twitter_misc":{"\u00c9crit par":"cfeditorfr","Dur\u00e9e de lecture estim\u00e9e":"2 minutes"},"schema":{"@context":"https:\/\/schema.org","@graph":[{"@type":"Article","@id":"https:\/\/www.africa-press.net\/togo\/politique\/la-franco-togolaise-clarisse-agbegnenou-rejoint-les-athletes-au-musee-grevin#article","isPartOf":{"@id":"https:\/\/www.africa-press.net\/togo\/politique\/la-franco-togolaise-clarisse-agbegnenou-rejoint-les-athletes-au-musee-grevin"},"author":{"name":"cfeditorfr","@id":"https:\/\/www.africa-press.net\/togo\/#\/schema\/person\/2b1cf3cd81a31e3cd26889ca66d677f1"},"headline":"La Franco-Togolaise Clarisse Agbegnenou rejoint les athl\u00e8tes au Mus\u00e9e Gr\u00e9vin","datePublished":"2022-10-05T21:25:25+00:00","mainEntityOfPage":{"@id":"https:\/\/www.africa-press.net\/togo\/politique\/la-franco-togolaise-clarisse-agbegnenou-rejoint-les-athletes-au-musee-grevin"},"wordCount":346,"commentCount":0,"image":{"@id":"https:\/\/www.africa-press.net\/togo\/politique\/la-franco-togolaise-clarisse-agbegnenou-rejoint-les-athletes-au-musee-grevin#primaryimage"},"thumbnailUrl":"https:\/\/static.africa-press.net\/togo\/sites\/58\/2022\/10\/postQueueImg_1-633df85714be1.jpg","keywords":["Africa Press","Africa Press-Togo","Togo"],"articleSection":["Sports","Toutes les actualit\u00e9s"],"inLanguage":"fr-FR","potentialAction":[{"@type":"CommentAction","name":"Comment","target":["https:\/\/www.africa-press.net\/togo\/politique\/la-franco-togolaise-clarisse-agbegnenou-rejoint-les-athletes-au-musee-grevin#respond"]}]},{"@type":"WebPage","@id":"https:\/\/www.africa-press.net\/togo\/politique\/la-franco-togolaise-clarisse-agbegnenou-rejoint-les-athletes-au-musee-grevin","url":"https:\/\/www.africa-press.net\/togo\/politique\/la-franco-togolaise-clarisse-agbegnenou-rejoint-les-athletes-au-musee-grevin","name":"La Franco-Togolaise Clarisse Agbegnenou rejoint les athl\u00e8tes au Mus\u00e9e Gr\u00e9vin - Togo","isPartOf":{"@id":"https:\/\/www.africa-press.net\/togo\/#website"},"primaryImageOfPage":{"@id":"https:\/\/www.africa-press.net\/togo\/politique\/la-franco-togolaise-clarisse-agbegnenou-rejoint-les-athletes-au-musee-grevin#primaryimage"},"image":{"@id":"https:\/\/www.africa-press.net\/togo\/politique\/la-franco-togolaise-clarisse-agbegnenou-rejoint-les-athletes-au-musee-grevin#primaryimage"},"thumbnailUrl":"https:\/\/static.africa-press.net\/togo\/sites\/58\/2022\/10\/postQueueImg_1-633df85714be1.jpg","datePublished":"2022-10-05T21:25:25+00:00","author":{"@id":"https:\/\/www.africa-press.net\/togo\/#\/schema\/person\/2b1cf3cd81a31e3cd26889ca66d677f1"},"breadcrumb":{"@id":"https:\/\/www.africa-press.net\/togo\/politique\/la-franco-togolaise-clarisse-agbegnenou-rejoint-les-athletes-au-musee-grevin#breadcrumb"},"inLanguage":"fr-FR","potentialAction":[{"@type":"ReadAction","target":["https:\/\/www.africa-press.net\/togo\/politique\/la-franco-togolaise-clarisse-agbegnenou-rejoint-les-athletes-au-musee-grevin"]}]},{"@type":"ImageObject","inLanguage":"fr-FR","@id":"https:\/\/www.africa-press.net\/togo\/politique\/la-franco-togolaise-clarisse-agbegnenou-rejoint-les-athletes-au-musee-grevin#primaryimage","url":"https:\/\/static.africa-press.net\/togo\/sites\/58\/2022\/10\/postQueueImg_1-633df85714be1.jpg","contentUrl":"https:\/\/static.africa-press.net\/togo\/sites\/58\/2022\/10\/postQueueImg_1-633df85714be1.jpg","width":1079,"height":720,"caption":"La Franco-Togolaise Clarisse Agbegnenou rejoint les athl\u00e8tes au Mus\u00e9e Gr\u00e9vin"},{"@type":"BreadcrumbList","@id":"https:\/\/www.africa-press.net\/togo\/politique\/la-franco-togolaise-clarisse-agbegnenou-rejoint-les-athletes-au-musee-grevin#breadcrumb","itemListElement":[{"@type":"ListItem","position":1,"name":"Accueil","item":"https:\/\/www.africa-press.net\/togo\/"},{"@type":"ListItem","position":2,"name":"La Franco-Togolaise Clarisse Agbegnenou rejoint les athl\u00e8tes au Mus\u00e9e Gr\u00e9vin"}]},{"@type":"WebSite","@id":"https:\/\/www.africa-press.net\/togo\/#website","url":"https:\/\/www.africa-press.net\/togo\/","name":"Togo","description":"Just another Africa News Agency Sites site","potentialAction":[{"@type":"SearchAction","target":{"@type":"EntryPoint","urlTemplate":"https:\/\/www.africa-press.net\/togo\/?s={search_term_string}"},"query-input":{"@type":"PropertyValueSpecification","valueRequired":true,"valueName":"search_term_string"}}],"inLanguage":"fr-FR"},{"@type":"Person","@id":"https:\/\/www.africa-press.net\/togo\/#\/schema\/person\/2b1cf3cd81a31e3cd26889ca66d677f1","name":"cfeditorfr"}]}},"_links":{"self":[{"href":"https:\/\/www.africa-press.net\/togo\/wp-json\/wp\/v2\/posts\/11952","targetHints":{"allow":["GET"]}}],"collection":[{"href":"https:\/\/www.africa-press.net\/togo\/wp-json\/wp\/v2\/posts"}],"about":[{"href":"https:\/\/www.africa-press.net\/togo\/wp-json\/wp\/v2\/types\/post"}],"author":[{"embeddable":true,"href":"https:\/\/www.africa-press.net\/togo\/wp-json\/wp\/v2\/users\/82"}],"replies":[{"embeddable":true,"href":"https:\/\/www.africa-press.net\/togo\/wp-json\/wp\/v2\/comments?post=11952"}],"version-history":[{"count":0,"href":"https:\/\/www.africa-press.net\/togo\/wp-json\/wp\/v2\/posts\/11952\/revisions"}],"wp:featuredmedia":[{"embeddable":true,"href":"https:\/\/www.africa-press.net\/togo\/wp-json\/wp\/v2\/media\/11951"}],"wp:attachment":[{"href":"https:\/\/www.africa-press.net\/togo\/wp-json\/wp\/v2\/media?parent=11952"}],"wp:term":[{"taxonomy":"category","embeddable":true,"href":"https:\/\/www.africa-press.net\/togo\/wp-json\/wp\/v2\/categories?post=11952"},{"taxonomy":"post_tag","embeddable":true,"href":"https:\/\/www.africa-press.net\/togo\/wp-json\/wp\/v2\/tags?post=11952"}],"curies":[{"name":"wp","href":"https:\/\/api.w.org\/{rel}","templated":true}]}}