{"id":11954,"date":"2022-10-05T21:26:14","date_gmt":"2022-10-05T21:26:14","guid":{"rendered":"https:\/\/www.africa-press.net\/togo\/politique\/togo-consommer-local-lacte-3-a-lieu-durant-ce-mois-doctobre"},"modified":"2022-10-05T21:39:06","modified_gmt":"2022-10-05T21:39:06","slug":"togo-consommer-local-lacte-3-a-lieu-durant-ce-mois-doctobre","status":"publish","type":"post","link":"https:\/\/www.africa-press.net\/togo\/toutes-les-actualites\/togo-consommer-local-lacte-3-a-lieu-durant-ce-mois-doctobre","title":{"rendered":"Togo- Consommer local : L\u2019acte 3 a lieu durant ce mois d\u2019octobre"},"content":{"rendered":"<p><span style=\"color: #ff6600\"><strong>Africa-Press &#8211; Togo. <\/strong><\/span><b>En conseil des ministres ce mardi, le gouvernement a acte\u0301 la tenue de la troisie\u0300me e\u0301dition du mois du consommer local.<\/b><\/p>\n<p>Place\u0301e sous le the\u0300me \u00ab consommation des produits locaux, facteur d\u2019investissements pour les tre\u0300s petites, petites et moyennes entreprises \u00bb, cette troisie\u0300me e\u0301dition se de\u0301roulera durant tout ce mois d\u2019octobre sur toute l\u2019e\u0301tendue du territoire.<\/p>\n<p>Cette activite\u0301, qui sera officiellement lance\u0301e tre\u0300s prochainement, permettra de valoriser les produits locaux communication a\u0300 travers des expositions et des activite\u0301s permettant de valoriser le travail des artisans et producteurs togolais.<\/p>\n<p>Le conseil a salue\u0301 cette activite\u0301 et a encourage\u0301 l\u2019ensemble de la population a\u0300 y participer massivement dans la droite ligne de la vision de la feuille de route gouvernementale qui vise a\u0300 transformer notre pays en s\u2019appuyant sur les forces de notre e\u0301conomie.<\/p>\n<p><strong>Pour plus d&rsquo;informations et d&rsquo;analyses sur la <a href=\"https:\/\/www.africa-press.net\/togo\">Togo<\/a>, suivez <a href=\"https:\/\/www.africa-press.net\/\">Africa-Press<\/a><\/strong><\/p>\n","protected":false},"excerpt":{"rendered":"<p>Africa-Press &#8211; Togo. En conseil des ministres ce mardi, le gouvernement a acte\u0301 la tenue de la troisie\u0300me e\u0301dition du mois du consommer local. Place\u0301e sous le the\u0300me \u00ab consommation des produits locaux, facteur d\u2019investissements pour les tre\u0300s petites, petites et moyennes entreprises \u00bb, cette troisie\u0300me e\u0301dition se de\u0301roulera durant tout ce mois d\u2019octobre sur [&hellip;]<\/p>\n","protected":false},"author":82,"featured_media":11953,"comment_status":"open","ping_status":"closed","sticky":false,"template":"","format":"standard","meta":{"footnotes":""},"categories":[21,10],"tags":[36,49,50],"class_list":["post-11954","post","type-post","status-publish","format-standard","has-post-thumbnail","hentry","category-communaute","category-toutes-les-actualites","tag-africa-press","tag-africa-press-togo","tag-togo"],"yoast_head":"<!-- This site is optimized with the Yoast SEO Premium plugin v26.1 (Yoast SEO v27.0) - https:\/\/yoast.com\/product\/yoast-seo-premium-wordpress\/ -->\n<title>Togo- Consommer local : L\u2019acte 3 a lieu durant ce mois d\u2019octobre - Togo<\/title>\n<meta name=\"description\" content=\"En conseil des ministres ce mardi, le gouvernement a acte\u0301 la tenue de la troisie\u0300me e\u0301dition du mois du consommer lo ...\" \/>\n<meta name=\"robots\" content=\"index, follow, max-snippet:-1, max-image-preview:large, max-video-preview:-1\" \/>\n<link rel=\"canonical\" href=\"https:\/\/www.africa-press.net\/togo\/toutes-les-actualites\/togo-consommer-local-lacte-3-a-lieu-durant-ce-mois-doctobre\" \/>\n<meta property=\"og:locale\" content=\"fr_FR\" \/>\n<meta property=\"og:type\" content=\"article\" \/>\n<meta property=\"og:title\" content=\"Togo- Consommer local : L\u2019acte 3 a lieu durant ce mois d\u2019octobre\" \/>\n<meta property=\"og:description\" content=\"En conseil des ministres ce mardi, le gouvernement a acte\u0301 la tenue de la troisie\u0300me e\u0301dition du mois du consommer lo ...\" \/>\n<meta property=\"og:url\" content=\"https:\/\/www.africa-press.net\/togo\/toutes-les-actualites\/togo-consommer-local-lacte-3-a-lieu-durant-ce-mois-doctobre\" \/>\n<meta property=\"og:site_name\" content=\"Togo\" \/>\n<meta property=\"article:published_time\" content=\"2022-10-05T21:26:14+00:00\" \/>\n<meta property=\"article:modified_time\" content=\"2022-10-05T21:39:06+00:00\" \/>\n<meta property=\"og:image\" content=\"https:\/\/static.africa-press.net\/togo\/sites\/58\/2022\/10\/postQueueImg_3-633df9470c432.jpg\" \/>\n\t<meta property=\"og:image:width\" content=\"1280\" \/>\n\t<meta property=\"og:image:height\" content=\"853\" \/>\n\t<meta property=\"og:image:type\" content=\"image\/jpeg\" \/>\n<meta name=\"author\" content=\"cfeditorfr\" \/>\n<meta name=\"twitter:card\" content=\"summary_large_image\" \/>\n<meta name=\"twitter:label1\" content=\"\u00c9crit par\" \/>\n\t<meta name=\"twitter:data1\" content=\"cfeditorfr\" \/>\n\t<meta name=\"twitter:label2\" content=\"Dur\u00e9e de lecture estim\u00e9e\" \/>\n\t<meta name=\"twitter:data2\" content=\"1 minute\" \/>\n<script type=\"application\/ld+json\" class=\"yoast-schema-graph\">{\"@context\":\"https:\/\/schema.org\",\"@graph\":[{\"@type\":\"Article\",\"@id\":\"https:\/\/www.africa-press.net\/togo\/toutes-les-actualites\/togo-consommer-local-lacte-3-a-lieu-durant-ce-mois-doctobre#article\",\"isPartOf\":{\"@id\":\"https:\/\/www.africa-press.net\/togo\/toutes-les-actualites\/togo-consommer-local-lacte-3-a-lieu-durant-ce-mois-doctobre\"},\"author\":{\"name\":\"cfeditorfr\",\"@id\":\"https:\/\/www.africa-press.net\/togo\/#\/schema\/person\/2b1cf3cd81a31e3cd26889ca66d677f1\"},\"headline\":\"Togo- Consommer local : L\u2019acte 3 a lieu durant ce mois d\u2019octobre\",\"datePublished\":\"2022-10-05T21:26:14+00:00\",\"dateModified\":\"2022-10-05T21:39:06+00:00\",\"mainEntityOfPage\":{\"@id\":\"https:\/\/www.africa-press.net\/togo\/toutes-les-actualites\/togo-consommer-local-lacte-3-a-lieu-durant-ce-mois-doctobre\"},\"wordCount\":175,\"commentCount\":0,\"image\":{\"@id\":\"https:\/\/www.africa-press.net\/togo\/toutes-les-actualites\/togo-consommer-local-lacte-3-a-lieu-durant-ce-mois-doctobre#primaryimage\"},\"thumbnailUrl\":\"https:\/\/static.africa-press.net\/togo\/sites\/58\/2022\/10\/postQueueImg_3-633df9470c432.jpg\",\"keywords\":[\"Africa Press\",\"Africa Press-Togo\",\"Togo\"],\"articleSection\":[\"Communaut\u00e9\",\"Toutes les actualit\u00e9s\"],\"inLanguage\":\"fr-FR\",\"potentialAction\":[{\"@type\":\"CommentAction\",\"name\":\"Comment\",\"target\":[\"https:\/\/www.africa-press.net\/togo\/toutes-les-actualites\/togo-consommer-local-lacte-3-a-lieu-durant-ce-mois-doctobre#respond\"]}]},{\"@type\":\"WebPage\",\"@id\":\"https:\/\/www.africa-press.net\/togo\/toutes-les-actualites\/togo-consommer-local-lacte-3-a-lieu-durant-ce-mois-doctobre\",\"url\":\"https:\/\/www.africa-press.net\/togo\/toutes-les-actualites\/togo-consommer-local-lacte-3-a-lieu-durant-ce-mois-doctobre\",\"name\":\"Togo- Consommer local : L\u2019acte 3 a lieu durant ce mois d\u2019octobre - Togo\",\"isPartOf\":{\"@id\":\"https:\/\/www.africa-press.net\/togo\/#website\"},\"primaryImageOfPage\":{\"@id\":\"https:\/\/www.africa-press.net\/togo\/toutes-les-actualites\/togo-consommer-local-lacte-3-a-lieu-durant-ce-mois-doctobre#primaryimage\"},\"image\":{\"@id\":\"https:\/\/www.africa-press.net\/togo\/toutes-les-actualites\/togo-consommer-local-lacte-3-a-lieu-durant-ce-mois-doctobre#primaryimage\"},\"thumbnailUrl\":\"https:\/\/static.africa-press.net\/togo\/sites\/58\/2022\/10\/postQueueImg_3-633df9470c432.jpg\",\"datePublished\":\"2022-10-05T21:26:14+00:00\",\"dateModified\":\"2022-10-05T21:39:06+00:00\",\"author\":{\"@id\":\"https:\/\/www.africa-press.net\/togo\/#\/schema\/person\/2b1cf3cd81a31e3cd26889ca66d677f1\"},\"description\":\"En conseil des ministres ce mardi, le gouvernement a acte\u0301 la tenue de la troisie\u0300me e\u0301dition du mois du consommer lo ...\",\"breadcrumb\":{\"@id\":\"https:\/\/www.africa-press.net\/togo\/toutes-les-actualites\/togo-consommer-local-lacte-3-a-lieu-durant-ce-mois-doctobre#breadcrumb\"},\"inLanguage\":\"fr-FR\",\"potentialAction\":[{\"@type\":\"ReadAction\",\"target\":[\"https:\/\/www.africa-press.net\/togo\/toutes-les-actualites\/togo-consommer-local-lacte-3-a-lieu-durant-ce-mois-doctobre\"]}]},{\"@type\":\"ImageObject\",\"inLanguage\":\"fr-FR\",\"@id\":\"https:\/\/www.africa-press.net\/togo\/toutes-les-actualites\/togo-consommer-local-lacte-3-a-lieu-durant-ce-mois-doctobre#primaryimage\",\"url\":\"https:\/\/static.africa-press.net\/togo\/sites\/58\/2022\/10\/postQueueImg_3-633df9470c432.jpg\",\"contentUrl\":\"https:\/\/static.africa-press.net\/togo\/sites\/58\/2022\/10\/postQueueImg_3-633df9470c432.jpg\",\"width\":1280,\"height\":853,\"caption\":\"Togo- Consommer local : L\u2019acte 3 a lieu durant ce mois d\u2019octobre\"},{\"@type\":\"BreadcrumbList\",\"@id\":\"https:\/\/www.africa-press.net\/togo\/toutes-les-actualites\/togo-consommer-local-lacte-3-a-lieu-durant-ce-mois-doctobre#breadcrumb\",\"itemListElement\":[{\"@type\":\"ListItem\",\"position\":1,\"name\":\"Accueil\",\"item\":\"https:\/\/www.africa-press.net\/togo\/\"},{\"@type\":\"ListItem\",\"position\":2,\"name\":\"Togo- Consommer local : L\u2019acte 3 a lieu durant ce mois d\u2019octobre\"}]},{\"@type\":\"WebSite\",\"@id\":\"https:\/\/www.africa-press.net\/togo\/#website\",\"url\":\"https:\/\/www.africa-press.net\/togo\/\",\"name\":\"Togo\",\"description\":\"Just another Africa News Agency Sites site\",\"potentialAction\":[{\"@type\":\"SearchAction\",\"target\":{\"@type\":\"EntryPoint\",\"urlTemplate\":\"https:\/\/www.africa-press.net\/togo\/?s={search_term_string}\"},\"query-input\":{\"@type\":\"PropertyValueSpecification\",\"valueRequired\":true,\"valueName\":\"search_term_string\"}}],\"inLanguage\":\"fr-FR\"},{\"@type\":\"Person\",\"@id\":\"https:\/\/www.africa-press.net\/togo\/#\/schema\/person\/2b1cf3cd81a31e3cd26889ca66d677f1\",\"name\":\"cfeditorfr\"}]}<\/script>\n<!-- \/ Yoast SEO Premium plugin. -->","yoast_head_json":{"title":"Togo- Consommer local : L\u2019acte 3 a lieu durant ce mois d\u2019octobre - Togo","description":"En conseil des ministres ce mardi, le gouvernement a acte\u0301 la tenue de la troisie\u0300me e\u0301dition du mois du consommer lo ...","robots":{"index":"index","follow":"follow","max-snippet":"max-snippet:-1","max-image-preview":"max-image-preview:large","max-video-preview":"max-video-preview:-1"},"canonical":"https:\/\/www.africa-press.net\/togo\/toutes-les-actualites\/togo-consommer-local-lacte-3-a-lieu-durant-ce-mois-doctobre","og_locale":"fr_FR","og_type":"article","og_title":"Togo- Consommer local : L\u2019acte 3 a lieu durant ce mois d\u2019octobre","og_description":"En conseil des ministres ce mardi, le gouvernement a acte\u0301 la tenue de la troisie\u0300me e\u0301dition du mois du consommer lo ...","og_url":"https:\/\/www.africa-press.net\/togo\/toutes-les-actualites\/togo-consommer-local-lacte-3-a-lieu-durant-ce-mois-doctobre","og_site_name":"Togo","article_published_time":"2022-10-05T21:26:14+00:00","article_modified_time":"2022-10-05T21:39:06+00:00","og_image":[{"width":1280,"height":853,"url":"https:\/\/static.africa-press.net\/togo\/sites\/58\/2022\/10\/postQueueImg_3-633df9470c432.jpg","type":"image\/jpeg"}],"author":"cfeditorfr","twitter_card":"summary_large_image","twitter_misc":{"\u00c9crit par":"cfeditorfr","Dur\u00e9e de lecture estim\u00e9e":"1 minute"},"schema":{"@context":"https:\/\/schema.org","@graph":[{"@type":"Article","@id":"https:\/\/www.africa-press.net\/togo\/toutes-les-actualites\/togo-consommer-local-lacte-3-a-lieu-durant-ce-mois-doctobre#article","isPartOf":{"@id":"https:\/\/www.africa-press.net\/togo\/toutes-les-actualites\/togo-consommer-local-lacte-3-a-lieu-durant-ce-mois-doctobre"},"author":{"name":"cfeditorfr","@id":"https:\/\/www.africa-press.net\/togo\/#\/schema\/person\/2b1cf3cd81a31e3cd26889ca66d677f1"},"headline":"Togo- Consommer local : L\u2019acte 3 a lieu durant ce mois d\u2019octobre","datePublished":"2022-10-05T21:26:14+00:00","dateModified":"2022-10-05T21:39:06+00:00","mainEntityOfPage":{"@id":"https:\/\/www.africa-press.net\/togo\/toutes-les-actualites\/togo-consommer-local-lacte-3-a-lieu-durant-ce-mois-doctobre"},"wordCount":175,"commentCount":0,"image":{"@id":"https:\/\/www.africa-press.net\/togo\/toutes-les-actualites\/togo-consommer-local-lacte-3-a-lieu-durant-ce-mois-doctobre#primaryimage"},"thumbnailUrl":"https:\/\/static.africa-press.net\/togo\/sites\/58\/2022\/10\/postQueueImg_3-633df9470c432.jpg","keywords":["Africa Press","Africa Press-Togo","Togo"],"articleSection":["Communaut\u00e9","Toutes les actualit\u00e9s"],"inLanguage":"fr-FR","potentialAction":[{"@type":"CommentAction","name":"Comment","target":["https:\/\/www.africa-press.net\/togo\/toutes-les-actualites\/togo-consommer-local-lacte-3-a-lieu-durant-ce-mois-doctobre#respond"]}]},{"@type":"WebPage","@id":"https:\/\/www.africa-press.net\/togo\/toutes-les-actualites\/togo-consommer-local-lacte-3-a-lieu-durant-ce-mois-doctobre","url":"https:\/\/www.africa-press.net\/togo\/toutes-les-actualites\/togo-consommer-local-lacte-3-a-lieu-durant-ce-mois-doctobre","name":"Togo- Consommer local : L\u2019acte 3 a lieu durant ce mois d\u2019octobre - Togo","isPartOf":{"@id":"https:\/\/www.africa-press.net\/togo\/#website"},"primaryImageOfPage":{"@id":"https:\/\/www.africa-press.net\/togo\/toutes-les-actualites\/togo-consommer-local-lacte-3-a-lieu-durant-ce-mois-doctobre#primaryimage"},"image":{"@id":"https:\/\/www.africa-press.net\/togo\/toutes-les-actualites\/togo-consommer-local-lacte-3-a-lieu-durant-ce-mois-doctobre#primaryimage"},"thumbnailUrl":"https:\/\/static.africa-press.net\/togo\/sites\/58\/2022\/10\/postQueueImg_3-633df9470c432.jpg","datePublished":"2022-10-05T21:26:14+00:00","dateModified":"2022-10-05T21:39:06+00:00","author":{"@id":"https:\/\/www.africa-press.net\/togo\/#\/schema\/person\/2b1cf3cd81a31e3cd26889ca66d677f1"},"description":"En conseil des ministres ce mardi, le gouvernement a acte\u0301 la tenue de la troisie\u0300me e\u0301dition du mois du consommer lo ...","breadcrumb":{"@id":"https:\/\/www.africa-press.net\/togo\/toutes-les-actualites\/togo-consommer-local-lacte-3-a-lieu-durant-ce-mois-doctobre#breadcrumb"},"inLanguage":"fr-FR","potentialAction":[{"@type":"ReadAction","target":["https:\/\/www.africa-press.net\/togo\/toutes-les-actualites\/togo-consommer-local-lacte-3-a-lieu-durant-ce-mois-doctobre"]}]},{"@type":"ImageObject","inLanguage":"fr-FR","@id":"https:\/\/www.africa-press.net\/togo\/toutes-les-actualites\/togo-consommer-local-lacte-3-a-lieu-durant-ce-mois-doctobre#primaryimage","url":"https:\/\/static.africa-press.net\/togo\/sites\/58\/2022\/10\/postQueueImg_3-633df9470c432.jpg","contentUrl":"https:\/\/static.africa-press.net\/togo\/sites\/58\/2022\/10\/postQueueImg_3-633df9470c432.jpg","width":1280,"height":853,"caption":"Togo- Consommer local : L\u2019acte 3 a lieu durant ce mois d\u2019octobre"},{"@type":"BreadcrumbList","@id":"https:\/\/www.africa-press.net\/togo\/toutes-les-actualites\/togo-consommer-local-lacte-3-a-lieu-durant-ce-mois-doctobre#breadcrumb","itemListElement":[{"@type":"ListItem","position":1,"name":"Accueil","item":"https:\/\/www.africa-press.net\/togo\/"},{"@type":"ListItem","position":2,"name":"Togo- Consommer local : L\u2019acte 3 a lieu durant ce mois d\u2019octobre"}]},{"@type":"WebSite","@id":"https:\/\/www.africa-press.net\/togo\/#website","url":"https:\/\/www.africa-press.net\/togo\/","name":"Togo","description":"Just another Africa News Agency Sites site","potentialAction":[{"@type":"SearchAction","target":{"@type":"EntryPoint","urlTemplate":"https:\/\/www.africa-press.net\/togo\/?s={search_term_string}"},"query-input":{"@type":"PropertyValueSpecification","valueRequired":true,"valueName":"search_term_string"}}],"inLanguage":"fr-FR"},{"@type":"Person","@id":"https:\/\/www.africa-press.net\/togo\/#\/schema\/person\/2b1cf3cd81a31e3cd26889ca66d677f1","name":"cfeditorfr"}]}},"_links":{"self":[{"href":"https:\/\/www.africa-press.net\/togo\/wp-json\/wp\/v2\/posts\/11954","targetHints":{"allow":["GET"]}}],"collection":[{"href":"https:\/\/www.africa-press.net\/togo\/wp-json\/wp\/v2\/posts"}],"about":[{"href":"https:\/\/www.africa-press.net\/togo\/wp-json\/wp\/v2\/types\/post"}],"author":[{"embeddable":true,"href":"https:\/\/www.africa-press.net\/togo\/wp-json\/wp\/v2\/users\/82"}],"replies":[{"embeddable":true,"href":"https:\/\/www.africa-press.net\/togo\/wp-json\/wp\/v2\/comments?post=11954"}],"version-history":[{"count":0,"href":"https:\/\/www.africa-press.net\/togo\/wp-json\/wp\/v2\/posts\/11954\/revisions"}],"wp:featuredmedia":[{"embeddable":true,"href":"https:\/\/www.africa-press.net\/togo\/wp-json\/wp\/v2\/media\/11953"}],"wp:attachment":[{"href":"https:\/\/www.africa-press.net\/togo\/wp-json\/wp\/v2\/media?parent=11954"}],"wp:term":[{"taxonomy":"category","embeddable":true,"href":"https:\/\/www.africa-press.net\/togo\/wp-json\/wp\/v2\/categories?post=11954"},{"taxonomy":"post_tag","embeddable":true,"href":"https:\/\/www.africa-press.net\/togo\/wp-json\/wp\/v2\/tags?post=11954"}],"curies":[{"name":"wp","href":"https:\/\/api.w.org\/{rel}","templated":true}]}}