{"id":11966,"date":"2022-10-05T21:27:18","date_gmt":"2022-10-05T21:27:18","guid":{"rendered":"https:\/\/www.africa-press.net\/togo\/politique\/togo-lartiste-miliano-pacis-sort-enfin-son-1er-album-solo"},"modified":"2022-10-05T21:41:11","modified_gmt":"2022-10-05T21:41:11","slug":"togo-lartiste-miliano-pacis-sort-enfin-son-1er-album-solo","status":"publish","type":"post","link":"https:\/\/www.africa-press.net\/togo\/culture-et-art\/togo-lartiste-miliano-pacis-sort-enfin-son-1er-album-solo","title":{"rendered":"Togo- L\u2019artiste Miliano Pacis sort enfin son 1er album solo"},"content":{"rendered":"<p><span style=\"color: #ff6600\"><strong>Africa-Press &#8211; Togo. <\/strong><\/span><b>L\u2019artiste ne\u0301 a\u0300 Lome\u0301, re\u0301sidant au pays de l\u2019Oncle Sam, influence\u0301 par les slows franc\u0327ais et le jazz, va lancer son premier album ce samedi 8 octobre a\u0300 Agora Senghor a\u0300 Lome\u0301.<\/b><\/p>\n<p>C\u2019est un peu sur le tard que Miliano Pacis de\u0301cide de se lancer dans une carrie\u0300re solo. Et elle de\u0301bute ve\u0301ritablement par la sortie officielle de son tout premier be\u0301be\u0301 ce week-end dans la capitale togolaise.<\/p>\n<p>\u00abLove changes everything \u00bb ou \u00ab L\u2019amour change tout \u00bb en franc\u0327ais. C\u2019est le nom qu\u2019il donne a\u0300 ce que certains conside\u0300rent de\u0301ja\u0300 comme un chef-d\u2019\u0153uvre musical. Un album ba\u0302ti au rythme d\u2019afro pop et du jazz, surtout que l\u2019artiste mai\u0302trise beaucoup d\u2019instruments de musique (piano, voix, violon).<\/p>\n<p>Les \u0153uvres de Miliano Pacis tirent leur essence dans les faits de socie\u0301te\u0301. Selon un de ses proche, \u00ab il se pre\u0301sente vite comme le porte -parole de l\u2019amour et aime a\u0300 de\u0301peindre toutes les facettes de la vie dans ses \u0153uvres \u00bb.<\/p>\n<p>Maxwell Pacis, a\u0300 l\u2019e\u0301tat civil, forme\u0301 a\u0300 la Music Performent a\u0300 Lindenwood University aux Etats Unis, au de\u0301part ambitionnait de devenir un chanteur d\u2019ope\u0301ra. Il donne donc rendez-vous aux me\u0301lomanes ce samedi a\u0300 Agora Senghor pour la de\u0301dicace de son premier album.<\/p>\n<p><strong>Pour plus d&rsquo;informations et d&rsquo;analyses sur la <a href=\"https:\/\/www.africa-press.net\/togo\">Togo<\/a>, suivez <a href=\"https:\/\/www.africa-press.net\/\">Africa-Press<\/a><\/strong><\/p>\n","protected":false},"excerpt":{"rendered":"<p>Africa-Press &#8211; Togo. L\u2019artiste ne\u0301 a\u0300 Lome\u0301, re\u0301sidant au pays de l\u2019Oncle Sam, influence\u0301 par les slows franc\u0327ais et le jazz, va lancer son premier album ce samedi 8 octobre a\u0300 Agora Senghor a\u0300 Lome\u0301. C\u2019est un peu sur le tard que Miliano Pacis de\u0301cide de se lancer dans une carrie\u0300re solo. Et elle de\u0301bute [&hellip;]<\/p>\n","protected":false},"author":82,"featured_media":11965,"comment_status":"open","ping_status":"closed","sticky":false,"template":"","format":"standard","meta":{"footnotes":""},"categories":[5,10],"tags":[36,49,50],"class_list":["post-11966","post","type-post","status-publish","format-standard","has-post-thumbnail","hentry","category-culture-et-art","category-toutes-les-actualites","tag-africa-press","tag-africa-press-togo","tag-togo"],"yoast_head":"<!-- This site is optimized with the Yoast SEO Premium plugin v26.1 (Yoast SEO v27.0) - https:\/\/yoast.com\/product\/yoast-seo-premium-wordpress\/ -->\n<title>Togo- L\u2019artiste Miliano Pacis sort enfin son 1er album solo - Togo<\/title>\n<meta name=\"description\" content=\"L\u2019artiste ne\u0301 a\u0300 Lome\u0301, re\u0301sidant au pays de l\u2019Oncle Sam, influence\u0301 par les slows franc\u0327ais et le jazz, va lancer so ...\" \/>\n<meta name=\"robots\" content=\"index, follow, max-snippet:-1, max-image-preview:large, max-video-preview:-1\" \/>\n<link rel=\"canonical\" href=\"https:\/\/www.africa-press.net\/togo\/culture-et-art\/togo-lartiste-miliano-pacis-sort-enfin-son-1er-album-solo\" \/>\n<meta property=\"og:locale\" content=\"fr_FR\" \/>\n<meta property=\"og:type\" content=\"article\" \/>\n<meta property=\"og:title\" content=\"Togo- L\u2019artiste Miliano Pacis sort enfin son 1er album solo\" \/>\n<meta property=\"og:description\" content=\"L\u2019artiste ne\u0301 a\u0300 Lome\u0301, re\u0301sidant au pays de l\u2019Oncle Sam, influence\u0301 par les slows franc\u0327ais et le jazz, va lancer so ...\" \/>\n<meta property=\"og:url\" content=\"https:\/\/www.africa-press.net\/togo\/culture-et-art\/togo-lartiste-miliano-pacis-sort-enfin-son-1er-album-solo\" \/>\n<meta property=\"og:site_name\" content=\"Togo\" \/>\n<meta property=\"article:published_time\" content=\"2022-10-05T21:27:18+00:00\" \/>\n<meta property=\"article:modified_time\" content=\"2022-10-05T21:41:11+00:00\" \/>\n<meta property=\"og:image\" content=\"https:\/\/static.africa-press.net\/togo\/sites\/58\/2022\/10\/postQueueImg_7-633df9e0a8055.jpg\" \/>\n\t<meta property=\"og:image:width\" content=\"1280\" \/>\n\t<meta property=\"og:image:height\" content=\"800\" \/>\n\t<meta property=\"og:image:type\" content=\"image\/jpeg\" \/>\n<meta name=\"author\" content=\"cfeditorfr\" \/>\n<meta name=\"twitter:card\" content=\"summary_large_image\" \/>\n<meta name=\"twitter:label1\" content=\"\u00c9crit par\" \/>\n\t<meta name=\"twitter:data1\" content=\"cfeditorfr\" \/>\n\t<meta name=\"twitter:label2\" content=\"Dur\u00e9e de lecture estim\u00e9e\" \/>\n\t<meta name=\"twitter:data2\" content=\"2 minutes\" \/>\n<script type=\"application\/ld+json\" class=\"yoast-schema-graph\">{\"@context\":\"https:\/\/schema.org\",\"@graph\":[{\"@type\":\"Article\",\"@id\":\"https:\/\/www.africa-press.net\/togo\/culture-et-art\/togo-lartiste-miliano-pacis-sort-enfin-son-1er-album-solo#article\",\"isPartOf\":{\"@id\":\"https:\/\/www.africa-press.net\/togo\/culture-et-art\/togo-lartiste-miliano-pacis-sort-enfin-son-1er-album-solo\"},\"author\":{\"name\":\"cfeditorfr\",\"@id\":\"https:\/\/www.africa-press.net\/togo\/#\/schema\/person\/2b1cf3cd81a31e3cd26889ca66d677f1\"},\"headline\":\"Togo- L\u2019artiste Miliano Pacis sort enfin son 1er album solo\",\"datePublished\":\"2022-10-05T21:27:18+00:00\",\"dateModified\":\"2022-10-05T21:41:11+00:00\",\"mainEntityOfPage\":{\"@id\":\"https:\/\/www.africa-press.net\/togo\/culture-et-art\/togo-lartiste-miliano-pacis-sort-enfin-son-1er-album-solo\"},\"wordCount\":254,\"commentCount\":0,\"image\":{\"@id\":\"https:\/\/www.africa-press.net\/togo\/culture-et-art\/togo-lartiste-miliano-pacis-sort-enfin-son-1er-album-solo#primaryimage\"},\"thumbnailUrl\":\"https:\/\/static.africa-press.net\/togo\/sites\/58\/2022\/10\/postQueueImg_7-633df9e0a8055.jpg\",\"keywords\":[\"Africa Press\",\"Africa Press-Togo\",\"Togo\"],\"articleSection\":[\"Culture et Art\",\"Toutes les actualit\u00e9s\"],\"inLanguage\":\"fr-FR\",\"potentialAction\":[{\"@type\":\"CommentAction\",\"name\":\"Comment\",\"target\":[\"https:\/\/www.africa-press.net\/togo\/culture-et-art\/togo-lartiste-miliano-pacis-sort-enfin-son-1er-album-solo#respond\"]}]},{\"@type\":\"WebPage\",\"@id\":\"https:\/\/www.africa-press.net\/togo\/culture-et-art\/togo-lartiste-miliano-pacis-sort-enfin-son-1er-album-solo\",\"url\":\"https:\/\/www.africa-press.net\/togo\/culture-et-art\/togo-lartiste-miliano-pacis-sort-enfin-son-1er-album-solo\",\"name\":\"Togo- L\u2019artiste Miliano Pacis sort enfin son 1er album solo - Togo\",\"isPartOf\":{\"@id\":\"https:\/\/www.africa-press.net\/togo\/#website\"},\"primaryImageOfPage\":{\"@id\":\"https:\/\/www.africa-press.net\/togo\/culture-et-art\/togo-lartiste-miliano-pacis-sort-enfin-son-1er-album-solo#primaryimage\"},\"image\":{\"@id\":\"https:\/\/www.africa-press.net\/togo\/culture-et-art\/togo-lartiste-miliano-pacis-sort-enfin-son-1er-album-solo#primaryimage\"},\"thumbnailUrl\":\"https:\/\/static.africa-press.net\/togo\/sites\/58\/2022\/10\/postQueueImg_7-633df9e0a8055.jpg\",\"datePublished\":\"2022-10-05T21:27:18+00:00\",\"dateModified\":\"2022-10-05T21:41:11+00:00\",\"author\":{\"@id\":\"https:\/\/www.africa-press.net\/togo\/#\/schema\/person\/2b1cf3cd81a31e3cd26889ca66d677f1\"},\"description\":\"L\u2019artiste ne\u0301 a\u0300 Lome\u0301, re\u0301sidant au pays de l\u2019Oncle Sam, influence\u0301 par les slows franc\u0327ais et le jazz, va lancer so ...\",\"breadcrumb\":{\"@id\":\"https:\/\/www.africa-press.net\/togo\/culture-et-art\/togo-lartiste-miliano-pacis-sort-enfin-son-1er-album-solo#breadcrumb\"},\"inLanguage\":\"fr-FR\",\"potentialAction\":[{\"@type\":\"ReadAction\",\"target\":[\"https:\/\/www.africa-press.net\/togo\/culture-et-art\/togo-lartiste-miliano-pacis-sort-enfin-son-1er-album-solo\"]}]},{\"@type\":\"ImageObject\",\"inLanguage\":\"fr-FR\",\"@id\":\"https:\/\/www.africa-press.net\/togo\/culture-et-art\/togo-lartiste-miliano-pacis-sort-enfin-son-1er-album-solo#primaryimage\",\"url\":\"https:\/\/static.africa-press.net\/togo\/sites\/58\/2022\/10\/postQueueImg_7-633df9e0a8055.jpg\",\"contentUrl\":\"https:\/\/static.africa-press.net\/togo\/sites\/58\/2022\/10\/postQueueImg_7-633df9e0a8055.jpg\",\"width\":1280,\"height\":800,\"caption\":\"Togo- L\u2019artiste Miliano Pacis sort enfin son 1er album solo\"},{\"@type\":\"BreadcrumbList\",\"@id\":\"https:\/\/www.africa-press.net\/togo\/culture-et-art\/togo-lartiste-miliano-pacis-sort-enfin-son-1er-album-solo#breadcrumb\",\"itemListElement\":[{\"@type\":\"ListItem\",\"position\":1,\"name\":\"Accueil\",\"item\":\"https:\/\/www.africa-press.net\/togo\/\"},{\"@type\":\"ListItem\",\"position\":2,\"name\":\"Togo- L\u2019artiste Miliano Pacis sort enfin son 1er album solo\"}]},{\"@type\":\"WebSite\",\"@id\":\"https:\/\/www.africa-press.net\/togo\/#website\",\"url\":\"https:\/\/www.africa-press.net\/togo\/\",\"name\":\"Togo\",\"description\":\"Just another Africa News Agency Sites site\",\"potentialAction\":[{\"@type\":\"SearchAction\",\"target\":{\"@type\":\"EntryPoint\",\"urlTemplate\":\"https:\/\/www.africa-press.net\/togo\/?s={search_term_string}\"},\"query-input\":{\"@type\":\"PropertyValueSpecification\",\"valueRequired\":true,\"valueName\":\"search_term_string\"}}],\"inLanguage\":\"fr-FR\"},{\"@type\":\"Person\",\"@id\":\"https:\/\/www.africa-press.net\/togo\/#\/schema\/person\/2b1cf3cd81a31e3cd26889ca66d677f1\",\"name\":\"cfeditorfr\"}]}<\/script>\n<!-- \/ Yoast SEO Premium plugin. -->","yoast_head_json":{"title":"Togo- L\u2019artiste Miliano Pacis sort enfin son 1er album solo - Togo","description":"L\u2019artiste ne\u0301 a\u0300 Lome\u0301, re\u0301sidant au pays de l\u2019Oncle Sam, influence\u0301 par les slows franc\u0327ais et le jazz, va lancer so ...","robots":{"index":"index","follow":"follow","max-snippet":"max-snippet:-1","max-image-preview":"max-image-preview:large","max-video-preview":"max-video-preview:-1"},"canonical":"https:\/\/www.africa-press.net\/togo\/culture-et-art\/togo-lartiste-miliano-pacis-sort-enfin-son-1er-album-solo","og_locale":"fr_FR","og_type":"article","og_title":"Togo- L\u2019artiste Miliano Pacis sort enfin son 1er album solo","og_description":"L\u2019artiste ne\u0301 a\u0300 Lome\u0301, re\u0301sidant au pays de l\u2019Oncle Sam, influence\u0301 par les slows franc\u0327ais et le jazz, va lancer so ...","og_url":"https:\/\/www.africa-press.net\/togo\/culture-et-art\/togo-lartiste-miliano-pacis-sort-enfin-son-1er-album-solo","og_site_name":"Togo","article_published_time":"2022-10-05T21:27:18+00:00","article_modified_time":"2022-10-05T21:41:11+00:00","og_image":[{"width":1280,"height":800,"url":"https:\/\/static.africa-press.net\/togo\/sites\/58\/2022\/10\/postQueueImg_7-633df9e0a8055.jpg","type":"image\/jpeg"}],"author":"cfeditorfr","twitter_card":"summary_large_image","twitter_misc":{"\u00c9crit par":"cfeditorfr","Dur\u00e9e de lecture estim\u00e9e":"2 minutes"},"schema":{"@context":"https:\/\/schema.org","@graph":[{"@type":"Article","@id":"https:\/\/www.africa-press.net\/togo\/culture-et-art\/togo-lartiste-miliano-pacis-sort-enfin-son-1er-album-solo#article","isPartOf":{"@id":"https:\/\/www.africa-press.net\/togo\/culture-et-art\/togo-lartiste-miliano-pacis-sort-enfin-son-1er-album-solo"},"author":{"name":"cfeditorfr","@id":"https:\/\/www.africa-press.net\/togo\/#\/schema\/person\/2b1cf3cd81a31e3cd26889ca66d677f1"},"headline":"Togo- L\u2019artiste Miliano Pacis sort enfin son 1er album solo","datePublished":"2022-10-05T21:27:18+00:00","dateModified":"2022-10-05T21:41:11+00:00","mainEntityOfPage":{"@id":"https:\/\/www.africa-press.net\/togo\/culture-et-art\/togo-lartiste-miliano-pacis-sort-enfin-son-1er-album-solo"},"wordCount":254,"commentCount":0,"image":{"@id":"https:\/\/www.africa-press.net\/togo\/culture-et-art\/togo-lartiste-miliano-pacis-sort-enfin-son-1er-album-solo#primaryimage"},"thumbnailUrl":"https:\/\/static.africa-press.net\/togo\/sites\/58\/2022\/10\/postQueueImg_7-633df9e0a8055.jpg","keywords":["Africa Press","Africa Press-Togo","Togo"],"articleSection":["Culture et Art","Toutes les actualit\u00e9s"],"inLanguage":"fr-FR","potentialAction":[{"@type":"CommentAction","name":"Comment","target":["https:\/\/www.africa-press.net\/togo\/culture-et-art\/togo-lartiste-miliano-pacis-sort-enfin-son-1er-album-solo#respond"]}]},{"@type":"WebPage","@id":"https:\/\/www.africa-press.net\/togo\/culture-et-art\/togo-lartiste-miliano-pacis-sort-enfin-son-1er-album-solo","url":"https:\/\/www.africa-press.net\/togo\/culture-et-art\/togo-lartiste-miliano-pacis-sort-enfin-son-1er-album-solo","name":"Togo- L\u2019artiste Miliano Pacis sort enfin son 1er album solo - Togo","isPartOf":{"@id":"https:\/\/www.africa-press.net\/togo\/#website"},"primaryImageOfPage":{"@id":"https:\/\/www.africa-press.net\/togo\/culture-et-art\/togo-lartiste-miliano-pacis-sort-enfin-son-1er-album-solo#primaryimage"},"image":{"@id":"https:\/\/www.africa-press.net\/togo\/culture-et-art\/togo-lartiste-miliano-pacis-sort-enfin-son-1er-album-solo#primaryimage"},"thumbnailUrl":"https:\/\/static.africa-press.net\/togo\/sites\/58\/2022\/10\/postQueueImg_7-633df9e0a8055.jpg","datePublished":"2022-10-05T21:27:18+00:00","dateModified":"2022-10-05T21:41:11+00:00","author":{"@id":"https:\/\/www.africa-press.net\/togo\/#\/schema\/person\/2b1cf3cd81a31e3cd26889ca66d677f1"},"description":"L\u2019artiste ne\u0301 a\u0300 Lome\u0301, re\u0301sidant au pays de l\u2019Oncle Sam, influence\u0301 par les slows franc\u0327ais et le jazz, va lancer so ...","breadcrumb":{"@id":"https:\/\/www.africa-press.net\/togo\/culture-et-art\/togo-lartiste-miliano-pacis-sort-enfin-son-1er-album-solo#breadcrumb"},"inLanguage":"fr-FR","potentialAction":[{"@type":"ReadAction","target":["https:\/\/www.africa-press.net\/togo\/culture-et-art\/togo-lartiste-miliano-pacis-sort-enfin-son-1er-album-solo"]}]},{"@type":"ImageObject","inLanguage":"fr-FR","@id":"https:\/\/www.africa-press.net\/togo\/culture-et-art\/togo-lartiste-miliano-pacis-sort-enfin-son-1er-album-solo#primaryimage","url":"https:\/\/static.africa-press.net\/togo\/sites\/58\/2022\/10\/postQueueImg_7-633df9e0a8055.jpg","contentUrl":"https:\/\/static.africa-press.net\/togo\/sites\/58\/2022\/10\/postQueueImg_7-633df9e0a8055.jpg","width":1280,"height":800,"caption":"Togo- L\u2019artiste Miliano Pacis sort enfin son 1er album solo"},{"@type":"BreadcrumbList","@id":"https:\/\/www.africa-press.net\/togo\/culture-et-art\/togo-lartiste-miliano-pacis-sort-enfin-son-1er-album-solo#breadcrumb","itemListElement":[{"@type":"ListItem","position":1,"name":"Accueil","item":"https:\/\/www.africa-press.net\/togo\/"},{"@type":"ListItem","position":2,"name":"Togo- L\u2019artiste Miliano Pacis sort enfin son 1er album solo"}]},{"@type":"WebSite","@id":"https:\/\/www.africa-press.net\/togo\/#website","url":"https:\/\/www.africa-press.net\/togo\/","name":"Togo","description":"Just another Africa News Agency Sites site","potentialAction":[{"@type":"SearchAction","target":{"@type":"EntryPoint","urlTemplate":"https:\/\/www.africa-press.net\/togo\/?s={search_term_string}"},"query-input":{"@type":"PropertyValueSpecification","valueRequired":true,"valueName":"search_term_string"}}],"inLanguage":"fr-FR"},{"@type":"Person","@id":"https:\/\/www.africa-press.net\/togo\/#\/schema\/person\/2b1cf3cd81a31e3cd26889ca66d677f1","name":"cfeditorfr"}]}},"_links":{"self":[{"href":"https:\/\/www.africa-press.net\/togo\/wp-json\/wp\/v2\/posts\/11966","targetHints":{"allow":["GET"]}}],"collection":[{"href":"https:\/\/www.africa-press.net\/togo\/wp-json\/wp\/v2\/posts"}],"about":[{"href":"https:\/\/www.africa-press.net\/togo\/wp-json\/wp\/v2\/types\/post"}],"author":[{"embeddable":true,"href":"https:\/\/www.africa-press.net\/togo\/wp-json\/wp\/v2\/users\/82"}],"replies":[{"embeddable":true,"href":"https:\/\/www.africa-press.net\/togo\/wp-json\/wp\/v2\/comments?post=11966"}],"version-history":[{"count":0,"href":"https:\/\/www.africa-press.net\/togo\/wp-json\/wp\/v2\/posts\/11966\/revisions"}],"wp:featuredmedia":[{"embeddable":true,"href":"https:\/\/www.africa-press.net\/togo\/wp-json\/wp\/v2\/media\/11965"}],"wp:attachment":[{"href":"https:\/\/www.africa-press.net\/togo\/wp-json\/wp\/v2\/media?parent=11966"}],"wp:term":[{"taxonomy":"category","embeddable":true,"href":"https:\/\/www.africa-press.net\/togo\/wp-json\/wp\/v2\/categories?post=11966"},{"taxonomy":"post_tag","embeddable":true,"href":"https:\/\/www.africa-press.net\/togo\/wp-json\/wp\/v2\/tags?post=11966"}],"curies":[{"name":"wp","href":"https:\/\/api.w.org\/{rel}","templated":true}]}}