{"id":11978,"date":"2022-10-05T21:28:28","date_gmt":"2022-10-05T21:28:28","guid":{"rendered":"https:\/\/www.africa-press.net\/togo\/politique\/togo-yark-appelle-les-usagers-de-la-plage-a-la-vigilance"},"modified":"2022-10-05T21:43:25","modified_gmt":"2022-10-05T21:43:25","slug":"togo-yark-appelle-les-usagers-de-la-plage-a-la-vigilance","status":"publish","type":"post","link":"https:\/\/www.africa-press.net\/togo\/toutes-les-actualites\/togo-yark-appelle-les-usagers-de-la-plage-a-la-vigilance","title":{"rendered":"Togo\u00a0: Yark appelle les usagers de la plage \u00e0 la vigilance"},"content":{"rendered":"<p><span style=\"color: #ff6600\"><strong>Africa-Press &#8211; Togo. <\/strong><\/span>Edem Kokou Tengue, ministre de l\u2019Economie maritime, de la pe\u0302che et de la protection co\u0302tie\u0300re et son homologue de la se\u0301curite\u0301 et de la protection civile, Gal Yark Damehame appellent les populations rive\u0301raines de la plage et la communaute\u0301 des pe\u0301cheurs a\u0300 la vigilance. Ils de\u0301conseillent surtout aux usagers de la plage les baignades en mer.<\/p>\n<p>En effet, selon les deux ministres, depuis quelques jours, un phe\u0301nome\u0300ne inhabituel d\u2019agitation de mer relatif a\u0300 la monte\u0301e de l\u2019eau est constate\u0301 sur la co\u0302te togolaise.<\/p>\n<p>Ce phe\u0301nome\u0300ne dangereux, soulignent-ils, peut occasionner des de\u0301ga\u0302ts mate\u0301riels voire des pertes en vies humaines si des dispositions de prudence ne sont pas observe\u0301es.<\/p>\n<p><strong>Pour plus d&rsquo;informations et d&rsquo;analyses sur la <a href=\"https:\/\/www.africa-press.net\/togo\">Togo<\/a>, suivez <a href=\"https:\/\/www.africa-press.net\/\">Africa-Press<\/a><\/strong><\/p>\n","protected":false},"excerpt":{"rendered":"<p>Africa-Press &#8211; Togo. Edem Kokou Tengue, ministre de l\u2019Economie maritime, de la pe\u0302che et de la protection co\u0302tie\u0300re et son homologue de la se\u0301curite\u0301 et de la protection civile, Gal Yark Damehame appellent les populations rive\u0301raines de la plage et la communaute\u0301 des pe\u0301cheurs a\u0300 la vigilance. Ils de\u0301conseillent surtout aux usagers de la plage [&hellip;]<\/p>\n","protected":false},"author":82,"featured_media":11977,"comment_status":"open","ping_status":"closed","sticky":false,"template":"","format":"standard","meta":{"footnotes":""},"categories":[21,10],"tags":[36,49,50],"class_list":["post-11978","post","type-post","status-publish","format-standard","has-post-thumbnail","hentry","category-communaute","category-toutes-les-actualites","tag-africa-press","tag-africa-press-togo","tag-togo"],"yoast_head":"<!-- This site is optimized with the Yoast SEO Premium plugin v26.1 (Yoast SEO v27.0) - https:\/\/yoast.com\/product\/yoast-seo-premium-wordpress\/ -->\n<title>Togo\u00a0: Yark appelle les usagers de la plage \u00e0 la vigilance - Togo<\/title>\n<meta name=\"description\" content=\"Edem Kokou Tengue, ministre de l\u2019Economie maritime, de la pe\u0302che et de la protection co\u0302tie\u0300re et son homologue de la se ...\" \/>\n<meta name=\"robots\" content=\"index, follow, max-snippet:-1, max-image-preview:large, max-video-preview:-1\" \/>\n<link rel=\"canonical\" href=\"https:\/\/www.africa-press.net\/togo\/toutes-les-actualites\/togo-yark-appelle-les-usagers-de-la-plage-a-la-vigilance\" \/>\n<meta property=\"og:locale\" content=\"fr_FR\" \/>\n<meta property=\"og:type\" content=\"article\" \/>\n<meta property=\"og:title\" content=\"Togo\u00a0: Yark appelle les usagers de la plage \u00e0 la vigilance\" \/>\n<meta property=\"og:description\" content=\"Edem Kokou Tengue, ministre de l\u2019Economie maritime, de la pe\u0302che et de la protection co\u0302tie\u0300re et son homologue de la se ...\" \/>\n<meta property=\"og:url\" content=\"https:\/\/www.africa-press.net\/togo\/toutes-les-actualites\/togo-yark-appelle-les-usagers-de-la-plage-a-la-vigilance\" \/>\n<meta property=\"og:site_name\" content=\"Togo\" \/>\n<meta property=\"article:published_time\" content=\"2022-10-05T21:28:28+00:00\" \/>\n<meta property=\"article:modified_time\" content=\"2022-10-05T21:43:25+00:00\" \/>\n<meta property=\"og:image\" content=\"https:\/\/static.africa-press.net\/togo\/sites\/58\/2022\/10\/postQueueImg_11-633dfa6123e83.jpg\" \/>\n\t<meta property=\"og:image:width\" content=\"720\" \/>\n\t<meta property=\"og:image:height\" content=\"480\" \/>\n\t<meta property=\"og:image:type\" content=\"image\/jpeg\" \/>\n<meta name=\"author\" content=\"cfeditorfr\" \/>\n<meta name=\"twitter:card\" content=\"summary_large_image\" \/>\n<meta name=\"twitter:label1\" content=\"\u00c9crit par\" \/>\n\t<meta name=\"twitter:data1\" content=\"cfeditorfr\" \/>\n\t<meta name=\"twitter:label2\" content=\"Dur\u00e9e de lecture estim\u00e9e\" \/>\n\t<meta name=\"twitter:data2\" content=\"1 minute\" \/>\n<script type=\"application\/ld+json\" class=\"yoast-schema-graph\">{\"@context\":\"https:\/\/schema.org\",\"@graph\":[{\"@type\":\"Article\",\"@id\":\"https:\/\/www.africa-press.net\/togo\/toutes-les-actualites\/togo-yark-appelle-les-usagers-de-la-plage-a-la-vigilance#article\",\"isPartOf\":{\"@id\":\"https:\/\/www.africa-press.net\/togo\/toutes-les-actualites\/togo-yark-appelle-les-usagers-de-la-plage-a-la-vigilance\"},\"author\":{\"name\":\"cfeditorfr\",\"@id\":\"https:\/\/www.africa-press.net\/togo\/#\/schema\/person\/2b1cf3cd81a31e3cd26889ca66d677f1\"},\"headline\":\"Togo\u00a0: Yark appelle les usagers de la plage \u00e0 la vigilance\",\"datePublished\":\"2022-10-05T21:28:28+00:00\",\"dateModified\":\"2022-10-05T21:43:25+00:00\",\"mainEntityOfPage\":{\"@id\":\"https:\/\/www.africa-press.net\/togo\/toutes-les-actualites\/togo-yark-appelle-les-usagers-de-la-plage-a-la-vigilance\"},\"wordCount\":152,\"commentCount\":0,\"image\":{\"@id\":\"https:\/\/www.africa-press.net\/togo\/toutes-les-actualites\/togo-yark-appelle-les-usagers-de-la-plage-a-la-vigilance#primaryimage\"},\"thumbnailUrl\":\"https:\/\/static.africa-press.net\/togo\/sites\/58\/2022\/10\/postQueueImg_11-633dfa6123e83.jpg\",\"keywords\":[\"Africa Press\",\"Africa Press-Togo\",\"Togo\"],\"articleSection\":[\"Communaut\u00e9\",\"Toutes les actualit\u00e9s\"],\"inLanguage\":\"fr-FR\",\"potentialAction\":[{\"@type\":\"CommentAction\",\"name\":\"Comment\",\"target\":[\"https:\/\/www.africa-press.net\/togo\/toutes-les-actualites\/togo-yark-appelle-les-usagers-de-la-plage-a-la-vigilance#respond\"]}]},{\"@type\":\"WebPage\",\"@id\":\"https:\/\/www.africa-press.net\/togo\/toutes-les-actualites\/togo-yark-appelle-les-usagers-de-la-plage-a-la-vigilance\",\"url\":\"https:\/\/www.africa-press.net\/togo\/toutes-les-actualites\/togo-yark-appelle-les-usagers-de-la-plage-a-la-vigilance\",\"name\":\"Togo\u00a0: Yark appelle les usagers de la plage \u00e0 la vigilance - Togo\",\"isPartOf\":{\"@id\":\"https:\/\/www.africa-press.net\/togo\/#website\"},\"primaryImageOfPage\":{\"@id\":\"https:\/\/www.africa-press.net\/togo\/toutes-les-actualites\/togo-yark-appelle-les-usagers-de-la-plage-a-la-vigilance#primaryimage\"},\"image\":{\"@id\":\"https:\/\/www.africa-press.net\/togo\/toutes-les-actualites\/togo-yark-appelle-les-usagers-de-la-plage-a-la-vigilance#primaryimage\"},\"thumbnailUrl\":\"https:\/\/static.africa-press.net\/togo\/sites\/58\/2022\/10\/postQueueImg_11-633dfa6123e83.jpg\",\"datePublished\":\"2022-10-05T21:28:28+00:00\",\"dateModified\":\"2022-10-05T21:43:25+00:00\",\"author\":{\"@id\":\"https:\/\/www.africa-press.net\/togo\/#\/schema\/person\/2b1cf3cd81a31e3cd26889ca66d677f1\"},\"description\":\"Edem Kokou Tengue, ministre de l\u2019Economie maritime, de la pe\u0302che et de la protection co\u0302tie\u0300re et son homologue de la se ...\",\"breadcrumb\":{\"@id\":\"https:\/\/www.africa-press.net\/togo\/toutes-les-actualites\/togo-yark-appelle-les-usagers-de-la-plage-a-la-vigilance#breadcrumb\"},\"inLanguage\":\"fr-FR\",\"potentialAction\":[{\"@type\":\"ReadAction\",\"target\":[\"https:\/\/www.africa-press.net\/togo\/toutes-les-actualites\/togo-yark-appelle-les-usagers-de-la-plage-a-la-vigilance\"]}]},{\"@type\":\"ImageObject\",\"inLanguage\":\"fr-FR\",\"@id\":\"https:\/\/www.africa-press.net\/togo\/toutes-les-actualites\/togo-yark-appelle-les-usagers-de-la-plage-a-la-vigilance#primaryimage\",\"url\":\"https:\/\/static.africa-press.net\/togo\/sites\/58\/2022\/10\/postQueueImg_11-633dfa6123e83.jpg\",\"contentUrl\":\"https:\/\/static.africa-press.net\/togo\/sites\/58\/2022\/10\/postQueueImg_11-633dfa6123e83.jpg\",\"width\":720,\"height\":480,\"caption\":\"Togo\u00a0: Yark appelle les usagers de la plage \u00e0 la vigilance\"},{\"@type\":\"BreadcrumbList\",\"@id\":\"https:\/\/www.africa-press.net\/togo\/toutes-les-actualites\/togo-yark-appelle-les-usagers-de-la-plage-a-la-vigilance#breadcrumb\",\"itemListElement\":[{\"@type\":\"ListItem\",\"position\":1,\"name\":\"Accueil\",\"item\":\"https:\/\/www.africa-press.net\/togo\/\"},{\"@type\":\"ListItem\",\"position\":2,\"name\":\"Togo\u00a0: Yark appelle les usagers de la plage \u00e0 la vigilance\"}]},{\"@type\":\"WebSite\",\"@id\":\"https:\/\/www.africa-press.net\/togo\/#website\",\"url\":\"https:\/\/www.africa-press.net\/togo\/\",\"name\":\"Togo\",\"description\":\"Just another Africa News Agency Sites site\",\"potentialAction\":[{\"@type\":\"SearchAction\",\"target\":{\"@type\":\"EntryPoint\",\"urlTemplate\":\"https:\/\/www.africa-press.net\/togo\/?s={search_term_string}\"},\"query-input\":{\"@type\":\"PropertyValueSpecification\",\"valueRequired\":true,\"valueName\":\"search_term_string\"}}],\"inLanguage\":\"fr-FR\"},{\"@type\":\"Person\",\"@id\":\"https:\/\/www.africa-press.net\/togo\/#\/schema\/person\/2b1cf3cd81a31e3cd26889ca66d677f1\",\"name\":\"cfeditorfr\"}]}<\/script>\n<!-- \/ Yoast SEO Premium plugin. -->","yoast_head_json":{"title":"Togo\u00a0: Yark appelle les usagers de la plage \u00e0 la vigilance - Togo","description":"Edem Kokou Tengue, ministre de l\u2019Economie maritime, de la pe\u0302che et de la protection co\u0302tie\u0300re et son homologue de la se ...","robots":{"index":"index","follow":"follow","max-snippet":"max-snippet:-1","max-image-preview":"max-image-preview:large","max-video-preview":"max-video-preview:-1"},"canonical":"https:\/\/www.africa-press.net\/togo\/toutes-les-actualites\/togo-yark-appelle-les-usagers-de-la-plage-a-la-vigilance","og_locale":"fr_FR","og_type":"article","og_title":"Togo\u00a0: Yark appelle les usagers de la plage \u00e0 la vigilance","og_description":"Edem Kokou Tengue, ministre de l\u2019Economie maritime, de la pe\u0302che et de la protection co\u0302tie\u0300re et son homologue de la se ...","og_url":"https:\/\/www.africa-press.net\/togo\/toutes-les-actualites\/togo-yark-appelle-les-usagers-de-la-plage-a-la-vigilance","og_site_name":"Togo","article_published_time":"2022-10-05T21:28:28+00:00","article_modified_time":"2022-10-05T21:43:25+00:00","og_image":[{"width":720,"height":480,"url":"https:\/\/static.africa-press.net\/togo\/sites\/58\/2022\/10\/postQueueImg_11-633dfa6123e83.jpg","type":"image\/jpeg"}],"author":"cfeditorfr","twitter_card":"summary_large_image","twitter_misc":{"\u00c9crit par":"cfeditorfr","Dur\u00e9e de lecture estim\u00e9e":"1 minute"},"schema":{"@context":"https:\/\/schema.org","@graph":[{"@type":"Article","@id":"https:\/\/www.africa-press.net\/togo\/toutes-les-actualites\/togo-yark-appelle-les-usagers-de-la-plage-a-la-vigilance#article","isPartOf":{"@id":"https:\/\/www.africa-press.net\/togo\/toutes-les-actualites\/togo-yark-appelle-les-usagers-de-la-plage-a-la-vigilance"},"author":{"name":"cfeditorfr","@id":"https:\/\/www.africa-press.net\/togo\/#\/schema\/person\/2b1cf3cd81a31e3cd26889ca66d677f1"},"headline":"Togo\u00a0: Yark appelle les usagers de la plage \u00e0 la vigilance","datePublished":"2022-10-05T21:28:28+00:00","dateModified":"2022-10-05T21:43:25+00:00","mainEntityOfPage":{"@id":"https:\/\/www.africa-press.net\/togo\/toutes-les-actualites\/togo-yark-appelle-les-usagers-de-la-plage-a-la-vigilance"},"wordCount":152,"commentCount":0,"image":{"@id":"https:\/\/www.africa-press.net\/togo\/toutes-les-actualites\/togo-yark-appelle-les-usagers-de-la-plage-a-la-vigilance#primaryimage"},"thumbnailUrl":"https:\/\/static.africa-press.net\/togo\/sites\/58\/2022\/10\/postQueueImg_11-633dfa6123e83.jpg","keywords":["Africa Press","Africa Press-Togo","Togo"],"articleSection":["Communaut\u00e9","Toutes les actualit\u00e9s"],"inLanguage":"fr-FR","potentialAction":[{"@type":"CommentAction","name":"Comment","target":["https:\/\/www.africa-press.net\/togo\/toutes-les-actualites\/togo-yark-appelle-les-usagers-de-la-plage-a-la-vigilance#respond"]}]},{"@type":"WebPage","@id":"https:\/\/www.africa-press.net\/togo\/toutes-les-actualites\/togo-yark-appelle-les-usagers-de-la-plage-a-la-vigilance","url":"https:\/\/www.africa-press.net\/togo\/toutes-les-actualites\/togo-yark-appelle-les-usagers-de-la-plage-a-la-vigilance","name":"Togo\u00a0: Yark appelle les usagers de la plage \u00e0 la vigilance - Togo","isPartOf":{"@id":"https:\/\/www.africa-press.net\/togo\/#website"},"primaryImageOfPage":{"@id":"https:\/\/www.africa-press.net\/togo\/toutes-les-actualites\/togo-yark-appelle-les-usagers-de-la-plage-a-la-vigilance#primaryimage"},"image":{"@id":"https:\/\/www.africa-press.net\/togo\/toutes-les-actualites\/togo-yark-appelle-les-usagers-de-la-plage-a-la-vigilance#primaryimage"},"thumbnailUrl":"https:\/\/static.africa-press.net\/togo\/sites\/58\/2022\/10\/postQueueImg_11-633dfa6123e83.jpg","datePublished":"2022-10-05T21:28:28+00:00","dateModified":"2022-10-05T21:43:25+00:00","author":{"@id":"https:\/\/www.africa-press.net\/togo\/#\/schema\/person\/2b1cf3cd81a31e3cd26889ca66d677f1"},"description":"Edem Kokou Tengue, ministre de l\u2019Economie maritime, de la pe\u0302che et de la protection co\u0302tie\u0300re et son homologue de la se ...","breadcrumb":{"@id":"https:\/\/www.africa-press.net\/togo\/toutes-les-actualites\/togo-yark-appelle-les-usagers-de-la-plage-a-la-vigilance#breadcrumb"},"inLanguage":"fr-FR","potentialAction":[{"@type":"ReadAction","target":["https:\/\/www.africa-press.net\/togo\/toutes-les-actualites\/togo-yark-appelle-les-usagers-de-la-plage-a-la-vigilance"]}]},{"@type":"ImageObject","inLanguage":"fr-FR","@id":"https:\/\/www.africa-press.net\/togo\/toutes-les-actualites\/togo-yark-appelle-les-usagers-de-la-plage-a-la-vigilance#primaryimage","url":"https:\/\/static.africa-press.net\/togo\/sites\/58\/2022\/10\/postQueueImg_11-633dfa6123e83.jpg","contentUrl":"https:\/\/static.africa-press.net\/togo\/sites\/58\/2022\/10\/postQueueImg_11-633dfa6123e83.jpg","width":720,"height":480,"caption":"Togo\u00a0: Yark appelle les usagers de la plage \u00e0 la vigilance"},{"@type":"BreadcrumbList","@id":"https:\/\/www.africa-press.net\/togo\/toutes-les-actualites\/togo-yark-appelle-les-usagers-de-la-plage-a-la-vigilance#breadcrumb","itemListElement":[{"@type":"ListItem","position":1,"name":"Accueil","item":"https:\/\/www.africa-press.net\/togo\/"},{"@type":"ListItem","position":2,"name":"Togo\u00a0: Yark appelle les usagers de la plage \u00e0 la vigilance"}]},{"@type":"WebSite","@id":"https:\/\/www.africa-press.net\/togo\/#website","url":"https:\/\/www.africa-press.net\/togo\/","name":"Togo","description":"Just another Africa News Agency Sites site","potentialAction":[{"@type":"SearchAction","target":{"@type":"EntryPoint","urlTemplate":"https:\/\/www.africa-press.net\/togo\/?s={search_term_string}"},"query-input":{"@type":"PropertyValueSpecification","valueRequired":true,"valueName":"search_term_string"}}],"inLanguage":"fr-FR"},{"@type":"Person","@id":"https:\/\/www.africa-press.net\/togo\/#\/schema\/person\/2b1cf3cd81a31e3cd26889ca66d677f1","name":"cfeditorfr"}]}},"_links":{"self":[{"href":"https:\/\/www.africa-press.net\/togo\/wp-json\/wp\/v2\/posts\/11978","targetHints":{"allow":["GET"]}}],"collection":[{"href":"https:\/\/www.africa-press.net\/togo\/wp-json\/wp\/v2\/posts"}],"about":[{"href":"https:\/\/www.africa-press.net\/togo\/wp-json\/wp\/v2\/types\/post"}],"author":[{"embeddable":true,"href":"https:\/\/www.africa-press.net\/togo\/wp-json\/wp\/v2\/users\/82"}],"replies":[{"embeddable":true,"href":"https:\/\/www.africa-press.net\/togo\/wp-json\/wp\/v2\/comments?post=11978"}],"version-history":[{"count":0,"href":"https:\/\/www.africa-press.net\/togo\/wp-json\/wp\/v2\/posts\/11978\/revisions"}],"wp:featuredmedia":[{"embeddable":true,"href":"https:\/\/www.africa-press.net\/togo\/wp-json\/wp\/v2\/media\/11977"}],"wp:attachment":[{"href":"https:\/\/www.africa-press.net\/togo\/wp-json\/wp\/v2\/media?parent=11978"}],"wp:term":[{"taxonomy":"category","embeddable":true,"href":"https:\/\/www.africa-press.net\/togo\/wp-json\/wp\/v2\/categories?post=11978"},{"taxonomy":"post_tag","embeddable":true,"href":"https:\/\/www.africa-press.net\/togo\/wp-json\/wp\/v2\/tags?post=11978"}],"curies":[{"name":"wp","href":"https:\/\/api.w.org\/{rel}","templated":true}]}}