{"id":11987,"date":"2022-10-05T21:30:11","date_gmt":"2022-10-05T21:30:11","guid":{"rendered":"https:\/\/www.africa-press.net\/togo\/politique\/sortie-presidentielle-contre-la-vie-chere-sur-fond-de-violation-de-la-loi-des-finances-le-togo-et-lanecdote-de-la-jarre-trouee-2"},"modified":"2022-10-05T21:44:46","modified_gmt":"2022-10-05T21:44:46","slug":"sortie-presidentielle-contre-la-vie-chere-sur-fond-de-violation-de-la-loi-des-finances-le-togo-et-lanecdote-de-la-jarre-trouee-2","status":"publish","type":"post","link":"https:\/\/www.africa-press.net\/togo\/politique\/sortie-presidentielle-contre-la-vie-chere-sur-fond-de-violation-de-la-loi-des-finances-le-togo-et-lanecdote-de-la-jarre-trouee-2","title":{"rendered":"Sortie pr\u00e9sidentielle contre la vie ch\u00e8re sur fond de violation de la loi des finances : Le Togo et l\u2019anecdote de la jarre trou\u00e9e"},"content":{"rendered":"<p><span style=\"color: #ff6600\"><strong>Africa-Press &#8211; Togo. <\/strong><\/span>Le 16 septembre dernier, comme une pluie en pleine saison se\u0300che, les Togolais ont e\u0301te\u0301 surpris par un communique\u0301 signe\u0301 du Chef de l\u2019Etat et lu a\u0300 la Te\u0301le\u0301vision Togolaise (TVT) par le ministre de l\u2019Economie et des Finances Sani Yaya. Le contenu du communique\u0301 bien que salutaire a\u0300 bien des e\u0301gards, n\u2019a pas rec\u0327u de satisfecit politique a\u0300 la hauteur des attentes de son auteur.<\/p>\n<p>Sur la forme comme sur le fond, des observateurs s\u2019interrogent.<\/p>\n<p>D\u2019abord sur la forme, vu l\u2019importance des mesures annonce\u0301es, il aurait e\u0301te\u0301 plus judicieux, conforme\u0301ment a\u0300 la courtoise re\u0301publicaine, que le Chef de l\u2019Etat fasse ces annonces, lui-me\u0302me. Par rapport a\u0300 ses pre\u0301rogatives re\u0301galiennes de\u0301volues par la constitution, une adresse a\u0300 la nation, ou, a\u0300 travers un discours sur l\u2019e\u0301tat de la nation devant le parlement ou encore dans une moindre mesure, un de\u0301cret pris en conseil des ministres avant d\u2019instruire le premier ministre de pre\u0301senter un projet de loi portant collectif budge\u0301taire, par rapport au budget de l\u2019Etat exercice 2022 en cours d\u2019exe\u0301cution. Il s\u2019agit-la\u0300 d\u2019un manquement re\u0301publicain surtout que le Chef de l\u2019Etat affirme dans son communique\u0301 vouloir \u00ab renforcer l\u2019inclusion et l\u2019harmonie sociale et consolider la paix.. \u00bb conforme\u0301ment a\u0300 son engagement.<\/p>\n<p>De ce fait, un communique\u0301 signe\u0301 du Chef de l\u2019Etat, lu par le ministre de l\u2019Economie et des Finances a\u0300 la Te\u0301le\u0301vision Nationale, contenant des mesures qui entrai\u0302nent une augmentation des de\u0301penses publiques dans l\u2019ordre de 4% du budget initial de l\u2019Etat est une violation des articles 4 et 5 de la Loi Organique portant Loi des Finances, une manie\u0300re de\u0301libe\u0301re\u0301e de se soustraire de la re\u0301e\u0301dition des comptes.<\/p>\n<p>Sur le fond, les mesures contenues dans le communique\u0301 du Chef de l\u2019Etat du 16 septembre dernier induisent une de\u0301pense additionnelle de 87,8 milliards sans compter ce que repre\u0301sente les 5% de revalorisation de la pension de retraite.<\/p>\n<p>La question fondamentale que l\u2019on doit se poser est de savoir s\u2019il s\u2019agit d\u2019une re\u0301affectation budge\u0301taire ou d\u2019une nouvelle affectation de nouvelles ressources a\u0300 la suite d\u2019un nouveau boom du phosphate comme ce fut le cas en 1974 a\u0300 la suite des chocs pe\u0301troliers dus a\u0300 la guerre israe\u0301lo-arabe et la re\u0301volution iranienne surtout que l\u2019histoire est en train de se re\u0301pe\u0301ter. C\u2019est pour cette raison que nous pensons qu\u2019un vrai discours sur l\u2019e\u0301tat de la nation devant le parlement s\u2019impose pour situer les uns les autres et rendre vraiment compte au peuple de la situation re\u0301elle de notre pays face a\u0300 d\u2019e\u0301normes bouleversements de notre histoire.<\/p>\n<p>Il est a\u0300 noter que, contrairement a\u0300 l\u2019engagement du Chef de l\u2019Etat et du gouvernement a\u0300 travers les objectifs du PND de\u0301cline\u0301s en feuille de route 2020-2025 du gouvernement ,les mesures prises par le Chef de l\u2019Etat et annonce\u0301es par le ministre Yaya Sani ne peuvent contribuer en rien a\u0300 la \u00ab cre\u0301ation de la richesse, mais pluto\u0302t contribuent a\u0300 ge\u0301rer la mise\u0300re \u00bb, comme le disait l\u2019e\u0301conomiste togolais Thomas Koumou, Pre\u0301sident de l\u2019association Veille Economique, ces mesures permettent au Chef de l\u2019Etat \u00ab d\u2019acheter la paix sociale \u00bb.<\/p>\n<p>Ce qui est e\u0301vident, c\u2019est que, ces mesures sont des mesures conjoncturelles alors que le proble\u0300me e\u0301conomique du Togo est structurel dont les de\u0301fis doivent e\u0302tre envisage\u0301s non seulement a\u0300 travers des solutions a\u0300 court terme comme c\u2019est le cas mais aussi a\u0300 moyen et long terme. Il est inde\u0301niable que si les mesures annonce\u0301es par le Chef de l\u2019Etat dans son communique\u0301 du 16 septembre ne sont pas suscite\u0301es par des recettes additionnelles survenues en plein exercice du budget initial, elles vont indubitablement grever encore le compte du de\u0301ficit permanent de l\u2019Etat qui est de\u0301ja\u0300 ende\u0301mique depuis plus de 10 ans et qui ne fait qu\u2019alimenter la dette publique de l\u2019Etat dont, personne ne connait a\u0300 ce jour, le me\u0301canisme pour la faire diminuer et pre\u0301venir les proble\u0300mes futurs.<\/p>\n<p>Nous ne le dirons jamais assez, les de\u0301penses de l\u2019Etat pour le budget exercice 2022 ont de\u0301passe\u0301 syste\u0301matiquement ses recettes et pour l\u2019e\u0301quilibre budge\u0301taire, il a fallu a\u0300 ce jour, pour le compte de l\u2019exercice de cette anne\u0301e, une mobilisation financie\u0300re sur le marche\u0301 financier re\u0301gional de pas moins de 407 milliards re\u0301colte\u0301s depuis le de\u0301but de l\u2019anne\u0301e sous la forme de \u00ab strate\u0301gie de relance de l\u2019e\u0301conomie \u00bb a\u0300 moyen terme. Pour une e\u0301conomie presque totalement extravertie, une augmentation des salaires et pensions de retraite c\u2019est-a\u0300-dire les revenus des personnes physiques, donc l\u2019agre\u0301gat de la masse salariale n\u2019entrai\u0302ne pas automatiquement l\u2019augmentation de la production locale. Ce qui signifie que l\u2019effet multiplicateur est presque nul sur l\u2019e\u0301conomie locale, alors que plus de 70% de la population rele\u0300ve des secteurs primaire et secondaire avec plus de 32% de la population active qui beigne dans le sous-emploi. On comprend de\u0300s lors que, aucune des mesures annonce\u0301es n\u2019aura un impact significatif sur l\u2019e\u0301conomie malgre\u0301 une augmentation de 4% des de\u0301penses budge\u0301taires et de\u0301montre le caracte\u0300re tre\u0300s ale\u0301atoire du mode\u0300le e\u0301conomique de notre pays, surtout que la mesure qui concerne la stabilisation des prix des engrais est la plus absurde si ce n\u2019est \u00ab le me\u0301decin apre\u0300s la mort \u00bb. Il s\u2019agit la\u0300 d\u2019un ve\u0301ritable ga\u0302chis qui repose alors la question de la gestion et de la responsabilite\u0301 gouvernementale c\u2019est-a\u0300-dire la question de la bonne gouvernance, une gouvernance sans vision. Dans ces conditions \u00ab l\u2019e\u0301mergence en 2030 \u00bb devient de plus en plus hypothe\u0301tique. Toute la responsabilite\u0301 de l\u2019e\u0301quipe gouvernementale est engage\u0301e ici. Samuel E\u0301to\u2019o disait en guise de conseil a\u0300 son e\u0301quipe nationale \u00ab J\u2019ai rate\u0301 les coupes du monde parce que je n\u2019avais pas de groupe humainement bon \u00bb. L\u2019e\u0301goi\u0308sme, l\u2019e\u0301gocentrisme et la suffisance qui transparaissent a\u0300 travers le communique\u0301 de 16 septembre est le reflet de la gouvernance que nous avons constate\u0301e depuis un temps qui n\u2019est rien d\u2019autre que le cache sexe du gouvernement Tomegah-Dogbe\u0301 dont les limites dans la gestion du bien commun montre une e\u0301quipe qui humainement ne privile\u0301gie pas la comple\u0301mentarite\u0301 et la solidarite\u0301. Selon un pre\u0301juge\u0301 bien ancre\u0301e chez nous, \u00ab les folies de la ge\u0301ne\u0301ration actuelle seront paye\u0301es par ses enfants et petits- enfants \u00bb. Vouloir re\u0301soudre un proble\u0300me de de\u0301ficit de\u0301ja\u0300 criard par un de\u0301ficit, c\u2019est comme continuer a\u0300 vouloir remplir une jarre troue\u0301e c\u2019est-a\u0300-dire vouloir remplir les tonneaux des Danai\u0308des. Ce qui explique la ge\u0302ne du gouvernement Tome\u0301gah a\u0300 respecter la proce\u0301dure et la discipline re\u0301publicaine telle que constate\u0301e.<\/p>\n<p>En situation de re\u0301cession e\u0301conomique telle que ce qui se passe dans notre pays depuis plusieurs anne\u0301es, ces mesures destine\u0301es seulement a\u0300 \u00ab renforcer l\u2019inclusion sociale et consolider paix \u00bb ne suffisent pas. Il faut pluto\u0302t avoir le courage de faire des re\u0301formes e\u0301conomiques profondes pour changer tous les paradigmes afin de moderniser tout le syste\u0300me de production de l\u2019e\u0301conomie du pays. Pour le faire, il faut e\u0302tre un visionnaire comme ce qui se fait au Maroc ou au Rwanda.<\/p>\n<p>Kokou AGBEMEBIO<\/p>\n<p><strong>Pour plus d&rsquo;informations et d&rsquo;analyses sur la <a href=\"https:\/\/www.africa-press.net\/togo\">Togo<\/a>, suivez <a href=\"https:\/\/www.africa-press.net\/\">Africa-Press<\/a><\/strong><\/p>\n","protected":false},"excerpt":{"rendered":"<p>Africa-Press &#8211; Togo. Le 16 septembre dernier, comme une pluie en pleine saison se\u0300che, les Togolais ont e\u0301te\u0301 surpris par un communique\u0301 signe\u0301 du Chef de l\u2019Etat et lu a\u0300 la Te\u0301le\u0301vision Togolaise (TVT) par le ministre de l\u2019Economie et des Finances Sani Yaya. Le contenu du communique\u0301 bien que salutaire a\u0300 bien des e\u0301gards, [&hellip;]<\/p>\n","protected":false},"author":82,"featured_media":11986,"comment_status":"open","ping_status":"closed","sticky":false,"template":"","format":"standard","meta":{"footnotes":""},"categories":[2,10],"tags":[36,49,264,50,1114],"class_list":["post-11987","post","type-post","status-publish","format-standard","has-post-thumbnail","hentry","category-politique","category-toutes-les-actualites","tag-africa-press","tag-africa-press-togo","tag-faure-gnassingbe","tag-togo","tag-vie-chere"],"yoast_head":"<!-- This site is optimized with the Yoast SEO Premium plugin v26.1 (Yoast SEO v27.0) - https:\/\/yoast.com\/product\/yoast-seo-premium-wordpress\/ -->\n<title>Sortie pr\u00e9sidentielle contre la vie ch\u00e8re sur fond de violation de la loi des finances : Le Togo et l\u2019anecdote de la jarre trou\u00e9e - Togo<\/title>\n<meta name=\"description\" content=\"Le 16 septembre dernier, comme une pluie en pleine saison se\u0300che, les Togolais ont e\u0301te\u0301 surpris par un communique\u0301 sign ...\" \/>\n<meta name=\"robots\" content=\"index, follow, max-snippet:-1, max-image-preview:large, max-video-preview:-1\" \/>\n<link rel=\"canonical\" href=\"https:\/\/www.africa-press.net\/togo\/politique\/sortie-presidentielle-contre-la-vie-chere-sur-fond-de-violation-de-la-loi-des-finances-le-togo-et-lanecdote-de-la-jarre-trouee-2\" \/>\n<meta property=\"og:locale\" content=\"fr_FR\" \/>\n<meta property=\"og:type\" content=\"article\" \/>\n<meta property=\"og:title\" content=\"Sortie pr\u00e9sidentielle contre la vie ch\u00e8re sur fond de violation de la loi des finances : Le Togo et l\u2019anecdote de la jarre trou\u00e9e\" \/>\n<meta property=\"og:description\" content=\"Le 16 septembre dernier, comme une pluie en pleine saison se\u0300che, les Togolais ont e\u0301te\u0301 surpris par un communique\u0301 sign ...\" \/>\n<meta property=\"og:url\" content=\"https:\/\/www.africa-press.net\/togo\/politique\/sortie-presidentielle-contre-la-vie-chere-sur-fond-de-violation-de-la-loi-des-finances-le-togo-et-lanecdote-de-la-jarre-trouee-2\" \/>\n<meta property=\"og:site_name\" content=\"Togo\" \/>\n<meta property=\"article:published_time\" content=\"2022-10-05T21:30:11+00:00\" \/>\n<meta property=\"article:modified_time\" content=\"2022-10-05T21:44:46+00:00\" \/>\n<meta property=\"og:image\" content=\"https:\/\/static.africa-press.net\/togo\/sites\/58\/2022\/10\/postQueueImg_14-633dfab8a0f02.jpg\" \/>\n\t<meta property=\"og:image:width\" content=\"720\" \/>\n\t<meta property=\"og:image:height\" content=\"541\" \/>\n\t<meta property=\"og:image:type\" content=\"image\/jpeg\" \/>\n<meta name=\"author\" content=\"cfeditorfr\" \/>\n<meta name=\"twitter:card\" content=\"summary_large_image\" \/>\n<meta name=\"twitter:label1\" content=\"\u00c9crit par\" \/>\n\t<meta name=\"twitter:data1\" content=\"cfeditorfr\" \/>\n\t<meta name=\"twitter:label2\" content=\"Dur\u00e9e de lecture estim\u00e9e\" \/>\n\t<meta name=\"twitter:data2\" content=\"6 minutes\" \/>\n<script type=\"application\/ld+json\" class=\"yoast-schema-graph\">{\"@context\":\"https:\/\/schema.org\",\"@graph\":[{\"@type\":\"Article\",\"@id\":\"https:\/\/www.africa-press.net\/togo\/politique\/sortie-presidentielle-contre-la-vie-chere-sur-fond-de-violation-de-la-loi-des-finances-le-togo-et-lanecdote-de-la-jarre-trouee-2#article\",\"isPartOf\":{\"@id\":\"https:\/\/www.africa-press.net\/togo\/politique\/sortie-presidentielle-contre-la-vie-chere-sur-fond-de-violation-de-la-loi-des-finances-le-togo-et-lanecdote-de-la-jarre-trouee-2\"},\"author\":{\"name\":\"cfeditorfr\",\"@id\":\"https:\/\/www.africa-press.net\/togo\/#\/schema\/person\/2b1cf3cd81a31e3cd26889ca66d677f1\"},\"headline\":\"Sortie pr\u00e9sidentielle contre la vie ch\u00e8re sur fond de violation de la loi des finances : Le Togo et l\u2019anecdote de la jarre trou\u00e9e\",\"datePublished\":\"2022-10-05T21:30:11+00:00\",\"dateModified\":\"2022-10-05T21:44:46+00:00\",\"mainEntityOfPage\":{\"@id\":\"https:\/\/www.africa-press.net\/togo\/politique\/sortie-presidentielle-contre-la-vie-chere-sur-fond-de-violation-de-la-loi-des-finances-le-togo-et-lanecdote-de-la-jarre-trouee-2\"},\"wordCount\":1358,\"commentCount\":0,\"image\":{\"@id\":\"https:\/\/www.africa-press.net\/togo\/politique\/sortie-presidentielle-contre-la-vie-chere-sur-fond-de-violation-de-la-loi-des-finances-le-togo-et-lanecdote-de-la-jarre-trouee-2#primaryimage\"},\"thumbnailUrl\":\"https:\/\/static.africa-press.net\/togo\/sites\/58\/2022\/10\/postQueueImg_14-633dfab8a0f02.jpg\",\"keywords\":[\"Africa Press\",\"Africa Press-Togo\",\"Faure Gnassingb\u00e9\",\"Togo\",\"vie ch\u00e8re\"],\"articleSection\":[\"Politique\",\"Toutes les actualit\u00e9s\"],\"inLanguage\":\"fr-FR\",\"potentialAction\":[{\"@type\":\"CommentAction\",\"name\":\"Comment\",\"target\":[\"https:\/\/www.africa-press.net\/togo\/politique\/sortie-presidentielle-contre-la-vie-chere-sur-fond-de-violation-de-la-loi-des-finances-le-togo-et-lanecdote-de-la-jarre-trouee-2#respond\"]}]},{\"@type\":\"WebPage\",\"@id\":\"https:\/\/www.africa-press.net\/togo\/politique\/sortie-presidentielle-contre-la-vie-chere-sur-fond-de-violation-de-la-loi-des-finances-le-togo-et-lanecdote-de-la-jarre-trouee-2\",\"url\":\"https:\/\/www.africa-press.net\/togo\/politique\/sortie-presidentielle-contre-la-vie-chere-sur-fond-de-violation-de-la-loi-des-finances-le-togo-et-lanecdote-de-la-jarre-trouee-2\",\"name\":\"Sortie pr\u00e9sidentielle contre la vie ch\u00e8re sur fond de violation de la loi des finances : Le Togo et l\u2019anecdote de la jarre trou\u00e9e - Togo\",\"isPartOf\":{\"@id\":\"https:\/\/www.africa-press.net\/togo\/#website\"},\"primaryImageOfPage\":{\"@id\":\"https:\/\/www.africa-press.net\/togo\/politique\/sortie-presidentielle-contre-la-vie-chere-sur-fond-de-violation-de-la-loi-des-finances-le-togo-et-lanecdote-de-la-jarre-trouee-2#primaryimage\"},\"image\":{\"@id\":\"https:\/\/www.africa-press.net\/togo\/politique\/sortie-presidentielle-contre-la-vie-chere-sur-fond-de-violation-de-la-loi-des-finances-le-togo-et-lanecdote-de-la-jarre-trouee-2#primaryimage\"},\"thumbnailUrl\":\"https:\/\/static.africa-press.net\/togo\/sites\/58\/2022\/10\/postQueueImg_14-633dfab8a0f02.jpg\",\"datePublished\":\"2022-10-05T21:30:11+00:00\",\"dateModified\":\"2022-10-05T21:44:46+00:00\",\"author\":{\"@id\":\"https:\/\/www.africa-press.net\/togo\/#\/schema\/person\/2b1cf3cd81a31e3cd26889ca66d677f1\"},\"description\":\"Le 16 septembre dernier, comme une pluie en pleine saison se\u0300che, les Togolais ont e\u0301te\u0301 surpris par un communique\u0301 sign ...\",\"breadcrumb\":{\"@id\":\"https:\/\/www.africa-press.net\/togo\/politique\/sortie-presidentielle-contre-la-vie-chere-sur-fond-de-violation-de-la-loi-des-finances-le-togo-et-lanecdote-de-la-jarre-trouee-2#breadcrumb\"},\"inLanguage\":\"fr-FR\",\"potentialAction\":[{\"@type\":\"ReadAction\",\"target\":[\"https:\/\/www.africa-press.net\/togo\/politique\/sortie-presidentielle-contre-la-vie-chere-sur-fond-de-violation-de-la-loi-des-finances-le-togo-et-lanecdote-de-la-jarre-trouee-2\"]}]},{\"@type\":\"ImageObject\",\"inLanguage\":\"fr-FR\",\"@id\":\"https:\/\/www.africa-press.net\/togo\/politique\/sortie-presidentielle-contre-la-vie-chere-sur-fond-de-violation-de-la-loi-des-finances-le-togo-et-lanecdote-de-la-jarre-trouee-2#primaryimage\",\"url\":\"https:\/\/static.africa-press.net\/togo\/sites\/58\/2022\/10\/postQueueImg_14-633dfab8a0f02.jpg\",\"contentUrl\":\"https:\/\/static.africa-press.net\/togo\/sites\/58\/2022\/10\/postQueueImg_14-633dfab8a0f02.jpg\",\"width\":720,\"height\":541,\"caption\":\"Sortie pr\u00e9sidentielle contre la vie ch\u00e8re sur fond de violation de la loi des finances : Le Togo et l\u2019anecdote de la jarre trou\u00e9e\"},{\"@type\":\"BreadcrumbList\",\"@id\":\"https:\/\/www.africa-press.net\/togo\/politique\/sortie-presidentielle-contre-la-vie-chere-sur-fond-de-violation-de-la-loi-des-finances-le-togo-et-lanecdote-de-la-jarre-trouee-2#breadcrumb\",\"itemListElement\":[{\"@type\":\"ListItem\",\"position\":1,\"name\":\"Accueil\",\"item\":\"https:\/\/www.africa-press.net\/togo\/\"},{\"@type\":\"ListItem\",\"position\":2,\"name\":\"Sortie pr\u00e9sidentielle contre la vie ch\u00e8re sur fond de violation de la loi des finances : Le Togo et l\u2019anecdote de la jarre trou\u00e9e\"}]},{\"@type\":\"WebSite\",\"@id\":\"https:\/\/www.africa-press.net\/togo\/#website\",\"url\":\"https:\/\/www.africa-press.net\/togo\/\",\"name\":\"Togo\",\"description\":\"Just another Africa News Agency Sites site\",\"potentialAction\":[{\"@type\":\"SearchAction\",\"target\":{\"@type\":\"EntryPoint\",\"urlTemplate\":\"https:\/\/www.africa-press.net\/togo\/?s={search_term_string}\"},\"query-input\":{\"@type\":\"PropertyValueSpecification\",\"valueRequired\":true,\"valueName\":\"search_term_string\"}}],\"inLanguage\":\"fr-FR\"},{\"@type\":\"Person\",\"@id\":\"https:\/\/www.africa-press.net\/togo\/#\/schema\/person\/2b1cf3cd81a31e3cd26889ca66d677f1\",\"name\":\"cfeditorfr\"}]}<\/script>\n<!-- \/ Yoast SEO Premium plugin. -->","yoast_head_json":{"title":"Sortie pr\u00e9sidentielle contre la vie ch\u00e8re sur fond de violation de la loi des finances : Le Togo et l\u2019anecdote de la jarre trou\u00e9e - Togo","description":"Le 16 septembre dernier, comme une pluie en pleine saison se\u0300che, les Togolais ont e\u0301te\u0301 surpris par un communique\u0301 sign ...","robots":{"index":"index","follow":"follow","max-snippet":"max-snippet:-1","max-image-preview":"max-image-preview:large","max-video-preview":"max-video-preview:-1"},"canonical":"https:\/\/www.africa-press.net\/togo\/politique\/sortie-presidentielle-contre-la-vie-chere-sur-fond-de-violation-de-la-loi-des-finances-le-togo-et-lanecdote-de-la-jarre-trouee-2","og_locale":"fr_FR","og_type":"article","og_title":"Sortie pr\u00e9sidentielle contre la vie ch\u00e8re sur fond de violation de la loi des finances : Le Togo et l\u2019anecdote de la jarre trou\u00e9e","og_description":"Le 16 septembre dernier, comme une pluie en pleine saison se\u0300che, les Togolais ont e\u0301te\u0301 surpris par un communique\u0301 sign ...","og_url":"https:\/\/www.africa-press.net\/togo\/politique\/sortie-presidentielle-contre-la-vie-chere-sur-fond-de-violation-de-la-loi-des-finances-le-togo-et-lanecdote-de-la-jarre-trouee-2","og_site_name":"Togo","article_published_time":"2022-10-05T21:30:11+00:00","article_modified_time":"2022-10-05T21:44:46+00:00","og_image":[{"width":720,"height":541,"url":"https:\/\/static.africa-press.net\/togo\/sites\/58\/2022\/10\/postQueueImg_14-633dfab8a0f02.jpg","type":"image\/jpeg"}],"author":"cfeditorfr","twitter_card":"summary_large_image","twitter_misc":{"\u00c9crit par":"cfeditorfr","Dur\u00e9e de lecture estim\u00e9e":"6 minutes"},"schema":{"@context":"https:\/\/schema.org","@graph":[{"@type":"Article","@id":"https:\/\/www.africa-press.net\/togo\/politique\/sortie-presidentielle-contre-la-vie-chere-sur-fond-de-violation-de-la-loi-des-finances-le-togo-et-lanecdote-de-la-jarre-trouee-2#article","isPartOf":{"@id":"https:\/\/www.africa-press.net\/togo\/politique\/sortie-presidentielle-contre-la-vie-chere-sur-fond-de-violation-de-la-loi-des-finances-le-togo-et-lanecdote-de-la-jarre-trouee-2"},"author":{"name":"cfeditorfr","@id":"https:\/\/www.africa-press.net\/togo\/#\/schema\/person\/2b1cf3cd81a31e3cd26889ca66d677f1"},"headline":"Sortie pr\u00e9sidentielle contre la vie ch\u00e8re sur fond de violation de la loi des finances : Le Togo et l\u2019anecdote de la jarre trou\u00e9e","datePublished":"2022-10-05T21:30:11+00:00","dateModified":"2022-10-05T21:44:46+00:00","mainEntityOfPage":{"@id":"https:\/\/www.africa-press.net\/togo\/politique\/sortie-presidentielle-contre-la-vie-chere-sur-fond-de-violation-de-la-loi-des-finances-le-togo-et-lanecdote-de-la-jarre-trouee-2"},"wordCount":1358,"commentCount":0,"image":{"@id":"https:\/\/www.africa-press.net\/togo\/politique\/sortie-presidentielle-contre-la-vie-chere-sur-fond-de-violation-de-la-loi-des-finances-le-togo-et-lanecdote-de-la-jarre-trouee-2#primaryimage"},"thumbnailUrl":"https:\/\/static.africa-press.net\/togo\/sites\/58\/2022\/10\/postQueueImg_14-633dfab8a0f02.jpg","keywords":["Africa Press","Africa Press-Togo","Faure Gnassingb\u00e9","Togo","vie ch\u00e8re"],"articleSection":["Politique","Toutes les actualit\u00e9s"],"inLanguage":"fr-FR","potentialAction":[{"@type":"CommentAction","name":"Comment","target":["https:\/\/www.africa-press.net\/togo\/politique\/sortie-presidentielle-contre-la-vie-chere-sur-fond-de-violation-de-la-loi-des-finances-le-togo-et-lanecdote-de-la-jarre-trouee-2#respond"]}]},{"@type":"WebPage","@id":"https:\/\/www.africa-press.net\/togo\/politique\/sortie-presidentielle-contre-la-vie-chere-sur-fond-de-violation-de-la-loi-des-finances-le-togo-et-lanecdote-de-la-jarre-trouee-2","url":"https:\/\/www.africa-press.net\/togo\/politique\/sortie-presidentielle-contre-la-vie-chere-sur-fond-de-violation-de-la-loi-des-finances-le-togo-et-lanecdote-de-la-jarre-trouee-2","name":"Sortie pr\u00e9sidentielle contre la vie ch\u00e8re sur fond de violation de la loi des finances : Le Togo et l\u2019anecdote de la jarre trou\u00e9e - Togo","isPartOf":{"@id":"https:\/\/www.africa-press.net\/togo\/#website"},"primaryImageOfPage":{"@id":"https:\/\/www.africa-press.net\/togo\/politique\/sortie-presidentielle-contre-la-vie-chere-sur-fond-de-violation-de-la-loi-des-finances-le-togo-et-lanecdote-de-la-jarre-trouee-2#primaryimage"},"image":{"@id":"https:\/\/www.africa-press.net\/togo\/politique\/sortie-presidentielle-contre-la-vie-chere-sur-fond-de-violation-de-la-loi-des-finances-le-togo-et-lanecdote-de-la-jarre-trouee-2#primaryimage"},"thumbnailUrl":"https:\/\/static.africa-press.net\/togo\/sites\/58\/2022\/10\/postQueueImg_14-633dfab8a0f02.jpg","datePublished":"2022-10-05T21:30:11+00:00","dateModified":"2022-10-05T21:44:46+00:00","author":{"@id":"https:\/\/www.africa-press.net\/togo\/#\/schema\/person\/2b1cf3cd81a31e3cd26889ca66d677f1"},"description":"Le 16 septembre dernier, comme une pluie en pleine saison se\u0300che, les Togolais ont e\u0301te\u0301 surpris par un communique\u0301 sign ...","breadcrumb":{"@id":"https:\/\/www.africa-press.net\/togo\/politique\/sortie-presidentielle-contre-la-vie-chere-sur-fond-de-violation-de-la-loi-des-finances-le-togo-et-lanecdote-de-la-jarre-trouee-2#breadcrumb"},"inLanguage":"fr-FR","potentialAction":[{"@type":"ReadAction","target":["https:\/\/www.africa-press.net\/togo\/politique\/sortie-presidentielle-contre-la-vie-chere-sur-fond-de-violation-de-la-loi-des-finances-le-togo-et-lanecdote-de-la-jarre-trouee-2"]}]},{"@type":"ImageObject","inLanguage":"fr-FR","@id":"https:\/\/www.africa-press.net\/togo\/politique\/sortie-presidentielle-contre-la-vie-chere-sur-fond-de-violation-de-la-loi-des-finances-le-togo-et-lanecdote-de-la-jarre-trouee-2#primaryimage","url":"https:\/\/static.africa-press.net\/togo\/sites\/58\/2022\/10\/postQueueImg_14-633dfab8a0f02.jpg","contentUrl":"https:\/\/static.africa-press.net\/togo\/sites\/58\/2022\/10\/postQueueImg_14-633dfab8a0f02.jpg","width":720,"height":541,"caption":"Sortie pr\u00e9sidentielle contre la vie ch\u00e8re sur fond de violation de la loi des finances : Le Togo et l\u2019anecdote de la jarre trou\u00e9e"},{"@type":"BreadcrumbList","@id":"https:\/\/www.africa-press.net\/togo\/politique\/sortie-presidentielle-contre-la-vie-chere-sur-fond-de-violation-de-la-loi-des-finances-le-togo-et-lanecdote-de-la-jarre-trouee-2#breadcrumb","itemListElement":[{"@type":"ListItem","position":1,"name":"Accueil","item":"https:\/\/www.africa-press.net\/togo\/"},{"@type":"ListItem","position":2,"name":"Sortie pr\u00e9sidentielle contre la vie ch\u00e8re sur fond de violation de la loi des finances : Le Togo et l\u2019anecdote de la jarre trou\u00e9e"}]},{"@type":"WebSite","@id":"https:\/\/www.africa-press.net\/togo\/#website","url":"https:\/\/www.africa-press.net\/togo\/","name":"Togo","description":"Just another Africa News Agency Sites site","potentialAction":[{"@type":"SearchAction","target":{"@type":"EntryPoint","urlTemplate":"https:\/\/www.africa-press.net\/togo\/?s={search_term_string}"},"query-input":{"@type":"PropertyValueSpecification","valueRequired":true,"valueName":"search_term_string"}}],"inLanguage":"fr-FR"},{"@type":"Person","@id":"https:\/\/www.africa-press.net\/togo\/#\/schema\/person\/2b1cf3cd81a31e3cd26889ca66d677f1","name":"cfeditorfr"}]}},"_links":{"self":[{"href":"https:\/\/www.africa-press.net\/togo\/wp-json\/wp\/v2\/posts\/11987","targetHints":{"allow":["GET"]}}],"collection":[{"href":"https:\/\/www.africa-press.net\/togo\/wp-json\/wp\/v2\/posts"}],"about":[{"href":"https:\/\/www.africa-press.net\/togo\/wp-json\/wp\/v2\/types\/post"}],"author":[{"embeddable":true,"href":"https:\/\/www.africa-press.net\/togo\/wp-json\/wp\/v2\/users\/82"}],"replies":[{"embeddable":true,"href":"https:\/\/www.africa-press.net\/togo\/wp-json\/wp\/v2\/comments?post=11987"}],"version-history":[{"count":0,"href":"https:\/\/www.africa-press.net\/togo\/wp-json\/wp\/v2\/posts\/11987\/revisions"}],"wp:featuredmedia":[{"embeddable":true,"href":"https:\/\/www.africa-press.net\/togo\/wp-json\/wp\/v2\/media\/11986"}],"wp:attachment":[{"href":"https:\/\/www.africa-press.net\/togo\/wp-json\/wp\/v2\/media?parent=11987"}],"wp:term":[{"taxonomy":"category","embeddable":true,"href":"https:\/\/www.africa-press.net\/togo\/wp-json\/wp\/v2\/categories?post=11987"},{"taxonomy":"post_tag","embeddable":true,"href":"https:\/\/www.africa-press.net\/togo\/wp-json\/wp\/v2\/tags?post=11987"}],"curies":[{"name":"wp","href":"https:\/\/api.w.org\/{rel}","templated":true}]}}